{"id":129444,"date":"2024-03-13T22:12:51","date_gmt":"2024-03-13T22:12:51","guid":{"rendered":"https:\/\/www.nettali.com\/?p=129444"},"modified":"2024-03-13T22:12:51","modified_gmt":"2024-03-13T22:12:51","slug":"en-coulisses-youssouf-sabaly-quitte-les-lions","status":"publish","type":"post","link":"https:\/\/www.nettali.com\/2024\/03\/13\/en-coulisses-youssouf-sabaly-quitte-les-lions\/","title":{"rendered":"EN COULISSES - Youssouf Sabaly quitte les Lions"},"content":{"rendered":"<p>NETTALI.COM - Coup de tonnerre! L'\u00e9quipe nationale du S\u00e9n\u00e9gal devra jouer ses deux prochains matchs amicaux (Gabon et B\u00e9nin) sans Youssouf Sabaly. En effet, le lat\u00e9ral droit de 31 ans a d\u00e9cid\u00e9 de mettre fin \u00e0 sa carri\u00e8re internationale.<\/p>\n<p>Une d\u00e9cision \"<em>personnelle<\/em>\" selon les informations de Dsports. Youssouf Sabaly aurait eu une discussion avec Aliou Ciss\u00e9, et le mieux pour lui serait de se retirer pour se consacrer \u00e0 son club, le Betis S\u00e9ville, ajoutent nos confr\u00e8res.<\/p>\n<p>Convoqu\u00e9 pour la premi\u00e8re fois en \u00e9quipe nationale en novembre 2017, Youssouf Sabaly est souvent perturb\u00e9 par les blessures. Sa derni\u00e8re s\u00e9lection remonte \u00e0 septembre 2023 contre l\u2019Alg\u00e9rie (0-1). Au stade Abdoulaye Wade de Diamniadio, il avait c\u00e9d\u00e9 sa place en seconde p\u00e9riode \u00e0 cause d\u2019une blessure. Depuis lors, il n\u2019est plus apparu sous le maillot des Lions.<\/p>\n<div class='share-to-whatsapp-wrapper'><div class='share-on-whsp'>PARTAGER SUR : <\/div><a data-text='EN COULISSES - Youssouf Sabaly quitte les Lions' data-link='https:\/\/www.nettali.com\/2024\/03\/13\/en-coulisses-youssouf-sabaly-quitte-les-lions\/' class='whatsapp-button whatsapp-share'>WhatsApp<\/a><div class='clear '><\/div><\/div>","protected":false},"excerpt":{"rendered":"<p>NETTALI.COM - Coup de tonnerre! L'\u00e9quipe nationale du S\u00e9n\u00e9gal devra jouer ses deux prochains matchs amicaux (Gabon et B\u00e9nin) sans Youssouf Sabaly. En effet, le lat\u00e9ral droit de 31 ans a d\u00e9cid\u00e9 de mettre fin \u00e0 sa carri\u00e8re internationale. Une d\u00e9cision \"personnelle\" selon les informations de Dsports. Youssouf Sabaly aurait eu une discussion avec Aliou [&hellip;]<\/p>\n","protected":false},"author":5,"featured_media":129445,"comment_status":"open","ping_status":"open","sticky":false,"template":"","format":"standard","meta":{"_et_pb_use_builder":"","_et_pb_old_content":""},"categories":[6],"tags":[],"yoast_head":"<!-- This site is optimized with the Yoast SEO Premium plugin v17.8 (Yoast SEO v17.8) - https:\/\/yoast.com\/wordpress\/plugins\/seo\/ -->\n<title>EN COULISSES - Youssouf Sabaly quitte les Lions | Nettali.com<\/title>\n<meta name=\"robots\" content=\"index, follow, max-snippet:-1, max-image-preview:large, max-video-preview:-1\" \/>\n<link rel=\"canonical\" href=\"https:\/\/www.nettali.com\/2024\/03\/13\/en-coulisses-youssouf-sabaly-quitte-les-lions\/\" \/>\n<meta property=\"og:locale\" content=\"fr_FR\" \/>\n<meta property=\"og:type\" content=\"article\" \/>\n<meta property=\"og:title\" content=\"EN COULISSES - Youssouf Sabaly quitte les Lions\" \/>\n<meta property=\"og:description\" content=\"NETTALI.COM - Coup de tonnerre! L&#039;\u00e9quipe nationale du S\u00e9n\u00e9gal devra jouer ses deux prochains matchs amicaux (Gabon et B\u00e9nin) sans Youssouf Sabaly. En effet, le lat\u00e9ral droit de 31 ans a d\u00e9cid\u00e9 de mettre fin \u00e0 sa carri\u00e8re internationale. Une d\u00e9cision &quot;personnelle&quot; selon les informations de Dsports. Youssouf Sabaly aurait eu une discussion avec Aliou [&hellip;]\" \/>\n<meta property=\"og:url\" content=\"https:\/\/www.nettali.com\/2024\/03\/13\/en-coulisses-youssouf-sabaly-quitte-les-lions\/\" \/>\n<meta property=\"og:site_name\" content=\"Nettali.com\" \/>\n<meta property=\"article:publisher\" content=\"https:\/\/www.facebook.com\/nettalicom\" \/>\n<meta property=\"article:published_time\" content=\"2024-03-13T22:12:51+00:00\" \/>\n<meta property=\"og:image\" content=\"https:\/\/www.nettali.com\/wp-content\/uploads\/2024\/03\/Sabaly-scaled.jpeg\" \/>\n\t<meta property=\"og:image:width\" content=\"2560\" \/>\n\t<meta property=\"og:image:height\" content=\"1440\" \/>\n<meta name=\"twitter:card\" content=\"summary_large_image\" \/>\n<meta name=\"twitter:label1\" content=\"\u00c9crit par\" \/>\n\t<meta name=\"twitter:data1\" content=\"Ibrahima\" \/>\n\t<meta name=\"twitter:label2\" content=\"Dur\u00e9e de lecture estim\u00e9e\" \/>\n\t<meta name=\"twitter:data2\" content=\"1 minute\" \/>\n<script type=\"application\/ld+json\" class=\"yoast-schema-graph\">{\"@context\":\"https:\/\/schema.org\",\"@graph\":[{\"@type\":\"WebSite\",\"@id\":\"https:\/\/www.nettali.com\/#website\",\"url\":\"https:\/\/www.nettali.com\/\",\"name\":\"Nettali.com\",\"description\":\"Le rendez-vous critique du Net\",\"potentialAction\":[{\"@type\":\"SearchAction\",\"target\":{\"@type\":\"EntryPoint\",\"urlTemplate\":\"https:\/\/www.nettali.com\/?s={search_term_string}\"},\"query-input\":\"required name=search_term_string\"}],\"inLanguage\":\"fr-FR\"},{\"@type\":\"ImageObject\",\"@id\":\"https:\/\/www.nettali.com\/2024\/03\/13\/en-coulisses-youssouf-sabaly-quitte-les-lions\/#primaryimage\",\"inLanguage\":\"fr-FR\",\"url\":\"https:\/\/www.nettali.com\/wp-content\/uploads\/2024\/03\/Sabaly-scaled.jpeg\",\"contentUrl\":\"https:\/\/www.nettali.com\/wp-content\/uploads\/2024\/03\/Sabaly-scaled.jpeg\",\"width\":2560,\"height\":1440},{\"@type\":\"WebPage\",\"@id\":\"https:\/\/www.nettali.com\/2024\/03\/13\/en-coulisses-youssouf-sabaly-quitte-les-lions\/#webpage\",\"url\":\"https:\/\/www.nettali.com\/2024\/03\/13\/en-coulisses-youssouf-sabaly-quitte-les-lions\/\",\"name\":\"EN COULISSES - Youssouf Sabaly quitte les Lions | Nettali.com\",\"isPartOf\":{\"@id\":\"https:\/\/www.nettali.com\/#website\"},\"primaryImageOfPage\":{\"@id\":\"https:\/\/www.nettali.com\/2024\/03\/13\/en-coulisses-youssouf-sabaly-quitte-les-lions\/#primaryimage\"},\"datePublished\":\"2024-03-13T22:12:51+00:00\",\"dateModified\":\"2024-03-13T22:12:51+00:00\",\"author\":{\"@id\":\"https:\/\/www.nettali.com\/#\/schema\/person\/bb147657c2986240405a608162b9bb23\"},\"breadcrumb\":{\"@id\":\"https:\/\/www.nettali.com\/2024\/03\/13\/en-coulisses-youssouf-sabaly-quitte-les-lions\/#breadcrumb\"},\"inLanguage\":\"fr-FR\",\"potentialAction\":[{\"@type\":\"ReadAction\",\"target\":[\"https:\/\/www.nettali.com\/2024\/03\/13\/en-coulisses-youssouf-sabaly-quitte-les-lions\/\"]}]},{\"@type\":\"BreadcrumbList\",\"@id\":\"https:\/\/www.nettali.com\/2024\/03\/13\/en-coulisses-youssouf-sabaly-quitte-les-lions\/#breadcrumb\",\"itemListElement\":[{\"@type\":\"ListItem\",\"position\":1,\"name\":\"Accueil\",\"item\":\"https:\/\/www.nettali.com\/\"},{\"@type\":\"ListItem\",\"position\":2,\"name\":\"EN COULISSES - Youssouf Sabaly quitte les Lions\"}]},{\"@type\":\"Person\",\"@id\":\"https:\/\/www.nettali.com\/#\/schema\/person\/bb147657c2986240405a608162b9bb23\",\"name\":\"Ibrahima\",\"image\":{\"@type\":\"ImageObject\",\"@id\":\"https:\/\/www.nettali.com\/#personlogo\",\"inLanguage\":\"fr-FR\",\"url\":\"https:\/\/secure.gravatar.com\/avatar\/26a8a81f09f0dd7624c9d5c36c9ba3a2?s=96&d=mm&r=g\",\"contentUrl\":\"https:\/\/secure.gravatar.com\/avatar\/26a8a81f09f0dd7624c9d5c36c9ba3a2?s=96&d=mm&r=g\",\"caption\":\"Ibrahima\"},\"sameAs\":[\"https:\/\/www.nettali.com\"]}]}<\/script>\n<!-- \/ Yoast SEO Premium plugin. -->","yoast_head_json":{"title":"EN COULISSES - Youssouf Sabaly quitte les Lions | Nettali.com","robots":{"index":"index","follow":"follow","max-snippet":"max-snippet:-1","max-image-preview":"max-image-preview:large","max-video-preview":"max-video-preview:-1"},"canonical":"https:\/\/www.nettali.com\/2024\/03\/13\/en-coulisses-youssouf-sabaly-quitte-les-lions\/","og_locale":"fr_FR","og_type":"article","og_title":"EN COULISSES - Youssouf Sabaly quitte les Lions","og_description":"NETTALI.COM - Coup de tonnerre! L'\u00e9quipe nationale du S\u00e9n\u00e9gal devra jouer ses deux prochains matchs amicaux (Gabon et B\u00e9nin) sans Youssouf Sabaly. En effet, le lat\u00e9ral droit de 31 ans a d\u00e9cid\u00e9 de mettre fin \u00e0 sa carri\u00e8re internationale. Une d\u00e9cision \"personnelle\" selon les informations de Dsports. Youssouf Sabaly aurait eu une discussion avec Aliou [&hellip;]","og_url":"https:\/\/www.nettali.com\/2024\/03\/13\/en-coulisses-youssouf-sabaly-quitte-les-lions\/","og_site_name":"Nettali.com","article_publisher":"https:\/\/www.facebook.com\/nettalicom","article_published_time":"2024-03-13T22:12:51+00:00","og_image":[{"width":2560,"height":1440,"url":"https:\/\/www.nettali.com\/wp-content\/uploads\/2024\/03\/Sabaly-scaled.jpeg","type":"image\/jpeg"}],"twitter_card":"summary_large_image","twitter_misc":{"\u00c9crit par":"Ibrahima","Dur\u00e9e de lecture estim\u00e9e":"1 minute"},"schema":{"@context":"https:\/\/schema.org","@graph":[{"@type":"WebSite","@id":"https:\/\/www.nettali.com\/#website","url":"https:\/\/www.nettali.com\/","name":"Nettali.com","description":"Le rendez-vous critique du Net","potentialAction":[{"@type":"SearchAction","target":{"@type":"EntryPoint","urlTemplate":"https:\/\/www.nettali.com\/?s={search_term_string}"},"query-input":"required name=search_term_string"}],"inLanguage":"fr-FR"},{"@type":"ImageObject","@id":"https:\/\/www.nettali.com\/2024\/03\/13\/en-coulisses-youssouf-sabaly-quitte-les-lions\/#primaryimage","inLanguage":"fr-FR","url":"https:\/\/www.nettali.com\/wp-content\/uploads\/2024\/03\/Sabaly-scaled.jpeg","contentUrl":"https:\/\/www.nettali.com\/wp-content\/uploads\/2024\/03\/Sabaly-scaled.jpeg","width":2560,"height":1440},{"@type":"WebPage","@id":"https:\/\/www.nettali.com\/2024\/03\/13\/en-coulisses-youssouf-sabaly-quitte-les-lions\/#webpage","url":"https:\/\/www.nettali.com\/2024\/03\/13\/en-coulisses-youssouf-sabaly-quitte-les-lions\/","name":"EN COULISSES - Youssouf Sabaly quitte les Lions | Nettali.com","isPartOf":{"@id":"https:\/\/www.nettali.com\/#website"},"primaryImageOfPage":{"@id":"https:\/\/www.nettali.com\/2024\/03\/13\/en-coulisses-youssouf-sabaly-quitte-les-lions\/#primaryimage"},"datePublished":"2024-03-13T22:12:51+00:00","dateModified":"2024-03-13T22:12:51+00:00","author":{"@id":"https:\/\/www.nettali.com\/#\/schema\/person\/bb147657c2986240405a608162b9bb23"},"breadcrumb":{"@id":"https:\/\/www.nettali.com\/2024\/03\/13\/en-coulisses-youssouf-sabaly-quitte-les-lions\/#breadcrumb"},"inLanguage":"fr-FR","potentialAction":[{"@type":"ReadAction","target":["https:\/\/www.nettali.com\/2024\/03\/13\/en-coulisses-youssouf-sabaly-quitte-les-lions\/"]}]},{"@type":"BreadcrumbList","@id":"https:\/\/www.nettali.com\/2024\/03\/13\/en-coulisses-youssouf-sabaly-quitte-les-lions\/#breadcrumb","itemListElement":[{"@type":"ListItem","position":1,"name":"Accueil","item":"https:\/\/www.nettali.com\/"},{"@type":"ListItem","position":2,"name":"EN COULISSES - Youssouf Sabaly quitte les Lions"}]},{"@type":"Person","@id":"https:\/\/www.nettali.com\/#\/schema\/person\/bb147657c2986240405a608162b9bb23","name":"Ibrahima","image":{"@type":"ImageObject","@id":"https:\/\/www.nettali.com\/#personlogo","inLanguage":"fr-FR","url":"https:\/\/secure.gravatar.com\/avatar\/26a8a81f09f0dd7624c9d5c36c9ba3a2?s=96&d=mm&r=g","contentUrl":"https:\/\/secure.gravatar.com\/avatar\/26a8a81f09f0dd7624c9d5c36c9ba3a2?s=96&d=mm&r=g","caption":"Ibrahima"},"sameAs":["https:\/\/www.nettali.com"]}]}},"_links":{"self":[{"href":"https:\/\/www.nettali.com\/rest\/wp\/v2\/posts\/129444"}],"collection":[{"href":"https:\/\/www.nettali.com\/rest\/wp\/v2\/posts"}],"about":[{"href":"https:\/\/www.nettali.com\/rest\/wp\/v2\/types\/post"}],"author":[{"embeddable":true,"href":"https:\/\/www.nettali.com\/rest\/wp\/v2\/users\/5"}],"replies":[{"embeddable":true,"href":"https:\/\/www.nettali.com\/rest\/wp\/v2\/comments?post=129444"}],"version-history":[{"count":1,"href":"https:\/\/www.nettali.com\/rest\/wp\/v2\/posts\/129444\/revisions"}],"predecessor-version":[{"id":129447,"href":"https:\/\/www.nettali.com\/rest\/wp\/v2\/posts\/129444\/revisions\/129447"}],"wp:featuredmedia":[{"embeddable":true,"href":"https:\/\/www.nettali.com\/rest\/wp\/v2\/media\/129445"}],"wp:attachment":[{"href":"https:\/\/www.nettali.com\/rest\/wp\/v2\/media?parent=129444"}],"wp:term":[{"taxonomy":"category","embeddable":true,"href":"https:\/\/www.nettali.com\/rest\/wp\/v2\/categories?post=129444"},{"taxonomy":"post_tag","embeddable":true,"href":"https:\/\/www.nettali.com\/rest\/wp\/v2\/tags?post=129444"}],"curies":[{"name":"wp","href":"https:\/\/api.w.org\/{rel}","templated":true}]}}