{"id":129359,"date":"2024-03-12T18:45:11","date_gmt":"2024-03-12T18:45:11","guid":{"rendered":"https:\/\/www.nettali.com\/?p=129359"},"modified":"2024-03-12T16:04:35","modified_gmt":"2024-03-12T16:04:35","slug":"profil-thierno-alassane-sall-un-defenseur-de-la-republique-et-de-ses-valeurs","status":"publish","type":"post","link":"https:\/\/www.nettali.com\/2024\/03\/12\/profil-thierno-alassane-sall-un-defenseur-de-la-republique-et-de-ses-valeurs\/","title":{"rendered":"PROFIL - Thierno Alassane Sall, un d\u00e9fenseur de la R\u00e9publique et de ses valeurs"},"content":{"rendered":"<p><strong>NETTALI.COM - Sur la liste des dix-neuf candidats retenus pour l\u2019\u00e9lection pr\u00e9sidentielle du 24 mars, Thierno Alassane Sall (TAS), en acronyme, forme avec Idrissa Seck, le duo de ceux qu\u2019il convient d\u2019appeler les \u201ccandidats de Thi\u00e8s\u201d. La particularit\u00e9 de son orientation politique peut r\u00e9sider dans son engagement sans faille pour la d\u00e9fense de la R\u00e9publique et de ses valeurs.<\/strong><\/p>\n<p>Le fils d\u2019imam, moul\u00e9 dans les valeurs islamiques d\u00e8s son jeune \u00e2ge, en garde encore les empreintes, ind\u00e9l\u00e9biles.<\/p>\n<p>Son d\u00e9funt p\u00e8re Amadou Tidiane Sall a eu \u00e0 diriger les pri\u00e8res \u00e0 la grande mosqu\u00e9e de Grand-Thi\u00e8s.<\/p>\n<p>Le nom de son parti, R\u00e9publique des valeurs, est une inspiration qui n\u2019est certainement pas \u00e9trang\u00e8re \u00e0 cette ambiance de pi\u00e9t\u00e9 dans laquelle il a baign\u00e9, enfant.<\/p>\n<p>Thierno (qui signifie aussi marabout, en langue Pulaar), comme l\u2019appellent les intimes, a fait ses \u00e9tudes primaires \u00e0 l\u2019\u00e9cole des HLM Route de Dakar, \u00e0 Thi\u00e8s. Il a fr\u00e9quent\u00e9 le lyc\u00e9e Malick Sy de la cit\u00e9 du rail, o\u00f9 il obtient son baccalaur\u00e9at. Il est ensuite all\u00e9 poursuivre ses \u00e9tudes \u00e0 l\u2019\u00e9tranger, plus pr\u00e9cis\u00e9ment en Tunisie, o\u00f9 il s\u2019inscrit \u00e0 l\u2019\u00c9cole nationale d\u2019ing\u00e9nieurs de Sfax.<\/p>\n<p>Avec son dipl\u00f4me d\u2019ing\u00e9nieur en t\u00e9l\u00e9communications et en aviation civile, obtenu dans cet \u00e9tablissement tunisien, il est recrut\u00e9 une fois de retour au pays, \u00e0 l\u2019Agence pour la s\u00e9curit\u00e9 de la navigation a\u00e9rienne en Afrique et \u00e0 Madagascar (ASECNA), bas\u00e9e \u00e0 Dakar. Une carri\u00e8re de 22 ans qui l\u2019a conduit jusqu\u2019aux Comores pour, aime-t-il rappeler, lui faire payer ses prises de positions qui n\u2019agr\u00e9aient pas toujours la hi\u00e9rarchie.<\/p>\n<p>Il a occup\u00e9 les fonctions d\u2019auditeur de l\u2019aviation civile pour le compte de l\u2019Organisation de l\u2019aviation civile internationale (OACI) en Afrique, en Europe et en Asie.<\/p>\n<p>TAS a aussi \u00e9t\u00e9 chef du D\u00e9partement s\u00e9curit\u00e9 et qualit\u00e9 \u00e0 la direction g\u00e9n\u00e9rale de l\u2019ASECNA et directeur de la navigation a\u00e9rienne de l\u2019Agence nationale de l\u2019aviation civile du S\u00e9n\u00e9gal (ANACS).<\/p>\n<p>\u00c0 l\u2019ASECNA, o\u00f9 il a pass\u00e9 le plus gros de sa carri\u00e8re professionnelle, il a aussi occup\u00e9 le poste de chef de l\u2019Inspection technique. Ce, avant d\u2019\u00eatre nomm\u00e9 membre de l\u2019\u00e9quipe des 19 experts mondiaux choisis pour la mise en place de l\u2019annexe 19 de l\u2019OACI sur la s\u00e9curit\u00e9 a\u00e9rienne, Safety Management Panel (SMP).<\/p>\n<p><strong>Engagement politique<\/strong><\/p>\n<p>Son engagement politique est pr\u00e9sent\u00e9 comme le fait du hasard. Avec l\u2019av\u00e8nement de Macky Sall en 2012, il se voit confier la direction de l\u2019Autorit\u00e9 de r\u00e9gulation des t\u00e9l\u00e9communications et des postes (ARTP), o\u00f9 il fait un passage \u00e9clair, d\u2019avril 2012 \u00e0 octobre 2012.<\/p>\n<p>Thierno Alassane Sall est ensuite nomm\u00e9, successivement, ministre des Infrastructures et des Transports a\u00e9riens, avant d\u2019avoir en charge le portefeuille de l\u2019\u00c9nergie de 2015 \u00e0 20217.<\/p>\n<p>R\u00e9put\u00e9 travailleur, rigoureux et dot\u00e9 d\u2019un franc-parler certain, son passage dans ce minist\u00e8re a co\u00efncid\u00e9 avec d\u2019importantes d\u00e9couvertes d\u2019hydrocarbures offshore, mais \u00e9galement avec le redressement de la Senelec, la soci\u00e9t\u00e9 publique d\u2019\u00e9lectricit\u00e9. Cette p\u00e9riode a \u00e9t\u00e9 aussi marqu\u00e9e par des investissements substantiels dans la production d\u2019\u00e9nergie \u00e9lectrique et solaire et l\u2019\u00e9lectrification rurale.<\/p>\n<p>En tant que responsable des cadres de l\u2019Alliance pour la R\u00e9publique (APR), une de ses missions \u00e9taient, en m\u00eame temps, de faire rayonner Thi\u00e8s, mais \u00e9galement d\u2019asseoir le parti pr\u00e9sidentiel dans sa ville natale o\u00f9 l\u2019opposant Idrissa Seck r\u00e9gnait en ma\u00eetre absolu.<\/p>\n<p>Il ne s\u2019est pas fait prier pour multiplier les r\u00e9alisations. Selon un de ses proches, \u201c\u00e0 Thi\u00e8s, toutes les nouvelles routes sont l\u2019\u0153uvre de Thierno Alassane Sall : cit\u00e9 Malick Sy, Sofraco, Parcelles Assainies, Grand-Thi\u00e8s, l\u2019Esplanade de la grande mosqu\u00e9e de Grand-Thi\u00e8s, route de Diakhao, Fand\u00e8ne et Moussant\u00e9.\u201d<\/p>\n<p>Abdoul Mbaye, ancien Premier ministre, a dit \u00e0 son propos dans son ouvrage \u201cServir\u201d : <em>\u201cMonsieur Thierno Alassane Sall est un technocrate membre influent du parti pr\u00e9sidentiel. J\u2019ai eu le net sentiment qu\u2019il faisait de la politique par conviction. Je me souviens un jour lui avoir dit : quand je te vois, je regrette de ne m\u2019\u00eatre engag\u00e9 en politique, car j\u2019ai conscience qu\u2019on peut faire de la politique dans notre pays sans vendre son \u00e2me\u201d.<\/em><\/p>\n<p>Parall\u00e8lement \u00e0 ses activit\u00e9s politiques, l\u2019ancien ministre milite pour le bien-\u00eatre des couches d\u00e9favoris\u00e9es.<\/p>\n<p>Mais en mai 2017, il sort du gouvernement, \u00e0 cause de \u201cdivergences irr\u00e9conciliables\u201d avec le pr\u00e9sident Sall autour de de l\u2019affaire Petro-Tim et des contrats entre l\u2019Etat du S\u00e9n\u00e9gal et Total qu\u2019il d\u00e9non\u00e7ait. Cette s\u00e9quence est retrac\u00e9e dans son livre <em>\u201cLe protocole de l\u2019\u00c9lys\u00e9e. Confidences d\u2019un ancien ministre s\u00e9n\u00e9galais du p\u00e9trole\u201d<\/em>, publi\u00e9 en septembre 2020, aux \u00e9ditions Fauves. Un ouvrage tr\u00e8s critique de la gestion des ressources naturelles du pays depuis 2000.<\/p>\n<p>C\u2019est sur ces d\u00e9saccords avec le chef de l\u2019\u00c9tat, portant sur les n\u00e9gociations des contrats d\u2019exploration du p\u00e9trole et du gaz au S\u00e9n\u00e9gal, qu\u2019il quittera le gouvernement et le parti pr\u00e9sidentiel.\u00a0 Il mettra sur pied sa propre formation politique : la R\u00e9publique des Valeurs, avec laquelle il compte conqu\u00e9rir le c\u0153ur des \u00e9lections s\u00e9n\u00e9galais au soir du scrutin pr\u00e9sidentiel du 24 mars prochain.<\/p>\n<div class='share-to-whatsapp-wrapper'><div class='share-on-whsp'>PARTAGER SUR : <\/div><a data-text='PROFIL - Thierno Alassane Sall, un d\u00e9fenseur de la R\u00e9publique et de ses valeurs' data-link='https:\/\/www.nettali.com\/2024\/03\/12\/profil-thierno-alassane-sall-un-defenseur-de-la-republique-et-de-ses-valeurs\/' class='whatsapp-button whatsapp-share'>WhatsApp<\/a><div class='clear '><\/div><\/div>","protected":false},"excerpt":{"rendered":"<p>NETTALI.COM - Sur la liste des dix-neuf candidats retenus pour l\u2019\u00e9lection pr\u00e9sidentielle du 24 mars, Thierno Alassane Sall (TAS), en acronyme, forme avec Idrissa Seck, le duo de ceux qu\u2019il convient d\u2019appeler les \u201ccandidats de Thi\u00e8s\u201d. La particularit\u00e9 de son orientation politique peut r\u00e9sider dans son engagement sans faille pour la d\u00e9fense de la R\u00e9publique [&hellip;]<\/p>\n","protected":false},"author":4,"featured_media":118211,"comment_status":"open","ping_status":"open","sticky":false,"template":"","format":"standard","meta":{"_et_pb_use_builder":"","_et_pb_old_content":""},"categories":[2],"tags":[],"yoast_head":"<!-- This site is optimized with the Yoast SEO Premium plugin v17.8 (Yoast SEO v17.8) - https:\/\/yoast.com\/wordpress\/plugins\/seo\/ -->\n<title>PROFIL - Thierno Alassane Sall, un d\u00e9fenseur de la R\u00e9publique et de ses valeurs | Nettali.com<\/title>\n<meta name=\"robots\" content=\"index, follow, max-snippet:-1, max-image-preview:large, max-video-preview:-1\" \/>\n<link rel=\"canonical\" href=\"https:\/\/www.nettali.com\/2024\/03\/12\/profil-thierno-alassane-sall-un-defenseur-de-la-republique-et-de-ses-valeurs\/\" \/>\n<meta property=\"og:locale\" content=\"fr_FR\" \/>\n<meta property=\"og:type\" content=\"article\" \/>\n<meta property=\"og:title\" content=\"PROFIL - Thierno Alassane Sall, un d\u00e9fenseur de la R\u00e9publique et de ses valeurs\" \/>\n<meta property=\"og:description\" content=\"NETTALI.COM - Sur la liste des dix-neuf candidats retenus pour l\u2019\u00e9lection pr\u00e9sidentielle du 24 mars, Thierno Alassane Sall (TAS), en acronyme, forme avec Idrissa Seck, le duo de ceux qu\u2019il convient d\u2019appeler les \u201ccandidats de Thi\u00e8s\u201d. La particularit\u00e9 de son orientation politique peut r\u00e9sider dans son engagement sans faille pour la d\u00e9fense de la R\u00e9publique [&hellip;]\" \/>\n<meta property=\"og:url\" content=\"https:\/\/www.nettali.com\/2024\/03\/12\/profil-thierno-alassane-sall-un-defenseur-de-la-republique-et-de-ses-valeurs\/\" \/>\n<meta property=\"og:site_name\" content=\"Nettali.com\" \/>\n<meta property=\"article:publisher\" content=\"https:\/\/www.facebook.com\/nettalicom\" \/>\n<meta property=\"article:published_time\" content=\"2024-03-12T18:45:11+00:00\" \/>\n<meta property=\"article:modified_time\" content=\"2024-03-12T16:04:35+00:00\" \/>\n<meta property=\"og:image\" content=\"https:\/\/www.nettali.com\/wp-content\/uploads\/2023\/09\/thierno-alassane-sall.jpg\" \/>\n\t<meta property=\"og:image:width\" content=\"650\" \/>\n\t<meta property=\"og:image:height\" content=\"433\" \/>\n<meta name=\"twitter:card\" content=\"summary_large_image\" \/>\n<meta name=\"twitter:label1\" content=\"\u00c9crit par\" \/>\n\t<meta name=\"twitter:data1\" content=\"Daouda\" \/>\n\t<meta name=\"twitter:label2\" content=\"Dur\u00e9e de lecture estim\u00e9e\" \/>\n\t<meta name=\"twitter:data2\" content=\"5 minutes\" \/>\n<script type=\"application\/ld+json\" class=\"yoast-schema-graph\">{\"@context\":\"https:\/\/schema.org\",\"@graph\":[{\"@type\":\"WebSite\",\"@id\":\"https:\/\/www.nettali.com\/#website\",\"url\":\"https:\/\/www.nettali.com\/\",\"name\":\"Nettali.com\",\"description\":\"Le rendez-vous critique du Net\",\"potentialAction\":[{\"@type\":\"SearchAction\",\"target\":{\"@type\":\"EntryPoint\",\"urlTemplate\":\"https:\/\/www.nettali.com\/?s={search_term_string}\"},\"query-input\":\"required name=search_term_string\"}],\"inLanguage\":\"fr-FR\"},{\"@type\":\"ImageObject\",\"@id\":\"https:\/\/www.nettali.com\/2024\/03\/12\/profil-thierno-alassane-sall-un-defenseur-de-la-republique-et-de-ses-valeurs\/#primaryimage\",\"inLanguage\":\"fr-FR\",\"url\":\"https:\/\/www.nettali.com\/wp-content\/uploads\/2023\/09\/thierno-alassane-sall.jpg\",\"contentUrl\":\"https:\/\/www.nettali.com\/wp-content\/uploads\/2023\/09\/thierno-alassane-sall.jpg\",\"width\":650,\"height\":433},{\"@type\":\"WebPage\",\"@id\":\"https:\/\/www.nettali.com\/2024\/03\/12\/profil-thierno-alassane-sall-un-defenseur-de-la-republique-et-de-ses-valeurs\/#webpage\",\"url\":\"https:\/\/www.nettali.com\/2024\/03\/12\/profil-thierno-alassane-sall-un-defenseur-de-la-republique-et-de-ses-valeurs\/\",\"name\":\"PROFIL - Thierno Alassane Sall, un d\\u00e9fenseur de la R\\u00e9publique et de ses valeurs | Nettali.com\",\"isPartOf\":{\"@id\":\"https:\/\/www.nettali.com\/#website\"},\"primaryImageOfPage\":{\"@id\":\"https:\/\/www.nettali.com\/2024\/03\/12\/profil-thierno-alassane-sall-un-defenseur-de-la-republique-et-de-ses-valeurs\/#primaryimage\"},\"datePublished\":\"2024-03-12T18:45:11+00:00\",\"dateModified\":\"2024-03-12T16:04:35+00:00\",\"author\":{\"@id\":\"https:\/\/www.nettali.com\/#\/schema\/person\/3317e0bb3aa1da309fbf7b2780901bf4\"},\"breadcrumb\":{\"@id\":\"https:\/\/www.nettali.com\/2024\/03\/12\/profil-thierno-alassane-sall-un-defenseur-de-la-republique-et-de-ses-valeurs\/#breadcrumb\"},\"inLanguage\":\"fr-FR\",\"potentialAction\":[{\"@type\":\"ReadAction\",\"target\":[\"https:\/\/www.nettali.com\/2024\/03\/12\/profil-thierno-alassane-sall-un-defenseur-de-la-republique-et-de-ses-valeurs\/\"]}]},{\"@type\":\"BreadcrumbList\",\"@id\":\"https:\/\/www.nettali.com\/2024\/03\/12\/profil-thierno-alassane-sall-un-defenseur-de-la-republique-et-de-ses-valeurs\/#breadcrumb\",\"itemListElement\":[{\"@type\":\"ListItem\",\"position\":1,\"name\":\"Accueil\",\"item\":\"https:\/\/www.nettali.com\/\"},{\"@type\":\"ListItem\",\"position\":2,\"name\":\"PROFIL - Thierno Alassane Sall, un d\\u00e9fenseur de la R\\u00e9publique et de ses valeurs\"}]},{\"@type\":\"Person\",\"@id\":\"https:\/\/www.nettali.com\/#\/schema\/person\/3317e0bb3aa1da309fbf7b2780901bf4\",\"name\":\"Daouda\",\"image\":{\"@type\":\"ImageObject\",\"@id\":\"https:\/\/www.nettali.com\/#personlogo\",\"inLanguage\":\"fr-FR\",\"url\":\"https:\/\/secure.gravatar.com\/avatar\/8d143b5a49345098ddcfee1c49c2f47c?s=96&d=mm&r=g\",\"contentUrl\":\"https:\/\/secure.gravatar.com\/avatar\/8d143b5a49345098ddcfee1c49c2f47c?s=96&d=mm&r=g\",\"caption\":\"Daouda\"},\"sameAs\":[\"https:\/\/www.nettali.com\"]}]}<\/script>\n<!-- \/ Yoast SEO Premium plugin. -->","yoast_head_json":{"title":"PROFIL - Thierno Alassane Sall, un d\u00e9fenseur de la R\u00e9publique et de ses valeurs | Nettali.com","robots":{"index":"index","follow":"follow","max-snippet":"max-snippet:-1","max-image-preview":"max-image-preview:large","max-video-preview":"max-video-preview:-1"},"canonical":"https:\/\/www.nettali.com\/2024\/03\/12\/profil-thierno-alassane-sall-un-defenseur-de-la-republique-et-de-ses-valeurs\/","og_locale":"fr_FR","og_type":"article","og_title":"PROFIL - Thierno Alassane Sall, un d\u00e9fenseur de la R\u00e9publique et de ses valeurs","og_description":"NETTALI.COM - Sur la liste des dix-neuf candidats retenus pour l\u2019\u00e9lection pr\u00e9sidentielle du 24 mars, Thierno Alassane Sall (TAS), en acronyme, forme avec Idrissa Seck, le duo de ceux qu\u2019il convient d\u2019appeler les \u201ccandidats de Thi\u00e8s\u201d. La particularit\u00e9 de son orientation politique peut r\u00e9sider dans son engagement sans faille pour la d\u00e9fense de la R\u00e9publique [&hellip;]","og_url":"https:\/\/www.nettali.com\/2024\/03\/12\/profil-thierno-alassane-sall-un-defenseur-de-la-republique-et-de-ses-valeurs\/","og_site_name":"Nettali.com","article_publisher":"https:\/\/www.facebook.com\/nettalicom","article_published_time":"2024-03-12T18:45:11+00:00","article_modified_time":"2024-03-12T16:04:35+00:00","og_image":[{"width":650,"height":433,"url":"https:\/\/www.nettali.com\/wp-content\/uploads\/2023\/09\/thierno-alassane-sall.jpg","type":"image\/jpeg"}],"twitter_card":"summary_large_image","twitter_misc":{"\u00c9crit par":"Daouda","Dur\u00e9e de lecture estim\u00e9e":"5 minutes"},"schema":{"@context":"https:\/\/schema.org","@graph":[{"@type":"WebSite","@id":"https:\/\/www.nettali.com\/#website","url":"https:\/\/www.nettali.com\/","name":"Nettali.com","description":"Le rendez-vous critique du Net","potentialAction":[{"@type":"SearchAction","target":{"@type":"EntryPoint","urlTemplate":"https:\/\/www.nettali.com\/?s={search_term_string}"},"query-input":"required name=search_term_string"}],"inLanguage":"fr-FR"},{"@type":"ImageObject","@id":"https:\/\/www.nettali.com\/2024\/03\/12\/profil-thierno-alassane-sall-un-defenseur-de-la-republique-et-de-ses-valeurs\/#primaryimage","inLanguage":"fr-FR","url":"https:\/\/www.nettali.com\/wp-content\/uploads\/2023\/09\/thierno-alassane-sall.jpg","contentUrl":"https:\/\/www.nettali.com\/wp-content\/uploads\/2023\/09\/thierno-alassane-sall.jpg","width":650,"height":433},{"@type":"WebPage","@id":"https:\/\/www.nettali.com\/2024\/03\/12\/profil-thierno-alassane-sall-un-defenseur-de-la-republique-et-de-ses-valeurs\/#webpage","url":"https:\/\/www.nettali.com\/2024\/03\/12\/profil-thierno-alassane-sall-un-defenseur-de-la-republique-et-de-ses-valeurs\/","name":"PROFIL - Thierno Alassane Sall, un d\u00e9fenseur de la R\u00e9publique et de ses valeurs | Nettali.com","isPartOf":{"@id":"https:\/\/www.nettali.com\/#website"},"primaryImageOfPage":{"@id":"https:\/\/www.nettali.com\/2024\/03\/12\/profil-thierno-alassane-sall-un-defenseur-de-la-republique-et-de-ses-valeurs\/#primaryimage"},"datePublished":"2024-03-12T18:45:11+00:00","dateModified":"2024-03-12T16:04:35+00:00","author":{"@id":"https:\/\/www.nettali.com\/#\/schema\/person\/3317e0bb3aa1da309fbf7b2780901bf4"},"breadcrumb":{"@id":"https:\/\/www.nettali.com\/2024\/03\/12\/profil-thierno-alassane-sall-un-defenseur-de-la-republique-et-de-ses-valeurs\/#breadcrumb"},"inLanguage":"fr-FR","potentialAction":[{"@type":"ReadAction","target":["https:\/\/www.nettali.com\/2024\/03\/12\/profil-thierno-alassane-sall-un-defenseur-de-la-republique-et-de-ses-valeurs\/"]}]},{"@type":"BreadcrumbList","@id":"https:\/\/www.nettali.com\/2024\/03\/12\/profil-thierno-alassane-sall-un-defenseur-de-la-republique-et-de-ses-valeurs\/#breadcrumb","itemListElement":[{"@type":"ListItem","position":1,"name":"Accueil","item":"https:\/\/www.nettali.com\/"},{"@type":"ListItem","position":2,"name":"PROFIL - Thierno Alassane Sall, un d\u00e9fenseur de la R\u00e9publique et de ses valeurs"}]},{"@type":"Person","@id":"https:\/\/www.nettali.com\/#\/schema\/person\/3317e0bb3aa1da309fbf7b2780901bf4","name":"Daouda","image":{"@type":"ImageObject","@id":"https:\/\/www.nettali.com\/#personlogo","inLanguage":"fr-FR","url":"https:\/\/secure.gravatar.com\/avatar\/8d143b5a49345098ddcfee1c49c2f47c?s=96&d=mm&r=g","contentUrl":"https:\/\/secure.gravatar.com\/avatar\/8d143b5a49345098ddcfee1c49c2f47c?s=96&d=mm&r=g","caption":"Daouda"},"sameAs":["https:\/\/www.nettali.com"]}]}},"_links":{"self":[{"href":"https:\/\/www.nettali.com\/rest\/wp\/v2\/posts\/129359"}],"collection":[{"href":"https:\/\/www.nettali.com\/rest\/wp\/v2\/posts"}],"about":[{"href":"https:\/\/www.nettali.com\/rest\/wp\/v2\/types\/post"}],"author":[{"embeddable":true,"href":"https:\/\/www.nettali.com\/rest\/wp\/v2\/users\/4"}],"replies":[{"embeddable":true,"href":"https:\/\/www.nettali.com\/rest\/wp\/v2\/comments?post=129359"}],"version-history":[{"count":1,"href":"https:\/\/www.nettali.com\/rest\/wp\/v2\/posts\/129359\/revisions"}],"predecessor-version":[{"id":129360,"href":"https:\/\/www.nettali.com\/rest\/wp\/v2\/posts\/129359\/revisions\/129360"}],"wp:featuredmedia":[{"embeddable":true,"href":"https:\/\/www.nettali.com\/rest\/wp\/v2\/media\/118211"}],"wp:attachment":[{"href":"https:\/\/www.nettali.com\/rest\/wp\/v2\/media?parent=129359"}],"wp:term":[{"taxonomy":"category","embeddable":true,"href":"https:\/\/www.nettali.com\/rest\/wp\/v2\/categories?post=129359"},{"taxonomy":"post_tag","embeddable":true,"href":"https:\/\/www.nettali.com\/rest\/wp\/v2\/tags?post=129359"}],"curies":[{"name":"wp","href":"https:\/\/api.w.org\/{rel}","templated":true}]}}