{"id":129330,"date":"2024-03-12T11:42:39","date_gmt":"2024-03-12T11:42:39","guid":{"rendered":"https:\/\/www.nettali.com\/?p=129330"},"modified":"2024-03-12T09:45:11","modified_gmt":"2024-03-12T09:45:11","slug":"thierno-alassane-sall-ce-que-je-souhaite-pour-le-senegal","status":"publish","type":"post","link":"https:\/\/www.nettali.com\/2024\/03\/12\/thierno-alassane-sall-ce-que-je-souhaite-pour-le-senegal\/","title":{"rendered":"THIERNO ALASSANE SALL - \"Ce que je souhaite pour le S\u00e9n\u00e9gal\""},"content":{"rendered":"<p><strong>NETTALI.COM - Le candidat \u00e0 la pr\u00e9sidentielle du 24 mars Thierno Alassane Sall s\u2019est engag\u00e9 lundi \u00e0 Thi\u00e8s faire jouer au S\u00e9n\u00e9gal, les premiers r\u00f4les en Afrique de l\u2019Ouest, dans les domaines de l\u2019industrie, de l\u2019agriculture, de l\u2019enseignement sup\u00e9rieur et de la sant\u00e9, en mettant fin \u00e0 ce qu\u2019il qualifie d\u2019 \u201ch\u00e9r\u00e9sies\u201c.<\/strong><\/p>\n<p>Apr\u00e8s une caravane de pr\u00e8s de deux tours d\u2019horloge, partie de la station EDK, sur la route de Dakar, le chef de file de la R\u00e9publique des Valeurs s\u2019est adress\u00e9 \u00e0 ses militants au Rond-Point Normandie.<\/p>\n<p>Le candidat \u00e0 la pr\u00e9sidentielle promet de faire du S\u00e9n\u00e9gal, une fois pr\u00e9sident, \u201cl\u2019usine de l\u2019Afrique de l\u2019Ouest\u201c, la \u201cclinique de l\u2019Afrique de l\u2019Ouest\u201c et \u201cl\u2019universit\u00e9 de l\u2019Afrique de l\u2019Ouest\u201c, \u00a0apr\u00e8s avoir relev\u00e9 des constats qu\u2019il a qualifi\u00e9s d\u2019 \u201ch\u00e9r\u00e9sies\u201c et d\u2019 \u201cabsurdit\u00e9s absolues\u201c.<\/p>\n<p>Il a \u00e9voqu\u00e9 l\u2019exemple du phosphate, notant que bien qu\u2019il soit exploit\u00e9 au S\u00e9n\u00e9gal, \u201cc\u2019est ici que les engrais sont les plus chers\u201c.<\/p>\n<p>Dans le domaine de l\u2019industrie, il a relev\u00e9 \u00e0 titre d\u2019illustration, l\u2019importation par le S\u00e9n\u00e9gal de jus de fruits en provenance de pays comme Duba\u00ef, \u201cqui ne produit pas de fruits\u201c.<\/p>\n<p>Pendant ce temps, des fruits pourrissent en Casamance et \u00e0 Pout, dans la r\u00e9gion de Thi\u00e8s, a-t-il d\u00e9plor\u00e9. L\u2019ancien ministre sous le r\u00e9gime du pr\u00e9sident Macky Sall a annonc\u00e9 l\u2019installation d\u2019unit\u00e9s de production de jus de fruits, s\u2019il est \u00e9lu pr\u00e9sident de la R\u00e9publique du S\u00e9n\u00e9gal.<\/p>\n<p><em>\u201cIl n\u2019est pas normal que Thi\u00e8s, une ville horticole par excellence o\u00f9 poussent toutes sortes de fruits, importe des jus de fruits (\u2026) d\u2019un pays qui ne produit pas de fruit, c\u2019est-\u00e0-dire Duba\u00ef. Nous devons mettre fin \u00e0 cette h\u00e9r\u00e9sie, \u00e0 cette absurdit\u00e9 absolue\u201c,<\/em> a-t-il lanc\u00e9 du toit de son v\u00e9hicule.<\/p>\n<p><em>\u201cNous allons partout mettre des entreprises qui vont transformer nos produits agricoles sur place, (que ce soit) les fruits, le cuir \u00e0 Ngaye, le bois de Casamance et d\u2019ailleurs\u201c<\/em>, a-t-il promis, \u00e9voquant par exemple une industrie de chaussures \u00e0 Ngaye, o\u00f9 on n\u2019aura pas besoin d\u2019importer ni du cuir.<\/p>\n<p>Il compte coupler cette option au renforcement de la production de mat\u00e9riel agricole par des usines comme la SISMAR. Il ambitionne l\u2019autosuffisance alimentaire, gr\u00e2ce \u00e0 l\u2019agriculture, au point d\u2019exporter des produits agricoles.<\/p>\n<p>Pour lui, c\u2019est \u00e0 travers de telles \u201cpolitiques r\u00e9alistes\u201c d\u2019industrialisation et non par des \u201cincantations\u201c que l\u2019on peut cr\u00e9er des emplois.<\/p>\n<p>Il a jug\u00e9 anormal que dans une ville comme Thi\u00e8s les \u201cemplois les plus fr\u00e9quents (soient) ceux de vendeur ambulant et de conducteur de (moto) Djakarta\u201c, a-t-il dit. Il a d\u00e9plor\u00e9 que des titulaires de licence, ou de master se contentent de conduire des mototaxis \u201cDjakarta\u201c, \u00a0et que des commer\u00e7ants \u201csans issue\u201c, utilisent leurs \u00e9conomies pour \u201ctenter l\u2019aventure par des pirogues\u201c. Cela, malgr\u00e9 le nombre important de S\u00e9n\u00e9galais morts dans l\u2019\u00e9migration irr\u00e9guli\u00e8re.<\/p>\n<p>L\u2019homme politique a annonc\u00e9 une banque populaire des femmes et des artisans, pour les financer \u201cavec leur propre argent\u201c. Il a relev\u00e9 que des milliards \u201cdorment\u201c dans les \u201clekettes\u201d, ces tontines tenues par des femmes \u00e0 Thi\u00e8s et \u00e0 travers le pays<\/p>\n<p>L\u2019 \u201cautre absurdit\u00e9 inacceptable\u201c, est que des responsables surtout politiques doivent aller se soigner \u00e0 l\u2019\u00e9tranger, notamment au Maghreb, alors que certains de leurs ressortissants viennent apprendre la m\u00e9decine au S\u00e9n\u00e9gal.<\/p>\n<p>Une situation qu\u2019il impute aux \u201cd\u00e9tournements\u201c de l\u2019argent devant \u00eatre investi dans les h\u00f4pitaux\u00a0. Il \u00a0promet, s\u2019il remporte l\u2019\u00e9lection pr\u00e9sidentielle, de faire du S\u00e9n\u00e9gal la \u201cclinique de l\u2019Afrique de l\u2019Ouest\u201c, mais aussi \u201cl\u2019universit\u00e9 de l\u2019Afrique de l\u2019Ouest\u201c, avec une \u201cplace pr\u00e9pond\u00e9rante\u201c, pour Thi\u00e8s, \u00e0 travers notamment l\u2019Ecole polytechnique de Thi\u00e8s, \u201cl\u2019une des meilleures au monde\u201c, selon lui.<\/p>\n<p><em>\u201cSi vous m\u2019\u00e9lisez, S\u00e9n\u00e9gal redeviendra l\u2019usine de l\u2019Afrique de l\u2019Ouest, (\u2026) la clinique de l\u2019Afrique de l\u2019Ouest. On y installera des usines, des cliniques et des h\u00f4pitaux qui recevront non seulement des S\u00e9n\u00e9galais, mais aussi des ressortissants d\u2019Afrique de l\u2019Ouest, les gens n\u2019auront plus besoin d\u2019aller se soigner en Tunisie, au Maroc ou en France\u201c<\/em>, a-t-il dit.<\/p>\n<p>Il a annonc\u00e9 des h\u00f4pitaux mobiles pour aller \u00e0 la rencontre des populations rurales, qui acc\u00e8dent difficilement aux structures sanitaires en raison de leur chert\u00e9.<\/p>\n<p><strong>Traquer sans piti\u00e9 le d\u00e9tournement et la corruption<\/strong><\/p>\n<p>D\u00e9plorant la \u201cmort\u201d du chemin de fer \u00e0 Thi\u00e8s, source de beaucoup de probl\u00e8mes, dont par exemple le rench\u00e9rissement des marchandises, Sall entend, s\u2019il devient pr\u00e9sident de la R\u00e9publique, amener le transport ferroviaire \u201cjusqu\u2019en Casamance (Sud) (et) jusqu\u2019\u00e0 Podor (Nord), pour que les produits qui sont cultiv\u00e9s l\u00e0-bas puissent arriver partout dans le pays\u201c.<\/p>\n<p>Il promet aussi une r\u00e9forme institutionnelle, pour que le d\u00e9tournement et la corruption, <em>\u201cles maux les plus absolus qui gangr\u00e8nent notre pays et qui entravent notre d\u00e9veloppement\u201c<\/em>, soient \u201ctraqu\u00e9s sans piti\u00e9 et sans r\u00e9mission\u201d.<\/p>\n<p>Le leader de la R\u00e9publique des valeurs a d\u00e9plor\u00e9 le fait qu\u2019apr\u00e8s avoir d\u00e9tourn\u00e9 l\u2019argent du peuple, des responsables \u201cviennent miroiter aux populations de belles voitures 4X4 ou distribuer de l\u2019argent \u00e0 l\u2019approche de l\u2019\u00e9lection, pour dispara\u00eetre aussit\u00f4t apr\u00e8s\u201d.<\/p>\n<p>Thierno Alassane Sall n\u2019a pas manqu\u00e9 de d\u00e9noncer l\u2019\u00e9tat de d\u00e9labrement de quelques \u00e9coles, postes de sant\u00e9, ainsi que du march\u00e9 Grand-Thi\u00e8s, qui selon lui sont \u00e0 l\u2019image des autres infrastructures \u00a0similaires dans la capitales du rail.<\/p>\n<p>\u201cChers s\u00e9n\u00e9galais, ce qui nous arrive en ce moment n\u2019est pas le fait de la fatalit\u00e9, c\u2019est le fruit de mauvaises politiques. Et les mauvaises politiques \u00e9manent de mauvais comportements\u201c, a-t-il affirm\u00e9.<\/p>\n<p><em>\u201cAu moment de choisir, regardez bien pour y voir clair, n\u2019essayez pas comme vous l\u2019avez fait avec des d\u00e9put\u00e9s et des maires, dont vous avez constat\u00e9 (aujourd\u2019hui) l\u2019incomp\u00e9tence\u201c<\/em>, a-t-il encore recommand\u00e9.<\/p>\n<p>Il invite les \u00e9lecteurs \u00e0 prendre \u201cdes gens dignes de confiance qui ne (les) trahiront pas, qui sont comp\u00e9tents, qui sont int\u00e8gres et qui pr\u00e9f\u00e8rent le S\u00e9n\u00e9gal \u00e0 leur propre personne\u201c.<\/p>\n<p><em>\u201cLe S\u00e9n\u00e9gal traverse des moments difficiles, marqu\u00e9s par la chert\u00e9 de la vie, la p\u00e9nurie de gaz butane, et je suis le pr\u00e9sident qui peut solutionner cette situation\u201d<\/em>, a dit Thierno Alassane Sall.<\/p>\n<p>En partance pour le Saloum et le Baol, Thierno Alassane Sall a promis de revenir \u00e0 Thi\u00e8s, avant la fin de la campagne.<\/p>\n<div class='share-to-whatsapp-wrapper'><div class='share-on-whsp'>PARTAGER SUR : <\/div><a data-text='THIERNO ALASSANE SALL - \"Ce que je souhaite pour le S\u00e9n\u00e9gal\"' data-link='https:\/\/www.nettali.com\/2024\/03\/12\/thierno-alassane-sall-ce-que-je-souhaite-pour-le-senegal\/' class='whatsapp-button whatsapp-share'>WhatsApp<\/a><div class='clear '><\/div><\/div>","protected":false},"excerpt":{"rendered":"<p>NETTALI.COM - Le candidat \u00e0 la pr\u00e9sidentielle du 24 mars Thierno Alassane Sall s\u2019est engag\u00e9 lundi \u00e0 Thi\u00e8s faire jouer au S\u00e9n\u00e9gal, les premiers r\u00f4les en Afrique de l\u2019Ouest, dans les domaines de l\u2019industrie, de l\u2019agriculture, de l\u2019enseignement sup\u00e9rieur et de la sant\u00e9, en mettant fin \u00e0 ce qu\u2019il qualifie d\u2019 \u201ch\u00e9r\u00e9sies\u201c. Apr\u00e8s une caravane [&hellip;]<\/p>\n","protected":false},"author":4,"featured_media":116774,"comment_status":"open","ping_status":"open","sticky":false,"template":"","format":"standard","meta":{"_et_pb_use_builder":"","_et_pb_old_content":""},"categories":[2],"tags":[],"yoast_head":"<!-- This site is optimized with the Yoast SEO Premium plugin v17.8 (Yoast SEO v17.8) - https:\/\/yoast.com\/wordpress\/plugins\/seo\/ -->\n<title>THIERNO ALASSANE SALL - &quot;Ce que je souhaite pour le S\u00e9n\u00e9gal&quot; | Nettali.com<\/title>\n<meta name=\"robots\" content=\"index, follow, max-snippet:-1, max-image-preview:large, max-video-preview:-1\" \/>\n<link rel=\"canonical\" href=\"https:\/\/www.nettali.com\/2024\/03\/12\/thierno-alassane-sall-ce-que-je-souhaite-pour-le-senegal\/\" \/>\n<meta property=\"og:locale\" content=\"fr_FR\" \/>\n<meta property=\"og:type\" content=\"article\" \/>\n<meta property=\"og:title\" content=\"THIERNO ALASSANE SALL - &quot;Ce que je souhaite pour le S\u00e9n\u00e9gal&quot;\" \/>\n<meta property=\"og:description\" content=\"NETTALI.COM - Le candidat \u00e0 la pr\u00e9sidentielle du 24 mars Thierno Alassane Sall s\u2019est engag\u00e9 lundi \u00e0 Thi\u00e8s faire jouer au S\u00e9n\u00e9gal, les premiers r\u00f4les en Afrique de l\u2019Ouest, dans les domaines de l\u2019industrie, de l\u2019agriculture, de l\u2019enseignement sup\u00e9rieur et de la sant\u00e9, en mettant fin \u00e0 ce qu\u2019il qualifie d\u2019 \u201ch\u00e9r\u00e9sies\u201c. Apr\u00e8s une caravane [&hellip;]\" \/>\n<meta property=\"og:url\" content=\"https:\/\/www.nettali.com\/2024\/03\/12\/thierno-alassane-sall-ce-que-je-souhaite-pour-le-senegal\/\" \/>\n<meta property=\"og:site_name\" content=\"Nettali.com\" \/>\n<meta property=\"article:publisher\" content=\"https:\/\/www.facebook.com\/nettalicom\" \/>\n<meta property=\"article:published_time\" content=\"2024-03-12T11:42:39+00:00\" \/>\n<meta property=\"article:modified_time\" content=\"2024-03-12T09:45:11+00:00\" \/>\n<meta property=\"og:image\" content=\"https:\/\/www.nettali.com\/wp-content\/uploads\/2023\/08\/dissolution-du-pastef-thierno-alassane-sall-parle-de-procedure-expresse-et-opaque.jpg\" \/>\n\t<meta property=\"og:image:width\" content=\"700\" \/>\n\t<meta property=\"og:image:height\" content=\"405\" \/>\n<meta name=\"twitter:card\" content=\"summary_large_image\" \/>\n<meta name=\"twitter:label1\" content=\"\u00c9crit par\" \/>\n\t<meta name=\"twitter:data1\" content=\"Daouda\" \/>\n\t<meta name=\"twitter:label2\" content=\"Dur\u00e9e de lecture estim\u00e9e\" \/>\n\t<meta name=\"twitter:data2\" content=\"6 minutes\" \/>\n<script type=\"application\/ld+json\" class=\"yoast-schema-graph\">{\"@context\":\"https:\/\/schema.org\",\"@graph\":[{\"@type\":\"WebSite\",\"@id\":\"https:\/\/www.nettali.com\/#website\",\"url\":\"https:\/\/www.nettali.com\/\",\"name\":\"Nettali.com\",\"description\":\"Le rendez-vous critique du Net\",\"potentialAction\":[{\"@type\":\"SearchAction\",\"target\":{\"@type\":\"EntryPoint\",\"urlTemplate\":\"https:\/\/www.nettali.com\/?s={search_term_string}\"},\"query-input\":\"required name=search_term_string\"}],\"inLanguage\":\"fr-FR\"},{\"@type\":\"ImageObject\",\"@id\":\"https:\/\/www.nettali.com\/2024\/03\/12\/thierno-alassane-sall-ce-que-je-souhaite-pour-le-senegal\/#primaryimage\",\"inLanguage\":\"fr-FR\",\"url\":\"https:\/\/www.nettali.com\/wp-content\/uploads\/2023\/08\/dissolution-du-pastef-thierno-alassane-sall-parle-de-procedure-expresse-et-opaque.jpg\",\"contentUrl\":\"https:\/\/www.nettali.com\/wp-content\/uploads\/2023\/08\/dissolution-du-pastef-thierno-alassane-sall-parle-de-procedure-expresse-et-opaque.jpg\",\"width\":700,\"height\":405},{\"@type\":\"WebPage\",\"@id\":\"https:\/\/www.nettali.com\/2024\/03\/12\/thierno-alassane-sall-ce-que-je-souhaite-pour-le-senegal\/#webpage\",\"url\":\"https:\/\/www.nettali.com\/2024\/03\/12\/thierno-alassane-sall-ce-que-je-souhaite-pour-le-senegal\/\",\"name\":\"THIERNO ALASSANE SALL - \\\"Ce que je souhaite pour le S\\u00e9n\\u00e9gal\\\" | Nettali.com\",\"isPartOf\":{\"@id\":\"https:\/\/www.nettali.com\/#website\"},\"primaryImageOfPage\":{\"@id\":\"https:\/\/www.nettali.com\/2024\/03\/12\/thierno-alassane-sall-ce-que-je-souhaite-pour-le-senegal\/#primaryimage\"},\"datePublished\":\"2024-03-12T11:42:39+00:00\",\"dateModified\":\"2024-03-12T09:45:11+00:00\",\"author\":{\"@id\":\"https:\/\/www.nettali.com\/#\/schema\/person\/3317e0bb3aa1da309fbf7b2780901bf4\"},\"breadcrumb\":{\"@id\":\"https:\/\/www.nettali.com\/2024\/03\/12\/thierno-alassane-sall-ce-que-je-souhaite-pour-le-senegal\/#breadcrumb\"},\"inLanguage\":\"fr-FR\",\"potentialAction\":[{\"@type\":\"ReadAction\",\"target\":[\"https:\/\/www.nettali.com\/2024\/03\/12\/thierno-alassane-sall-ce-que-je-souhaite-pour-le-senegal\/\"]}]},{\"@type\":\"BreadcrumbList\",\"@id\":\"https:\/\/www.nettali.com\/2024\/03\/12\/thierno-alassane-sall-ce-que-je-souhaite-pour-le-senegal\/#breadcrumb\",\"itemListElement\":[{\"@type\":\"ListItem\",\"position\":1,\"name\":\"Accueil\",\"item\":\"https:\/\/www.nettali.com\/\"},{\"@type\":\"ListItem\",\"position\":2,\"name\":\"THIERNO ALASSANE SALL - \\\"Ce que je souhaite pour le S\\u00e9n\\u00e9gal\\\"\"}]},{\"@type\":\"Person\",\"@id\":\"https:\/\/www.nettali.com\/#\/schema\/person\/3317e0bb3aa1da309fbf7b2780901bf4\",\"name\":\"Daouda\",\"image\":{\"@type\":\"ImageObject\",\"@id\":\"https:\/\/www.nettali.com\/#personlogo\",\"inLanguage\":\"fr-FR\",\"url\":\"https:\/\/secure.gravatar.com\/avatar\/8d143b5a49345098ddcfee1c49c2f47c?s=96&d=mm&r=g\",\"contentUrl\":\"https:\/\/secure.gravatar.com\/avatar\/8d143b5a49345098ddcfee1c49c2f47c?s=96&d=mm&r=g\",\"caption\":\"Daouda\"},\"sameAs\":[\"https:\/\/www.nettali.com\"]}]}<\/script>\n<!-- \/ Yoast SEO Premium plugin. -->","yoast_head_json":{"title":"THIERNO ALASSANE SALL - \"Ce que je souhaite pour le S\u00e9n\u00e9gal\" | Nettali.com","robots":{"index":"index","follow":"follow","max-snippet":"max-snippet:-1","max-image-preview":"max-image-preview:large","max-video-preview":"max-video-preview:-1"},"canonical":"https:\/\/www.nettali.com\/2024\/03\/12\/thierno-alassane-sall-ce-que-je-souhaite-pour-le-senegal\/","og_locale":"fr_FR","og_type":"article","og_title":"THIERNO ALASSANE SALL - \"Ce que je souhaite pour le S\u00e9n\u00e9gal\"","og_description":"NETTALI.COM - Le candidat \u00e0 la pr\u00e9sidentielle du 24 mars Thierno Alassane Sall s\u2019est engag\u00e9 lundi \u00e0 Thi\u00e8s faire jouer au S\u00e9n\u00e9gal, les premiers r\u00f4les en Afrique de l\u2019Ouest, dans les domaines de l\u2019industrie, de l\u2019agriculture, de l\u2019enseignement sup\u00e9rieur et de la sant\u00e9, en mettant fin \u00e0 ce qu\u2019il qualifie d\u2019 \u201ch\u00e9r\u00e9sies\u201c. Apr\u00e8s une caravane [&hellip;]","og_url":"https:\/\/www.nettali.com\/2024\/03\/12\/thierno-alassane-sall-ce-que-je-souhaite-pour-le-senegal\/","og_site_name":"Nettali.com","article_publisher":"https:\/\/www.facebook.com\/nettalicom","article_published_time":"2024-03-12T11:42:39+00:00","article_modified_time":"2024-03-12T09:45:11+00:00","og_image":[{"width":700,"height":405,"url":"https:\/\/www.nettali.com\/wp-content\/uploads\/2023\/08\/dissolution-du-pastef-thierno-alassane-sall-parle-de-procedure-expresse-et-opaque.jpg","type":"image\/jpeg"}],"twitter_card":"summary_large_image","twitter_misc":{"\u00c9crit par":"Daouda","Dur\u00e9e de lecture estim\u00e9e":"6 minutes"},"schema":{"@context":"https:\/\/schema.org","@graph":[{"@type":"WebSite","@id":"https:\/\/www.nettali.com\/#website","url":"https:\/\/www.nettali.com\/","name":"Nettali.com","description":"Le rendez-vous critique du Net","potentialAction":[{"@type":"SearchAction","target":{"@type":"EntryPoint","urlTemplate":"https:\/\/www.nettali.com\/?s={search_term_string}"},"query-input":"required name=search_term_string"}],"inLanguage":"fr-FR"},{"@type":"ImageObject","@id":"https:\/\/www.nettali.com\/2024\/03\/12\/thierno-alassane-sall-ce-que-je-souhaite-pour-le-senegal\/#primaryimage","inLanguage":"fr-FR","url":"https:\/\/www.nettali.com\/wp-content\/uploads\/2023\/08\/dissolution-du-pastef-thierno-alassane-sall-parle-de-procedure-expresse-et-opaque.jpg","contentUrl":"https:\/\/www.nettali.com\/wp-content\/uploads\/2023\/08\/dissolution-du-pastef-thierno-alassane-sall-parle-de-procedure-expresse-et-opaque.jpg","width":700,"height":405},{"@type":"WebPage","@id":"https:\/\/www.nettali.com\/2024\/03\/12\/thierno-alassane-sall-ce-que-je-souhaite-pour-le-senegal\/#webpage","url":"https:\/\/www.nettali.com\/2024\/03\/12\/thierno-alassane-sall-ce-que-je-souhaite-pour-le-senegal\/","name":"THIERNO ALASSANE SALL - \"Ce que je souhaite pour le S\u00e9n\u00e9gal\" | Nettali.com","isPartOf":{"@id":"https:\/\/www.nettali.com\/#website"},"primaryImageOfPage":{"@id":"https:\/\/www.nettali.com\/2024\/03\/12\/thierno-alassane-sall-ce-que-je-souhaite-pour-le-senegal\/#primaryimage"},"datePublished":"2024-03-12T11:42:39+00:00","dateModified":"2024-03-12T09:45:11+00:00","author":{"@id":"https:\/\/www.nettali.com\/#\/schema\/person\/3317e0bb3aa1da309fbf7b2780901bf4"},"breadcrumb":{"@id":"https:\/\/www.nettali.com\/2024\/03\/12\/thierno-alassane-sall-ce-que-je-souhaite-pour-le-senegal\/#breadcrumb"},"inLanguage":"fr-FR","potentialAction":[{"@type":"ReadAction","target":["https:\/\/www.nettali.com\/2024\/03\/12\/thierno-alassane-sall-ce-que-je-souhaite-pour-le-senegal\/"]}]},{"@type":"BreadcrumbList","@id":"https:\/\/www.nettali.com\/2024\/03\/12\/thierno-alassane-sall-ce-que-je-souhaite-pour-le-senegal\/#breadcrumb","itemListElement":[{"@type":"ListItem","position":1,"name":"Accueil","item":"https:\/\/www.nettali.com\/"},{"@type":"ListItem","position":2,"name":"THIERNO ALASSANE SALL - \"Ce que je souhaite pour le S\u00e9n\u00e9gal\""}]},{"@type":"Person","@id":"https:\/\/www.nettali.com\/#\/schema\/person\/3317e0bb3aa1da309fbf7b2780901bf4","name":"Daouda","image":{"@type":"ImageObject","@id":"https:\/\/www.nettali.com\/#personlogo","inLanguage":"fr-FR","url":"https:\/\/secure.gravatar.com\/avatar\/8d143b5a49345098ddcfee1c49c2f47c?s=96&d=mm&r=g","contentUrl":"https:\/\/secure.gravatar.com\/avatar\/8d143b5a49345098ddcfee1c49c2f47c?s=96&d=mm&r=g","caption":"Daouda"},"sameAs":["https:\/\/www.nettali.com"]}]}},"_links":{"self":[{"href":"https:\/\/www.nettali.com\/rest\/wp\/v2\/posts\/129330"}],"collection":[{"href":"https:\/\/www.nettali.com\/rest\/wp\/v2\/posts"}],"about":[{"href":"https:\/\/www.nettali.com\/rest\/wp\/v2\/types\/post"}],"author":[{"embeddable":true,"href":"https:\/\/www.nettali.com\/rest\/wp\/v2\/users\/4"}],"replies":[{"embeddable":true,"href":"https:\/\/www.nettali.com\/rest\/wp\/v2\/comments?post=129330"}],"version-history":[{"count":1,"href":"https:\/\/www.nettali.com\/rest\/wp\/v2\/posts\/129330\/revisions"}],"predecessor-version":[{"id":129331,"href":"https:\/\/www.nettali.com\/rest\/wp\/v2\/posts\/129330\/revisions\/129331"}],"wp:featuredmedia":[{"embeddable":true,"href":"https:\/\/www.nettali.com\/rest\/wp\/v2\/media\/116774"}],"wp:attachment":[{"href":"https:\/\/www.nettali.com\/rest\/wp\/v2\/media?parent=129330"}],"wp:term":[{"taxonomy":"category","embeddable":true,"href":"https:\/\/www.nettali.com\/rest\/wp\/v2\/categories?post=129330"},{"taxonomy":"post_tag","embeddable":true,"href":"https:\/\/www.nettali.com\/rest\/wp\/v2\/tags?post=129330"}],"curies":[{"name":"wp","href":"https:\/\/api.w.org\/{rel}","templated":true}]}}