{"id":129327,"date":"2024-03-12T09:41:48","date_gmt":"2024-03-12T09:41:48","guid":{"rendered":"https:\/\/www.nettali.com\/?p=129327"},"modified":"2024-03-12T09:41:48","modified_gmt":"2024-03-12T09:41:48","slug":"jeune-medina-baye-debute-le-ramadan-mardi","status":"publish","type":"post","link":"https:\/\/www.nettali.com\/2024\/03\/12\/jeune-medina-baye-debute-le-ramadan-mardi\/","title":{"rendered":"JEUNE - M\u00e9dina Baye d\u00e9bute le ramadan mardi"},"content":{"rendered":"<p><strong>NETTALI.COM - La communaut\u00e9 musulmane de M\u00e9dina Baye va commencer \u00e0 observer le je\u00fbne du ramadan mardi 12 mars, note le porte-parole, Cheikh Mahy Aly Ciss\u00e9, citant le khalife de cette cit\u00e9 religieuse de Kaolack (centre).<\/strong><\/p>\n<p><em>\u201cNous avons scrut\u00e9 le croissant lunaire, mais il n\u2019\u00e9tait pas visible. Dimanche \u00e9tant pour nous le 29<sup>e<\/sup> jour du mois de Chahbane, le premier jour du ramadan est fix\u00e9 au mardi 12 mars\u201d,<\/em> a expliqu\u00e9 M. Ciss\u00e9.<\/p>\n<p>Une partie de la communaut\u00e9 musulmane a d\u00e9but\u00e9 le je\u00fbne du ramadan ce lundi, \u00e0 l\u2019\u2019appel de la Coordination des musulmans du S\u00e9n\u00e9gal (CMS), qui a annonc\u00e9 l\u2019apparition du croissant lunaire \u00e0 Keur Massar, dans la banlieue dakaroise, et dans d\u2019autres pays du monde.<\/p>\n<p>Mais la Commission nationale de concertation sur le croissant lunaire (CONACOC) se r\u00e9unira lundi soir pour d\u00e9terminer le premier jour du mois du ramadan.<\/p>\n<div class='share-to-whatsapp-wrapper'><div class='share-on-whsp'>PARTAGER SUR : <\/div><a data-text='JEUNE - M\u00e9dina Baye d\u00e9bute le ramadan mardi' data-link='https:\/\/www.nettali.com\/2024\/03\/12\/jeune-medina-baye-debute-le-ramadan-mardi\/' class='whatsapp-button whatsapp-share'>WhatsApp<\/a><div class='clear '><\/div><\/div>","protected":false},"excerpt":{"rendered":"<p>NETTALI.COM - La communaut\u00e9 musulmane de M\u00e9dina Baye va commencer \u00e0 observer le je\u00fbne du ramadan mardi 12 mars, note le porte-parole, Cheikh Mahy Aly Ciss\u00e9, citant le khalife de cette cit\u00e9 religieuse de Kaolack (centre). \u201cNous avons scrut\u00e9 le croissant lunaire, mais il n\u2019\u00e9tait pas visible. Dimanche \u00e9tant pour nous le 29e jour du [&hellip;]<\/p>\n","protected":false},"author":4,"featured_media":129328,"comment_status":"open","ping_status":"open","sticky":false,"template":"","format":"standard","meta":{"_et_pb_use_builder":"","_et_pb_old_content":""},"categories":[3],"tags":[],"yoast_head":"<!-- This site is optimized with the Yoast SEO Premium plugin v17.8 (Yoast SEO v17.8) - https:\/\/yoast.com\/wordpress\/plugins\/seo\/ -->\n<title>JEUNE - M\u00e9dina Baye d\u00e9bute le ramadan mardi | Nettali.com<\/title>\n<meta name=\"robots\" content=\"index, follow, max-snippet:-1, max-image-preview:large, max-video-preview:-1\" \/>\n<link rel=\"canonical\" href=\"https:\/\/www.nettali.com\/2024\/03\/12\/jeune-medina-baye-debute-le-ramadan-mardi\/\" \/>\n<meta property=\"og:locale\" content=\"fr_FR\" \/>\n<meta property=\"og:type\" content=\"article\" \/>\n<meta property=\"og:title\" content=\"JEUNE - M\u00e9dina Baye d\u00e9bute le ramadan mardi\" \/>\n<meta property=\"og:description\" content=\"NETTALI.COM - La communaut\u00e9 musulmane de M\u00e9dina Baye va commencer \u00e0 observer le je\u00fbne du ramadan mardi 12 mars, note le porte-parole, Cheikh Mahy Aly Ciss\u00e9, citant le khalife de cette cit\u00e9 religieuse de Kaolack (centre). \u201cNous avons scrut\u00e9 le croissant lunaire, mais il n\u2019\u00e9tait pas visible. Dimanche \u00e9tant pour nous le 29e jour du [&hellip;]\" \/>\n<meta property=\"og:url\" content=\"https:\/\/www.nettali.com\/2024\/03\/12\/jeune-medina-baye-debute-le-ramadan-mardi\/\" \/>\n<meta property=\"og:site_name\" content=\"Nettali.com\" \/>\n<meta property=\"article:publisher\" content=\"https:\/\/www.facebook.com\/nettalicom\" \/>\n<meta property=\"article:published_time\" content=\"2024-03-12T09:41:48+00:00\" \/>\n<meta property=\"og:image\" content=\"https:\/\/www.nettali.com\/wp-content\/uploads\/2024\/03\/Capture-de\u0301cran-2024-03-12-a\u0300-09.41.21.png\" \/>\n\t<meta property=\"og:image:width\" content=\"635\" \/>\n\t<meta property=\"og:image:height\" content=\"355\" \/>\n<meta name=\"twitter:card\" content=\"summary_large_image\" \/>\n<meta name=\"twitter:label1\" content=\"\u00c9crit par\" \/>\n\t<meta name=\"twitter:data1\" content=\"Daouda\" \/>\n\t<meta name=\"twitter:label2\" content=\"Dur\u00e9e de lecture estim\u00e9e\" \/>\n\t<meta name=\"twitter:data2\" content=\"1 minute\" \/>\n<script type=\"application\/ld+json\" class=\"yoast-schema-graph\">{\"@context\":\"https:\/\/schema.org\",\"@graph\":[{\"@type\":\"WebSite\",\"@id\":\"https:\/\/www.nettali.com\/#website\",\"url\":\"https:\/\/www.nettali.com\/\",\"name\":\"Nettali.com\",\"description\":\"Le rendez-vous critique du Net\",\"potentialAction\":[{\"@type\":\"SearchAction\",\"target\":{\"@type\":\"EntryPoint\",\"urlTemplate\":\"https:\/\/www.nettali.com\/?s={search_term_string}\"},\"query-input\":\"required name=search_term_string\"}],\"inLanguage\":\"fr-FR\"},{\"@type\":\"ImageObject\",\"@id\":\"https:\/\/www.nettali.com\/2024\/03\/12\/jeune-medina-baye-debute-le-ramadan-mardi\/#primaryimage\",\"inLanguage\":\"fr-FR\",\"url\":\"https:\/\/www.nettali.com\/wp-content\/uploads\/2024\/03\/Capture-de\\u0301cran-2024-03-12-a\\u0300-09.41.21.png\",\"contentUrl\":\"https:\/\/www.nettali.com\/wp-content\/uploads\/2024\/03\/Capture-de\\u0301cran-2024-03-12-a\\u0300-09.41.21.png\",\"width\":635,\"height\":355},{\"@type\":\"WebPage\",\"@id\":\"https:\/\/www.nettali.com\/2024\/03\/12\/jeune-medina-baye-debute-le-ramadan-mardi\/#webpage\",\"url\":\"https:\/\/www.nettali.com\/2024\/03\/12\/jeune-medina-baye-debute-le-ramadan-mardi\/\",\"name\":\"JEUNE - M\\u00e9dina Baye d\\u00e9bute le ramadan mardi | Nettali.com\",\"isPartOf\":{\"@id\":\"https:\/\/www.nettali.com\/#website\"},\"primaryImageOfPage\":{\"@id\":\"https:\/\/www.nettali.com\/2024\/03\/12\/jeune-medina-baye-debute-le-ramadan-mardi\/#primaryimage\"},\"datePublished\":\"2024-03-12T09:41:48+00:00\",\"dateModified\":\"2024-03-12T09:41:48+00:00\",\"author\":{\"@id\":\"https:\/\/www.nettali.com\/#\/schema\/person\/3317e0bb3aa1da309fbf7b2780901bf4\"},\"breadcrumb\":{\"@id\":\"https:\/\/www.nettali.com\/2024\/03\/12\/jeune-medina-baye-debute-le-ramadan-mardi\/#breadcrumb\"},\"inLanguage\":\"fr-FR\",\"potentialAction\":[{\"@type\":\"ReadAction\",\"target\":[\"https:\/\/www.nettali.com\/2024\/03\/12\/jeune-medina-baye-debute-le-ramadan-mardi\/\"]}]},{\"@type\":\"BreadcrumbList\",\"@id\":\"https:\/\/www.nettali.com\/2024\/03\/12\/jeune-medina-baye-debute-le-ramadan-mardi\/#breadcrumb\",\"itemListElement\":[{\"@type\":\"ListItem\",\"position\":1,\"name\":\"Accueil\",\"item\":\"https:\/\/www.nettali.com\/\"},{\"@type\":\"ListItem\",\"position\":2,\"name\":\"JEUNE - M\\u00e9dina Baye d\\u00e9bute le ramadan mardi\"}]},{\"@type\":\"Person\",\"@id\":\"https:\/\/www.nettali.com\/#\/schema\/person\/3317e0bb3aa1da309fbf7b2780901bf4\",\"name\":\"Daouda\",\"image\":{\"@type\":\"ImageObject\",\"@id\":\"https:\/\/www.nettali.com\/#personlogo\",\"inLanguage\":\"fr-FR\",\"url\":\"https:\/\/secure.gravatar.com\/avatar\/8d143b5a49345098ddcfee1c49c2f47c?s=96&d=mm&r=g\",\"contentUrl\":\"https:\/\/secure.gravatar.com\/avatar\/8d143b5a49345098ddcfee1c49c2f47c?s=96&d=mm&r=g\",\"caption\":\"Daouda\"},\"sameAs\":[\"https:\/\/www.nettali.com\"]}]}<\/script>\n<!-- \/ Yoast SEO Premium plugin. -->","yoast_head_json":{"title":"JEUNE - M\u00e9dina Baye d\u00e9bute le ramadan mardi | Nettali.com","robots":{"index":"index","follow":"follow","max-snippet":"max-snippet:-1","max-image-preview":"max-image-preview:large","max-video-preview":"max-video-preview:-1"},"canonical":"https:\/\/www.nettali.com\/2024\/03\/12\/jeune-medina-baye-debute-le-ramadan-mardi\/","og_locale":"fr_FR","og_type":"article","og_title":"JEUNE - M\u00e9dina Baye d\u00e9bute le ramadan mardi","og_description":"NETTALI.COM - La communaut\u00e9 musulmane de M\u00e9dina Baye va commencer \u00e0 observer le je\u00fbne du ramadan mardi 12 mars, note le porte-parole, Cheikh Mahy Aly Ciss\u00e9, citant le khalife de cette cit\u00e9 religieuse de Kaolack (centre). \u201cNous avons scrut\u00e9 le croissant lunaire, mais il n\u2019\u00e9tait pas visible. Dimanche \u00e9tant pour nous le 29e jour du [&hellip;]","og_url":"https:\/\/www.nettali.com\/2024\/03\/12\/jeune-medina-baye-debute-le-ramadan-mardi\/","og_site_name":"Nettali.com","article_publisher":"https:\/\/www.facebook.com\/nettalicom","article_published_time":"2024-03-12T09:41:48+00:00","og_image":[{"width":635,"height":355,"url":"https:\/\/www.nettali.com\/wp-content\/uploads\/2024\/03\/Capture-de\u0301cran-2024-03-12-a\u0300-09.41.21.png","type":"image\/png"}],"twitter_card":"summary_large_image","twitter_misc":{"\u00c9crit par":"Daouda","Dur\u00e9e de lecture estim\u00e9e":"1 minute"},"schema":{"@context":"https:\/\/schema.org","@graph":[{"@type":"WebSite","@id":"https:\/\/www.nettali.com\/#website","url":"https:\/\/www.nettali.com\/","name":"Nettali.com","description":"Le rendez-vous critique du Net","potentialAction":[{"@type":"SearchAction","target":{"@type":"EntryPoint","urlTemplate":"https:\/\/www.nettali.com\/?s={search_term_string}"},"query-input":"required name=search_term_string"}],"inLanguage":"fr-FR"},{"@type":"ImageObject","@id":"https:\/\/www.nettali.com\/2024\/03\/12\/jeune-medina-baye-debute-le-ramadan-mardi\/#primaryimage","inLanguage":"fr-FR","url":"https:\/\/www.nettali.com\/wp-content\/uploads\/2024\/03\/Capture-de\u0301cran-2024-03-12-a\u0300-09.41.21.png","contentUrl":"https:\/\/www.nettali.com\/wp-content\/uploads\/2024\/03\/Capture-de\u0301cran-2024-03-12-a\u0300-09.41.21.png","width":635,"height":355},{"@type":"WebPage","@id":"https:\/\/www.nettali.com\/2024\/03\/12\/jeune-medina-baye-debute-le-ramadan-mardi\/#webpage","url":"https:\/\/www.nettali.com\/2024\/03\/12\/jeune-medina-baye-debute-le-ramadan-mardi\/","name":"JEUNE - M\u00e9dina Baye d\u00e9bute le ramadan mardi | Nettali.com","isPartOf":{"@id":"https:\/\/www.nettali.com\/#website"},"primaryImageOfPage":{"@id":"https:\/\/www.nettali.com\/2024\/03\/12\/jeune-medina-baye-debute-le-ramadan-mardi\/#primaryimage"},"datePublished":"2024-03-12T09:41:48+00:00","dateModified":"2024-03-12T09:41:48+00:00","author":{"@id":"https:\/\/www.nettali.com\/#\/schema\/person\/3317e0bb3aa1da309fbf7b2780901bf4"},"breadcrumb":{"@id":"https:\/\/www.nettali.com\/2024\/03\/12\/jeune-medina-baye-debute-le-ramadan-mardi\/#breadcrumb"},"inLanguage":"fr-FR","potentialAction":[{"@type":"ReadAction","target":["https:\/\/www.nettali.com\/2024\/03\/12\/jeune-medina-baye-debute-le-ramadan-mardi\/"]}]},{"@type":"BreadcrumbList","@id":"https:\/\/www.nettali.com\/2024\/03\/12\/jeune-medina-baye-debute-le-ramadan-mardi\/#breadcrumb","itemListElement":[{"@type":"ListItem","position":1,"name":"Accueil","item":"https:\/\/www.nettali.com\/"},{"@type":"ListItem","position":2,"name":"JEUNE - M\u00e9dina Baye d\u00e9bute le ramadan mardi"}]},{"@type":"Person","@id":"https:\/\/www.nettali.com\/#\/schema\/person\/3317e0bb3aa1da309fbf7b2780901bf4","name":"Daouda","image":{"@type":"ImageObject","@id":"https:\/\/www.nettali.com\/#personlogo","inLanguage":"fr-FR","url":"https:\/\/secure.gravatar.com\/avatar\/8d143b5a49345098ddcfee1c49c2f47c?s=96&d=mm&r=g","contentUrl":"https:\/\/secure.gravatar.com\/avatar\/8d143b5a49345098ddcfee1c49c2f47c?s=96&d=mm&r=g","caption":"Daouda"},"sameAs":["https:\/\/www.nettali.com"]}]}},"_links":{"self":[{"href":"https:\/\/www.nettali.com\/rest\/wp\/v2\/posts\/129327"}],"collection":[{"href":"https:\/\/www.nettali.com\/rest\/wp\/v2\/posts"}],"about":[{"href":"https:\/\/www.nettali.com\/rest\/wp\/v2\/types\/post"}],"author":[{"embeddable":true,"href":"https:\/\/www.nettali.com\/rest\/wp\/v2\/users\/4"}],"replies":[{"embeddable":true,"href":"https:\/\/www.nettali.com\/rest\/wp\/v2\/comments?post=129327"}],"version-history":[{"count":1,"href":"https:\/\/www.nettali.com\/rest\/wp\/v2\/posts\/129327\/revisions"}],"predecessor-version":[{"id":129329,"href":"https:\/\/www.nettali.com\/rest\/wp\/v2\/posts\/129327\/revisions\/129329"}],"wp:featuredmedia":[{"embeddable":true,"href":"https:\/\/www.nettali.com\/rest\/wp\/v2\/media\/129328"}],"wp:attachment":[{"href":"https:\/\/www.nettali.com\/rest\/wp\/v2\/media?parent=129327"}],"wp:term":[{"taxonomy":"category","embeddable":true,"href":"https:\/\/www.nettali.com\/rest\/wp\/v2\/categories?post=129327"},{"taxonomy":"post_tag","embeddable":true,"href":"https:\/\/www.nettali.com\/rest\/wp\/v2\/tags?post=129327"}],"curies":[{"name":"wp","href":"https:\/\/api.w.org\/{rel}","templated":true}]}}