{"id":129321,"date":"2024-03-12T09:35:57","date_gmt":"2024-03-12T09:35:57","guid":{"rendered":"https:\/\/www.nettali.com\/?p=129321"},"modified":"2024-03-12T09:35:57","modified_gmt":"2024-03-12T09:35:57","slug":"affaire-wilfried-nathan-le-cameroun-risque-2-can-de-suspension","status":"publish","type":"post","link":"https:\/\/www.nettali.com\/2024\/03\/12\/affaire-wilfried-nathan-le-cameroun-risque-2-can-de-suspension\/","title":{"rendered":"AFFAIRE WILFRIED NATHAN - Le Cameroun risque 2 CAN de suspension"},"content":{"rendered":"<p><strong>NETTALI.COM - Pr\u00e9sent\u00e9 comme un prodige de 17 ans, Wilfried Nathan Douala avait rejoint les Lions indomptables pour participer \u00e0 la Coupe d\u2019Afrique des nations en C\u00f4te d\u2019Ivoire. Selon nos informations, il s\u2019appellerait en r\u00e9alit\u00e9 Alexandre Bardelli et aurait au moins 23 ans. Un scandale qui ne met pas \u00e0 l'abri le Cameroun. Le pays de Samuel Eto'o risque d'\u00eatre suspendu pour les deux prochaines CAN.<\/strong><\/p>\n<p>Le football camerounais est secou\u00e9 par une r\u00e9v\u00e9lation surprenante alors que la F\u00e9d\u00e9ration camerounaise de football (FECAFOOT) annonce que Wilfried Nathan Douala, milieu de terrain de Victoria United, a falsifi\u00e9 son \u00e2ge, le disqualifiant ainsi des Play-offs.<\/p>\n<p>Le\u00a0scandale ne concerne pas uniquement Wilfried Nathan Douala, car 62 joueurs dont 7 autres de Victoria United sont \u00e9galement exclus des Play-offs suspendus par la f\u00e9d\u00e9ration camerounaise de football pour avoir une double identit\u00e9 et menti sur leur \u00e2ge.<\/p>\n<p>Cette r\u00e9v\u00e9lation soul\u00e8ve des doutes sur la cr\u00e9dibilit\u00e9 de la\u00a0FECAFOOT, surtout apr\u00e8s avoir s\u00e9lectionn\u00e9 Wilfried Nathan Douala pour la Coupe d\u2019Afrique des nations lors de sa 34\u00e8me \u00e9dition en C\u00f4te d\u2019Ivoire, alors qu\u2019il est maintenant \u00e9tabli qu\u2019il a menti sur son \u00e2ge. Jusqu\u2019\u00e0 pr\u00e9sent, Victoria United n\u2019a pas officiellement r\u00e9agi \u00e0 cette annonce de la FECAFOOT.<\/p>\n<p>\"<em>La FECAFOOT annonce que le jeune prodige de Victoria United, Wilfried Nathan Douala, est exclu des Play-offs pour double identit\u00e9. Le joueur d\u2019Opopo aurait menti sur son \u00e2ge et ne participera donc pas aux Play-offs Up cette ann\u00e9e avec son club. C\u2019est quand m\u00eame curieux que la FECAFOOT l\u2019ait emmen\u00e9 jusqu\u2019\u00e0 la CAN 2023 et ne d\u00e9couvre que maintenant qu\u2019il a trich\u00e9 sur son \u00e2ge<\/em>\", a comment\u00e9 le journaliste Nana Paul Sabin d\u2019Equinoxe Radio et T\u00e9l\u00e9vision.<\/p>\n<p><strong>Deux CAN de suspension?<\/strong><\/p>\n<p>Un peu plus tard dans la journ\u00e9e, c\u2019est Le Monde qui est all\u00e9 de son lot de r\u00e9v\u00e9lations. En effet, selon les indiscr\u00e9tions de nos confr\u00e8res, Nathan Douala s\u2019appellerait en r\u00e9alit\u00e9 Alexandre Bardelli et aurait 23 ans minimum. La f\u00e9d\u00e9ration camerounaise de football \u00e9tait au courant de l\u2019enqu\u00eate men\u00e9e par Le Monde avant la CAN 2023 et a d\u00e9cid\u00e9 de ne faire aucun commentaire. Des faits qui, s\u2019ils sont av\u00e9r\u00e9s, pourraient condamner le Cameroun \u00e0 une exclusion des deux prochaines CAN.<\/p>\n<div class='share-to-whatsapp-wrapper'><div class='share-on-whsp'>PARTAGER SUR : <\/div><a data-text='AFFAIRE WILFRIED NATHAN - Le Cameroun risque 2 CAN de suspension' data-link='https:\/\/www.nettali.com\/2024\/03\/12\/affaire-wilfried-nathan-le-cameroun-risque-2-can-de-suspension\/' class='whatsapp-button whatsapp-share'>WhatsApp<\/a><div class='clear '><\/div><\/div>","protected":false},"excerpt":{"rendered":"<p>NETTALI.COM - Pr\u00e9sent\u00e9 comme un prodige de 17 ans, Wilfried Nathan Douala avait rejoint les Lions indomptables pour participer \u00e0 la Coupe d\u2019Afrique des nations en C\u00f4te d\u2019Ivoire. Selon nos informations, il s\u2019appellerait en r\u00e9alit\u00e9 Alexandre Bardelli et aurait au moins 23 ans. Un scandale qui ne met pas \u00e0 l'abri le Cameroun. Le pays [&hellip;]<\/p>\n","protected":false},"author":5,"featured_media":129319,"comment_status":"open","ping_status":"open","sticky":false,"template":"","format":"standard","meta":{"_et_pb_use_builder":"","_et_pb_old_content":""},"categories":[6],"tags":[],"yoast_head":"<!-- This site is optimized with the Yoast SEO Premium plugin v17.8 (Yoast SEO v17.8) - https:\/\/yoast.com\/wordpress\/plugins\/seo\/ -->\n<title>AFFAIRE WILFRIED NATHAN - Le Cameroun risque 2 CAN de suspension | Nettali.com<\/title>\n<meta name=\"robots\" content=\"index, follow, max-snippet:-1, max-image-preview:large, max-video-preview:-1\" \/>\n<link rel=\"canonical\" href=\"https:\/\/www.nettali.com\/2024\/03\/12\/affaire-wilfried-nathan-le-cameroun-risque-2-can-de-suspension\/\" \/>\n<meta property=\"og:locale\" content=\"fr_FR\" \/>\n<meta property=\"og:type\" content=\"article\" \/>\n<meta property=\"og:title\" content=\"AFFAIRE WILFRIED NATHAN - Le Cameroun risque 2 CAN de suspension\" \/>\n<meta property=\"og:description\" content=\"NETTALI.COM - Pr\u00e9sent\u00e9 comme un prodige de 17 ans, Wilfried Nathan Douala avait rejoint les Lions indomptables pour participer \u00e0 la Coupe d\u2019Afrique des nations en C\u00f4te d\u2019Ivoire. Selon nos informations, il s\u2019appellerait en r\u00e9alit\u00e9 Alexandre Bardelli et aurait au moins 23 ans. Un scandale qui ne met pas \u00e0 l&#039;abri le Cameroun. Le pays [&hellip;]\" \/>\n<meta property=\"og:url\" content=\"https:\/\/www.nettali.com\/2024\/03\/12\/affaire-wilfried-nathan-le-cameroun-risque-2-can-de-suspension\/\" \/>\n<meta property=\"og:site_name\" content=\"Nettali.com\" \/>\n<meta property=\"article:publisher\" content=\"https:\/\/www.facebook.com\/nettalicom\" \/>\n<meta property=\"article:published_time\" content=\"2024-03-12T09:35:57+00:00\" \/>\n<meta property=\"og:image\" content=\"https:\/\/www.nettali.com\/wp-content\/uploads\/2024\/03\/Screenshot_20240312-075755_1.jpg\" \/>\n\t<meta property=\"og:image:width\" content=\"1080\" \/>\n\t<meta property=\"og:image:height\" content=\"769\" \/>\n<meta name=\"twitter:card\" content=\"summary_large_image\" \/>\n<meta name=\"twitter:label1\" content=\"\u00c9crit par\" \/>\n\t<meta name=\"twitter:data1\" content=\"Ibrahima\" \/>\n\t<meta name=\"twitter:label2\" content=\"Dur\u00e9e de lecture estim\u00e9e\" \/>\n\t<meta name=\"twitter:data2\" content=\"2 minutes\" \/>\n<script type=\"application\/ld+json\" class=\"yoast-schema-graph\">{\"@context\":\"https:\/\/schema.org\",\"@graph\":[{\"@type\":\"WebSite\",\"@id\":\"https:\/\/www.nettali.com\/#website\",\"url\":\"https:\/\/www.nettali.com\/\",\"name\":\"Nettali.com\",\"description\":\"Le rendez-vous critique du Net\",\"potentialAction\":[{\"@type\":\"SearchAction\",\"target\":{\"@type\":\"EntryPoint\",\"urlTemplate\":\"https:\/\/www.nettali.com\/?s={search_term_string}\"},\"query-input\":\"required name=search_term_string\"}],\"inLanguage\":\"fr-FR\"},{\"@type\":\"ImageObject\",\"@id\":\"https:\/\/www.nettali.com\/2024\/03\/12\/affaire-wilfried-nathan-le-cameroun-risque-2-can-de-suspension\/#primaryimage\",\"inLanguage\":\"fr-FR\",\"url\":\"https:\/\/www.nettali.com\/wp-content\/uploads\/2024\/03\/Screenshot_20240312-075755_1.jpg\",\"contentUrl\":\"https:\/\/www.nettali.com\/wp-content\/uploads\/2024\/03\/Screenshot_20240312-075755_1.jpg\",\"width\":1080,\"height\":769},{\"@type\":\"WebPage\",\"@id\":\"https:\/\/www.nettali.com\/2024\/03\/12\/affaire-wilfried-nathan-le-cameroun-risque-2-can-de-suspension\/#webpage\",\"url\":\"https:\/\/www.nettali.com\/2024\/03\/12\/affaire-wilfried-nathan-le-cameroun-risque-2-can-de-suspension\/\",\"name\":\"AFFAIRE WILFRIED NATHAN - Le Cameroun risque 2 CAN de suspension | Nettali.com\",\"isPartOf\":{\"@id\":\"https:\/\/www.nettali.com\/#website\"},\"primaryImageOfPage\":{\"@id\":\"https:\/\/www.nettali.com\/2024\/03\/12\/affaire-wilfried-nathan-le-cameroun-risque-2-can-de-suspension\/#primaryimage\"},\"datePublished\":\"2024-03-12T09:35:57+00:00\",\"dateModified\":\"2024-03-12T09:35:57+00:00\",\"author\":{\"@id\":\"https:\/\/www.nettali.com\/#\/schema\/person\/bb147657c2986240405a608162b9bb23\"},\"breadcrumb\":{\"@id\":\"https:\/\/www.nettali.com\/2024\/03\/12\/affaire-wilfried-nathan-le-cameroun-risque-2-can-de-suspension\/#breadcrumb\"},\"inLanguage\":\"fr-FR\",\"potentialAction\":[{\"@type\":\"ReadAction\",\"target\":[\"https:\/\/www.nettali.com\/2024\/03\/12\/affaire-wilfried-nathan-le-cameroun-risque-2-can-de-suspension\/\"]}]},{\"@type\":\"BreadcrumbList\",\"@id\":\"https:\/\/www.nettali.com\/2024\/03\/12\/affaire-wilfried-nathan-le-cameroun-risque-2-can-de-suspension\/#breadcrumb\",\"itemListElement\":[{\"@type\":\"ListItem\",\"position\":1,\"name\":\"Accueil\",\"item\":\"https:\/\/www.nettali.com\/\"},{\"@type\":\"ListItem\",\"position\":2,\"name\":\"AFFAIRE WILFRIED NATHAN - Le Cameroun risque 2 CAN de suspension\"}]},{\"@type\":\"Person\",\"@id\":\"https:\/\/www.nettali.com\/#\/schema\/person\/bb147657c2986240405a608162b9bb23\",\"name\":\"Ibrahima\",\"image\":{\"@type\":\"ImageObject\",\"@id\":\"https:\/\/www.nettali.com\/#personlogo\",\"inLanguage\":\"fr-FR\",\"url\":\"https:\/\/secure.gravatar.com\/avatar\/26a8a81f09f0dd7624c9d5c36c9ba3a2?s=96&d=mm&r=g\",\"contentUrl\":\"https:\/\/secure.gravatar.com\/avatar\/26a8a81f09f0dd7624c9d5c36c9ba3a2?s=96&d=mm&r=g\",\"caption\":\"Ibrahima\"},\"sameAs\":[\"https:\/\/www.nettali.com\"]}]}<\/script>\n<!-- \/ Yoast SEO Premium plugin. -->","yoast_head_json":{"title":"AFFAIRE WILFRIED NATHAN - Le Cameroun risque 2 CAN de suspension | Nettali.com","robots":{"index":"index","follow":"follow","max-snippet":"max-snippet:-1","max-image-preview":"max-image-preview:large","max-video-preview":"max-video-preview:-1"},"canonical":"https:\/\/www.nettali.com\/2024\/03\/12\/affaire-wilfried-nathan-le-cameroun-risque-2-can-de-suspension\/","og_locale":"fr_FR","og_type":"article","og_title":"AFFAIRE WILFRIED NATHAN - Le Cameroun risque 2 CAN de suspension","og_description":"NETTALI.COM - Pr\u00e9sent\u00e9 comme un prodige de 17 ans, Wilfried Nathan Douala avait rejoint les Lions indomptables pour participer \u00e0 la Coupe d\u2019Afrique des nations en C\u00f4te d\u2019Ivoire. Selon nos informations, il s\u2019appellerait en r\u00e9alit\u00e9 Alexandre Bardelli et aurait au moins 23 ans. Un scandale qui ne met pas \u00e0 l'abri le Cameroun. Le pays [&hellip;]","og_url":"https:\/\/www.nettali.com\/2024\/03\/12\/affaire-wilfried-nathan-le-cameroun-risque-2-can-de-suspension\/","og_site_name":"Nettali.com","article_publisher":"https:\/\/www.facebook.com\/nettalicom","article_published_time":"2024-03-12T09:35:57+00:00","og_image":[{"width":1080,"height":769,"url":"https:\/\/www.nettali.com\/wp-content\/uploads\/2024\/03\/Screenshot_20240312-075755_1.jpg","type":"image\/jpeg"}],"twitter_card":"summary_large_image","twitter_misc":{"\u00c9crit par":"Ibrahima","Dur\u00e9e de lecture estim\u00e9e":"2 minutes"},"schema":{"@context":"https:\/\/schema.org","@graph":[{"@type":"WebSite","@id":"https:\/\/www.nettali.com\/#website","url":"https:\/\/www.nettali.com\/","name":"Nettali.com","description":"Le rendez-vous critique du Net","potentialAction":[{"@type":"SearchAction","target":{"@type":"EntryPoint","urlTemplate":"https:\/\/www.nettali.com\/?s={search_term_string}"},"query-input":"required name=search_term_string"}],"inLanguage":"fr-FR"},{"@type":"ImageObject","@id":"https:\/\/www.nettali.com\/2024\/03\/12\/affaire-wilfried-nathan-le-cameroun-risque-2-can-de-suspension\/#primaryimage","inLanguage":"fr-FR","url":"https:\/\/www.nettali.com\/wp-content\/uploads\/2024\/03\/Screenshot_20240312-075755_1.jpg","contentUrl":"https:\/\/www.nettali.com\/wp-content\/uploads\/2024\/03\/Screenshot_20240312-075755_1.jpg","width":1080,"height":769},{"@type":"WebPage","@id":"https:\/\/www.nettali.com\/2024\/03\/12\/affaire-wilfried-nathan-le-cameroun-risque-2-can-de-suspension\/#webpage","url":"https:\/\/www.nettali.com\/2024\/03\/12\/affaire-wilfried-nathan-le-cameroun-risque-2-can-de-suspension\/","name":"AFFAIRE WILFRIED NATHAN - Le Cameroun risque 2 CAN de suspension | Nettali.com","isPartOf":{"@id":"https:\/\/www.nettali.com\/#website"},"primaryImageOfPage":{"@id":"https:\/\/www.nettali.com\/2024\/03\/12\/affaire-wilfried-nathan-le-cameroun-risque-2-can-de-suspension\/#primaryimage"},"datePublished":"2024-03-12T09:35:57+00:00","dateModified":"2024-03-12T09:35:57+00:00","author":{"@id":"https:\/\/www.nettali.com\/#\/schema\/person\/bb147657c2986240405a608162b9bb23"},"breadcrumb":{"@id":"https:\/\/www.nettali.com\/2024\/03\/12\/affaire-wilfried-nathan-le-cameroun-risque-2-can-de-suspension\/#breadcrumb"},"inLanguage":"fr-FR","potentialAction":[{"@type":"ReadAction","target":["https:\/\/www.nettali.com\/2024\/03\/12\/affaire-wilfried-nathan-le-cameroun-risque-2-can-de-suspension\/"]}]},{"@type":"BreadcrumbList","@id":"https:\/\/www.nettali.com\/2024\/03\/12\/affaire-wilfried-nathan-le-cameroun-risque-2-can-de-suspension\/#breadcrumb","itemListElement":[{"@type":"ListItem","position":1,"name":"Accueil","item":"https:\/\/www.nettali.com\/"},{"@type":"ListItem","position":2,"name":"AFFAIRE WILFRIED NATHAN - Le Cameroun risque 2 CAN de suspension"}]},{"@type":"Person","@id":"https:\/\/www.nettali.com\/#\/schema\/person\/bb147657c2986240405a608162b9bb23","name":"Ibrahima","image":{"@type":"ImageObject","@id":"https:\/\/www.nettali.com\/#personlogo","inLanguage":"fr-FR","url":"https:\/\/secure.gravatar.com\/avatar\/26a8a81f09f0dd7624c9d5c36c9ba3a2?s=96&d=mm&r=g","contentUrl":"https:\/\/secure.gravatar.com\/avatar\/26a8a81f09f0dd7624c9d5c36c9ba3a2?s=96&d=mm&r=g","caption":"Ibrahima"},"sameAs":["https:\/\/www.nettali.com"]}]}},"_links":{"self":[{"href":"https:\/\/www.nettali.com\/rest\/wp\/v2\/posts\/129321"}],"collection":[{"href":"https:\/\/www.nettali.com\/rest\/wp\/v2\/posts"}],"about":[{"href":"https:\/\/www.nettali.com\/rest\/wp\/v2\/types\/post"}],"author":[{"embeddable":true,"href":"https:\/\/www.nettali.com\/rest\/wp\/v2\/users\/5"}],"replies":[{"embeddable":true,"href":"https:\/\/www.nettali.com\/rest\/wp\/v2\/comments?post=129321"}],"version-history":[{"count":1,"href":"https:\/\/www.nettali.com\/rest\/wp\/v2\/posts\/129321\/revisions"}],"predecessor-version":[{"id":129322,"href":"https:\/\/www.nettali.com\/rest\/wp\/v2\/posts\/129321\/revisions\/129322"}],"wp:featuredmedia":[{"embeddable":true,"href":"https:\/\/www.nettali.com\/rest\/wp\/v2\/media\/129319"}],"wp:attachment":[{"href":"https:\/\/www.nettali.com\/rest\/wp\/v2\/media?parent=129321"}],"wp:term":[{"taxonomy":"category","embeddable":true,"href":"https:\/\/www.nettali.com\/rest\/wp\/v2\/categories?post=129321"},{"taxonomy":"post_tag","embeddable":true,"href":"https:\/\/www.nettali.com\/rest\/wp\/v2\/tags?post=129321"}],"curies":[{"name":"wp","href":"https:\/\/api.w.org\/{rel}","templated":true}]}}