{"id":129280,"date":"2024-03-11T23:31:41","date_gmt":"2024-03-11T23:31:41","guid":{"rendered":"https:\/\/www.nettali.com\/?p=129280"},"modified":"2024-03-11T23:31:41","modified_gmt":"2024-03-11T23:31:41","slug":"campagne-electorale-idy-signe-un-pacte-a-ouakam","status":"publish","type":"post","link":"https:\/\/www.nettali.com\/2024\/03\/11\/campagne-electorale-idy-signe-un-pacte-a-ouakam\/","title":{"rendered":"CAMPAGNE E\u0301LECTORALE  - Idy signe un \"Pacte\" \u00e0 Ouakam"},"content":{"rendered":"<div class=\"page\" title=\"Page 6\">\n<div class=\"layoutArea\">\n<div class=\"column\">\n<div class=\"page\" title=\"Page 6\">\n<div class=\"section\">\n<div class=\"layoutArea\">\n<div class=\"column\">\n<p><strong>NETTALI.COM - Paix, autorite\u0301, compassion en direction des populations, compe\u0301tence, travail, entrepreneuriat. C\u2019est ce que propose, entre autres, le candidat Idrissa Seck qui vient de sortir de sa re\u0301serve pour signer un \"Pacte\" avec les populations. Dimanche 10 mars, il s\u2019est rendu a\u0300 Ouakam ou\u0300 il a signe\u0301 la charte de la Coalition nationale pour une pe\u0302che durable.<\/strong><\/p>\n<\/div>\n<\/div>\n<\/div>\n<\/div>\n<p>Beaucoup se sont e\u0301tonne\u0301s de son silence face aux e\u0301ve\u0301nements lie\u0301s a\u0300 l\u2019e\u0301lection pre\u0301sidentielle de 2024. Idrissa Seck s\u2019est finalement exprime\u0301, ce dimanche, a\u0300 l'occasion du de\u0301marrage de la campagne e\u0301lectorale. A\u0300 Ouakam, chez les acteurs de la pe\u0302che, le leader de Rewmi a sign\u00e9 un \"Pacte\" tourne autour de cinq piliers. Le P signifie la paix, la se\u0301curite\u0301, la tranquillite\u0301, la cohe\u0301sion nationale, l\u2019entente entre les fils du Se\u0301ne\u0301gal, quelle que soit notre diversite\u0301. Le pre\u0301tendant a\u0300 la magistrature supre\u0302me entend e\u0301galement diriger le Se\u0301ne\u0301gal avec l\u2019Autorite\u0301 ne\u0301cessaire pour assainir ce qui doit l'e\u0302tre aussi bien dans la conduite des affaires de l\u2019E\u0301tat que dans l\u2019espace public que tous les citoyens partagent. Cet exercice, explique l\u2019ancien Premier ministre (2002-2024), se fera aussi avec Compassion en direction des populations.<\/p>\n<\/div>\n<div class=\"column\">\n<p>\"<em>Nous mesurons la de\u0301tresse et la souffrance face a\u0300 la cherte\u0301 de la vie, face aux conditions de travail difficile, face a\u0300 un habitat social de\u0301ficitaire. Nous entendons manifester notre compassion a\u0300 l\u2019endroit de nos populations. Tout se fera autour de la re\u0301habilitation re\u0301elle de la valeur travail<\/em>\", soutient-il.<\/p>\n<p>Poursuivant, il a rappele\u0301 la fameuse formule du pre\u0301sident Abdoulaye Wade : \"<em>Il faut travailler, beaucoup travailler, toujours travailler, encore travailler.<\/em>\"<\/p>\n<p>En ce sens, Idrissa Seck promet que les travailleurs be\u0301ne\u0301ficieront du soutien de l\u2019E\u0301tat. Idy souhaite e\u0301galement de\u0301velopper l\u2019Entrepreneuriat pour faire renai\u0302tre l'espoir chez les jeunes.<\/p>\n<\/div>\n<div class=\"column\">\n<p><strong>Les 13 points de la charte de la Coalition nationale pour une pe\u0302che durable<\/strong><\/p>\n<p>A\u0300 Ouakam, le candidat a signe\u0301 une charte mise en place par la Coalition nationale pour une pe\u0302che durable, compose\u0301e de pe\u0302cheurs, de transformateurs, de mareyeurs, etc. La charte sera e\u0301galement pre\u0301sente\u0301e aux autres candidats. Idy a d\u2019ailleurs explique\u0301 que l\u2019autre raison qui expli- quait son silence est qu\u2019il faisait une mise a\u0300 jour de sa connaissance de la situation du pays secteur par secteur. \"J<em>\u2019allais commencer par les 700 km de co\u0302tes, de Saint-Louis a\u0300 Cap Skirring<\/em>\", confie-t-il.<\/p>\n<\/div>\n<div class=\"column\">\n<p>Le candidat estime que les propositions contenues dans la charte sont re\u0301alisables. \"<em>Nous avions envoye\u0301 des experts qui se sont entretenus avec les acteurs. Tous les points ont e\u0301te\u0301 e\u0301tudie\u0301s<\/em>\", clarifie-t-il.<\/p>\n<p><strong>En premier lieu,<\/strong> la Coalition nationale pour une pe\u0302che durable de\u0301plore la rarete\u0301 des poissons. Elle veut la mise en place d\u2019une politique garantissant une pre\u0301sence abondante de poissons, d\u2019ici 2030, au Se\u0301ne\u0301gal. Il s\u2019agira d'arre\u0302ter de de\u0301livrer les licences de pe\u0302che sur les espe\u0300ces surexploite\u0301es.<strong> Le deuxie\u0300me point<\/strong> porte sur la de\u0301gradation de l\u2019e\u0301cosyste\u0300me. Un nettoyage des fonds marins de Ndar (Saint-Louis) a\u0300 Cap Skirring est demande\u0301.<\/p>\n<\/div>\n<div class=\"column\">\n<p><strong>Troisie\u0300mement,<\/strong> la Coalition nationale pour une pe\u0302che durable exige la publication du nombre de bateaux au Se\u0301ne\u0301gal. Elle demande une audition de la flotte artisanale et industrielle. <strong>En quatrie\u0300me lieu,<\/strong> les acteurs de la pe\u0302che veulent un renforcement du syste\u0300me de se\u0301curite\u0301 au niveau des frontie\u0300res maritimes, avec une pre\u0301sence massive des forces de de\u0301fense et de se\u0301curite\u0301.<\/p>\n<p>Concernant<strong> le cinquie\u0300me point<\/strong> de la charte, les acteurs de la pe\u0302che demandent que l'on re\u0301serve exclusivement la pe\u0302che du \"yaboye\" (sardinelle) aux nationaux. Pour le point suivant, il est demande\u0301 une politique commune de pe\u0302che.<\/p>\n<p><strong>En septie\u0300me lieu<\/strong>, la Coalition nationale pour une pe\u0302che durable exige l'e\u0301valuation inde\u0301pendante de l\u2019accord de pe\u0302che signe\u0301 avec l\u2019Union europe\u0301enne.<\/p>\n<p><strong>Huitie\u0300mement,<\/strong> l'ame\u0301lioration de la repre\u0301sentativite\u0301 des acteurs de la pe\u0302che est demande\u0301e. <strong>Le neuvie\u0300me point<\/strong> est tre\u0300s important. Les acteurs de la pe\u0302che demandent l\u2019adhe\u0301sion du Se\u0301ne\u0301gal a\u0300 l\u2019Initiative pour la transparence dans la pe\u0302che (Fiti -The Fisheries Transparency Initiative).<\/p>\n<p><strong>Dixie\u0300mement,<\/strong> par rapport a\u0300 l\u2019exploitation du pe\u0301trole et du gaz qui ont un impact sur la mer, ils veulent qu\u2019il y ait un pourcentage re\u0301serve\u0301 a\u0300 la pe\u0302che. En onzie\u0300me lieu, ils demandent une journe\u0301e nationale de\u0301die\u0301e a\u0300 la pe\u0302che. Par rapport a\u0300 l\u2019avant-dernier point, un Conseil pre\u0301sidentiel sur la pe\u0302che est souhaite\u0301.<\/p>\n<p>Enfin, les acteurs de la pe\u0302che demandent des mesures de re\u0301silience permettant aux populations co\u0302tie\u0300res d\u2019e\u0302tre re\u0301silientes aux changements climatiques.<\/p>\n<\/div>\n<\/div>\n<\/div>\n<div class='share-to-whatsapp-wrapper'><div class='share-on-whsp'>PARTAGER SUR : <\/div><a data-text='CAMPAGNE E\u0301LECTORALE  - Idy signe un \"Pacte\" \u00e0 Ouakam' data-link='https:\/\/www.nettali.com\/2024\/03\/11\/campagne-electorale-idy-signe-un-pacte-a-ouakam\/' class='whatsapp-button whatsapp-share'>WhatsApp<\/a><div class='clear '><\/div><\/div>","protected":false},"excerpt":{"rendered":"<p>NETTALI.COM - Paix, autorite\u0301, compassion en direction des populations, compe\u0301tence, travail, entrepreneuriat. C\u2019est ce que propose, entre autres, le candidat Idrissa Seck qui vient de sortir de sa re\u0301serve pour signer un \"Pacte\" avec les populations. Dimanche 10 mars, il s\u2019est rendu a\u0300 Ouakam ou\u0300 il a signe\u0301 la charte de la Coalition nationale pour [&hellip;]<\/p>\n","protected":false},"author":2,"featured_media":129282,"comment_status":"open","ping_status":"open","sticky":false,"template":"","format":"standard","meta":{"_et_pb_use_builder":"","_et_pb_old_content":""},"categories":[2],"tags":[],"yoast_head":"<!-- This site is optimized with the Yoast SEO Premium plugin v17.8 (Yoast SEO v17.8) - https:\/\/yoast.com\/wordpress\/plugins\/seo\/ -->\n<title>CAMPAGNE E\u0301LECTORALE - Idy signe un &quot;Pacte&quot; \u00e0 Ouakam | Nettali.com<\/title>\n<meta name=\"robots\" content=\"index, follow, max-snippet:-1, max-image-preview:large, max-video-preview:-1\" \/>\n<link rel=\"canonical\" href=\"https:\/\/www.nettali.com\/2024\/03\/11\/campagne-electorale-idy-signe-un-pacte-a-ouakam\/\" \/>\n<meta property=\"og:locale\" content=\"fr_FR\" \/>\n<meta property=\"og:type\" content=\"article\" \/>\n<meta property=\"og:title\" content=\"CAMPAGNE E\u0301LECTORALE - Idy signe un &quot;Pacte&quot; \u00e0 Ouakam\" \/>\n<meta property=\"og:description\" content=\"NETTALI.COM - Paix, autorite\u0301, compassion en direction des populations, compe\u0301tence, travail, entrepreneuriat. C\u2019est ce que propose, entre autres, le candidat Idrissa Seck qui vient de sortir de sa re\u0301serve pour signer un &quot;Pacte&quot; avec les populations. Dimanche 10 mars, il s\u2019est rendu a\u0300 Ouakam ou\u0300 il a signe\u0301 la charte de la Coalition nationale pour [&hellip;]\" \/>\n<meta property=\"og:url\" content=\"https:\/\/www.nettali.com\/2024\/03\/11\/campagne-electorale-idy-signe-un-pacte-a-ouakam\/\" \/>\n<meta property=\"og:site_name\" content=\"Nettali.com\" \/>\n<meta property=\"article:publisher\" content=\"https:\/\/www.facebook.com\/nettalicom\" \/>\n<meta property=\"article:published_time\" content=\"2024-03-11T23:31:41+00:00\" \/>\n<meta property=\"og:image\" content=\"https:\/\/www.nettali.com\/wp-content\/uploads\/2024\/03\/maxresdefault_live.jpg\" \/>\n\t<meta property=\"og:image:width\" content=\"1280\" \/>\n\t<meta property=\"og:image:height\" content=\"720\" \/>\n<meta name=\"twitter:card\" content=\"summary_large_image\" \/>\n<meta name=\"twitter:label1\" content=\"\u00c9crit par\" \/>\n\t<meta name=\"twitter:data1\" content=\"CK\" \/>\n\t<meta name=\"twitter:label2\" content=\"Dur\u00e9e de lecture estim\u00e9e\" \/>\n\t<meta name=\"twitter:data2\" content=\"4 minutes\" \/>\n<script type=\"application\/ld+json\" class=\"yoast-schema-graph\">{\"@context\":\"https:\/\/schema.org\",\"@graph\":[{\"@type\":\"WebSite\",\"@id\":\"https:\/\/www.nettali.com\/#website\",\"url\":\"https:\/\/www.nettali.com\/\",\"name\":\"Nettali.com\",\"description\":\"Le rendez-vous critique du Net\",\"potentialAction\":[{\"@type\":\"SearchAction\",\"target\":{\"@type\":\"EntryPoint\",\"urlTemplate\":\"https:\/\/www.nettali.com\/?s={search_term_string}\"},\"query-input\":\"required name=search_term_string\"}],\"inLanguage\":\"fr-FR\"},{\"@type\":\"ImageObject\",\"@id\":\"https:\/\/www.nettali.com\/2024\/03\/11\/campagne-electorale-idy-signe-un-pacte-a-ouakam\/#primaryimage\",\"inLanguage\":\"fr-FR\",\"url\":\"https:\/\/www.nettali.com\/wp-content\/uploads\/2024\/03\/maxresdefault_live.jpg\",\"contentUrl\":\"https:\/\/www.nettali.com\/wp-content\/uploads\/2024\/03\/maxresdefault_live.jpg\",\"width\":1280,\"height\":720},{\"@type\":\"WebPage\",\"@id\":\"https:\/\/www.nettali.com\/2024\/03\/11\/campagne-electorale-idy-signe-un-pacte-a-ouakam\/#webpage\",\"url\":\"https:\/\/www.nettali.com\/2024\/03\/11\/campagne-electorale-idy-signe-un-pacte-a-ouakam\/\",\"name\":\"CAMPAGNE E\\u0301LECTORALE - Idy signe un \\\"Pacte\\\" \\u00e0 Ouakam | Nettali.com\",\"isPartOf\":{\"@id\":\"https:\/\/www.nettali.com\/#website\"},\"primaryImageOfPage\":{\"@id\":\"https:\/\/www.nettali.com\/2024\/03\/11\/campagne-electorale-idy-signe-un-pacte-a-ouakam\/#primaryimage\"},\"datePublished\":\"2024-03-11T23:31:41+00:00\",\"dateModified\":\"2024-03-11T23:31:41+00:00\",\"author\":{\"@id\":\"https:\/\/www.nettali.com\/#\/schema\/person\/d8ac7b7e27ddad43f1c0d2ef090d7f71\"},\"breadcrumb\":{\"@id\":\"https:\/\/www.nettali.com\/2024\/03\/11\/campagne-electorale-idy-signe-un-pacte-a-ouakam\/#breadcrumb\"},\"inLanguage\":\"fr-FR\",\"potentialAction\":[{\"@type\":\"ReadAction\",\"target\":[\"https:\/\/www.nettali.com\/2024\/03\/11\/campagne-electorale-idy-signe-un-pacte-a-ouakam\/\"]}]},{\"@type\":\"BreadcrumbList\",\"@id\":\"https:\/\/www.nettali.com\/2024\/03\/11\/campagne-electorale-idy-signe-un-pacte-a-ouakam\/#breadcrumb\",\"itemListElement\":[{\"@type\":\"ListItem\",\"position\":1,\"name\":\"Accueil\",\"item\":\"https:\/\/www.nettali.com\/\"},{\"@type\":\"ListItem\",\"position\":2,\"name\":\"CAMPAGNE E\\u0301LECTORALE - Idy signe un \\\"Pacte\\\" \\u00e0 Ouakam\"}]},{\"@type\":\"Person\",\"@id\":\"https:\/\/www.nettali.com\/#\/schema\/person\/d8ac7b7e27ddad43f1c0d2ef090d7f71\",\"name\":\"CK\",\"image\":{\"@type\":\"ImageObject\",\"@id\":\"https:\/\/www.nettali.com\/#personlogo\",\"inLanguage\":\"fr-FR\",\"url\":\"https:\/\/secure.gravatar.com\/avatar\/1d8d5118b9327d94da7cd4ce7f17fec2?s=96&d=mm&r=g\",\"contentUrl\":\"https:\/\/secure.gravatar.com\/avatar\/1d8d5118b9327d94da7cd4ce7f17fec2?s=96&d=mm&r=g\",\"caption\":\"CK\"},\"sameAs\":[\"https:\/\/www.nettali.com\"]}]}<\/script>\n<!-- \/ Yoast SEO Premium plugin. -->","yoast_head_json":{"title":"CAMPAGNE E\u0301LECTORALE - Idy signe un \"Pacte\" \u00e0 Ouakam | Nettali.com","robots":{"index":"index","follow":"follow","max-snippet":"max-snippet:-1","max-image-preview":"max-image-preview:large","max-video-preview":"max-video-preview:-1"},"canonical":"https:\/\/www.nettali.com\/2024\/03\/11\/campagne-electorale-idy-signe-un-pacte-a-ouakam\/","og_locale":"fr_FR","og_type":"article","og_title":"CAMPAGNE E\u0301LECTORALE - Idy signe un \"Pacte\" \u00e0 Ouakam","og_description":"NETTALI.COM - Paix, autorite\u0301, compassion en direction des populations, compe\u0301tence, travail, entrepreneuriat. C\u2019est ce que propose, entre autres, le candidat Idrissa Seck qui vient de sortir de sa re\u0301serve pour signer un \"Pacte\" avec les populations. Dimanche 10 mars, il s\u2019est rendu a\u0300 Ouakam ou\u0300 il a signe\u0301 la charte de la Coalition nationale pour [&hellip;]","og_url":"https:\/\/www.nettali.com\/2024\/03\/11\/campagne-electorale-idy-signe-un-pacte-a-ouakam\/","og_site_name":"Nettali.com","article_publisher":"https:\/\/www.facebook.com\/nettalicom","article_published_time":"2024-03-11T23:31:41+00:00","og_image":[{"width":1280,"height":720,"url":"https:\/\/www.nettali.com\/wp-content\/uploads\/2024\/03\/maxresdefault_live.jpg","type":"image\/jpeg"}],"twitter_card":"summary_large_image","twitter_misc":{"\u00c9crit par":"CK","Dur\u00e9e de lecture estim\u00e9e":"4 minutes"},"schema":{"@context":"https:\/\/schema.org","@graph":[{"@type":"WebSite","@id":"https:\/\/www.nettali.com\/#website","url":"https:\/\/www.nettali.com\/","name":"Nettali.com","description":"Le rendez-vous critique du Net","potentialAction":[{"@type":"SearchAction","target":{"@type":"EntryPoint","urlTemplate":"https:\/\/www.nettali.com\/?s={search_term_string}"},"query-input":"required name=search_term_string"}],"inLanguage":"fr-FR"},{"@type":"ImageObject","@id":"https:\/\/www.nettali.com\/2024\/03\/11\/campagne-electorale-idy-signe-un-pacte-a-ouakam\/#primaryimage","inLanguage":"fr-FR","url":"https:\/\/www.nettali.com\/wp-content\/uploads\/2024\/03\/maxresdefault_live.jpg","contentUrl":"https:\/\/www.nettali.com\/wp-content\/uploads\/2024\/03\/maxresdefault_live.jpg","width":1280,"height":720},{"@type":"WebPage","@id":"https:\/\/www.nettali.com\/2024\/03\/11\/campagne-electorale-idy-signe-un-pacte-a-ouakam\/#webpage","url":"https:\/\/www.nettali.com\/2024\/03\/11\/campagne-electorale-idy-signe-un-pacte-a-ouakam\/","name":"CAMPAGNE E\u0301LECTORALE - Idy signe un \"Pacte\" \u00e0 Ouakam | Nettali.com","isPartOf":{"@id":"https:\/\/www.nettali.com\/#website"},"primaryImageOfPage":{"@id":"https:\/\/www.nettali.com\/2024\/03\/11\/campagne-electorale-idy-signe-un-pacte-a-ouakam\/#primaryimage"},"datePublished":"2024-03-11T23:31:41+00:00","dateModified":"2024-03-11T23:31:41+00:00","author":{"@id":"https:\/\/www.nettali.com\/#\/schema\/person\/d8ac7b7e27ddad43f1c0d2ef090d7f71"},"breadcrumb":{"@id":"https:\/\/www.nettali.com\/2024\/03\/11\/campagne-electorale-idy-signe-un-pacte-a-ouakam\/#breadcrumb"},"inLanguage":"fr-FR","potentialAction":[{"@type":"ReadAction","target":["https:\/\/www.nettali.com\/2024\/03\/11\/campagne-electorale-idy-signe-un-pacte-a-ouakam\/"]}]},{"@type":"BreadcrumbList","@id":"https:\/\/www.nettali.com\/2024\/03\/11\/campagne-electorale-idy-signe-un-pacte-a-ouakam\/#breadcrumb","itemListElement":[{"@type":"ListItem","position":1,"name":"Accueil","item":"https:\/\/www.nettali.com\/"},{"@type":"ListItem","position":2,"name":"CAMPAGNE E\u0301LECTORALE - Idy signe un \"Pacte\" \u00e0 Ouakam"}]},{"@type":"Person","@id":"https:\/\/www.nettali.com\/#\/schema\/person\/d8ac7b7e27ddad43f1c0d2ef090d7f71","name":"CK","image":{"@type":"ImageObject","@id":"https:\/\/www.nettali.com\/#personlogo","inLanguage":"fr-FR","url":"https:\/\/secure.gravatar.com\/avatar\/1d8d5118b9327d94da7cd4ce7f17fec2?s=96&d=mm&r=g","contentUrl":"https:\/\/secure.gravatar.com\/avatar\/1d8d5118b9327d94da7cd4ce7f17fec2?s=96&d=mm&r=g","caption":"CK"},"sameAs":["https:\/\/www.nettali.com"]}]}},"_links":{"self":[{"href":"https:\/\/www.nettali.com\/rest\/wp\/v2\/posts\/129280"}],"collection":[{"href":"https:\/\/www.nettali.com\/rest\/wp\/v2\/posts"}],"about":[{"href":"https:\/\/www.nettali.com\/rest\/wp\/v2\/types\/post"}],"author":[{"embeddable":true,"href":"https:\/\/www.nettali.com\/rest\/wp\/v2\/users\/2"}],"replies":[{"embeddable":true,"href":"https:\/\/www.nettali.com\/rest\/wp\/v2\/comments?post=129280"}],"version-history":[{"count":1,"href":"https:\/\/www.nettali.com\/rest\/wp\/v2\/posts\/129280\/revisions"}],"predecessor-version":[{"id":129283,"href":"https:\/\/www.nettali.com\/rest\/wp\/v2\/posts\/129280\/revisions\/129283"}],"wp:featuredmedia":[{"embeddable":true,"href":"https:\/\/www.nettali.com\/rest\/wp\/v2\/media\/129282"}],"wp:attachment":[{"href":"https:\/\/www.nettali.com\/rest\/wp\/v2\/media?parent=129280"}],"wp:term":[{"taxonomy":"category","embeddable":true,"href":"https:\/\/www.nettali.com\/rest\/wp\/v2\/categories?post=129280"},{"taxonomy":"post_tag","embeddable":true,"href":"https:\/\/www.nettali.com\/rest\/wp\/v2\/tags?post=129280"}],"curies":[{"name":"wp","href":"https:\/\/api.w.org\/{rel}","templated":true}]}}