{"id":129251,"date":"2024-03-11T14:12:15","date_gmt":"2024-03-11T14:12:15","guid":{"rendered":"https:\/\/www.nettali.com\/?p=129251"},"modified":"2024-03-11T14:12:15","modified_gmt":"2024-03-11T14:12:15","slug":"saisine-de-la-cour-supreme-par-le-pds-aly-ngouille-ndiaye-predit-un-revers-pour-les-liberaux","status":"publish","type":"post","link":"https:\/\/www.nettali.com\/2024\/03\/11\/saisine-de-la-cour-supreme-par-le-pds-aly-ngouille-ndiaye-predit-un-revers-pour-les-liberaux\/","title":{"rendered":"SAISINE DE LA COUR SUPR\u00caME PAR LE PDS\u2013 Aly Ngouille Ndiaye pr\u00e9dit un revers pour les lib\u00e9raux\u00a0"},"content":{"rendered":"<p><strong>NETTALI.COM-\u00a0Aly Ngouille Ndiaye, candidat \u00e0 l\u2019\u00e9lection pr\u00e9sidentielle du 24 mars 2024\u00a0 s\u2019est prononc\u00e9 sur le recours introduit par le Parti d\u00e9mocratique s\u00e9n\u00e9galais pour faire reprendre le Processus \u00e9lectoral.<\/strong><\/p>\n<p>En campagne \u00e9lectorale dans la r\u00e9gion de Matam, le leader de la coalition \u00ab Aly Ngouille 2024 \u00bb soutient que toute d\u00e9cision de la justice est \u00e0 respecter. \u00ab <em>Nous n\u2019avons pas de raison de craindre un nouveau report. Le Conseil constitutionnel a d\u00e9j\u00e0 tranch\u00e9 sur la date et par cons\u00e9quent je ne pense pas qu\u2019un recours puisse prosp\u00e9rer si c\u2019est le cas. Dans tous les cas de figure, je suis un r\u00e9publicain, je suis un l\u00e9galiste quelle que soit la d\u00e9cision qui sera prise par la Cour supr\u00eame\u00a0 je l\u2019accepterai<\/em> \u00bb, dit-il.<\/p>\n<div class='share-to-whatsapp-wrapper'><div class='share-on-whsp'>PARTAGER SUR : <\/div><a data-text='SAISINE DE LA COUR SUPR\u00caME PAR LE PDS\u2013 Aly Ngouille Ndiaye pr\u00e9dit un revers pour les lib\u00e9raux\u00a0' data-link='https:\/\/www.nettali.com\/2024\/03\/11\/saisine-de-la-cour-supreme-par-le-pds-aly-ngouille-ndiaye-predit-un-revers-pour-les-liberaux\/' class='whatsapp-button whatsapp-share'>WhatsApp<\/a><div class='clear '><\/div><\/div>","protected":false},"excerpt":{"rendered":"<p>NETTALI.COM-\u00a0Aly Ngouille Ndiaye, candidat \u00e0 l\u2019\u00e9lection pr\u00e9sidentielle du 24 mars 2024\u00a0 s\u2019est prononc\u00e9 sur le recours introduit par le Parti d\u00e9mocratique s\u00e9n\u00e9galais pour faire reprendre le Processus \u00e9lectoral. En campagne \u00e9lectorale dans la r\u00e9gion de Matam, le leader de la coalition \u00ab Aly Ngouille 2024 \u00bb soutient que toute d\u00e9cision de la justice est \u00e0 [&hellip;]<\/p>\n","protected":false},"author":6,"featured_media":129253,"comment_status":"open","ping_status":"open","sticky":false,"template":"","format":"standard","meta":{"_et_pb_use_builder":"","_et_pb_old_content":""},"categories":[2],"tags":[],"yoast_head":"<!-- This site is optimized with the Yoast SEO Premium plugin v17.8 (Yoast SEO v17.8) - https:\/\/yoast.com\/wordpress\/plugins\/seo\/ -->\n<title>SAISINE DE LA COUR SUPR\u00caME PAR LE PDS\u2013 Aly Ngouille Ndiaye pr\u00e9dit un revers pour les lib\u00e9raux\u00a0 | Nettali.com<\/title>\n<meta name=\"robots\" content=\"index, follow, max-snippet:-1, max-image-preview:large, max-video-preview:-1\" \/>\n<link rel=\"canonical\" href=\"https:\/\/www.nettali.com\/2024\/03\/11\/saisine-de-la-cour-supreme-par-le-pds-aly-ngouille-ndiaye-predit-un-revers-pour-les-liberaux\/\" \/>\n<meta property=\"og:locale\" content=\"fr_FR\" \/>\n<meta property=\"og:type\" content=\"article\" \/>\n<meta property=\"og:title\" content=\"SAISINE DE LA COUR SUPR\u00caME PAR LE PDS\u2013 Aly Ngouille Ndiaye pr\u00e9dit un revers pour les lib\u00e9raux\u00a0\" \/>\n<meta property=\"og:description\" content=\"NETTALI.COM-\u00a0Aly Ngouille Ndiaye, candidat \u00e0 l\u2019\u00e9lection pr\u00e9sidentielle du 24 mars 2024\u00a0 s\u2019est prononc\u00e9 sur le recours introduit par le Parti d\u00e9mocratique s\u00e9n\u00e9galais pour faire reprendre le Processus \u00e9lectoral. En campagne \u00e9lectorale dans la r\u00e9gion de Matam, le leader de la coalition \u00ab Aly Ngouille 2024 \u00bb soutient que toute d\u00e9cision de la justice est \u00e0 [&hellip;]\" \/>\n<meta property=\"og:url\" content=\"https:\/\/www.nettali.com\/2024\/03\/11\/saisine-de-la-cour-supreme-par-le-pds-aly-ngouille-ndiaye-predit-un-revers-pour-les-liberaux\/\" \/>\n<meta property=\"og:site_name\" content=\"Nettali.com\" \/>\n<meta property=\"article:publisher\" content=\"https:\/\/www.facebook.com\/nettalicom\" \/>\n<meta property=\"article:published_time\" content=\"2024-03-11T14:12:15+00:00\" \/>\n<meta property=\"og:image\" content=\"https:\/\/www.nettali.com\/wp-content\/uploads\/2024\/03\/images-1.jpeg\" \/>\n\t<meta property=\"og:image:width\" content=\"369\" \/>\n\t<meta property=\"og:image:height\" content=\"136\" \/>\n<meta name=\"twitter:card\" content=\"summary_large_image\" \/>\n<meta name=\"twitter:label1\" content=\"\u00c9crit par\" \/>\n\t<meta name=\"twitter:data1\" content=\"Fatou\" \/>\n\t<meta name=\"twitter:label2\" content=\"Dur\u00e9e de lecture estim\u00e9e\" \/>\n\t<meta name=\"twitter:data2\" content=\"1 minute\" \/>\n<script type=\"application\/ld+json\" class=\"yoast-schema-graph\">{\"@context\":\"https:\/\/schema.org\",\"@graph\":[{\"@type\":\"WebSite\",\"@id\":\"https:\/\/www.nettali.com\/#website\",\"url\":\"https:\/\/www.nettali.com\/\",\"name\":\"Nettali.com\",\"description\":\"Le rendez-vous critique du Net\",\"potentialAction\":[{\"@type\":\"SearchAction\",\"target\":{\"@type\":\"EntryPoint\",\"urlTemplate\":\"https:\/\/www.nettali.com\/?s={search_term_string}\"},\"query-input\":\"required name=search_term_string\"}],\"inLanguage\":\"fr-FR\"},{\"@type\":\"ImageObject\",\"@id\":\"https:\/\/www.nettali.com\/2024\/03\/11\/saisine-de-la-cour-supreme-par-le-pds-aly-ngouille-ndiaye-predit-un-revers-pour-les-liberaux\/#primaryimage\",\"inLanguage\":\"fr-FR\",\"url\":\"https:\/\/www.nettali.com\/wp-content\/uploads\/2024\/03\/images-1.jpeg\",\"contentUrl\":\"https:\/\/www.nettali.com\/wp-content\/uploads\/2024\/03\/images-1.jpeg\",\"width\":369,\"height\":136},{\"@type\":\"WebPage\",\"@id\":\"https:\/\/www.nettali.com\/2024\/03\/11\/saisine-de-la-cour-supreme-par-le-pds-aly-ngouille-ndiaye-predit-un-revers-pour-les-liberaux\/#webpage\",\"url\":\"https:\/\/www.nettali.com\/2024\/03\/11\/saisine-de-la-cour-supreme-par-le-pds-aly-ngouille-ndiaye-predit-un-revers-pour-les-liberaux\/\",\"name\":\"SAISINE DE LA COUR SUPR\\u00caME PAR LE PDS\\u2013 Aly Ngouille Ndiaye pr\\u00e9dit un revers pour les lib\\u00e9raux\\u00a0 | Nettali.com\",\"isPartOf\":{\"@id\":\"https:\/\/www.nettali.com\/#website\"},\"primaryImageOfPage\":{\"@id\":\"https:\/\/www.nettali.com\/2024\/03\/11\/saisine-de-la-cour-supreme-par-le-pds-aly-ngouille-ndiaye-predit-un-revers-pour-les-liberaux\/#primaryimage\"},\"datePublished\":\"2024-03-11T14:12:15+00:00\",\"dateModified\":\"2024-03-11T14:12:15+00:00\",\"author\":{\"@id\":\"https:\/\/www.nettali.com\/#\/schema\/person\/418274a86bdf87caff7a3ef476bd0bbf\"},\"breadcrumb\":{\"@id\":\"https:\/\/www.nettali.com\/2024\/03\/11\/saisine-de-la-cour-supreme-par-le-pds-aly-ngouille-ndiaye-predit-un-revers-pour-les-liberaux\/#breadcrumb\"},\"inLanguage\":\"fr-FR\",\"potentialAction\":[{\"@type\":\"ReadAction\",\"target\":[\"https:\/\/www.nettali.com\/2024\/03\/11\/saisine-de-la-cour-supreme-par-le-pds-aly-ngouille-ndiaye-predit-un-revers-pour-les-liberaux\/\"]}]},{\"@type\":\"BreadcrumbList\",\"@id\":\"https:\/\/www.nettali.com\/2024\/03\/11\/saisine-de-la-cour-supreme-par-le-pds-aly-ngouille-ndiaye-predit-un-revers-pour-les-liberaux\/#breadcrumb\",\"itemListElement\":[{\"@type\":\"ListItem\",\"position\":1,\"name\":\"Accueil\",\"item\":\"https:\/\/www.nettali.com\/\"},{\"@type\":\"ListItem\",\"position\":2,\"name\":\"SAISINE DE LA COUR SUPR\\u00caME PAR LE PDS\\u2013 Aly Ngouille Ndiaye pr\\u00e9dit un revers pour les lib\\u00e9raux\\u00a0\"}]},{\"@type\":\"Person\",\"@id\":\"https:\/\/www.nettali.com\/#\/schema\/person\/418274a86bdf87caff7a3ef476bd0bbf\",\"name\":\"Fatou\",\"image\":{\"@type\":\"ImageObject\",\"@id\":\"https:\/\/www.nettali.com\/#personlogo\",\"inLanguage\":\"fr-FR\",\"url\":\"https:\/\/secure.gravatar.com\/avatar\/5a9442a2bee7b4dcf167cab035858e9a?s=96&d=mm&r=g\",\"contentUrl\":\"https:\/\/secure.gravatar.com\/avatar\/5a9442a2bee7b4dcf167cab035858e9a?s=96&d=mm&r=g\",\"caption\":\"Fatou\"},\"sameAs\":[\"https:\/\/www.nettali.com\"]}]}<\/script>\n<!-- \/ Yoast SEO Premium plugin. -->","yoast_head_json":{"title":"SAISINE DE LA COUR SUPR\u00caME PAR LE PDS\u2013 Aly Ngouille Ndiaye pr\u00e9dit un revers pour les lib\u00e9raux\u00a0 | Nettali.com","robots":{"index":"index","follow":"follow","max-snippet":"max-snippet:-1","max-image-preview":"max-image-preview:large","max-video-preview":"max-video-preview:-1"},"canonical":"https:\/\/www.nettali.com\/2024\/03\/11\/saisine-de-la-cour-supreme-par-le-pds-aly-ngouille-ndiaye-predit-un-revers-pour-les-liberaux\/","og_locale":"fr_FR","og_type":"article","og_title":"SAISINE DE LA COUR SUPR\u00caME PAR LE PDS\u2013 Aly Ngouille Ndiaye pr\u00e9dit un revers pour les lib\u00e9raux\u00a0","og_description":"NETTALI.COM-\u00a0Aly Ngouille Ndiaye, candidat \u00e0 l\u2019\u00e9lection pr\u00e9sidentielle du 24 mars 2024\u00a0 s\u2019est prononc\u00e9 sur le recours introduit par le Parti d\u00e9mocratique s\u00e9n\u00e9galais pour faire reprendre le Processus \u00e9lectoral. En campagne \u00e9lectorale dans la r\u00e9gion de Matam, le leader de la coalition \u00ab Aly Ngouille 2024 \u00bb soutient que toute d\u00e9cision de la justice est \u00e0 [&hellip;]","og_url":"https:\/\/www.nettali.com\/2024\/03\/11\/saisine-de-la-cour-supreme-par-le-pds-aly-ngouille-ndiaye-predit-un-revers-pour-les-liberaux\/","og_site_name":"Nettali.com","article_publisher":"https:\/\/www.facebook.com\/nettalicom","article_published_time":"2024-03-11T14:12:15+00:00","og_image":[{"width":369,"height":136,"url":"https:\/\/www.nettali.com\/wp-content\/uploads\/2024\/03\/images-1.jpeg","type":"image\/jpeg"}],"twitter_card":"summary_large_image","twitter_misc":{"\u00c9crit par":"Fatou","Dur\u00e9e de lecture estim\u00e9e":"1 minute"},"schema":{"@context":"https:\/\/schema.org","@graph":[{"@type":"WebSite","@id":"https:\/\/www.nettali.com\/#website","url":"https:\/\/www.nettali.com\/","name":"Nettali.com","description":"Le rendez-vous critique du Net","potentialAction":[{"@type":"SearchAction","target":{"@type":"EntryPoint","urlTemplate":"https:\/\/www.nettali.com\/?s={search_term_string}"},"query-input":"required name=search_term_string"}],"inLanguage":"fr-FR"},{"@type":"ImageObject","@id":"https:\/\/www.nettali.com\/2024\/03\/11\/saisine-de-la-cour-supreme-par-le-pds-aly-ngouille-ndiaye-predit-un-revers-pour-les-liberaux\/#primaryimage","inLanguage":"fr-FR","url":"https:\/\/www.nettali.com\/wp-content\/uploads\/2024\/03\/images-1.jpeg","contentUrl":"https:\/\/www.nettali.com\/wp-content\/uploads\/2024\/03\/images-1.jpeg","width":369,"height":136},{"@type":"WebPage","@id":"https:\/\/www.nettali.com\/2024\/03\/11\/saisine-de-la-cour-supreme-par-le-pds-aly-ngouille-ndiaye-predit-un-revers-pour-les-liberaux\/#webpage","url":"https:\/\/www.nettali.com\/2024\/03\/11\/saisine-de-la-cour-supreme-par-le-pds-aly-ngouille-ndiaye-predit-un-revers-pour-les-liberaux\/","name":"SAISINE DE LA COUR SUPR\u00caME PAR LE PDS\u2013 Aly Ngouille Ndiaye pr\u00e9dit un revers pour les lib\u00e9raux\u00a0 | Nettali.com","isPartOf":{"@id":"https:\/\/www.nettali.com\/#website"},"primaryImageOfPage":{"@id":"https:\/\/www.nettali.com\/2024\/03\/11\/saisine-de-la-cour-supreme-par-le-pds-aly-ngouille-ndiaye-predit-un-revers-pour-les-liberaux\/#primaryimage"},"datePublished":"2024-03-11T14:12:15+00:00","dateModified":"2024-03-11T14:12:15+00:00","author":{"@id":"https:\/\/www.nettali.com\/#\/schema\/person\/418274a86bdf87caff7a3ef476bd0bbf"},"breadcrumb":{"@id":"https:\/\/www.nettali.com\/2024\/03\/11\/saisine-de-la-cour-supreme-par-le-pds-aly-ngouille-ndiaye-predit-un-revers-pour-les-liberaux\/#breadcrumb"},"inLanguage":"fr-FR","potentialAction":[{"@type":"ReadAction","target":["https:\/\/www.nettali.com\/2024\/03\/11\/saisine-de-la-cour-supreme-par-le-pds-aly-ngouille-ndiaye-predit-un-revers-pour-les-liberaux\/"]}]},{"@type":"BreadcrumbList","@id":"https:\/\/www.nettali.com\/2024\/03\/11\/saisine-de-la-cour-supreme-par-le-pds-aly-ngouille-ndiaye-predit-un-revers-pour-les-liberaux\/#breadcrumb","itemListElement":[{"@type":"ListItem","position":1,"name":"Accueil","item":"https:\/\/www.nettali.com\/"},{"@type":"ListItem","position":2,"name":"SAISINE DE LA COUR SUPR\u00caME PAR LE PDS\u2013 Aly Ngouille Ndiaye pr\u00e9dit un revers pour les lib\u00e9raux\u00a0"}]},{"@type":"Person","@id":"https:\/\/www.nettali.com\/#\/schema\/person\/418274a86bdf87caff7a3ef476bd0bbf","name":"Fatou","image":{"@type":"ImageObject","@id":"https:\/\/www.nettali.com\/#personlogo","inLanguage":"fr-FR","url":"https:\/\/secure.gravatar.com\/avatar\/5a9442a2bee7b4dcf167cab035858e9a?s=96&d=mm&r=g","contentUrl":"https:\/\/secure.gravatar.com\/avatar\/5a9442a2bee7b4dcf167cab035858e9a?s=96&d=mm&r=g","caption":"Fatou"},"sameAs":["https:\/\/www.nettali.com"]}]}},"_links":{"self":[{"href":"https:\/\/www.nettali.com\/rest\/wp\/v2\/posts\/129251"}],"collection":[{"href":"https:\/\/www.nettali.com\/rest\/wp\/v2\/posts"}],"about":[{"href":"https:\/\/www.nettali.com\/rest\/wp\/v2\/types\/post"}],"author":[{"embeddable":true,"href":"https:\/\/www.nettali.com\/rest\/wp\/v2\/users\/6"}],"replies":[{"embeddable":true,"href":"https:\/\/www.nettali.com\/rest\/wp\/v2\/comments?post=129251"}],"version-history":[{"count":2,"href":"https:\/\/www.nettali.com\/rest\/wp\/v2\/posts\/129251\/revisions"}],"predecessor-version":[{"id":129257,"href":"https:\/\/www.nettali.com\/rest\/wp\/v2\/posts\/129251\/revisions\/129257"}],"wp:featuredmedia":[{"embeddable":true,"href":"https:\/\/www.nettali.com\/rest\/wp\/v2\/media\/129253"}],"wp:attachment":[{"href":"https:\/\/www.nettali.com\/rest\/wp\/v2\/media?parent=129251"}],"wp:term":[{"taxonomy":"category","embeddable":true,"href":"https:\/\/www.nettali.com\/rest\/wp\/v2\/categories?post=129251"},{"taxonomy":"post_tag","embeddable":true,"href":"https:\/\/www.nettali.com\/rest\/wp\/v2\/tags?post=129251"}],"curies":[{"name":"wp","href":"https:\/\/api.w.org\/{rel}","templated":true}]}}