{"id":129230,"date":"2024-03-11T08:05:54","date_gmt":"2024-03-11T08:05:54","guid":{"rendered":"https:\/\/www.nettali.com\/?p=129230"},"modified":"2024-03-12T00:17:59","modified_gmt":"2024-03-12T00:17:59","slug":"campagne-electorale-khalifa-veut-rester-khalife-a-dakar","status":"publish","type":"post","link":"https:\/\/www.nettali.com\/2024\/03\/11\/campagne-electorale-khalifa-veut-rester-khalife-a-dakar\/","title":{"rendered":"CAMPAGNE E\u0301LECTORALE - Khalifa veut rester \"Khalife\" a\u0300 Dakar"},"content":{"rendered":"<div class=\"page\" title=\"Page 4\">\n<div class=\"layoutArea\">\n<div class=\"column\">\n<div class=\"page\" title=\"Page 4\">\n<div class=\"layoutArea\">\n<div class=\"column\">\n<p><strong>NETTALI.COM - Yoff, Patte d'Oie et Cambe\u0301re\u0300ne, Fass, Gueule-Tape\u0301e, des quartiers emble\u0301matiques de Dakar ont e\u0301te\u0301 choisis de\u0301libe\u0301re\u0301ment pour le lancement officiel de la campagne de Khalifa Sall. Ce choix symbolise l'engagement du candidat de \"Taxawu Se\u0301ne\u0301gal\" pour ce de\u0301partement qu'il l'a e\u0301lu deux fois maire (2009 et 2014) et est toujours entre les mains de son directeur de campagne, Barthe\u0301lemy Dias.<\/strong><\/p>\n<\/div>\n<\/div>\n<\/div>\n<p>Ce dimanche 10 mars 2024, c\u2019est a\u0300 Yoff, fief de l\u2019un des collaborateurs qui est l\u2019e\u0301dile de cette commune depuis 2022, Issa Laye Samb, ou\u0300 Khalifa Sall a commence\u0301 son deuxie\u0300me jour de campagne. Accompagne\u0301 par ses plus loyaux lieutenants, Barth et Cheikh Gue\u0300ye, le candidat de Taxawu Se\u0301ne\u0301gal veut conque\u0301rir le c\u0153ur des Dakarois. Cette re\u0301gion est l\u2019un des plus importants greniers e\u0301lectoraux de cette Pre\u0301sidentielle 2024.<\/p>\n<p>La bataille de la capitale s\u2019ave\u0300re donc de\u0301cisive et Khaf et Cie comprennent bien ces enjeux, souffle un des militants tre\u0300s enthousiastes. La veille, il avait sillonne\u0301 les communes de Fass Colobane-Me\u0301dina et Plateau. Sa caravane a e\u0301te\u0301 attaque\u0301e, dans la soire\u0301e, au niveau de Dakar-Plateau, par des jeunes non identifie\u0301s. Des actes de violence qui n\u2019ont pas fait de de\u0301ga\u0302ts, mais annoncent les couleurs d\u2019une campagne clivante et conflictuelle.<\/p>\n<p>Ce dimanche, lors de sa premie\u0300re allocution, tre\u0300s confiant, Khalifa Sall a re\u0301ve\u0301le\u0301 : \"<em>En ce premier jour de campagne e\u0301lectorale, les communes de Fass-Gueule Tape\u0301e-Colobane, de Me\u0301dina et de Dakar- plateau ont e\u0301te\u0301 le te\u0301moin privile\u0301gie\u0301 d'une forte mobilisation en notre faveur. La de\u0301ferlante humaine qui a accompagne\u0301 notre caravane confirme une dynamique de victoire inde\u0301niable, te\u0301moignant de l'enthousiasme et du soutien massif du peuple se\u0301ne\u0301galais a\u0300 ma candidature.<\/em>\"<\/p>\n<\/div>\n<div class=\"column\">\n<p>En outre, le candidat de Taxawu Se\u0301ne\u0301gal rele\u0300ve qu\u2019au-dela\u0300 de l'effervescence de cette journe\u0301e, \"<em>c'est un signe clair que la population de Dakar aspire a\u0300 un changement positif, porte\u0301 par des projets concrets et des solutions efficaces<\/em>\".<\/p>\n<p>Dans cette apre\u0300s-midi de ce dimanche, l\u2019ambiance carnavalesque rythme\u0301e par le tube de la campagne repris par les militants et sympathisants en tee-shirt vert ou blanc a\u0300 l\u2019effigie de Khalifa pre\u0301sident anime la caravane.<\/p>\n<p>Dans ces ruelles exigue\u0308s de la commune mythique, trotte l\u2019ancien maire de Dakar habille\u0301 tout en blanc assorti d\u2019une casquette de me\u0302me couleur. Tenant des spe\u0301cimens de son programme, il n\u2019he\u0301site pas de temps a\u0300 autre a\u0300 avoir des aparte\u0301s avec Barthe\u0301lemy et Cie.<\/p>\n<p>Dans son programme, l\u2019ancien directeur de campagne d\u2019Ousmane Tanor Dieng s\u2019est inspire\u0301 des conclusions des Assises nationales axe\u0301es autour du triptyque \"l<em>'Humain, l'Eau, la Terre<\/em>\". Cette offre politique s'articule autour de cinq orientations strate\u0301giques : le vivre- ensemble dans une communaute\u0301 de valeurs et de destins, la refonte de la gouvernance pour garantir la cohe\u0301sion sociale, une nouvelle politique e\u0301conomique pour ba\u0302tir un redressement productif, l\u2019investissement dans le capital humain pour un meilleur e\u0301quilibre et une e\u0301quite\u0301 sociale et un engagement dans la construction de l\u2019unite\u0301 africaine.<\/p>\n<\/div>\n<div class=\"column\">\n<p>Dans cette perspective, il a appele\u0301 les citoyens a\u0300 lui faire confiance. \"<em>J\u2019invite les Se\u0301ne\u0301galais, a\u0300 la lumie\u0300re des programmes et propositions, a\u0300 faire le choix de la coalition Khalifa Pre\u0301sident pour un avenir su\u0302r et un pays re\u0301concilie\u0301<\/em>\", a-t-il lance\u0301 a\u0300 la foule.<\/p>\n<\/div>\n<div class=\"column\">\n<p>Accompagne\u0301 d\u2019une mare\u0301e de partisans, apre\u0300s Yoff, direction le quartier populaire de Patte d\u2019Oie, promettant un \"<em>Se\u0301ne\u0301gal nouveau<\/em>\" et un \"<em>changement radical<\/em>\" de gouvernance.<\/p>\n<p>C\u2019est a\u0300 Cambe\u0301re\u0300ne ou\u0300 la caravane a pris fin, tard dans la nuit. Khalifa Sall et son e\u0301quipe ont parcouru les diffe\u0301rentes rues de ce quartier, engageant la conversation avec les citoyens, e\u0301coutant leurs pre\u0301occupations et pre\u0301sentant ses ambitions pour le pays, s'il est e\u0301lu.<\/p>\n<p><strong>Khalifa joue la carte de l\u2019expe\u0301rience<\/strong><\/p>\n<p>Dans ses diffe\u0301rentes pages dans les re\u0301seaux sociaux, Khalifa met en avant son parcours politique et professionnel. La publication : trois photos bien pixe\u0301li- se\u0301es avec un message clair se diffe\u0301renciant des autres pre\u0301tendants a\u0300 la course, est e\u0301pingle\u0301e : \"<em>Le pre\u0301sident Khalifa Aba- bacar Sall est le plus expe\u0301rimente\u0301 des candidats.<\/em>\"<\/p>\n<p>Flegmatique et avare en paroles, Khalifa ne manque pas de lancer des piques a\u0300 la coalition Diomaye Faye. Dans un autre post sur Facebook montrant des photos de Mimi Toure\u0301, Habib Sy, Abdourahmane Diouf, Aida Mbodj et Me Moussa Diop, il ne manque pas de caricaturer cette partie de l\u2019opposition qui a rejoint le camp de l\u2019ex-Pastef, envenimant les relations entre ces deux formations politiques.<\/p>\n<div class=\"page\" title=\"Page 4\">\n<div class=\"layoutArea\">\n<div class=\"column\">\n<p>Il raille ses anciens allie\u0301s ouvertement : \"<em>Comme l\u2019opposition a bon dos ! Flanque\u0301s du sobriquet \u2019Tel est tel...\u2019, ils s\u2019acoquinent de\u0301sormais avec leur nouveau seigneur et s'offrent honteusement pieds et poings lie\u0301s a\u0300 ceux qu\u2019ils ont longtemps traite\u0301s de populistes, extre\u0301mistes... Aucun citoyen digne ne les suivra dans leurs turpitudes. Qui est fou ?\"<\/em>, se moque- t-il.<\/p>\n<p>Cette publication sur les re\u0301seaux sociaux a rapidement gagne\u0301 en popularite\u0301, ge\u0301ne\u0301rant un large e\u0301ventail de re\u0301actions de la part des internautes. Tandis que de nombreux supporters de Khalifa Sall ont exprime\u0301 leur approbation et leur enthousiasme pour ses ide\u0301es, ses critiques n'ont pas tarde\u0301 a\u0300 entrainer des re\u0301actions, marquant le de\u0301but d'un de\u0301bat anime\u0301.<\/p>\n<p>Certains partisans d'Ousmane Sonko qualifient cette sortie de jalousie et d\u2019une peur bleue de leur coalition qui continue d'accueillir de nouvelles te\u0302tes.<\/p>\n<p>Alors que la campagne pre\u0301sidentielle s'intensifie, les sorties de Khalifa Sall, tant sur le terrain qu'en ligne, promettent de continuer a\u0300 animer le de\u0301bat politique au Se\u0301ne\u0301gal, posant les bases d'une e\u0301lection pre\u0301sidentielle hautement compe\u0301titive et passionne\u0301ment suivie.<\/p>\n<p>Les prochains jours promettent d'e\u0302tre passionnants, marque\u0301s par des de\u0301bats anime\u0301s, des rencontres publiques et l'ex- pression de diverses perspectives dans le cadre de cette e\u0301lection pre\u0301sidentielle cruciale pour l'avenir du Se\u0301ne\u0301gal.<\/p>\n<\/div>\n<\/div>\n<\/div>\n<\/div>\n<\/div>\n<\/div>\n<div class='share-to-whatsapp-wrapper'><div class='share-on-whsp'>PARTAGER SUR : <\/div><a data-text='CAMPAGNE E\u0301LECTORALE - Khalifa veut rester \"Khalife\" a\u0300 Dakar' data-link='https:\/\/www.nettali.com\/2024\/03\/11\/campagne-electorale-khalifa-veut-rester-khalife-a-dakar\/' class='whatsapp-button whatsapp-share'>WhatsApp<\/a><div class='clear '><\/div><\/div>","protected":false},"excerpt":{"rendered":"<p>NETTALI.COM - Yoff, Patte d'Oie et Cambe\u0301re\u0300ne, Fass, Gueule-Tape\u0301e, des quartiers emble\u0301matiques de Dakar ont e\u0301te\u0301 choisis de\u0301libe\u0301re\u0301ment pour le lancement officiel de la campagne de Khalifa Sall. Ce choix symbolise l'engagement du candidat de \"Taxawu Se\u0301ne\u0301gal\" pour ce de\u0301partement qu'il l'a e\u0301lu deux fois maire (2009 et 2014) et est toujours entre les mains [&hellip;]<\/p>\n","protected":false},"author":2,"featured_media":129233,"comment_status":"open","ping_status":"open","sticky":false,"template":"","format":"standard","meta":{"_et_pb_use_builder":"","_et_pb_old_content":""},"categories":[2],"tags":[],"yoast_head":"<!-- This site is optimized with the Yoast SEO Premium plugin v17.8 (Yoast SEO v17.8) - https:\/\/yoast.com\/wordpress\/plugins\/seo\/ -->\n<title>CAMPAGNE E\u0301LECTORALE - Khalifa veut rester &quot;Khalife&quot; a\u0300 Dakar | Nettali.com<\/title>\n<meta name=\"robots\" content=\"index, follow, max-snippet:-1, max-image-preview:large, max-video-preview:-1\" \/>\n<link rel=\"canonical\" href=\"https:\/\/www.nettali.com\/2024\/03\/11\/campagne-electorale-khalifa-veut-rester-khalife-a-dakar\/\" \/>\n<meta property=\"og:locale\" content=\"fr_FR\" \/>\n<meta property=\"og:type\" content=\"article\" \/>\n<meta property=\"og:title\" content=\"CAMPAGNE E\u0301LECTORALE - Khalifa veut rester &quot;Khalife&quot; a\u0300 Dakar\" \/>\n<meta property=\"og:description\" content=\"NETTALI.COM - Yoff, Patte d&#039;Oie et Cambe\u0301re\u0300ne, Fass, Gueule-Tape\u0301e, des quartiers emble\u0301matiques de Dakar ont e\u0301te\u0301 choisis de\u0301libe\u0301re\u0301ment pour le lancement officiel de la campagne de Khalifa Sall. Ce choix symbolise l&#039;engagement du candidat de &quot;Taxawu Se\u0301ne\u0301gal&quot; pour ce de\u0301partement qu&#039;il l&#039;a e\u0301lu deux fois maire (2009 et 2014) et est toujours entre les mains [&hellip;]\" \/>\n<meta property=\"og:url\" content=\"https:\/\/www.nettali.com\/2024\/03\/11\/campagne-electorale-khalifa-veut-rester-khalife-a-dakar\/\" \/>\n<meta property=\"og:site_name\" content=\"Nettali.com\" \/>\n<meta property=\"article:publisher\" content=\"https:\/\/www.facebook.com\/nettalicom\" \/>\n<meta property=\"article:published_time\" content=\"2024-03-11T08:05:54+00:00\" \/>\n<meta property=\"article:modified_time\" content=\"2024-03-12T00:17:59+00:00\" \/>\n<meta property=\"og:image\" content=\"https:\/\/www.nettali.com\/wp-content\/uploads\/2024\/03\/78822674-57168638.jpg\" \/>\n\t<meta property=\"og:image:width\" content=\"1152\" \/>\n\t<meta property=\"og:image:height\" content=\"864\" \/>\n<meta name=\"twitter:card\" content=\"summary_large_image\" \/>\n<meta name=\"twitter:label1\" content=\"\u00c9crit par\" \/>\n\t<meta name=\"twitter:data1\" content=\"CK\" \/>\n\t<meta name=\"twitter:label2\" content=\"Dur\u00e9e de lecture estim\u00e9e\" \/>\n\t<meta name=\"twitter:data2\" content=\"5 minutes\" \/>\n<script type=\"application\/ld+json\" class=\"yoast-schema-graph\">{\"@context\":\"https:\/\/schema.org\",\"@graph\":[{\"@type\":\"WebSite\",\"@id\":\"https:\/\/www.nettali.com\/#website\",\"url\":\"https:\/\/www.nettali.com\/\",\"name\":\"Nettali.com\",\"description\":\"Le rendez-vous critique du Net\",\"potentialAction\":[{\"@type\":\"SearchAction\",\"target\":{\"@type\":\"EntryPoint\",\"urlTemplate\":\"https:\/\/www.nettali.com\/?s={search_term_string}\"},\"query-input\":\"required name=search_term_string\"}],\"inLanguage\":\"fr-FR\"},{\"@type\":\"ImageObject\",\"@id\":\"https:\/\/www.nettali.com\/2024\/03\/11\/campagne-electorale-khalifa-veut-rester-khalife-a-dakar\/#primaryimage\",\"inLanguage\":\"fr-FR\",\"url\":\"https:\/\/www.nettali.com\/wp-content\/uploads\/2024\/03\/78822674-57168638.jpg\",\"contentUrl\":\"https:\/\/www.nettali.com\/wp-content\/uploads\/2024\/03\/78822674-57168638.jpg\",\"width\":1152,\"height\":864},{\"@type\":\"WebPage\",\"@id\":\"https:\/\/www.nettali.com\/2024\/03\/11\/campagne-electorale-khalifa-veut-rester-khalife-a-dakar\/#webpage\",\"url\":\"https:\/\/www.nettali.com\/2024\/03\/11\/campagne-electorale-khalifa-veut-rester-khalife-a-dakar\/\",\"name\":\"CAMPAGNE E\\u0301LECTORALE - Khalifa veut rester \\\"Khalife\\\" a\\u0300 Dakar | Nettali.com\",\"isPartOf\":{\"@id\":\"https:\/\/www.nettali.com\/#website\"},\"primaryImageOfPage\":{\"@id\":\"https:\/\/www.nettali.com\/2024\/03\/11\/campagne-electorale-khalifa-veut-rester-khalife-a-dakar\/#primaryimage\"},\"datePublished\":\"2024-03-11T08:05:54+00:00\",\"dateModified\":\"2024-03-12T00:17:59+00:00\",\"author\":{\"@id\":\"https:\/\/www.nettali.com\/#\/schema\/person\/d8ac7b7e27ddad43f1c0d2ef090d7f71\"},\"breadcrumb\":{\"@id\":\"https:\/\/www.nettali.com\/2024\/03\/11\/campagne-electorale-khalifa-veut-rester-khalife-a-dakar\/#breadcrumb\"},\"inLanguage\":\"fr-FR\",\"potentialAction\":[{\"@type\":\"ReadAction\",\"target\":[\"https:\/\/www.nettali.com\/2024\/03\/11\/campagne-electorale-khalifa-veut-rester-khalife-a-dakar\/\"]}]},{\"@type\":\"BreadcrumbList\",\"@id\":\"https:\/\/www.nettali.com\/2024\/03\/11\/campagne-electorale-khalifa-veut-rester-khalife-a-dakar\/#breadcrumb\",\"itemListElement\":[{\"@type\":\"ListItem\",\"position\":1,\"name\":\"Accueil\",\"item\":\"https:\/\/www.nettali.com\/\"},{\"@type\":\"ListItem\",\"position\":2,\"name\":\"CAMPAGNE E\\u0301LECTORALE - Khalifa veut rester \\\"Khalife\\\" a\\u0300 Dakar\"}]},{\"@type\":\"Person\",\"@id\":\"https:\/\/www.nettali.com\/#\/schema\/person\/d8ac7b7e27ddad43f1c0d2ef090d7f71\",\"name\":\"CK\",\"image\":{\"@type\":\"ImageObject\",\"@id\":\"https:\/\/www.nettali.com\/#personlogo\",\"inLanguage\":\"fr-FR\",\"url\":\"https:\/\/secure.gravatar.com\/avatar\/1d8d5118b9327d94da7cd4ce7f17fec2?s=96&d=mm&r=g\",\"contentUrl\":\"https:\/\/secure.gravatar.com\/avatar\/1d8d5118b9327d94da7cd4ce7f17fec2?s=96&d=mm&r=g\",\"caption\":\"CK\"},\"sameAs\":[\"https:\/\/www.nettali.com\"]}]}<\/script>\n<!-- \/ Yoast SEO Premium plugin. -->","yoast_head_json":{"title":"CAMPAGNE E\u0301LECTORALE - Khalifa veut rester \"Khalife\" a\u0300 Dakar | Nettali.com","robots":{"index":"index","follow":"follow","max-snippet":"max-snippet:-1","max-image-preview":"max-image-preview:large","max-video-preview":"max-video-preview:-1"},"canonical":"https:\/\/www.nettali.com\/2024\/03\/11\/campagne-electorale-khalifa-veut-rester-khalife-a-dakar\/","og_locale":"fr_FR","og_type":"article","og_title":"CAMPAGNE E\u0301LECTORALE - Khalifa veut rester \"Khalife\" a\u0300 Dakar","og_description":"NETTALI.COM - Yoff, Patte d'Oie et Cambe\u0301re\u0300ne, Fass, Gueule-Tape\u0301e, des quartiers emble\u0301matiques de Dakar ont e\u0301te\u0301 choisis de\u0301libe\u0301re\u0301ment pour le lancement officiel de la campagne de Khalifa Sall. Ce choix symbolise l'engagement du candidat de \"Taxawu Se\u0301ne\u0301gal\" pour ce de\u0301partement qu'il l'a e\u0301lu deux fois maire (2009 et 2014) et est toujours entre les mains [&hellip;]","og_url":"https:\/\/www.nettali.com\/2024\/03\/11\/campagne-electorale-khalifa-veut-rester-khalife-a-dakar\/","og_site_name":"Nettali.com","article_publisher":"https:\/\/www.facebook.com\/nettalicom","article_published_time":"2024-03-11T08:05:54+00:00","article_modified_time":"2024-03-12T00:17:59+00:00","og_image":[{"width":1152,"height":864,"url":"https:\/\/www.nettali.com\/wp-content\/uploads\/2024\/03\/78822674-57168638.jpg","type":"image\/jpeg"}],"twitter_card":"summary_large_image","twitter_misc":{"\u00c9crit par":"CK","Dur\u00e9e de lecture estim\u00e9e":"5 minutes"},"schema":{"@context":"https:\/\/schema.org","@graph":[{"@type":"WebSite","@id":"https:\/\/www.nettali.com\/#website","url":"https:\/\/www.nettali.com\/","name":"Nettali.com","description":"Le rendez-vous critique du Net","potentialAction":[{"@type":"SearchAction","target":{"@type":"EntryPoint","urlTemplate":"https:\/\/www.nettali.com\/?s={search_term_string}"},"query-input":"required name=search_term_string"}],"inLanguage":"fr-FR"},{"@type":"ImageObject","@id":"https:\/\/www.nettali.com\/2024\/03\/11\/campagne-electorale-khalifa-veut-rester-khalife-a-dakar\/#primaryimage","inLanguage":"fr-FR","url":"https:\/\/www.nettali.com\/wp-content\/uploads\/2024\/03\/78822674-57168638.jpg","contentUrl":"https:\/\/www.nettali.com\/wp-content\/uploads\/2024\/03\/78822674-57168638.jpg","width":1152,"height":864},{"@type":"WebPage","@id":"https:\/\/www.nettali.com\/2024\/03\/11\/campagne-electorale-khalifa-veut-rester-khalife-a-dakar\/#webpage","url":"https:\/\/www.nettali.com\/2024\/03\/11\/campagne-electorale-khalifa-veut-rester-khalife-a-dakar\/","name":"CAMPAGNE E\u0301LECTORALE - Khalifa veut rester \"Khalife\" a\u0300 Dakar | Nettali.com","isPartOf":{"@id":"https:\/\/www.nettali.com\/#website"},"primaryImageOfPage":{"@id":"https:\/\/www.nettali.com\/2024\/03\/11\/campagne-electorale-khalifa-veut-rester-khalife-a-dakar\/#primaryimage"},"datePublished":"2024-03-11T08:05:54+00:00","dateModified":"2024-03-12T00:17:59+00:00","author":{"@id":"https:\/\/www.nettali.com\/#\/schema\/person\/d8ac7b7e27ddad43f1c0d2ef090d7f71"},"breadcrumb":{"@id":"https:\/\/www.nettali.com\/2024\/03\/11\/campagne-electorale-khalifa-veut-rester-khalife-a-dakar\/#breadcrumb"},"inLanguage":"fr-FR","potentialAction":[{"@type":"ReadAction","target":["https:\/\/www.nettali.com\/2024\/03\/11\/campagne-electorale-khalifa-veut-rester-khalife-a-dakar\/"]}]},{"@type":"BreadcrumbList","@id":"https:\/\/www.nettali.com\/2024\/03\/11\/campagne-electorale-khalifa-veut-rester-khalife-a-dakar\/#breadcrumb","itemListElement":[{"@type":"ListItem","position":1,"name":"Accueil","item":"https:\/\/www.nettali.com\/"},{"@type":"ListItem","position":2,"name":"CAMPAGNE E\u0301LECTORALE - Khalifa veut rester \"Khalife\" a\u0300 Dakar"}]},{"@type":"Person","@id":"https:\/\/www.nettali.com\/#\/schema\/person\/d8ac7b7e27ddad43f1c0d2ef090d7f71","name":"CK","image":{"@type":"ImageObject","@id":"https:\/\/www.nettali.com\/#personlogo","inLanguage":"fr-FR","url":"https:\/\/secure.gravatar.com\/avatar\/1d8d5118b9327d94da7cd4ce7f17fec2?s=96&d=mm&r=g","contentUrl":"https:\/\/secure.gravatar.com\/avatar\/1d8d5118b9327d94da7cd4ce7f17fec2?s=96&d=mm&r=g","caption":"CK"},"sameAs":["https:\/\/www.nettali.com"]}]}},"_links":{"self":[{"href":"https:\/\/www.nettali.com\/rest\/wp\/v2\/posts\/129230"}],"collection":[{"href":"https:\/\/www.nettali.com\/rest\/wp\/v2\/posts"}],"about":[{"href":"https:\/\/www.nettali.com\/rest\/wp\/v2\/types\/post"}],"author":[{"embeddable":true,"href":"https:\/\/www.nettali.com\/rest\/wp\/v2\/users\/2"}],"replies":[{"embeddable":true,"href":"https:\/\/www.nettali.com\/rest\/wp\/v2\/comments?post=129230"}],"version-history":[{"count":1,"href":"https:\/\/www.nettali.com\/rest\/wp\/v2\/posts\/129230\/revisions"}],"predecessor-version":[{"id":129235,"href":"https:\/\/www.nettali.com\/rest\/wp\/v2\/posts\/129230\/revisions\/129235"}],"wp:featuredmedia":[{"embeddable":true,"href":"https:\/\/www.nettali.com\/rest\/wp\/v2\/media\/129233"}],"wp:attachment":[{"href":"https:\/\/www.nettali.com\/rest\/wp\/v2\/media?parent=129230"}],"wp:term":[{"taxonomy":"category","embeddable":true,"href":"https:\/\/www.nettali.com\/rest\/wp\/v2\/categories?post=129230"},{"taxonomy":"post_tag","embeddable":true,"href":"https:\/\/www.nettali.com\/rest\/wp\/v2\/tags?post=129230"}],"curies":[{"name":"wp","href":"https:\/\/api.w.org\/{rel}","templated":true}]}}