{"id":129087,"date":"2024-03-08T08:54:01","date_gmt":"2024-03-08T08:54:01","guid":{"rendered":"https:\/\/www.nettali.com\/?p=129087"},"modified":"2024-03-08T08:54:01","modified_gmt":"2024-03-08T08:54:01","slug":"fixation-de-la-date-de-la-presidentielle-au-24-mars-les-usa-exultent","status":"publish","type":"post","link":"https:\/\/www.nettali.com\/2024\/03\/08\/fixation-de-la-date-de-la-presidentielle-au-24-mars-les-usa-exultent\/","title":{"rendered":"FIXATION DE LA DATE DE LA PRESIDENTIELLE AU 24 MARS - Les Usa exultent"},"content":{"rendered":"<p><strong>NETTALI.COM - Les \u00c9tats-Unis d\u2019Am\u00e9rique ont salu\u00e9 jeudi la d\u00e9cision du chef de l\u2019Etat s\u00e9n\u00e9galais, Macky Sall, de fixer la date de l\u2019\u00e9lection pr\u00e9sidentielle au 24 mars, en \u00e9voquant notamment \"une victoire pour le peuple s\u00e9n\u00e9galais\u201d.<\/strong><\/p>\n<p><em>\"Cette d\u00e9cision est une victoire pour le peuple s\u00e9n\u00e9galais qui a constamment d\u00e9montr\u00e9 son respect pour l\u2019impressionnante tradition d\u00e9mocratique du pays\u2019\u2019<\/em>, a d\u00e9clar\u00e9 le Bureau Afrique du d\u00e9partement d\u2019Etat am\u00e9ricain sur son r\u00e9seau social X.<\/p>\n<p>Le Conseil constitutionnel du S\u00e9n\u00e9gal a confirm\u00e9 jeudi la date de la tenue de l\u2019\u00e9lection pr\u00e9sidentielle au 24 mars apr\u00e8s avoir la veille arr\u00eat\u00e9 celle du 31 mars. La juridiction s\u2019est ainsi align\u00e9 sur la d\u00e9cision prise la veille par le Pr\u00e9sident de la R\u00e9publique de convoquer les \u00e9lecteurs. Le conseil constitutionnel admettant notamment la pr\u00e9rogative du chef de l\u2019Etat quant au choix de la date du scrutin.<\/p>\n<p>La diplomatie am\u00e9ricaine d\u00e9clare prendre acte de la d\u00e9cision du S\u00e9n\u00e9gal de tenir l\u2019\u00e9lection pr\u00e9sidentielle au mois de mars, au lieu du 2 juin, comme l\u2019avaient pr\u00e9conis\u00e9 des participants du dernier dialogue national convoqu\u00e9 par le chef de l\u2019Etat les 26 et 27 f\u00e9vrier derniers.<\/p>\n<p><em>\"Nous sommes aux c\u00f4t\u00e9s du peuple s\u00e9n\u00e9galais et de son soutien ind\u00e9fectible \u00e0 la d\u00e9mocratie et aux \u00e9lections libres et \u00e9quitables\u2019\u2019<\/em>, insiste le d\u00e9partement d\u2019Etat am\u00e9ricain.<\/p>\n<p>Dix-neuf candidats, dont une femme, sont en lice pour briguer le fauteuil pr\u00e9sidentiel. Macky Sall, au pouvoir depuis 12 ans a renonc\u00e9 \u00e0 postuler pour un nouveau mandat de 5 ans.<\/p>\n<p>Parmi les candidats \u00e0 la magistrature supr\u00eame figurent l\u2019ancien Premier ministre, Amadou B\u00e2, candidat de la coalition Benno Bokk Yaakaar ou encore Diomaye Faye, du parti dissous Pastef-Les patriotes d\u2019Ousmane Sonko, tous deux en d\u00e9tention.<\/p>\n<p>La campagne \u00e9lectorale d\u00e9marre samedi \u00e0 00 heure. Elle va s\u2019achever le 22 mars \u00e0 minuit.<\/p>\n<p>Les candidats vont proc\u00e9der vendredi et samedi \u00e0 l\u2019enregistrement de leurs premiers messages qui seront diffus\u00e9es dans l\u2019\u00e9mission Journal de la campagne qui sera diffus\u00e9e toute la dur\u00e9e de la campagne \u00e9lectorale sur r\u00e9seau synchronis\u00e9 de la Radiodiffusion t\u00e9l\u00e9vision s\u00e9n\u00e9galaise (RTS) sous la supervision du Conseil national de r\u00e9gulation de l\u2019audiovisuelle (CNRA).<\/p>\n<div class='share-to-whatsapp-wrapper'><div class='share-on-whsp'>PARTAGER SUR : <\/div><a data-text='FIXATION DE LA DATE DE LA PRESIDENTIELLE AU 24 MARS - Les Usa exultent' data-link='https:\/\/www.nettali.com\/2024\/03\/08\/fixation-de-la-date-de-la-presidentielle-au-24-mars-les-usa-exultent\/' class='whatsapp-button whatsapp-share'>WhatsApp<\/a><div class='clear '><\/div><\/div>","protected":false},"excerpt":{"rendered":"<p>NETTALI.COM - Les \u00c9tats-Unis d\u2019Am\u00e9rique ont salu\u00e9 jeudi la d\u00e9cision du chef de l\u2019Etat s\u00e9n\u00e9galais, Macky Sall, de fixer la date de l\u2019\u00e9lection pr\u00e9sidentielle au 24 mars, en \u00e9voquant notamment \"une victoire pour le peuple s\u00e9n\u00e9galais\u201d. \"Cette d\u00e9cision est une victoire pour le peuple s\u00e9n\u00e9galais qui a constamment d\u00e9montr\u00e9 son respect pour l\u2019impressionnante tradition d\u00e9mocratique [&hellip;]<\/p>\n","protected":false},"author":4,"featured_media":7223,"comment_status":"open","ping_status":"open","sticky":false,"template":"","format":"standard","meta":{"_et_pb_use_builder":"","_et_pb_old_content":""},"categories":[2],"tags":[],"yoast_head":"<!-- This site is optimized with the Yoast SEO Premium plugin v17.8 (Yoast SEO v17.8) - https:\/\/yoast.com\/wordpress\/plugins\/seo\/ -->\n<title>FIXATION DE LA DATE DE LA PRESIDENTIELLE AU 24 MARS - Les Usa exultent | Nettali.com<\/title>\n<meta name=\"robots\" content=\"index, follow, max-snippet:-1, max-image-preview:large, max-video-preview:-1\" \/>\n<link rel=\"canonical\" href=\"https:\/\/www.nettali.com\/2024\/03\/08\/fixation-de-la-date-de-la-presidentielle-au-24-mars-les-usa-exultent\/\" \/>\n<meta property=\"og:locale\" content=\"fr_FR\" \/>\n<meta property=\"og:type\" content=\"article\" \/>\n<meta property=\"og:title\" content=\"FIXATION DE LA DATE DE LA PRESIDENTIELLE AU 24 MARS - Les Usa exultent\" \/>\n<meta property=\"og:description\" content=\"NETTALI.COM - Les \u00c9tats-Unis d\u2019Am\u00e9rique ont salu\u00e9 jeudi la d\u00e9cision du chef de l\u2019Etat s\u00e9n\u00e9galais, Macky Sall, de fixer la date de l\u2019\u00e9lection pr\u00e9sidentielle au 24 mars, en \u00e9voquant notamment &quot;une victoire pour le peuple s\u00e9n\u00e9galais\u201d. &quot;Cette d\u00e9cision est une victoire pour le peuple s\u00e9n\u00e9galais qui a constamment d\u00e9montr\u00e9 son respect pour l\u2019impressionnante tradition d\u00e9mocratique [&hellip;]\" \/>\n<meta property=\"og:url\" content=\"https:\/\/www.nettali.com\/2024\/03\/08\/fixation-de-la-date-de-la-presidentielle-au-24-mars-les-usa-exultent\/\" \/>\n<meta property=\"og:site_name\" content=\"Nettali.com\" \/>\n<meta property=\"article:publisher\" content=\"https:\/\/www.facebook.com\/nettalicom\" \/>\n<meta property=\"article:published_time\" content=\"2024-03-08T08:54:01+00:00\" \/>\n<meta property=\"og:image\" content=\"https:\/\/www.nettali.com\/wp-content\/uploads\/2019\/04\/ambassade-Usa-au-Senegal.jpg\" \/>\n\t<meta property=\"og:image:width\" content=\"624\" \/>\n\t<meta property=\"og:image:height\" content=\"416\" \/>\n<meta name=\"twitter:card\" content=\"summary_large_image\" \/>\n<meta name=\"twitter:label1\" content=\"\u00c9crit par\" \/>\n\t<meta name=\"twitter:data1\" content=\"Daouda\" \/>\n\t<meta name=\"twitter:label2\" content=\"Dur\u00e9e de lecture estim\u00e9e\" \/>\n\t<meta name=\"twitter:data2\" content=\"2 minutes\" \/>\n<script type=\"application\/ld+json\" class=\"yoast-schema-graph\">{\"@context\":\"https:\/\/schema.org\",\"@graph\":[{\"@type\":\"WebSite\",\"@id\":\"https:\/\/www.nettali.com\/#website\",\"url\":\"https:\/\/www.nettali.com\/\",\"name\":\"Nettali.com\",\"description\":\"Le rendez-vous critique du Net\",\"potentialAction\":[{\"@type\":\"SearchAction\",\"target\":{\"@type\":\"EntryPoint\",\"urlTemplate\":\"https:\/\/www.nettali.com\/?s={search_term_string}\"},\"query-input\":\"required name=search_term_string\"}],\"inLanguage\":\"fr-FR\"},{\"@type\":\"ImageObject\",\"@id\":\"https:\/\/www.nettali.com\/2024\/03\/08\/fixation-de-la-date-de-la-presidentielle-au-24-mars-les-usa-exultent\/#primaryimage\",\"inLanguage\":\"fr-FR\",\"url\":\"https:\/\/www.nettali.com\/wp-content\/uploads\/2019\/04\/ambassade-Usa-au-Senegal.jpg\",\"contentUrl\":\"https:\/\/www.nettali.com\/wp-content\/uploads\/2019\/04\/ambassade-Usa-au-Senegal.jpg\",\"width\":624,\"height\":416},{\"@type\":\"WebPage\",\"@id\":\"https:\/\/www.nettali.com\/2024\/03\/08\/fixation-de-la-date-de-la-presidentielle-au-24-mars-les-usa-exultent\/#webpage\",\"url\":\"https:\/\/www.nettali.com\/2024\/03\/08\/fixation-de-la-date-de-la-presidentielle-au-24-mars-les-usa-exultent\/\",\"name\":\"FIXATION DE LA DATE DE LA PRESIDENTIELLE AU 24 MARS - Les Usa exultent | Nettali.com\",\"isPartOf\":{\"@id\":\"https:\/\/www.nettali.com\/#website\"},\"primaryImageOfPage\":{\"@id\":\"https:\/\/www.nettali.com\/2024\/03\/08\/fixation-de-la-date-de-la-presidentielle-au-24-mars-les-usa-exultent\/#primaryimage\"},\"datePublished\":\"2024-03-08T08:54:01+00:00\",\"dateModified\":\"2024-03-08T08:54:01+00:00\",\"author\":{\"@id\":\"https:\/\/www.nettali.com\/#\/schema\/person\/3317e0bb3aa1da309fbf7b2780901bf4\"},\"breadcrumb\":{\"@id\":\"https:\/\/www.nettali.com\/2024\/03\/08\/fixation-de-la-date-de-la-presidentielle-au-24-mars-les-usa-exultent\/#breadcrumb\"},\"inLanguage\":\"fr-FR\",\"potentialAction\":[{\"@type\":\"ReadAction\",\"target\":[\"https:\/\/www.nettali.com\/2024\/03\/08\/fixation-de-la-date-de-la-presidentielle-au-24-mars-les-usa-exultent\/\"]}]},{\"@type\":\"BreadcrumbList\",\"@id\":\"https:\/\/www.nettali.com\/2024\/03\/08\/fixation-de-la-date-de-la-presidentielle-au-24-mars-les-usa-exultent\/#breadcrumb\",\"itemListElement\":[{\"@type\":\"ListItem\",\"position\":1,\"name\":\"Accueil\",\"item\":\"https:\/\/www.nettali.com\/\"},{\"@type\":\"ListItem\",\"position\":2,\"name\":\"FIXATION DE LA DATE DE LA PRESIDENTIELLE AU 24 MARS - Les Usa exultent\"}]},{\"@type\":\"Person\",\"@id\":\"https:\/\/www.nettali.com\/#\/schema\/person\/3317e0bb3aa1da309fbf7b2780901bf4\",\"name\":\"Daouda\",\"image\":{\"@type\":\"ImageObject\",\"@id\":\"https:\/\/www.nettali.com\/#personlogo\",\"inLanguage\":\"fr-FR\",\"url\":\"https:\/\/secure.gravatar.com\/avatar\/8d143b5a49345098ddcfee1c49c2f47c?s=96&d=mm&r=g\",\"contentUrl\":\"https:\/\/secure.gravatar.com\/avatar\/8d143b5a49345098ddcfee1c49c2f47c?s=96&d=mm&r=g\",\"caption\":\"Daouda\"},\"sameAs\":[\"https:\/\/www.nettali.com\"]}]}<\/script>\n<!-- \/ Yoast SEO Premium plugin. -->","yoast_head_json":{"title":"FIXATION DE LA DATE DE LA PRESIDENTIELLE AU 24 MARS - Les Usa exultent | Nettali.com","robots":{"index":"index","follow":"follow","max-snippet":"max-snippet:-1","max-image-preview":"max-image-preview:large","max-video-preview":"max-video-preview:-1"},"canonical":"https:\/\/www.nettali.com\/2024\/03\/08\/fixation-de-la-date-de-la-presidentielle-au-24-mars-les-usa-exultent\/","og_locale":"fr_FR","og_type":"article","og_title":"FIXATION DE LA DATE DE LA PRESIDENTIELLE AU 24 MARS - Les Usa exultent","og_description":"NETTALI.COM - Les \u00c9tats-Unis d\u2019Am\u00e9rique ont salu\u00e9 jeudi la d\u00e9cision du chef de l\u2019Etat s\u00e9n\u00e9galais, Macky Sall, de fixer la date de l\u2019\u00e9lection pr\u00e9sidentielle au 24 mars, en \u00e9voquant notamment \"une victoire pour le peuple s\u00e9n\u00e9galais\u201d. \"Cette d\u00e9cision est une victoire pour le peuple s\u00e9n\u00e9galais qui a constamment d\u00e9montr\u00e9 son respect pour l\u2019impressionnante tradition d\u00e9mocratique [&hellip;]","og_url":"https:\/\/www.nettali.com\/2024\/03\/08\/fixation-de-la-date-de-la-presidentielle-au-24-mars-les-usa-exultent\/","og_site_name":"Nettali.com","article_publisher":"https:\/\/www.facebook.com\/nettalicom","article_published_time":"2024-03-08T08:54:01+00:00","og_image":[{"width":624,"height":416,"url":"https:\/\/www.nettali.com\/wp-content\/uploads\/2019\/04\/ambassade-Usa-au-Senegal.jpg","type":"image\/jpeg"}],"twitter_card":"summary_large_image","twitter_misc":{"\u00c9crit par":"Daouda","Dur\u00e9e de lecture estim\u00e9e":"2 minutes"},"schema":{"@context":"https:\/\/schema.org","@graph":[{"@type":"WebSite","@id":"https:\/\/www.nettali.com\/#website","url":"https:\/\/www.nettali.com\/","name":"Nettali.com","description":"Le rendez-vous critique du Net","potentialAction":[{"@type":"SearchAction","target":{"@type":"EntryPoint","urlTemplate":"https:\/\/www.nettali.com\/?s={search_term_string}"},"query-input":"required name=search_term_string"}],"inLanguage":"fr-FR"},{"@type":"ImageObject","@id":"https:\/\/www.nettali.com\/2024\/03\/08\/fixation-de-la-date-de-la-presidentielle-au-24-mars-les-usa-exultent\/#primaryimage","inLanguage":"fr-FR","url":"https:\/\/www.nettali.com\/wp-content\/uploads\/2019\/04\/ambassade-Usa-au-Senegal.jpg","contentUrl":"https:\/\/www.nettali.com\/wp-content\/uploads\/2019\/04\/ambassade-Usa-au-Senegal.jpg","width":624,"height":416},{"@type":"WebPage","@id":"https:\/\/www.nettali.com\/2024\/03\/08\/fixation-de-la-date-de-la-presidentielle-au-24-mars-les-usa-exultent\/#webpage","url":"https:\/\/www.nettali.com\/2024\/03\/08\/fixation-de-la-date-de-la-presidentielle-au-24-mars-les-usa-exultent\/","name":"FIXATION DE LA DATE DE LA PRESIDENTIELLE AU 24 MARS - Les Usa exultent | Nettali.com","isPartOf":{"@id":"https:\/\/www.nettali.com\/#website"},"primaryImageOfPage":{"@id":"https:\/\/www.nettali.com\/2024\/03\/08\/fixation-de-la-date-de-la-presidentielle-au-24-mars-les-usa-exultent\/#primaryimage"},"datePublished":"2024-03-08T08:54:01+00:00","dateModified":"2024-03-08T08:54:01+00:00","author":{"@id":"https:\/\/www.nettali.com\/#\/schema\/person\/3317e0bb3aa1da309fbf7b2780901bf4"},"breadcrumb":{"@id":"https:\/\/www.nettali.com\/2024\/03\/08\/fixation-de-la-date-de-la-presidentielle-au-24-mars-les-usa-exultent\/#breadcrumb"},"inLanguage":"fr-FR","potentialAction":[{"@type":"ReadAction","target":["https:\/\/www.nettali.com\/2024\/03\/08\/fixation-de-la-date-de-la-presidentielle-au-24-mars-les-usa-exultent\/"]}]},{"@type":"BreadcrumbList","@id":"https:\/\/www.nettali.com\/2024\/03\/08\/fixation-de-la-date-de-la-presidentielle-au-24-mars-les-usa-exultent\/#breadcrumb","itemListElement":[{"@type":"ListItem","position":1,"name":"Accueil","item":"https:\/\/www.nettali.com\/"},{"@type":"ListItem","position":2,"name":"FIXATION DE LA DATE DE LA PRESIDENTIELLE AU 24 MARS - Les Usa exultent"}]},{"@type":"Person","@id":"https:\/\/www.nettali.com\/#\/schema\/person\/3317e0bb3aa1da309fbf7b2780901bf4","name":"Daouda","image":{"@type":"ImageObject","@id":"https:\/\/www.nettali.com\/#personlogo","inLanguage":"fr-FR","url":"https:\/\/secure.gravatar.com\/avatar\/8d143b5a49345098ddcfee1c49c2f47c?s=96&d=mm&r=g","contentUrl":"https:\/\/secure.gravatar.com\/avatar\/8d143b5a49345098ddcfee1c49c2f47c?s=96&d=mm&r=g","caption":"Daouda"},"sameAs":["https:\/\/www.nettali.com"]}]}},"_links":{"self":[{"href":"https:\/\/www.nettali.com\/rest\/wp\/v2\/posts\/129087"}],"collection":[{"href":"https:\/\/www.nettali.com\/rest\/wp\/v2\/posts"}],"about":[{"href":"https:\/\/www.nettali.com\/rest\/wp\/v2\/types\/post"}],"author":[{"embeddable":true,"href":"https:\/\/www.nettali.com\/rest\/wp\/v2\/users\/4"}],"replies":[{"embeddable":true,"href":"https:\/\/www.nettali.com\/rest\/wp\/v2\/comments?post=129087"}],"version-history":[{"count":1,"href":"https:\/\/www.nettali.com\/rest\/wp\/v2\/posts\/129087\/revisions"}],"predecessor-version":[{"id":129091,"href":"https:\/\/www.nettali.com\/rest\/wp\/v2\/posts\/129087\/revisions\/129091"}],"wp:featuredmedia":[{"embeddable":true,"href":"https:\/\/www.nettali.com\/rest\/wp\/v2\/media\/7223"}],"wp:attachment":[{"href":"https:\/\/www.nettali.com\/rest\/wp\/v2\/media?parent=129087"}],"wp:term":[{"taxonomy":"category","embeddable":true,"href":"https:\/\/www.nettali.com\/rest\/wp\/v2\/categories?post=129087"},{"taxonomy":"post_tag","embeddable":true,"href":"https:\/\/www.nettali.com\/rest\/wp\/v2\/tags?post=129087"}],"curies":[{"name":"wp","href":"https:\/\/api.w.org\/{rel}","templated":true}]}}