{"id":129086,"date":"2024-03-08T08:53:33","date_gmt":"2024-03-08T08:53:33","guid":{"rendered":"https:\/\/www.nettali.com\/?p=129086"},"modified":"2024-03-08T23:07:27","modified_gmt":"2024-03-08T23:07:27","slug":"presidentielle-la-campagne-demarre-ce-dimanche-10-mars","status":"publish","type":"post","link":"https:\/\/www.nettali.com\/2024\/03\/08\/presidentielle-la-campagne-demarre-ce-dimanche-10-mars\/","title":{"rendered":"PRESIDENTIELLE - La Campagne d\u00e9marre, ce dimanche 10 mars"},"content":{"rendered":"<div class=\"page\" title=\"Page 2\">\n<div class=\"section\">\n<div class=\"layoutArea\">\n<div class=\"column\">\n<p><strong>NETTALI.COM -<\/strong> Apre\u0300s l\u2019annonce de la date de la Pre\u0301sidentielle, la ma- chine e\u0301lectorale s\u2019emballe. Alors que beaucoup se demandaient quand allait commencer la cam- pagne e\u0301lectorale, le Conseil national de re\u0301gulation de l\u2019audiovisuel<\/p>\n<p>(CNRA), vient fixer tout le monde. Dans un communique\u0301 rec\u0327u hier a\u0300 \"Nettali.com\", il a annonce\u0301 que \"le temps d\u2019antenne a\u0300 la radio et a\u0300 la te\u0301le\u0301vision publiques mis a\u0300 la disposition des candidats a\u0300 l\u2019e\u0301lection pre\u0301sidentielle est de trois minutes par jour et par candidat, du dimanche 10 mars 2024 a\u0300 00 h au vendredi 22 mars 2024 a\u0300 minuit\u201d.<\/p>\n<p>Ainsi, \"<em>la premie\u0300re e\u0301mission re\u0301serve\u0301e aux candidats a\u0300 l\u2019e\u0301lection pre\u0301sidentielle sera diffuse\u0301e le dimanche 10 mars 2024 et est pro- duite a\u0300 partir des seules de\u0301clarations des candidats ; l\u2019enregistrement de la premie\u0300re de\u0301claration de campagne des candidats est fait obligatoirement dans les studios de la RTS, le vendredi 8 et le samedi 9 mars 2024, suivant l\u2019ordre de tirage au sort retenu par le CNRA en pre\u0301sence des mandataires des candidats et le planning horaire fixe\u0301 par la RTS et remis aux mandataires des candidats<\/em>\", lit-on dans la note.<\/p>\n<\/div>\n<div class=\"column\">\n<p>En outre, \"les e\u0301missions relatives a\u0300 la campagne e\u0301lectorale pour le premier tour sont diffuse\u0301es en deux tranches, tous les jours : la premie\u0300re a\u0300 partir de 18 h 40, la deuxie\u0300me a\u0300 partir de 20 h 40\".<\/p>\n<p>Par ailleurs, pre\u0301cise-t-on dans le communique\u0301, \"<em>s\u2019il y a un second tour de scrutin, le temps d\u2019antenne mis a\u0300 la disposition des candidats est de sept minutes et il est diffuse\u0301 en une tranche, tous les jours a\u0300 partir de 21 h ; le temps d\u2019antenne des candidats est diffuse\u0301 a\u0300 compter du deuxie\u0300me jour suivant l\u2019affichage de la liste des candidats au greffe du Conseil constitutionnel et sa diffusion s\u2019arre\u0302te la veille de l\u2019e\u0301lection a\u0300 minuit<\/em>\".<\/p>\n<\/div>\n<div class=\"column\">\n<p>Sur un autre registre, il est indique\u0301 que \"l<em>\u2019ordre de passage a\u0300 la premie\u0300re e\u0301mission est e\u0301tabli suivant le classement issu du tirage au sort effectue\u0301 le 29 janvier 2024 au sie\u0300ge du CNRA en pre\u0301sence des mandataires des candidats retenus pour le premier tour de scrutin ; la premie\u0300re e\u0301mission est produite a\u0300 partir des seules de\u0301clarations des candidats et elle est enregistre\u0301e dans les studios de la RTS le jour suivant celui de l\u2019affichage de la liste des candidats par le Conseil constitutionnel, selon la programmation retenue par la RTS et porte\u0301e a\u0300 la connaissance des candidats par le CNRA<\/em>\"<\/p>\n<\/div>\n<\/div>\n<\/div>\n<\/div>\n<div class='share-to-whatsapp-wrapper'><div class='share-on-whsp'>PARTAGER SUR : <\/div><a data-text='PRESIDENTIELLE - La Campagne d\u00e9marre, ce dimanche 10 mars' data-link='https:\/\/www.nettali.com\/2024\/03\/08\/presidentielle-la-campagne-demarre-ce-dimanche-10-mars\/' class='whatsapp-button whatsapp-share'>WhatsApp<\/a><div class='clear '><\/div><\/div>","protected":false},"excerpt":{"rendered":"<p>NETTALI.COM - Apre\u0300s l\u2019annonce de la date de la Pre\u0301sidentielle, la ma- chine e\u0301lectorale s\u2019emballe. Alors que beaucoup se demandaient quand allait commencer la cam- pagne e\u0301lectorale, le Conseil national de re\u0301gulation de l\u2019audiovisuel (CNRA), vient fixer tout le monde. Dans un communique\u0301 rec\u0327u hier a\u0300 \"Nettali.com\", il a annonce\u0301 que \"le temps d\u2019antenne a\u0300 [&hellip;]<\/p>\n","protected":false},"author":2,"featured_media":129089,"comment_status":"open","ping_status":"open","sticky":false,"template":"","format":"standard","meta":{"_et_pb_use_builder":"","_et_pb_old_content":""},"categories":[2],"tags":[],"yoast_head":"<!-- This site is optimized with the Yoast SEO Premium plugin v17.8 (Yoast SEO v17.8) - https:\/\/yoast.com\/wordpress\/plugins\/seo\/ -->\n<title>PRESIDENTIELLE - La Campagne d\u00e9marre, ce dimanche 10 mars | Nettali.com<\/title>\n<meta name=\"robots\" content=\"index, follow, max-snippet:-1, max-image-preview:large, max-video-preview:-1\" \/>\n<link rel=\"canonical\" href=\"https:\/\/www.nettali.com\/2024\/03\/08\/presidentielle-la-campagne-demarre-ce-dimanche-10-mars\/\" \/>\n<meta property=\"og:locale\" content=\"fr_FR\" \/>\n<meta property=\"og:type\" content=\"article\" \/>\n<meta property=\"og:title\" content=\"PRESIDENTIELLE - La Campagne d\u00e9marre, ce dimanche 10 mars\" \/>\n<meta property=\"og:description\" content=\"NETTALI.COM - Apre\u0300s l\u2019annonce de la date de la Pre\u0301sidentielle, la ma- chine e\u0301lectorale s\u2019emballe. Alors que beaucoup se demandaient quand allait commencer la cam- pagne e\u0301lectorale, le Conseil national de re\u0301gulation de l\u2019audiovisuel (CNRA), vient fixer tout le monde. Dans un communique\u0301 rec\u0327u hier a\u0300 &quot;Nettali.com&quot;, il a annonce\u0301 que &quot;le temps d\u2019antenne a\u0300 [&hellip;]\" \/>\n<meta property=\"og:url\" content=\"https:\/\/www.nettali.com\/2024\/03\/08\/presidentielle-la-campagne-demarre-ce-dimanche-10-mars\/\" \/>\n<meta property=\"og:site_name\" content=\"Nettali.com\" \/>\n<meta property=\"article:publisher\" content=\"https:\/\/www.facebook.com\/nettalicom\" \/>\n<meta property=\"article:published_time\" content=\"2024-03-08T08:53:33+00:00\" \/>\n<meta property=\"article:modified_time\" content=\"2024-03-08T23:07:27+00:00\" \/>\n<meta property=\"og:image\" content=\"https:\/\/www.nettali.com\/wp-content\/uploads\/2024\/03\/leg-mank-tax-sen-00162.jpeg\" \/>\n\t<meta property=\"og:image:width\" content=\"580\" \/>\n\t<meta property=\"og:image:height\" content=\"387\" \/>\n<meta name=\"twitter:card\" content=\"summary_large_image\" \/>\n<meta name=\"twitter:label1\" content=\"\u00c9crit par\" \/>\n\t<meta name=\"twitter:data1\" content=\"CK\" \/>\n\t<meta name=\"twitter:label2\" content=\"Dur\u00e9e de lecture estim\u00e9e\" \/>\n\t<meta name=\"twitter:data2\" content=\"3 minutes\" \/>\n<script type=\"application\/ld+json\" class=\"yoast-schema-graph\">{\"@context\":\"https:\/\/schema.org\",\"@graph\":[{\"@type\":\"WebSite\",\"@id\":\"https:\/\/www.nettali.com\/#website\",\"url\":\"https:\/\/www.nettali.com\/\",\"name\":\"Nettali.com\",\"description\":\"Le rendez-vous critique du Net\",\"potentialAction\":[{\"@type\":\"SearchAction\",\"target\":{\"@type\":\"EntryPoint\",\"urlTemplate\":\"https:\/\/www.nettali.com\/?s={search_term_string}\"},\"query-input\":\"required name=search_term_string\"}],\"inLanguage\":\"fr-FR\"},{\"@type\":\"ImageObject\",\"@id\":\"https:\/\/www.nettali.com\/2024\/03\/08\/presidentielle-la-campagne-demarre-ce-dimanche-10-mars\/#primaryimage\",\"inLanguage\":\"fr-FR\",\"url\":\"https:\/\/www.nettali.com\/wp-content\/uploads\/2024\/03\/leg-mank-tax-sen-00162.jpeg\",\"contentUrl\":\"https:\/\/www.nettali.com\/wp-content\/uploads\/2024\/03\/leg-mank-tax-sen-00162.jpeg\",\"width\":580,\"height\":387},{\"@type\":\"WebPage\",\"@id\":\"https:\/\/www.nettali.com\/2024\/03\/08\/presidentielle-la-campagne-demarre-ce-dimanche-10-mars\/#webpage\",\"url\":\"https:\/\/www.nettali.com\/2024\/03\/08\/presidentielle-la-campagne-demarre-ce-dimanche-10-mars\/\",\"name\":\"PRESIDENTIELLE - La Campagne d\\u00e9marre, ce dimanche 10 mars | Nettali.com\",\"isPartOf\":{\"@id\":\"https:\/\/www.nettali.com\/#website\"},\"primaryImageOfPage\":{\"@id\":\"https:\/\/www.nettali.com\/2024\/03\/08\/presidentielle-la-campagne-demarre-ce-dimanche-10-mars\/#primaryimage\"},\"datePublished\":\"2024-03-08T08:53:33+00:00\",\"dateModified\":\"2024-03-08T23:07:27+00:00\",\"author\":{\"@id\":\"https:\/\/www.nettali.com\/#\/schema\/person\/d8ac7b7e27ddad43f1c0d2ef090d7f71\"},\"breadcrumb\":{\"@id\":\"https:\/\/www.nettali.com\/2024\/03\/08\/presidentielle-la-campagne-demarre-ce-dimanche-10-mars\/#breadcrumb\"},\"inLanguage\":\"fr-FR\",\"potentialAction\":[{\"@type\":\"ReadAction\",\"target\":[\"https:\/\/www.nettali.com\/2024\/03\/08\/presidentielle-la-campagne-demarre-ce-dimanche-10-mars\/\"]}]},{\"@type\":\"BreadcrumbList\",\"@id\":\"https:\/\/www.nettali.com\/2024\/03\/08\/presidentielle-la-campagne-demarre-ce-dimanche-10-mars\/#breadcrumb\",\"itemListElement\":[{\"@type\":\"ListItem\",\"position\":1,\"name\":\"Accueil\",\"item\":\"https:\/\/www.nettali.com\/\"},{\"@type\":\"ListItem\",\"position\":2,\"name\":\"PRESIDENTIELLE - La Campagne d\\u00e9marre, ce dimanche 10 mars\"}]},{\"@type\":\"Person\",\"@id\":\"https:\/\/www.nettali.com\/#\/schema\/person\/d8ac7b7e27ddad43f1c0d2ef090d7f71\",\"name\":\"CK\",\"image\":{\"@type\":\"ImageObject\",\"@id\":\"https:\/\/www.nettali.com\/#personlogo\",\"inLanguage\":\"fr-FR\",\"url\":\"https:\/\/secure.gravatar.com\/avatar\/1d8d5118b9327d94da7cd4ce7f17fec2?s=96&d=mm&r=g\",\"contentUrl\":\"https:\/\/secure.gravatar.com\/avatar\/1d8d5118b9327d94da7cd4ce7f17fec2?s=96&d=mm&r=g\",\"caption\":\"CK\"},\"sameAs\":[\"https:\/\/www.nettali.com\"]}]}<\/script>\n<!-- \/ Yoast SEO Premium plugin. -->","yoast_head_json":{"title":"PRESIDENTIELLE - La Campagne d\u00e9marre, ce dimanche 10 mars | Nettali.com","robots":{"index":"index","follow":"follow","max-snippet":"max-snippet:-1","max-image-preview":"max-image-preview:large","max-video-preview":"max-video-preview:-1"},"canonical":"https:\/\/www.nettali.com\/2024\/03\/08\/presidentielle-la-campagne-demarre-ce-dimanche-10-mars\/","og_locale":"fr_FR","og_type":"article","og_title":"PRESIDENTIELLE - La Campagne d\u00e9marre, ce dimanche 10 mars","og_description":"NETTALI.COM - Apre\u0300s l\u2019annonce de la date de la Pre\u0301sidentielle, la ma- chine e\u0301lectorale s\u2019emballe. Alors que beaucoup se demandaient quand allait commencer la cam- pagne e\u0301lectorale, le Conseil national de re\u0301gulation de l\u2019audiovisuel (CNRA), vient fixer tout le monde. Dans un communique\u0301 rec\u0327u hier a\u0300 \"Nettali.com\", il a annonce\u0301 que \"le temps d\u2019antenne a\u0300 [&hellip;]","og_url":"https:\/\/www.nettali.com\/2024\/03\/08\/presidentielle-la-campagne-demarre-ce-dimanche-10-mars\/","og_site_name":"Nettali.com","article_publisher":"https:\/\/www.facebook.com\/nettalicom","article_published_time":"2024-03-08T08:53:33+00:00","article_modified_time":"2024-03-08T23:07:27+00:00","og_image":[{"width":580,"height":387,"url":"https:\/\/www.nettali.com\/wp-content\/uploads\/2024\/03\/leg-mank-tax-sen-00162.jpeg","type":"image\/jpeg"}],"twitter_card":"summary_large_image","twitter_misc":{"\u00c9crit par":"CK","Dur\u00e9e de lecture estim\u00e9e":"3 minutes"},"schema":{"@context":"https:\/\/schema.org","@graph":[{"@type":"WebSite","@id":"https:\/\/www.nettali.com\/#website","url":"https:\/\/www.nettali.com\/","name":"Nettali.com","description":"Le rendez-vous critique du Net","potentialAction":[{"@type":"SearchAction","target":{"@type":"EntryPoint","urlTemplate":"https:\/\/www.nettali.com\/?s={search_term_string}"},"query-input":"required name=search_term_string"}],"inLanguage":"fr-FR"},{"@type":"ImageObject","@id":"https:\/\/www.nettali.com\/2024\/03\/08\/presidentielle-la-campagne-demarre-ce-dimanche-10-mars\/#primaryimage","inLanguage":"fr-FR","url":"https:\/\/www.nettali.com\/wp-content\/uploads\/2024\/03\/leg-mank-tax-sen-00162.jpeg","contentUrl":"https:\/\/www.nettali.com\/wp-content\/uploads\/2024\/03\/leg-mank-tax-sen-00162.jpeg","width":580,"height":387},{"@type":"WebPage","@id":"https:\/\/www.nettali.com\/2024\/03\/08\/presidentielle-la-campagne-demarre-ce-dimanche-10-mars\/#webpage","url":"https:\/\/www.nettali.com\/2024\/03\/08\/presidentielle-la-campagne-demarre-ce-dimanche-10-mars\/","name":"PRESIDENTIELLE - La Campagne d\u00e9marre, ce dimanche 10 mars | Nettali.com","isPartOf":{"@id":"https:\/\/www.nettali.com\/#website"},"primaryImageOfPage":{"@id":"https:\/\/www.nettali.com\/2024\/03\/08\/presidentielle-la-campagne-demarre-ce-dimanche-10-mars\/#primaryimage"},"datePublished":"2024-03-08T08:53:33+00:00","dateModified":"2024-03-08T23:07:27+00:00","author":{"@id":"https:\/\/www.nettali.com\/#\/schema\/person\/d8ac7b7e27ddad43f1c0d2ef090d7f71"},"breadcrumb":{"@id":"https:\/\/www.nettali.com\/2024\/03\/08\/presidentielle-la-campagne-demarre-ce-dimanche-10-mars\/#breadcrumb"},"inLanguage":"fr-FR","potentialAction":[{"@type":"ReadAction","target":["https:\/\/www.nettali.com\/2024\/03\/08\/presidentielle-la-campagne-demarre-ce-dimanche-10-mars\/"]}]},{"@type":"BreadcrumbList","@id":"https:\/\/www.nettali.com\/2024\/03\/08\/presidentielle-la-campagne-demarre-ce-dimanche-10-mars\/#breadcrumb","itemListElement":[{"@type":"ListItem","position":1,"name":"Accueil","item":"https:\/\/www.nettali.com\/"},{"@type":"ListItem","position":2,"name":"PRESIDENTIELLE - La Campagne d\u00e9marre, ce dimanche 10 mars"}]},{"@type":"Person","@id":"https:\/\/www.nettali.com\/#\/schema\/person\/d8ac7b7e27ddad43f1c0d2ef090d7f71","name":"CK","image":{"@type":"ImageObject","@id":"https:\/\/www.nettali.com\/#personlogo","inLanguage":"fr-FR","url":"https:\/\/secure.gravatar.com\/avatar\/1d8d5118b9327d94da7cd4ce7f17fec2?s=96&d=mm&r=g","contentUrl":"https:\/\/secure.gravatar.com\/avatar\/1d8d5118b9327d94da7cd4ce7f17fec2?s=96&d=mm&r=g","caption":"CK"},"sameAs":["https:\/\/www.nettali.com"]}]}},"_links":{"self":[{"href":"https:\/\/www.nettali.com\/rest\/wp\/v2\/posts\/129086"}],"collection":[{"href":"https:\/\/www.nettali.com\/rest\/wp\/v2\/posts"}],"about":[{"href":"https:\/\/www.nettali.com\/rest\/wp\/v2\/types\/post"}],"author":[{"embeddable":true,"href":"https:\/\/www.nettali.com\/rest\/wp\/v2\/users\/2"}],"replies":[{"embeddable":true,"href":"https:\/\/www.nettali.com\/rest\/wp\/v2\/comments?post=129086"}],"version-history":[{"count":2,"href":"https:\/\/www.nettali.com\/rest\/wp\/v2\/posts\/129086\/revisions"}],"predecessor-version":[{"id":129090,"href":"https:\/\/www.nettali.com\/rest\/wp\/v2\/posts\/129086\/revisions\/129090"}],"wp:featuredmedia":[{"embeddable":true,"href":"https:\/\/www.nettali.com\/rest\/wp\/v2\/media\/129089"}],"wp:attachment":[{"href":"https:\/\/www.nettali.com\/rest\/wp\/v2\/media?parent=129086"}],"wp:term":[{"taxonomy":"category","embeddable":true,"href":"https:\/\/www.nettali.com\/rest\/wp\/v2\/categories?post=129086"},{"taxonomy":"post_tag","embeddable":true,"href":"https:\/\/www.nettali.com\/rest\/wp\/v2\/tags?post=129086"}],"curies":[{"name":"wp","href":"https:\/\/api.w.org\/{rel}","templated":true}]}}