{"id":128991,"date":"2024-03-06T23:06:51","date_gmt":"2024-03-06T23:06:51","guid":{"rendered":"https:\/\/www.nettali.com\/?p=128991"},"modified":"2024-03-06T23:06:51","modified_gmt":"2024-03-06T23:06:51","slug":"primature-les-premiers-mots-de-me-sidiki-kaba","status":"publish","type":"post","link":"https:\/\/www.nettali.com\/2024\/03\/06\/primature-les-premiers-mots-de-me-sidiki-kaba\/","title":{"rendered":"PRIMATURE - Les premiers mots de Me Sidiki Kaba"},"content":{"rendered":"<p><strong>NETTALI.COM-\u00a0Nomm\u00e9 Premier ministre en conseil des ministres ce mercredi O6 Mars 2024, Me Sidiki Kaba a fait sa premi\u00e8re r\u00e9action en tant que nouveau chef du gouvernement s\u00e9n\u00e9galais.<\/strong><\/p>\n<p>\u00ab <em>Je voudrai aborder ce grand privil\u00e8ge qui m\u2019est fait avec un esprit de responsabilit\u00e9, d\u2019ouverture et d\u2019apaisement. Je voudrai ainsi travailler de mani\u00e8re \u00e0 ce que les objectifs que le pr\u00e9sident de la R\u00e9publique Macky Sall a eu \u00e0 m\u2019assigner et qui ont produit \u00e0 travers un Pse, des r\u00e9sultats tangibles et commerciaux. Encore une fois, je suis dans la position qui me permet de dire qu\u2019aujourd\u2019hui, je serai plus engag\u00e9 \u00e0 servir mon pays en ne m\u00e9nageant aucun effort<\/em> \u00bb, a-d\u00e9clar\u00e9 le nouveau premier ministre , qui remplace Amadou B\u00e2.<\/p>\n<div class='share-to-whatsapp-wrapper'><div class='share-on-whsp'>PARTAGER SUR : <\/div><a data-text='PRIMATURE - Les premiers mots de Me Sidiki Kaba' data-link='https:\/\/www.nettali.com\/2024\/03\/06\/primature-les-premiers-mots-de-me-sidiki-kaba\/' class='whatsapp-button whatsapp-share'>WhatsApp<\/a><div class='clear '><\/div><\/div>","protected":false},"excerpt":{"rendered":"<p>NETTALI.COM-\u00a0Nomm\u00e9 Premier ministre en conseil des ministres ce mercredi O6 Mars 2024, Me Sidiki Kaba a fait sa premi\u00e8re r\u00e9action en tant que nouveau chef du gouvernement s\u00e9n\u00e9galais. \u00ab Je voudrai aborder ce grand privil\u00e8ge qui m\u2019est fait avec un esprit de responsabilit\u00e9, d\u2019ouverture et d\u2019apaisement. Je voudrai ainsi travailler de mani\u00e8re \u00e0 ce que [&hellip;]<\/p>\n","protected":false},"author":6,"featured_media":128570,"comment_status":"open","ping_status":"open","sticky":false,"template":"","format":"standard","meta":{"_et_pb_use_builder":"","_et_pb_old_content":""},"categories":[2],"tags":[],"yoast_head":"<!-- This site is optimized with the Yoast SEO Premium plugin v17.8 (Yoast SEO v17.8) - https:\/\/yoast.com\/wordpress\/plugins\/seo\/ -->\n<title>PRIMATURE - Les premiers mots de Me Sidiki Kaba | Nettali.com<\/title>\n<meta name=\"robots\" content=\"index, follow, max-snippet:-1, max-image-preview:large, max-video-preview:-1\" \/>\n<link rel=\"canonical\" href=\"https:\/\/www.nettali.com\/2024\/03\/06\/primature-les-premiers-mots-de-me-sidiki-kaba\/\" \/>\n<meta property=\"og:locale\" content=\"fr_FR\" \/>\n<meta property=\"og:type\" content=\"article\" \/>\n<meta property=\"og:title\" content=\"PRIMATURE - Les premiers mots de Me Sidiki Kaba\" \/>\n<meta property=\"og:description\" content=\"NETTALI.COM-\u00a0Nomm\u00e9 Premier ministre en conseil des ministres ce mercredi O6 Mars 2024, Me Sidiki Kaba a fait sa premi\u00e8re r\u00e9action en tant que nouveau chef du gouvernement s\u00e9n\u00e9galais. \u00ab Je voudrai aborder ce grand privil\u00e8ge qui m\u2019est fait avec un esprit de responsabilit\u00e9, d\u2019ouverture et d\u2019apaisement. Je voudrai ainsi travailler de mani\u00e8re \u00e0 ce que [&hellip;]\" \/>\n<meta property=\"og:url\" content=\"https:\/\/www.nettali.com\/2024\/03\/06\/primature-les-premiers-mots-de-me-sidiki-kaba\/\" \/>\n<meta property=\"og:site_name\" content=\"Nettali.com\" \/>\n<meta property=\"article:publisher\" content=\"https:\/\/www.facebook.com\/nettalicom\" \/>\n<meta property=\"article:published_time\" content=\"2024-03-06T23:06:51+00:00\" \/>\n<meta property=\"og:image\" content=\"https:\/\/www.nettali.com\/wp-content\/uploads\/2024\/03\/sidiki-kaba.png\" \/>\n\t<meta property=\"og:image:width\" content=\"720\" \/>\n\t<meta property=\"og:image:height\" content=\"518\" \/>\n<meta name=\"twitter:card\" content=\"summary_large_image\" \/>\n<meta name=\"twitter:label1\" content=\"\u00c9crit par\" \/>\n\t<meta name=\"twitter:data1\" content=\"Fatou\" \/>\n\t<meta name=\"twitter:label2\" content=\"Dur\u00e9e de lecture estim\u00e9e\" \/>\n\t<meta name=\"twitter:data2\" content=\"1 minute\" \/>\n<script type=\"application\/ld+json\" class=\"yoast-schema-graph\">{\"@context\":\"https:\/\/schema.org\",\"@graph\":[{\"@type\":\"WebSite\",\"@id\":\"https:\/\/www.nettali.com\/#website\",\"url\":\"https:\/\/www.nettali.com\/\",\"name\":\"Nettali.com\",\"description\":\"Le rendez-vous critique du Net\",\"potentialAction\":[{\"@type\":\"SearchAction\",\"target\":{\"@type\":\"EntryPoint\",\"urlTemplate\":\"https:\/\/www.nettali.com\/?s={search_term_string}\"},\"query-input\":\"required name=search_term_string\"}],\"inLanguage\":\"fr-FR\"},{\"@type\":\"ImageObject\",\"@id\":\"https:\/\/www.nettali.com\/2024\/03\/06\/primature-les-premiers-mots-de-me-sidiki-kaba\/#primaryimage\",\"inLanguage\":\"fr-FR\",\"url\":\"https:\/\/www.nettali.com\/wp-content\/uploads\/2024\/03\/sidiki-kaba.png\",\"contentUrl\":\"https:\/\/www.nettali.com\/wp-content\/uploads\/2024\/03\/sidiki-kaba.png\",\"width\":720,\"height\":518},{\"@type\":\"WebPage\",\"@id\":\"https:\/\/www.nettali.com\/2024\/03\/06\/primature-les-premiers-mots-de-me-sidiki-kaba\/#webpage\",\"url\":\"https:\/\/www.nettali.com\/2024\/03\/06\/primature-les-premiers-mots-de-me-sidiki-kaba\/\",\"name\":\"PRIMATURE - Les premiers mots de Me Sidiki Kaba | Nettali.com\",\"isPartOf\":{\"@id\":\"https:\/\/www.nettali.com\/#website\"},\"primaryImageOfPage\":{\"@id\":\"https:\/\/www.nettali.com\/2024\/03\/06\/primature-les-premiers-mots-de-me-sidiki-kaba\/#primaryimage\"},\"datePublished\":\"2024-03-06T23:06:51+00:00\",\"dateModified\":\"2024-03-06T23:06:51+00:00\",\"author\":{\"@id\":\"https:\/\/www.nettali.com\/#\/schema\/person\/418274a86bdf87caff7a3ef476bd0bbf\"},\"breadcrumb\":{\"@id\":\"https:\/\/www.nettali.com\/2024\/03\/06\/primature-les-premiers-mots-de-me-sidiki-kaba\/#breadcrumb\"},\"inLanguage\":\"fr-FR\",\"potentialAction\":[{\"@type\":\"ReadAction\",\"target\":[\"https:\/\/www.nettali.com\/2024\/03\/06\/primature-les-premiers-mots-de-me-sidiki-kaba\/\"]}]},{\"@type\":\"BreadcrumbList\",\"@id\":\"https:\/\/www.nettali.com\/2024\/03\/06\/primature-les-premiers-mots-de-me-sidiki-kaba\/#breadcrumb\",\"itemListElement\":[{\"@type\":\"ListItem\",\"position\":1,\"name\":\"Accueil\",\"item\":\"https:\/\/www.nettali.com\/\"},{\"@type\":\"ListItem\",\"position\":2,\"name\":\"PRIMATURE - Les premiers mots de Me Sidiki Kaba\"}]},{\"@type\":\"Person\",\"@id\":\"https:\/\/www.nettali.com\/#\/schema\/person\/418274a86bdf87caff7a3ef476bd0bbf\",\"name\":\"Fatou\",\"image\":{\"@type\":\"ImageObject\",\"@id\":\"https:\/\/www.nettali.com\/#personlogo\",\"inLanguage\":\"fr-FR\",\"url\":\"https:\/\/secure.gravatar.com\/avatar\/5a9442a2bee7b4dcf167cab035858e9a?s=96&d=mm&r=g\",\"contentUrl\":\"https:\/\/secure.gravatar.com\/avatar\/5a9442a2bee7b4dcf167cab035858e9a?s=96&d=mm&r=g\",\"caption\":\"Fatou\"},\"sameAs\":[\"https:\/\/www.nettali.com\"]}]}<\/script>\n<!-- \/ Yoast SEO Premium plugin. -->","yoast_head_json":{"title":"PRIMATURE - Les premiers mots de Me Sidiki Kaba | Nettali.com","robots":{"index":"index","follow":"follow","max-snippet":"max-snippet:-1","max-image-preview":"max-image-preview:large","max-video-preview":"max-video-preview:-1"},"canonical":"https:\/\/www.nettali.com\/2024\/03\/06\/primature-les-premiers-mots-de-me-sidiki-kaba\/","og_locale":"fr_FR","og_type":"article","og_title":"PRIMATURE - Les premiers mots de Me Sidiki Kaba","og_description":"NETTALI.COM-\u00a0Nomm\u00e9 Premier ministre en conseil des ministres ce mercredi O6 Mars 2024, Me Sidiki Kaba a fait sa premi\u00e8re r\u00e9action en tant que nouveau chef du gouvernement s\u00e9n\u00e9galais. \u00ab Je voudrai aborder ce grand privil\u00e8ge qui m\u2019est fait avec un esprit de responsabilit\u00e9, d\u2019ouverture et d\u2019apaisement. Je voudrai ainsi travailler de mani\u00e8re \u00e0 ce que [&hellip;]","og_url":"https:\/\/www.nettali.com\/2024\/03\/06\/primature-les-premiers-mots-de-me-sidiki-kaba\/","og_site_name":"Nettali.com","article_publisher":"https:\/\/www.facebook.com\/nettalicom","article_published_time":"2024-03-06T23:06:51+00:00","og_image":[{"width":720,"height":518,"url":"https:\/\/www.nettali.com\/wp-content\/uploads\/2024\/03\/sidiki-kaba.png","type":"image\/png"}],"twitter_card":"summary_large_image","twitter_misc":{"\u00c9crit par":"Fatou","Dur\u00e9e de lecture estim\u00e9e":"1 minute"},"schema":{"@context":"https:\/\/schema.org","@graph":[{"@type":"WebSite","@id":"https:\/\/www.nettali.com\/#website","url":"https:\/\/www.nettali.com\/","name":"Nettali.com","description":"Le rendez-vous critique du Net","potentialAction":[{"@type":"SearchAction","target":{"@type":"EntryPoint","urlTemplate":"https:\/\/www.nettali.com\/?s={search_term_string}"},"query-input":"required name=search_term_string"}],"inLanguage":"fr-FR"},{"@type":"ImageObject","@id":"https:\/\/www.nettali.com\/2024\/03\/06\/primature-les-premiers-mots-de-me-sidiki-kaba\/#primaryimage","inLanguage":"fr-FR","url":"https:\/\/www.nettali.com\/wp-content\/uploads\/2024\/03\/sidiki-kaba.png","contentUrl":"https:\/\/www.nettali.com\/wp-content\/uploads\/2024\/03\/sidiki-kaba.png","width":720,"height":518},{"@type":"WebPage","@id":"https:\/\/www.nettali.com\/2024\/03\/06\/primature-les-premiers-mots-de-me-sidiki-kaba\/#webpage","url":"https:\/\/www.nettali.com\/2024\/03\/06\/primature-les-premiers-mots-de-me-sidiki-kaba\/","name":"PRIMATURE - Les premiers mots de Me Sidiki Kaba | Nettali.com","isPartOf":{"@id":"https:\/\/www.nettali.com\/#website"},"primaryImageOfPage":{"@id":"https:\/\/www.nettali.com\/2024\/03\/06\/primature-les-premiers-mots-de-me-sidiki-kaba\/#primaryimage"},"datePublished":"2024-03-06T23:06:51+00:00","dateModified":"2024-03-06T23:06:51+00:00","author":{"@id":"https:\/\/www.nettali.com\/#\/schema\/person\/418274a86bdf87caff7a3ef476bd0bbf"},"breadcrumb":{"@id":"https:\/\/www.nettali.com\/2024\/03\/06\/primature-les-premiers-mots-de-me-sidiki-kaba\/#breadcrumb"},"inLanguage":"fr-FR","potentialAction":[{"@type":"ReadAction","target":["https:\/\/www.nettali.com\/2024\/03\/06\/primature-les-premiers-mots-de-me-sidiki-kaba\/"]}]},{"@type":"BreadcrumbList","@id":"https:\/\/www.nettali.com\/2024\/03\/06\/primature-les-premiers-mots-de-me-sidiki-kaba\/#breadcrumb","itemListElement":[{"@type":"ListItem","position":1,"name":"Accueil","item":"https:\/\/www.nettali.com\/"},{"@type":"ListItem","position":2,"name":"PRIMATURE - Les premiers mots de Me Sidiki Kaba"}]},{"@type":"Person","@id":"https:\/\/www.nettali.com\/#\/schema\/person\/418274a86bdf87caff7a3ef476bd0bbf","name":"Fatou","image":{"@type":"ImageObject","@id":"https:\/\/www.nettali.com\/#personlogo","inLanguage":"fr-FR","url":"https:\/\/secure.gravatar.com\/avatar\/5a9442a2bee7b4dcf167cab035858e9a?s=96&d=mm&r=g","contentUrl":"https:\/\/secure.gravatar.com\/avatar\/5a9442a2bee7b4dcf167cab035858e9a?s=96&d=mm&r=g","caption":"Fatou"},"sameAs":["https:\/\/www.nettali.com"]}]}},"_links":{"self":[{"href":"https:\/\/www.nettali.com\/rest\/wp\/v2\/posts\/128991"}],"collection":[{"href":"https:\/\/www.nettali.com\/rest\/wp\/v2\/posts"}],"about":[{"href":"https:\/\/www.nettali.com\/rest\/wp\/v2\/types\/post"}],"author":[{"embeddable":true,"href":"https:\/\/www.nettali.com\/rest\/wp\/v2\/users\/6"}],"replies":[{"embeddable":true,"href":"https:\/\/www.nettali.com\/rest\/wp\/v2\/comments?post=128991"}],"version-history":[{"count":3,"href":"https:\/\/www.nettali.com\/rest\/wp\/v2\/posts\/128991\/revisions"}],"predecessor-version":[{"id":128994,"href":"https:\/\/www.nettali.com\/rest\/wp\/v2\/posts\/128991\/revisions\/128994"}],"wp:featuredmedia":[{"embeddable":true,"href":"https:\/\/www.nettali.com\/rest\/wp\/v2\/media\/128570"}],"wp:attachment":[{"href":"https:\/\/www.nettali.com\/rest\/wp\/v2\/media?parent=128991"}],"wp:term":[{"taxonomy":"category","embeddable":true,"href":"https:\/\/www.nettali.com\/rest\/wp\/v2\/categories?post=128991"},{"taxonomy":"post_tag","embeddable":true,"href":"https:\/\/www.nettali.com\/rest\/wp\/v2\/tags?post=128991"}],"curies":[{"name":"wp","href":"https:\/\/api.w.org\/{rel}","templated":true}]}}