{"id":128985,"date":"2024-03-06T22:18:40","date_gmt":"2024-03-06T22:18:40","guid":{"rendered":"https:\/\/www.nettali.com\/?p=128985"},"modified":"2024-03-07T15:22:46","modified_gmt":"2024-03-07T15:22:46","slug":"officiel-le-conseil-constitutionnel-rejette-les-decisions-des-assises-nationales","status":"publish","type":"post","link":"https:\/\/www.nettali.com\/2024\/03\/06\/officiel-le-conseil-constitutionnel-rejette-les-decisions-des-assises-nationales\/","title":{"rendered":"OFFICIEL - Le conseil constitutionnel rejette les d\u00e9cisions du dialogue national"},"content":{"rendered":"<p><strong>NETTALI.COM - Le Conseil constitutionnel a jug\u00e9 contraire \u00e0 la Constitution la tenue de l\u2019\u00e9lection pr\u00e9sidentielle au-del\u00e0 du 2 avril, date marquant la fin du mandat du pr\u00e9sident Macky Sall, a-t-on appris de la haute juridiction.<\/strong><\/p>\n<p>Dans une d\u00e9cision rendue publique, mercredi, apr\u00e8s saisine du chef de l\u2019Etat pour avis sur les conclusions du dialogue national, le Conseil constitutionnel a en m\u00eame temps consid\u00e9r\u00e9 que l\u2019article 36, alin\u00e9a 2, de la Constitution n\u2019est pas applicable au cas o\u00f9 l\u2019\u00e9lection n\u2019a pas lieu avant la fin du mandat.<\/p>\n<p>Autrement dit, le pr\u00e9sident Macky Sall, ne peut pas rester en fonction au-del\u00e0 du 2 avril.<\/p>\n<p>Le Conseil constitutionnel a \u00e9galement maintenu la liste des 19 candidats d\u00e9j\u00e0 retenus pour participer \u00e0 l\u2019\u00e9lection pr\u00e9sidentielle en consid\u00e9rant que l\u2019existence d\u2019un consensus issu d\u2019un dialogue post\u00e9rieur \u00e0 la d\u00e9cision arr\u00eatant la liste d\u00e9finitive des candidats, ne fait pas partie des causes de modification de cette liste, limitativement \u00e9num\u00e9r\u00e9es par les articles 29, alin\u00e9a 2, et 34, alin\u00e9a premier de la Constitution.<\/p>\n<p>S\u2019agissant de la fixation de la date du scrutin pr\u00e9sidentiel, la haute juridiction a indiqu\u00e9 que l\u2019\u00e9lection du pr\u00e9sident de la R\u00e9publique ne peut \u00eatre report\u00e9e au-del\u00e0 de la dur\u00e9e du mandat qui arrive \u00e0 terme le 2 avril 2024 et signal\u00e9 que l\u2019expression dans les meilleurs d\u00e9lais contenue dans sa d\u00e9cision du 15 f\u00e9vrier, renvoie n\u00e9cessairement \u00e0 une date pouvant permettre la tenue du scrutin avant la fin du mandat.<\/p>\n<p>Elle consid\u00e8re notamment qu\u2019un d\u00e9cret fixant la date de l\u2019\u00e9lection au 2 juin 2024, soit deux mois apr\u00e8s l\u2019expiration du mandat en cours, ne trouverait de base l\u00e9gale ni dans la loi \u00e9lectorale ni dans la d\u00e9cision du 15 f\u00e9vrier, et que la reprise du processus \u00e9lectoral d\u00e9j\u00e0 engag\u00e9 ne justifie pas un tel report.<\/p>\n<p><em>\u2018\u2019Le pr\u00e9sident de la R\u00e9publique ne peut, en l\u2019absence d\u2019un texte l\u2019y habilitant express\u00e9ment, fixer la date de l\u2019\u00e9lection au-del\u00e0 de la fin de son mandat\u2019\u2019<\/em>, souligne le Conseil constitutionnel en estimant qu\u2019en vertu du caract\u00e8re intangible de la dur\u00e9e du mandat du pr\u00e9sident de la R\u00e9publique, la fixation de la date de l\u2019\u00e9lection au-del\u00e0 de la fin du mandat a pour effet de cr\u00e9er un vide institutionnel non pr\u00e9vu par la Constitution.<\/p>\n<p>Elle estime qu\u2019elle est, de ce fait, contraire au principe \u00e0 valeur constitutionnelle de s\u00e9curit\u00e9 juridique et de stabilit\u00e9 des institutions en rappelant qu\u2019en application des dispositions de l\u2019article 103 de la Constitution, la dur\u00e9e du mandat du pr\u00e9sident de la R\u00e9publique ne peut \u00eatre r\u00e9duite ou allong\u00e9e au gr\u00e9 des circonstances politiques, quel que soit l\u2019objectif poursuivi.<\/p>\n<p>Cette d\u00e9cision du Conseil est une nouvelle \u00e9tape des d\u00e9veloppements li\u00e9s \u00e0 la crise politique que traverse le S\u00e9n\u00e9gal depuis l\u2019interruption de facto du processus \u00e9lectoral avec l\u2019abrogation du d\u00e9cret convoquant le corps \u00e9lectoral, le 3 f\u00e9vrier, la veille de l\u2019ouverture officielle de la campagne \u00e9lectorale.<\/p>\n<p>L\u2019\u00e9lection pr\u00e9sidentielle \u00e9tait initialement pr\u00e9vue le 25 f\u00e9vrier.<\/p>\n<p>Le Conseil constitutionnel a, dans une d\u00e9cision rendue publique le jeudi 15 f\u00e9vrier 2024, annul\u00e9 le d\u00e9cret par lequel le chef de l\u2019Etat a renonc\u00e9 \u00e0 la convocation des \u00e9lecteurs pour l\u2019\u00e9lection pr\u00e9sidentielle le 25 f\u00e9vrier.<\/p>\n<p>La haute juridiction avait, dans le m\u00eame temps, jug\u00e9 \u2018\u2019contraire \u00e0 la Constitution\u2019\u2019, une loi r\u00e9cemment adopt\u00e9e par l\u2019Assembl\u00e9e nationale portant sur le report au 15 d\u00e9cembre du scrutin du 25 f\u00e9vrier.<\/p>\n<p>Les \u2018\u2019sept sages\u2019\u2019 n\u2019avaient pas manqu\u00e9 d\u2019inviter les autorit\u00e9s comp\u00e9tentes \u00e0 organiser l\u2019\u00e9lection pr\u00e9sidentielle dans les meilleurs d\u00e9lais apr\u00e8s avoir constat\u00e9 l\u2019impossibilit\u00e9 de le tenir \u00e0 la date initiale.<\/p>\n<p>Le chef de l\u2019Etat avait invoqu\u00e9, entre autres raisons, les divergences entre le Conseil constitutionnels et l\u2019Assembl\u00e9e nationale apr\u00e8s qu\u2019une commission d\u2019enqu\u00eate parlementaire a \u00e9t\u00e9 mise sur pied pour enqu\u00eater sur des soup\u00e7ons de corruption et de connexions douteuses avanc\u00e9es par des d\u00e9put\u00e9s du groupe parlementaire du Parti d\u00e9mocratique s\u00e9n\u00e9galais.<\/p>\n<p>Le PDS a port\u00e9\u00a0 de telles accusations apr\u00e8s que le dossier de candidature de son leader, Karim Wade, a \u00e9t\u00e9 d\u00e9clar\u00e9 irrecevable par le Conseil constitutionnel. La juridiction a invoqu\u00e9 la double nationalit\u00e9 s\u00e9n\u00e9galaise et fran\u00e7aise du fils de l\u2019ancien pr\u00e9sident Abdoulaye Wade pour motiver le rejet de son dossier. Au S\u00e9n\u00e9gal, il faut \u00eatre exclusivement de nationalit\u00e9 s\u00e9n\u00e9galaise pour briguer la magistrature, selon la loi \u00e9lectorale.<\/p>\n<p>L\u2019annonce du report de l\u2019\u00e9lection pr\u00e9sidentielle a provoqu\u00e9 une mont\u00e9e soudaine de la tension politique. Quatre personnes ont ainsi perdu la vie\u00a0 \u00e0 Dakar, Saint-Louis et Ziguinchor, \u00e0 la suite de heurts entre des forces de l\u2019ordre et des manifestants oppos\u00e9s au report du scrutin.<\/p>\n<p>Cet \u00e9pisode a \u00e9t\u00e9 suivi d\u2019une vague de lib\u00e9rations de militants et d\u2019activistes emprisonn\u00e9s en raison d\u2019activit\u00e9s li\u00e9es \u00e0 leur engagement politique<\/p>\n<p>&nbsp;<\/p>\n<div class='share-to-whatsapp-wrapper'><div class='share-on-whsp'>PARTAGER SUR : <\/div><a data-text='OFFICIEL - Le conseil constitutionnel rejette les d\u00e9cisions du dialogue national' data-link='https:\/\/www.nettali.com\/2024\/03\/06\/officiel-le-conseil-constitutionnel-rejette-les-decisions-des-assises-nationales\/' class='whatsapp-button whatsapp-share'>WhatsApp<\/a><div class='clear '><\/div><\/div>","protected":false},"excerpt":{"rendered":"<p>NETTALI.COM - Le Conseil constitutionnel a jug\u00e9 contraire \u00e0 la Constitution la tenue de l\u2019\u00e9lection pr\u00e9sidentielle au-del\u00e0 du 2 avril, date marquant la fin du mandat du pr\u00e9sident Macky Sall, a-t-on appris de la haute juridiction. Dans une d\u00e9cision rendue publique, mercredi, apr\u00e8s saisine du chef de l\u2019Etat pour avis sur les conclusions du dialogue [&hellip;]<\/p>\n","protected":false},"author":4,"featured_media":127629,"comment_status":"open","ping_status":"open","sticky":false,"template":"","format":"standard","meta":{"_et_pb_use_builder":"","_et_pb_old_content":""},"categories":[2],"tags":[],"yoast_head":"<!-- This site is optimized with the Yoast SEO Premium plugin v17.8 (Yoast SEO v17.8) - https:\/\/yoast.com\/wordpress\/plugins\/seo\/ -->\n<title>OFFICIEL - Le conseil constitutionnel rejette les d\u00e9cisions du dialogue national | Nettali.com<\/title>\n<meta name=\"robots\" content=\"index, follow, max-snippet:-1, max-image-preview:large, max-video-preview:-1\" \/>\n<link rel=\"canonical\" href=\"https:\/\/www.nettali.com\/2024\/03\/06\/officiel-le-conseil-constitutionnel-rejette-les-decisions-des-assises-nationales\/\" \/>\n<meta property=\"og:locale\" content=\"fr_FR\" \/>\n<meta property=\"og:type\" content=\"article\" \/>\n<meta property=\"og:title\" content=\"OFFICIEL - Le conseil constitutionnel rejette les d\u00e9cisions du dialogue national\" \/>\n<meta property=\"og:description\" content=\"NETTALI.COM - Le Conseil constitutionnel a jug\u00e9 contraire \u00e0 la Constitution la tenue de l\u2019\u00e9lection pr\u00e9sidentielle au-del\u00e0 du 2 avril, date marquant la fin du mandat du pr\u00e9sident Macky Sall, a-t-on appris de la haute juridiction. Dans une d\u00e9cision rendue publique, mercredi, apr\u00e8s saisine du chef de l\u2019Etat pour avis sur les conclusions du dialogue [&hellip;]\" \/>\n<meta property=\"og:url\" content=\"https:\/\/www.nettali.com\/2024\/03\/06\/officiel-le-conseil-constitutionnel-rejette-les-decisions-des-assises-nationales\/\" \/>\n<meta property=\"og:site_name\" content=\"Nettali.com\" \/>\n<meta property=\"article:publisher\" content=\"https:\/\/www.facebook.com\/nettalicom\" \/>\n<meta property=\"article:published_time\" content=\"2024-03-06T22:18:40+00:00\" \/>\n<meta property=\"article:modified_time\" content=\"2024-03-07T15:22:46+00:00\" \/>\n<meta property=\"og:image\" content=\"https:\/\/www.nettali.com\/wp-content\/uploads\/2024\/02\/Conseil-constitutionnel.jpeg\" \/>\n\t<meta property=\"og:image:width\" content=\"755\" \/>\n\t<meta property=\"og:image:height\" content=\"449\" \/>\n<meta name=\"twitter:card\" content=\"summary_large_image\" \/>\n<meta name=\"twitter:label1\" content=\"\u00c9crit par\" \/>\n\t<meta name=\"twitter:data1\" content=\"Daouda\" \/>\n\t<meta name=\"twitter:label2\" content=\"Dur\u00e9e de lecture estim\u00e9e\" \/>\n\t<meta name=\"twitter:data2\" content=\"4 minutes\" \/>\n<script type=\"application\/ld+json\" class=\"yoast-schema-graph\">{\"@context\":\"https:\/\/schema.org\",\"@graph\":[{\"@type\":\"WebSite\",\"@id\":\"https:\/\/www.nettali.com\/#website\",\"url\":\"https:\/\/www.nettali.com\/\",\"name\":\"Nettali.com\",\"description\":\"Le rendez-vous critique du Net\",\"potentialAction\":[{\"@type\":\"SearchAction\",\"target\":{\"@type\":\"EntryPoint\",\"urlTemplate\":\"https:\/\/www.nettali.com\/?s={search_term_string}\"},\"query-input\":\"required name=search_term_string\"}],\"inLanguage\":\"fr-FR\"},{\"@type\":\"ImageObject\",\"@id\":\"https:\/\/www.nettali.com\/2024\/03\/06\/officiel-le-conseil-constitutionnel-rejette-les-decisions-des-assises-nationales\/#primaryimage\",\"inLanguage\":\"fr-FR\",\"url\":\"https:\/\/www.nettali.com\/wp-content\/uploads\/2024\/02\/Conseil-constitutionnel.jpeg\",\"contentUrl\":\"https:\/\/www.nettali.com\/wp-content\/uploads\/2024\/02\/Conseil-constitutionnel.jpeg\",\"width\":755,\"height\":449},{\"@type\":\"WebPage\",\"@id\":\"https:\/\/www.nettali.com\/2024\/03\/06\/officiel-le-conseil-constitutionnel-rejette-les-decisions-des-assises-nationales\/#webpage\",\"url\":\"https:\/\/www.nettali.com\/2024\/03\/06\/officiel-le-conseil-constitutionnel-rejette-les-decisions-des-assises-nationales\/\",\"name\":\"OFFICIEL - Le conseil constitutionnel rejette les d\\u00e9cisions du dialogue national | Nettali.com\",\"isPartOf\":{\"@id\":\"https:\/\/www.nettali.com\/#website\"},\"primaryImageOfPage\":{\"@id\":\"https:\/\/www.nettali.com\/2024\/03\/06\/officiel-le-conseil-constitutionnel-rejette-les-decisions-des-assises-nationales\/#primaryimage\"},\"datePublished\":\"2024-03-06T22:18:40+00:00\",\"dateModified\":\"2024-03-07T15:22:46+00:00\",\"author\":{\"@id\":\"https:\/\/www.nettali.com\/#\/schema\/person\/3317e0bb3aa1da309fbf7b2780901bf4\"},\"breadcrumb\":{\"@id\":\"https:\/\/www.nettali.com\/2024\/03\/06\/officiel-le-conseil-constitutionnel-rejette-les-decisions-des-assises-nationales\/#breadcrumb\"},\"inLanguage\":\"fr-FR\",\"potentialAction\":[{\"@type\":\"ReadAction\",\"target\":[\"https:\/\/www.nettali.com\/2024\/03\/06\/officiel-le-conseil-constitutionnel-rejette-les-decisions-des-assises-nationales\/\"]}]},{\"@type\":\"BreadcrumbList\",\"@id\":\"https:\/\/www.nettali.com\/2024\/03\/06\/officiel-le-conseil-constitutionnel-rejette-les-decisions-des-assises-nationales\/#breadcrumb\",\"itemListElement\":[{\"@type\":\"ListItem\",\"position\":1,\"name\":\"Accueil\",\"item\":\"https:\/\/www.nettali.com\/\"},{\"@type\":\"ListItem\",\"position\":2,\"name\":\"OFFICIEL - Le conseil constitutionnel rejette les d\\u00e9cisions du dialogue national\"}]},{\"@type\":\"Person\",\"@id\":\"https:\/\/www.nettali.com\/#\/schema\/person\/3317e0bb3aa1da309fbf7b2780901bf4\",\"name\":\"Daouda\",\"image\":{\"@type\":\"ImageObject\",\"@id\":\"https:\/\/www.nettali.com\/#personlogo\",\"inLanguage\":\"fr-FR\",\"url\":\"https:\/\/secure.gravatar.com\/avatar\/8d143b5a49345098ddcfee1c49c2f47c?s=96&d=mm&r=g\",\"contentUrl\":\"https:\/\/secure.gravatar.com\/avatar\/8d143b5a49345098ddcfee1c49c2f47c?s=96&d=mm&r=g\",\"caption\":\"Daouda\"},\"sameAs\":[\"https:\/\/www.nettali.com\"]}]}<\/script>\n<!-- \/ Yoast SEO Premium plugin. -->","yoast_head_json":{"title":"OFFICIEL - Le conseil constitutionnel rejette les d\u00e9cisions du dialogue national | Nettali.com","robots":{"index":"index","follow":"follow","max-snippet":"max-snippet:-1","max-image-preview":"max-image-preview:large","max-video-preview":"max-video-preview:-1"},"canonical":"https:\/\/www.nettali.com\/2024\/03\/06\/officiel-le-conseil-constitutionnel-rejette-les-decisions-des-assises-nationales\/","og_locale":"fr_FR","og_type":"article","og_title":"OFFICIEL - Le conseil constitutionnel rejette les d\u00e9cisions du dialogue national","og_description":"NETTALI.COM - Le Conseil constitutionnel a jug\u00e9 contraire \u00e0 la Constitution la tenue de l\u2019\u00e9lection pr\u00e9sidentielle au-del\u00e0 du 2 avril, date marquant la fin du mandat du pr\u00e9sident Macky Sall, a-t-on appris de la haute juridiction. Dans une d\u00e9cision rendue publique, mercredi, apr\u00e8s saisine du chef de l\u2019Etat pour avis sur les conclusions du dialogue [&hellip;]","og_url":"https:\/\/www.nettali.com\/2024\/03\/06\/officiel-le-conseil-constitutionnel-rejette-les-decisions-des-assises-nationales\/","og_site_name":"Nettali.com","article_publisher":"https:\/\/www.facebook.com\/nettalicom","article_published_time":"2024-03-06T22:18:40+00:00","article_modified_time":"2024-03-07T15:22:46+00:00","og_image":[{"width":755,"height":449,"url":"https:\/\/www.nettali.com\/wp-content\/uploads\/2024\/02\/Conseil-constitutionnel.jpeg","type":"image\/jpeg"}],"twitter_card":"summary_large_image","twitter_misc":{"\u00c9crit par":"Daouda","Dur\u00e9e de lecture estim\u00e9e":"4 minutes"},"schema":{"@context":"https:\/\/schema.org","@graph":[{"@type":"WebSite","@id":"https:\/\/www.nettali.com\/#website","url":"https:\/\/www.nettali.com\/","name":"Nettali.com","description":"Le rendez-vous critique du Net","potentialAction":[{"@type":"SearchAction","target":{"@type":"EntryPoint","urlTemplate":"https:\/\/www.nettali.com\/?s={search_term_string}"},"query-input":"required name=search_term_string"}],"inLanguage":"fr-FR"},{"@type":"ImageObject","@id":"https:\/\/www.nettali.com\/2024\/03\/06\/officiel-le-conseil-constitutionnel-rejette-les-decisions-des-assises-nationales\/#primaryimage","inLanguage":"fr-FR","url":"https:\/\/www.nettali.com\/wp-content\/uploads\/2024\/02\/Conseil-constitutionnel.jpeg","contentUrl":"https:\/\/www.nettali.com\/wp-content\/uploads\/2024\/02\/Conseil-constitutionnel.jpeg","width":755,"height":449},{"@type":"WebPage","@id":"https:\/\/www.nettali.com\/2024\/03\/06\/officiel-le-conseil-constitutionnel-rejette-les-decisions-des-assises-nationales\/#webpage","url":"https:\/\/www.nettali.com\/2024\/03\/06\/officiel-le-conseil-constitutionnel-rejette-les-decisions-des-assises-nationales\/","name":"OFFICIEL - Le conseil constitutionnel rejette les d\u00e9cisions du dialogue national | Nettali.com","isPartOf":{"@id":"https:\/\/www.nettali.com\/#website"},"primaryImageOfPage":{"@id":"https:\/\/www.nettali.com\/2024\/03\/06\/officiel-le-conseil-constitutionnel-rejette-les-decisions-des-assises-nationales\/#primaryimage"},"datePublished":"2024-03-06T22:18:40+00:00","dateModified":"2024-03-07T15:22:46+00:00","author":{"@id":"https:\/\/www.nettali.com\/#\/schema\/person\/3317e0bb3aa1da309fbf7b2780901bf4"},"breadcrumb":{"@id":"https:\/\/www.nettali.com\/2024\/03\/06\/officiel-le-conseil-constitutionnel-rejette-les-decisions-des-assises-nationales\/#breadcrumb"},"inLanguage":"fr-FR","potentialAction":[{"@type":"ReadAction","target":["https:\/\/www.nettali.com\/2024\/03\/06\/officiel-le-conseil-constitutionnel-rejette-les-decisions-des-assises-nationales\/"]}]},{"@type":"BreadcrumbList","@id":"https:\/\/www.nettali.com\/2024\/03\/06\/officiel-le-conseil-constitutionnel-rejette-les-decisions-des-assises-nationales\/#breadcrumb","itemListElement":[{"@type":"ListItem","position":1,"name":"Accueil","item":"https:\/\/www.nettali.com\/"},{"@type":"ListItem","position":2,"name":"OFFICIEL - Le conseil constitutionnel rejette les d\u00e9cisions du dialogue national"}]},{"@type":"Person","@id":"https:\/\/www.nettali.com\/#\/schema\/person\/3317e0bb3aa1da309fbf7b2780901bf4","name":"Daouda","image":{"@type":"ImageObject","@id":"https:\/\/www.nettali.com\/#personlogo","inLanguage":"fr-FR","url":"https:\/\/secure.gravatar.com\/avatar\/8d143b5a49345098ddcfee1c49c2f47c?s=96&d=mm&r=g","contentUrl":"https:\/\/secure.gravatar.com\/avatar\/8d143b5a49345098ddcfee1c49c2f47c?s=96&d=mm&r=g","caption":"Daouda"},"sameAs":["https:\/\/www.nettali.com"]}]}},"_links":{"self":[{"href":"https:\/\/www.nettali.com\/rest\/wp\/v2\/posts\/128985"}],"collection":[{"href":"https:\/\/www.nettali.com\/rest\/wp\/v2\/posts"}],"about":[{"href":"https:\/\/www.nettali.com\/rest\/wp\/v2\/types\/post"}],"author":[{"embeddable":true,"href":"https:\/\/www.nettali.com\/rest\/wp\/v2\/users\/4"}],"replies":[{"embeddable":true,"href":"https:\/\/www.nettali.com\/rest\/wp\/v2\/comments?post=128985"}],"version-history":[{"count":2,"href":"https:\/\/www.nettali.com\/rest\/wp\/v2\/posts\/128985\/revisions"}],"predecessor-version":[{"id":128998,"href":"https:\/\/www.nettali.com\/rest\/wp\/v2\/posts\/128985\/revisions\/128998"}],"wp:featuredmedia":[{"embeddable":true,"href":"https:\/\/www.nettali.com\/rest\/wp\/v2\/media\/127629"}],"wp:attachment":[{"href":"https:\/\/www.nettali.com\/rest\/wp\/v2\/media?parent=128985"}],"wp:term":[{"taxonomy":"category","embeddable":true,"href":"https:\/\/www.nettali.com\/rest\/wp\/v2\/categories?post=128985"},{"taxonomy":"post_tag","embeddable":true,"href":"https:\/\/www.nettali.com\/rest\/wp\/v2\/tags?post=128985"}],"curies":[{"name":"wp","href":"https:\/\/api.w.org\/{rel}","templated":true}]}}