{"id":128973,"date":"2024-03-06T22:17:13","date_gmt":"2024-03-06T22:17:13","guid":{"rendered":"https:\/\/www.nettali.com\/?p=128973"},"modified":"2024-03-08T08:55:05","modified_gmt":"2024-03-08T08:55:05","slug":"loi-damnistie-95-deputes-ont-vote-pour","status":"publish","type":"post","link":"https:\/\/www.nettali.com\/2024\/03\/06\/loi-damnistie-95-deputes-ont-vote-pour\/","title":{"rendered":"ASSEMBLEE NATIONALE - La loi d'amnistie vot\u00e9e"},"content":{"rendered":"<p><strong>NETTALI.COM - Malgr\u00e9 la lev\u00e9e de boucliers dont il a fait l'objet, le projet de loi relatif \u00e0 l'amnistie \u00e0 \u00e9t\u00e9 finalement adopt\u00e9 par l'Assembl\u00e9e nationale : <\/strong>94 d\u00e9put\u00e9s ont vot\u00e9 pour l\u2019adoption du projet d\u2019amnistie g\u00e9n\u00e9rale, 48 ont vot\u00e9 contre et 2 d\u00e9put\u00e9s se sont abstenus.<\/p>\n<p>Elle \u00e9tait contest\u00e9e par une bonne partie de la classe politique, la soci\u00e9t\u00e9 civile et des organisations de d\u00e9fense des droits de l'homme. Mais, \u00e0 l'issue du vote \u00e0 l'assembl\u00e9e nationale, le mercredi 6 mars, le projet de loi relatif \u00e0 l'amnistie a \u00e9t\u00e9 vot\u00e9 par 94 d\u00e9put\u00e9s, alors que 48 ont vot\u00e9 contre et deux se sont abstenus.<\/p>\n<p>A noter que le projet de loi qui \u00e9tait soumis \u00e0 l'Assembl\u00e9e nationale, visait \u00e0 amnistier des faits commis entre le 1er f\u00e9vrier 2021 et le 25 f\u00e9vrier 2024, tant au S\u00e9n\u00e9gal qu'\u00e0 l'\u00e9tranger. Un texte qui compte 5 articles.<\/p>\n<p>Et d\u00e8s l'article premier, on pouvait lire que \"<em>sont amnisti\u00e9s, de plein droit, tous les faits susceptibles de rev\u00eatir la qualification d'infraction criminelle ou correctionnelle, commis entre le 1er f\u00e9vrier 2021 et le 25 f\u00e9vrier 2024, tant au S\u00e9n\u00e9gal qu'\u00e0 l'\u00e9tranger, se rapportant \u00e0 des manifestations ou ayant des motivations politiques y compris celles faites par tous les supports de communication, que leurs auteurs aient \u00e9t\u00e9 jug\u00e9s ou non<\/em>\".<\/p>\n<p>L'article 2 soulignait pour sa part que \"<em>l'amnistie entra\u00eene, sans qu'elle ne puisse jamais donner lieu \u00e0 restitution, la remise totale de toutes les peines principales, accessoires et compl\u00e9mentaires, ainsi que la disparition de toutes les d\u00e9ch\u00e9ances, exclusions, incapacit\u00e9s et privations de droits attach\u00e9es \u00e0 la peine.<\/em>\"<\/p>\n<p>L''article 3 du texte soumis aux d\u00e9put\u00e9s pr\u00e9cisait que \"l'amnistie ne pr\u00e9judice pas aux droits des tiers\". \"<em>La contrainte par corps ne peut \u00eatre exerc\u00e9e contre les condamn\u00e9s ayant b\u00e9n\u00e9fici\u00e9 de l'amnistie, si ce n'est \u00e0 la requ\u00eate des victimes de m'infraction ou de leurs ayant-droit<\/em>\", ajoute le m\u00eame article.<\/p>\n<p>A l'article 4 du texte, il \u00e9tait indiqu\u00e9: \"<em>Les contestations relatives \u00e0 l'application de la pr\u00e9sente loi d'amnistie\u00a0 sont jug\u00e9es par la chambre d'accusation de la Cour\u00a0 d'appel de Dakar, dans les conditions pr\u00e9vues par l'article 735 du code de proc\u00e9dure p\u00e9nale<\/em>.\" Et l'article 5 d'avertir: \"<em>Il est interdit \u00e0 tout magistrat ou fonctionnaire de rappeler ou de laisser subsister sous quelque forme que ce soit dans un dossier judiciaire ou de police ou dans tout autre document officiel, les condamnations, d\u00e9ch\u00e9ances, exclusions, incapacit\u00e9s et privations de droit attach\u00e9es \u00e0 la peine effac\u00e9e par l'amnistie sauf dispositions pr\u00e9vues \u00e0 l'article 3 de la pr\u00e9sente loi<\/em>.\"<\/p>\n<p>\"<em>Toutefois, les minutes des jugements ou arr\u00eats ainsi que les d\u00e9crets, arr\u00eat\u00e9s et d\u00e9cisions pris dans le cadre de la fonction publique ou des Ordres nationaux \u00e9chappent \u00e0 cette interdiction lorsqu'ils ont \u00e9t\u00e9 d\u00e9pos\u00e9s dans les greffes ou aux Archives nationales<\/em>\", lit-on encore \u00e0 l'article 5 du projet du gouvernement.<\/p>\n<p>De m\u00eame dans l'expos\u00e9 des motifs, le gouvernement indiquait : \"<em>Dans le but d'apaisement du climat politique et social, de renforcement de la coh\u00e9sion nationale, de consolidation du dialogue national, et afin de permettre \u00e0 certaines personnes qui ont eu maille \u00e0 partir avec la Justice de participer pleinement \u00e0 la vie d\u00e9mocratique, Monsieur le pr\u00e9sident de la R\u00e9publique entend poursuivre la mise en oeuvre des mesures de d\u00e9crispations, au-del\u00e0 du droit de gr\u00e2ce que lui reconnait la Constitution.<\/em>\"<\/p>\n<p>\"<em>De surcroit, la volont\u00e9 du l\u00e9gislateur a toujours \u00e9t\u00e9 de favoriser l'exercice d\u00e9mocratique dans un contexte de dialogue et d'ouverture politique. Cela s'est traduit \u00e0 chaque fois par l'adoption de lois portant amnistie des infractions criminelles et correctionnelles ayant un lien avec des \u00e9v\u00e8nements politiques conflictuels. Certains poursuites engag\u00e9es devant les juridictions ont abouti \u00e0 des condamnations ayant entra\u00een\u00e9 des incapacit\u00e9s et des d\u00e9ch\u00e9ances li\u00e9es aux droits de vote et d'\u00e9lection<\/em>\", souligne le texte. Qui ajoute: \"<em>C'est dans cet esprit que le pr\u00e9sent projet de loi intervient pour amnistier les infractions commises tant au S\u00e9n\u00e9gal qu'\u00e0 l'\u00e9tranger et couvrant la p\u00e9riode allant de 2021 \u00e0 2024<\/em>.\"<\/p>\n<p>&nbsp;<\/p>\n<div class='share-to-whatsapp-wrapper'><div class='share-on-whsp'>PARTAGER SUR : <\/div><a data-text='ASSEMBLEE NATIONALE - La loi d'amnistie vot\u00e9e' data-link='https:\/\/www.nettali.com\/2024\/03\/06\/loi-damnistie-95-deputes-ont-vote-pour\/' class='whatsapp-button whatsapp-share'>WhatsApp<\/a><div class='clear '><\/div><\/div>","protected":false},"excerpt":{"rendered":"<p>NETTALI.COM - Malgr\u00e9 la lev\u00e9e de boucliers dont il a fait l'objet, le projet de loi relatif \u00e0 l'amnistie \u00e0 \u00e9t\u00e9 finalement adopt\u00e9 par l'Assembl\u00e9e nationale : 94 d\u00e9put\u00e9s ont vot\u00e9 pour l\u2019adoption du projet d\u2019amnistie g\u00e9n\u00e9rale, 48 ont vot\u00e9 contre et 2 d\u00e9put\u00e9s se sont abstenus. Elle \u00e9tait contest\u00e9e par une bonne partie de [&hellip;]<\/p>\n","protected":false},"author":6,"featured_media":128984,"comment_status":"open","ping_status":"open","sticky":false,"template":"","format":"standard","meta":{"_et_pb_use_builder":"","_et_pb_old_content":""},"categories":[2],"tags":[],"yoast_head":"<!-- This site is optimized with the Yoast SEO Premium plugin v17.8 (Yoast SEO v17.8) - https:\/\/yoast.com\/wordpress\/plugins\/seo\/ -->\n<title>ASSEMBLEE NATIONALE - La loi d&#039;amnistie vot\u00e9e | Nettali.com<\/title>\n<meta name=\"robots\" content=\"index, follow, max-snippet:-1, max-image-preview:large, max-video-preview:-1\" \/>\n<link rel=\"canonical\" href=\"https:\/\/www.nettali.com\/2024\/03\/06\/loi-damnistie-95-deputes-ont-vote-pour\/\" \/>\n<meta property=\"og:locale\" content=\"fr_FR\" \/>\n<meta property=\"og:type\" content=\"article\" \/>\n<meta property=\"og:title\" content=\"ASSEMBLEE NATIONALE - La loi d&#039;amnistie vot\u00e9e\" \/>\n<meta property=\"og:description\" content=\"NETTALI.COM - Malgr\u00e9 la lev\u00e9e de boucliers dont il a fait l&#039;objet, le projet de loi relatif \u00e0 l&#039;amnistie \u00e0 \u00e9t\u00e9 finalement adopt\u00e9 par l&#039;Assembl\u00e9e nationale : 94 d\u00e9put\u00e9s ont vot\u00e9 pour l\u2019adoption du projet d\u2019amnistie g\u00e9n\u00e9rale, 48 ont vot\u00e9 contre et 2 d\u00e9put\u00e9s se sont abstenus. Elle \u00e9tait contest\u00e9e par une bonne partie de [&hellip;]\" \/>\n<meta property=\"og:url\" content=\"https:\/\/www.nettali.com\/2024\/03\/06\/loi-damnistie-95-deputes-ont-vote-pour\/\" \/>\n<meta property=\"og:site_name\" content=\"Nettali.com\" \/>\n<meta property=\"article:publisher\" content=\"https:\/\/www.facebook.com\/nettalicom\" \/>\n<meta property=\"article:published_time\" content=\"2024-03-06T22:17:13+00:00\" \/>\n<meta property=\"article:modified_time\" content=\"2024-03-08T08:55:05+00:00\" \/>\n<meta property=\"og:image\" content=\"https:\/\/www.nettali.com\/wp-content\/uploads\/2024\/03\/5defe4d_1663063406065-000-32j977u.jpg\" \/>\n\t<meta property=\"og:image:width\" content=\"664\" \/>\n\t<meta property=\"og:image:height\" content=\"443\" \/>\n<meta name=\"twitter:card\" content=\"summary_large_image\" \/>\n<meta name=\"twitter:label1\" content=\"\u00c9crit par\" \/>\n\t<meta name=\"twitter:data1\" content=\"Fatou\" \/>\n\t<meta name=\"twitter:label2\" content=\"Dur\u00e9e de lecture estim\u00e9e\" \/>\n\t<meta name=\"twitter:data2\" content=\"4 minutes\" \/>\n<script type=\"application\/ld+json\" class=\"yoast-schema-graph\">{\"@context\":\"https:\/\/schema.org\",\"@graph\":[{\"@type\":\"WebSite\",\"@id\":\"https:\/\/www.nettali.com\/#website\",\"url\":\"https:\/\/www.nettali.com\/\",\"name\":\"Nettali.com\",\"description\":\"Le rendez-vous critique du Net\",\"potentialAction\":[{\"@type\":\"SearchAction\",\"target\":{\"@type\":\"EntryPoint\",\"urlTemplate\":\"https:\/\/www.nettali.com\/?s={search_term_string}\"},\"query-input\":\"required name=search_term_string\"}],\"inLanguage\":\"fr-FR\"},{\"@type\":\"ImageObject\",\"@id\":\"https:\/\/www.nettali.com\/2024\/03\/06\/loi-damnistie-95-deputes-ont-vote-pour\/#primaryimage\",\"inLanguage\":\"fr-FR\",\"url\":\"https:\/\/www.nettali.com\/wp-content\/uploads\/2024\/03\/5defe4d_1663063406065-000-32j977u.jpg\",\"contentUrl\":\"https:\/\/www.nettali.com\/wp-content\/uploads\/2024\/03\/5defe4d_1663063406065-000-32j977u.jpg\",\"width\":664,\"height\":443,\"caption\":\"Senegalese deputies take part in the first parliamentary session since the July 2022 legislative elections, in Dakar on September 12, 2022. (Photo by CARMEN ABD ALI \/ AFP)\"},{\"@type\":\"WebPage\",\"@id\":\"https:\/\/www.nettali.com\/2024\/03\/06\/loi-damnistie-95-deputes-ont-vote-pour\/#webpage\",\"url\":\"https:\/\/www.nettali.com\/2024\/03\/06\/loi-damnistie-95-deputes-ont-vote-pour\/\",\"name\":\"ASSEMBLEE NATIONALE - La loi d'amnistie vot\\u00e9e | Nettali.com\",\"isPartOf\":{\"@id\":\"https:\/\/www.nettali.com\/#website\"},\"primaryImageOfPage\":{\"@id\":\"https:\/\/www.nettali.com\/2024\/03\/06\/loi-damnistie-95-deputes-ont-vote-pour\/#primaryimage\"},\"datePublished\":\"2024-03-06T22:17:13+00:00\",\"dateModified\":\"2024-03-08T08:55:05+00:00\",\"author\":{\"@id\":\"https:\/\/www.nettali.com\/#\/schema\/person\/418274a86bdf87caff7a3ef476bd0bbf\"},\"breadcrumb\":{\"@id\":\"https:\/\/www.nettali.com\/2024\/03\/06\/loi-damnistie-95-deputes-ont-vote-pour\/#breadcrumb\"},\"inLanguage\":\"fr-FR\",\"potentialAction\":[{\"@type\":\"ReadAction\",\"target\":[\"https:\/\/www.nettali.com\/2024\/03\/06\/loi-damnistie-95-deputes-ont-vote-pour\/\"]}]},{\"@type\":\"BreadcrumbList\",\"@id\":\"https:\/\/www.nettali.com\/2024\/03\/06\/loi-damnistie-95-deputes-ont-vote-pour\/#breadcrumb\",\"itemListElement\":[{\"@type\":\"ListItem\",\"position\":1,\"name\":\"Accueil\",\"item\":\"https:\/\/www.nettali.com\/\"},{\"@type\":\"ListItem\",\"position\":2,\"name\":\"ASSEMBLEE NATIONALE - La loi d'amnistie vot\\u00e9e\"}]},{\"@type\":\"Person\",\"@id\":\"https:\/\/www.nettali.com\/#\/schema\/person\/418274a86bdf87caff7a3ef476bd0bbf\",\"name\":\"Fatou\",\"image\":{\"@type\":\"ImageObject\",\"@id\":\"https:\/\/www.nettali.com\/#personlogo\",\"inLanguage\":\"fr-FR\",\"url\":\"https:\/\/secure.gravatar.com\/avatar\/5a9442a2bee7b4dcf167cab035858e9a?s=96&d=mm&r=g\",\"contentUrl\":\"https:\/\/secure.gravatar.com\/avatar\/5a9442a2bee7b4dcf167cab035858e9a?s=96&d=mm&r=g\",\"caption\":\"Fatou\"},\"sameAs\":[\"https:\/\/www.nettali.com\"]}]}<\/script>\n<!-- \/ Yoast SEO Premium plugin. -->","yoast_head_json":{"title":"ASSEMBLEE NATIONALE - La loi d'amnistie vot\u00e9e | Nettali.com","robots":{"index":"index","follow":"follow","max-snippet":"max-snippet:-1","max-image-preview":"max-image-preview:large","max-video-preview":"max-video-preview:-1"},"canonical":"https:\/\/www.nettali.com\/2024\/03\/06\/loi-damnistie-95-deputes-ont-vote-pour\/","og_locale":"fr_FR","og_type":"article","og_title":"ASSEMBLEE NATIONALE - La loi d'amnistie vot\u00e9e","og_description":"NETTALI.COM - Malgr\u00e9 la lev\u00e9e de boucliers dont il a fait l'objet, le projet de loi relatif \u00e0 l'amnistie \u00e0 \u00e9t\u00e9 finalement adopt\u00e9 par l'Assembl\u00e9e nationale : 94 d\u00e9put\u00e9s ont vot\u00e9 pour l\u2019adoption du projet d\u2019amnistie g\u00e9n\u00e9rale, 48 ont vot\u00e9 contre et 2 d\u00e9put\u00e9s se sont abstenus. Elle \u00e9tait contest\u00e9e par une bonne partie de [&hellip;]","og_url":"https:\/\/www.nettali.com\/2024\/03\/06\/loi-damnistie-95-deputes-ont-vote-pour\/","og_site_name":"Nettali.com","article_publisher":"https:\/\/www.facebook.com\/nettalicom","article_published_time":"2024-03-06T22:17:13+00:00","article_modified_time":"2024-03-08T08:55:05+00:00","og_image":[{"width":664,"height":443,"url":"https:\/\/www.nettali.com\/wp-content\/uploads\/2024\/03\/5defe4d_1663063406065-000-32j977u.jpg","type":"image\/jpeg"}],"twitter_card":"summary_large_image","twitter_misc":{"\u00c9crit par":"Fatou","Dur\u00e9e de lecture estim\u00e9e":"4 minutes"},"schema":{"@context":"https:\/\/schema.org","@graph":[{"@type":"WebSite","@id":"https:\/\/www.nettali.com\/#website","url":"https:\/\/www.nettali.com\/","name":"Nettali.com","description":"Le rendez-vous critique du Net","potentialAction":[{"@type":"SearchAction","target":{"@type":"EntryPoint","urlTemplate":"https:\/\/www.nettali.com\/?s={search_term_string}"},"query-input":"required name=search_term_string"}],"inLanguage":"fr-FR"},{"@type":"ImageObject","@id":"https:\/\/www.nettali.com\/2024\/03\/06\/loi-damnistie-95-deputes-ont-vote-pour\/#primaryimage","inLanguage":"fr-FR","url":"https:\/\/www.nettali.com\/wp-content\/uploads\/2024\/03\/5defe4d_1663063406065-000-32j977u.jpg","contentUrl":"https:\/\/www.nettali.com\/wp-content\/uploads\/2024\/03\/5defe4d_1663063406065-000-32j977u.jpg","width":664,"height":443,"caption":"Senegalese deputies take part in the first parliamentary session since the July 2022 legislative elections, in Dakar on September 12, 2022. (Photo by CARMEN ABD ALI \/ AFP)"},{"@type":"WebPage","@id":"https:\/\/www.nettali.com\/2024\/03\/06\/loi-damnistie-95-deputes-ont-vote-pour\/#webpage","url":"https:\/\/www.nettali.com\/2024\/03\/06\/loi-damnistie-95-deputes-ont-vote-pour\/","name":"ASSEMBLEE NATIONALE - La loi d'amnistie vot\u00e9e | Nettali.com","isPartOf":{"@id":"https:\/\/www.nettali.com\/#website"},"primaryImageOfPage":{"@id":"https:\/\/www.nettali.com\/2024\/03\/06\/loi-damnistie-95-deputes-ont-vote-pour\/#primaryimage"},"datePublished":"2024-03-06T22:17:13+00:00","dateModified":"2024-03-08T08:55:05+00:00","author":{"@id":"https:\/\/www.nettali.com\/#\/schema\/person\/418274a86bdf87caff7a3ef476bd0bbf"},"breadcrumb":{"@id":"https:\/\/www.nettali.com\/2024\/03\/06\/loi-damnistie-95-deputes-ont-vote-pour\/#breadcrumb"},"inLanguage":"fr-FR","potentialAction":[{"@type":"ReadAction","target":["https:\/\/www.nettali.com\/2024\/03\/06\/loi-damnistie-95-deputes-ont-vote-pour\/"]}]},{"@type":"BreadcrumbList","@id":"https:\/\/www.nettali.com\/2024\/03\/06\/loi-damnistie-95-deputes-ont-vote-pour\/#breadcrumb","itemListElement":[{"@type":"ListItem","position":1,"name":"Accueil","item":"https:\/\/www.nettali.com\/"},{"@type":"ListItem","position":2,"name":"ASSEMBLEE NATIONALE - La loi d'amnistie vot\u00e9e"}]},{"@type":"Person","@id":"https:\/\/www.nettali.com\/#\/schema\/person\/418274a86bdf87caff7a3ef476bd0bbf","name":"Fatou","image":{"@type":"ImageObject","@id":"https:\/\/www.nettali.com\/#personlogo","inLanguage":"fr-FR","url":"https:\/\/secure.gravatar.com\/avatar\/5a9442a2bee7b4dcf167cab035858e9a?s=96&d=mm&r=g","contentUrl":"https:\/\/secure.gravatar.com\/avatar\/5a9442a2bee7b4dcf167cab035858e9a?s=96&d=mm&r=g","caption":"Fatou"},"sameAs":["https:\/\/www.nettali.com"]}]}},"_links":{"self":[{"href":"https:\/\/www.nettali.com\/rest\/wp\/v2\/posts\/128973"}],"collection":[{"href":"https:\/\/www.nettali.com\/rest\/wp\/v2\/posts"}],"about":[{"href":"https:\/\/www.nettali.com\/rest\/wp\/v2\/types\/post"}],"author":[{"embeddable":true,"href":"https:\/\/www.nettali.com\/rest\/wp\/v2\/users\/6"}],"replies":[{"embeddable":true,"href":"https:\/\/www.nettali.com\/rest\/wp\/v2\/comments?post=128973"}],"version-history":[{"count":7,"href":"https:\/\/www.nettali.com\/rest\/wp\/v2\/posts\/128973\/revisions"}],"predecessor-version":[{"id":129002,"href":"https:\/\/www.nettali.com\/rest\/wp\/v2\/posts\/128973\/revisions\/129002"}],"wp:featuredmedia":[{"embeddable":true,"href":"https:\/\/www.nettali.com\/rest\/wp\/v2\/media\/128984"}],"wp:attachment":[{"href":"https:\/\/www.nettali.com\/rest\/wp\/v2\/media?parent=128973"}],"wp:term":[{"taxonomy":"category","embeddable":true,"href":"https:\/\/www.nettali.com\/rest\/wp\/v2\/categories?post=128973"},{"taxonomy":"post_tag","embeddable":true,"href":"https:\/\/www.nettali.com\/rest\/wp\/v2\/tags?post=128973"}],"curies":[{"name":"wp","href":"https:\/\/api.w.org\/{rel}","templated":true}]}}