{"id":128935,"date":"2024-03-06T13:40:19","date_gmt":"2024-03-06T13:40:19","guid":{"rendered":"https:\/\/www.nettali.com\/?p=128935"},"modified":"2024-03-06T13:40:19","modified_gmt":"2024-03-06T13:40:19","slug":"espagne-4-ans-et-9-mois-de-prison-requis-contre-carlo-ancelotti-pour-fraude-fiscale","status":"publish","type":"post","link":"https:\/\/www.nettali.com\/2024\/03\/06\/espagne-4-ans-et-9-mois-de-prison-requis-contre-carlo-ancelotti-pour-fraude-fiscale\/","title":{"rendered":"ESPAGNE - 4 ans et 9 mois de prison requis contre Carlo Ancelotti pour fraude fiscale"},"content":{"rendered":"<p class=\"summary_label\"><strong>NETTALI.COM - Le parquet de Madrid a requis quatre ans et neuf mois de prison contre Carlo Ancelotti, entra\u00eeneur du Real, pour une fraude pr\u00e9sum\u00e9e au Tr\u00e9sor public espagnol remontant aux ann\u00e9es 2014 et 2015, rapporte \u00ab Marca \u00bb.<\/strong><\/p>\n<div id=\"printable\" class=\"text_body\">\n<p>Le parquet provincial de Madrid a requis quatre ans et neuf mois de prison contre l'actuel entra\u00eeneur du Real Madrid Carlo Ancelotti (64 ans), rapporte Marca, dans le cadre d'une fraude pr\u00e9sum\u00e9e au tr\u00e9sor public espagnol. Le montant en question est estim\u00e9 \u00e0 environ 1,062 million d'euros, qui n'auraient pas \u00e9t\u00e9 pay\u00e9s au cours des ann\u00e9es 2014 et 2015 par celui qui, \u00e0 l'\u00e9poque, officiait \u00e9galement \u00e0 la t\u00eate de l'\u00e9quipe merengue. Il s'agit de gains provenant de ses droits \u00e0 l'image, qui avaient attir\u00e9 l'attention du fisc en 2020.<\/p>\n<p><strong>Avec L'Equipe<\/strong><\/p>\n<\/div>\n<div class='share-to-whatsapp-wrapper'><div class='share-on-whsp'>PARTAGER SUR : <\/div><a data-text='ESPAGNE - 4 ans et 9 mois de prison requis contre Carlo Ancelotti pour fraude fiscale' data-link='https:\/\/www.nettali.com\/2024\/03\/06\/espagne-4-ans-et-9-mois-de-prison-requis-contre-carlo-ancelotti-pour-fraude-fiscale\/' class='whatsapp-button whatsapp-share'>WhatsApp<\/a><div class='clear '><\/div><\/div>","protected":false},"excerpt":{"rendered":"<p>NETTALI.COM - Le parquet de Madrid a requis quatre ans et neuf mois de prison contre Carlo Ancelotti, entra\u00eeneur du Real, pour une fraude pr\u00e9sum\u00e9e au Tr\u00e9sor public espagnol remontant aux ann\u00e9es 2014 et 2015, rapporte \u00ab Marca \u00bb. Le parquet provincial de Madrid a requis quatre ans et neuf mois de prison contre l'actuel [&hellip;]<\/p>\n","protected":false},"author":4,"featured_media":113555,"comment_status":"open","ping_status":"open","sticky":false,"template":"","format":"standard","meta":{"_et_pb_use_builder":"","_et_pb_old_content":""},"categories":[2],"tags":[],"yoast_head":"<!-- This site is optimized with the Yoast SEO Premium plugin v17.8 (Yoast SEO v17.8) - https:\/\/yoast.com\/wordpress\/plugins\/seo\/ -->\n<title>ESPAGNE - 4 ans et 9 mois de prison requis contre Carlo Ancelotti pour fraude fiscale | Nettali.com<\/title>\n<meta name=\"robots\" content=\"index, follow, max-snippet:-1, max-image-preview:large, max-video-preview:-1\" \/>\n<link rel=\"canonical\" href=\"https:\/\/www.nettali.com\/2024\/03\/06\/espagne-4-ans-et-9-mois-de-prison-requis-contre-carlo-ancelotti-pour-fraude-fiscale\/\" \/>\n<meta property=\"og:locale\" content=\"fr_FR\" \/>\n<meta property=\"og:type\" content=\"article\" \/>\n<meta property=\"og:title\" content=\"ESPAGNE - 4 ans et 9 mois de prison requis contre Carlo Ancelotti pour fraude fiscale\" \/>\n<meta property=\"og:description\" content=\"NETTALI.COM - Le parquet de Madrid a requis quatre ans et neuf mois de prison contre Carlo Ancelotti, entra\u00eeneur du Real, pour une fraude pr\u00e9sum\u00e9e au Tr\u00e9sor public espagnol remontant aux ann\u00e9es 2014 et 2015, rapporte \u00ab Marca \u00bb. Le parquet provincial de Madrid a requis quatre ans et neuf mois de prison contre l&#039;actuel [&hellip;]\" \/>\n<meta property=\"og:url\" content=\"https:\/\/www.nettali.com\/2024\/03\/06\/espagne-4-ans-et-9-mois-de-prison-requis-contre-carlo-ancelotti-pour-fraude-fiscale\/\" \/>\n<meta property=\"og:site_name\" content=\"Nettali.com\" \/>\n<meta property=\"article:publisher\" content=\"https:\/\/www.facebook.com\/nettalicom\" \/>\n<meta property=\"article:published_time\" content=\"2024-03-06T13:40:19+00:00\" \/>\n<meta property=\"og:image\" content=\"https:\/\/www.nettali.com\/wp-content\/uploads\/2023\/07\/Carlo-Ancelotti-Real-Madrid-Madrid.jpg\" \/>\n\t<meta property=\"og:image:width\" content=\"2000\" \/>\n\t<meta property=\"og:image:height\" content=\"1343\" \/>\n<meta name=\"twitter:card\" content=\"summary_large_image\" \/>\n<meta name=\"twitter:label1\" content=\"\u00c9crit par\" \/>\n\t<meta name=\"twitter:data1\" content=\"Daouda\" \/>\n\t<meta name=\"twitter:label2\" content=\"Dur\u00e9e de lecture estim\u00e9e\" \/>\n\t<meta name=\"twitter:data2\" content=\"1 minute\" \/>\n<script type=\"application\/ld+json\" class=\"yoast-schema-graph\">{\"@context\":\"https:\/\/schema.org\",\"@graph\":[{\"@type\":\"WebSite\",\"@id\":\"https:\/\/www.nettali.com\/#website\",\"url\":\"https:\/\/www.nettali.com\/\",\"name\":\"Nettali.com\",\"description\":\"Le rendez-vous critique du Net\",\"potentialAction\":[{\"@type\":\"SearchAction\",\"target\":{\"@type\":\"EntryPoint\",\"urlTemplate\":\"https:\/\/www.nettali.com\/?s={search_term_string}\"},\"query-input\":\"required name=search_term_string\"}],\"inLanguage\":\"fr-FR\"},{\"@type\":\"ImageObject\",\"@id\":\"https:\/\/www.nettali.com\/2024\/03\/06\/espagne-4-ans-et-9-mois-de-prison-requis-contre-carlo-ancelotti-pour-fraude-fiscale\/#primaryimage\",\"inLanguage\":\"fr-FR\",\"url\":\"https:\/\/www.nettali.com\/wp-content\/uploads\/2023\/07\/Carlo-Ancelotti-Real-Madrid-Madrid.jpg\",\"contentUrl\":\"https:\/\/www.nettali.com\/wp-content\/uploads\/2023\/07\/Carlo-Ancelotti-Real-Madrid-Madrid.jpg\",\"width\":2000,\"height\":1343},{\"@type\":\"WebPage\",\"@id\":\"https:\/\/www.nettali.com\/2024\/03\/06\/espagne-4-ans-et-9-mois-de-prison-requis-contre-carlo-ancelotti-pour-fraude-fiscale\/#webpage\",\"url\":\"https:\/\/www.nettali.com\/2024\/03\/06\/espagne-4-ans-et-9-mois-de-prison-requis-contre-carlo-ancelotti-pour-fraude-fiscale\/\",\"name\":\"ESPAGNE - 4 ans et 9 mois de prison requis contre Carlo Ancelotti pour fraude fiscale | Nettali.com\",\"isPartOf\":{\"@id\":\"https:\/\/www.nettali.com\/#website\"},\"primaryImageOfPage\":{\"@id\":\"https:\/\/www.nettali.com\/2024\/03\/06\/espagne-4-ans-et-9-mois-de-prison-requis-contre-carlo-ancelotti-pour-fraude-fiscale\/#primaryimage\"},\"datePublished\":\"2024-03-06T13:40:19+00:00\",\"dateModified\":\"2024-03-06T13:40:19+00:00\",\"author\":{\"@id\":\"https:\/\/www.nettali.com\/#\/schema\/person\/3317e0bb3aa1da309fbf7b2780901bf4\"},\"breadcrumb\":{\"@id\":\"https:\/\/www.nettali.com\/2024\/03\/06\/espagne-4-ans-et-9-mois-de-prison-requis-contre-carlo-ancelotti-pour-fraude-fiscale\/#breadcrumb\"},\"inLanguage\":\"fr-FR\",\"potentialAction\":[{\"@type\":\"ReadAction\",\"target\":[\"https:\/\/www.nettali.com\/2024\/03\/06\/espagne-4-ans-et-9-mois-de-prison-requis-contre-carlo-ancelotti-pour-fraude-fiscale\/\"]}]},{\"@type\":\"BreadcrumbList\",\"@id\":\"https:\/\/www.nettali.com\/2024\/03\/06\/espagne-4-ans-et-9-mois-de-prison-requis-contre-carlo-ancelotti-pour-fraude-fiscale\/#breadcrumb\",\"itemListElement\":[{\"@type\":\"ListItem\",\"position\":1,\"name\":\"Accueil\",\"item\":\"https:\/\/www.nettali.com\/\"},{\"@type\":\"ListItem\",\"position\":2,\"name\":\"ESPAGNE - 4 ans et 9 mois de prison requis contre Carlo Ancelotti pour fraude fiscale\"}]},{\"@type\":\"Person\",\"@id\":\"https:\/\/www.nettali.com\/#\/schema\/person\/3317e0bb3aa1da309fbf7b2780901bf4\",\"name\":\"Daouda\",\"image\":{\"@type\":\"ImageObject\",\"@id\":\"https:\/\/www.nettali.com\/#personlogo\",\"inLanguage\":\"fr-FR\",\"url\":\"https:\/\/secure.gravatar.com\/avatar\/8d143b5a49345098ddcfee1c49c2f47c?s=96&d=mm&r=g\",\"contentUrl\":\"https:\/\/secure.gravatar.com\/avatar\/8d143b5a49345098ddcfee1c49c2f47c?s=96&d=mm&r=g\",\"caption\":\"Daouda\"},\"sameAs\":[\"https:\/\/www.nettali.com\"]}]}<\/script>\n<!-- \/ Yoast SEO Premium plugin. -->","yoast_head_json":{"title":"ESPAGNE - 4 ans et 9 mois de prison requis contre Carlo Ancelotti pour fraude fiscale | Nettali.com","robots":{"index":"index","follow":"follow","max-snippet":"max-snippet:-1","max-image-preview":"max-image-preview:large","max-video-preview":"max-video-preview:-1"},"canonical":"https:\/\/www.nettali.com\/2024\/03\/06\/espagne-4-ans-et-9-mois-de-prison-requis-contre-carlo-ancelotti-pour-fraude-fiscale\/","og_locale":"fr_FR","og_type":"article","og_title":"ESPAGNE - 4 ans et 9 mois de prison requis contre Carlo Ancelotti pour fraude fiscale","og_description":"NETTALI.COM - Le parquet de Madrid a requis quatre ans et neuf mois de prison contre Carlo Ancelotti, entra\u00eeneur du Real, pour une fraude pr\u00e9sum\u00e9e au Tr\u00e9sor public espagnol remontant aux ann\u00e9es 2014 et 2015, rapporte \u00ab Marca \u00bb. Le parquet provincial de Madrid a requis quatre ans et neuf mois de prison contre l'actuel [&hellip;]","og_url":"https:\/\/www.nettali.com\/2024\/03\/06\/espagne-4-ans-et-9-mois-de-prison-requis-contre-carlo-ancelotti-pour-fraude-fiscale\/","og_site_name":"Nettali.com","article_publisher":"https:\/\/www.facebook.com\/nettalicom","article_published_time":"2024-03-06T13:40:19+00:00","og_image":[{"width":2000,"height":1343,"url":"https:\/\/www.nettali.com\/wp-content\/uploads\/2023\/07\/Carlo-Ancelotti-Real-Madrid-Madrid.jpg","type":"image\/jpeg"}],"twitter_card":"summary_large_image","twitter_misc":{"\u00c9crit par":"Daouda","Dur\u00e9e de lecture estim\u00e9e":"1 minute"},"schema":{"@context":"https:\/\/schema.org","@graph":[{"@type":"WebSite","@id":"https:\/\/www.nettali.com\/#website","url":"https:\/\/www.nettali.com\/","name":"Nettali.com","description":"Le rendez-vous critique du Net","potentialAction":[{"@type":"SearchAction","target":{"@type":"EntryPoint","urlTemplate":"https:\/\/www.nettali.com\/?s={search_term_string}"},"query-input":"required name=search_term_string"}],"inLanguage":"fr-FR"},{"@type":"ImageObject","@id":"https:\/\/www.nettali.com\/2024\/03\/06\/espagne-4-ans-et-9-mois-de-prison-requis-contre-carlo-ancelotti-pour-fraude-fiscale\/#primaryimage","inLanguage":"fr-FR","url":"https:\/\/www.nettali.com\/wp-content\/uploads\/2023\/07\/Carlo-Ancelotti-Real-Madrid-Madrid.jpg","contentUrl":"https:\/\/www.nettali.com\/wp-content\/uploads\/2023\/07\/Carlo-Ancelotti-Real-Madrid-Madrid.jpg","width":2000,"height":1343},{"@type":"WebPage","@id":"https:\/\/www.nettali.com\/2024\/03\/06\/espagne-4-ans-et-9-mois-de-prison-requis-contre-carlo-ancelotti-pour-fraude-fiscale\/#webpage","url":"https:\/\/www.nettali.com\/2024\/03\/06\/espagne-4-ans-et-9-mois-de-prison-requis-contre-carlo-ancelotti-pour-fraude-fiscale\/","name":"ESPAGNE - 4 ans et 9 mois de prison requis contre Carlo Ancelotti pour fraude fiscale | Nettali.com","isPartOf":{"@id":"https:\/\/www.nettali.com\/#website"},"primaryImageOfPage":{"@id":"https:\/\/www.nettali.com\/2024\/03\/06\/espagne-4-ans-et-9-mois-de-prison-requis-contre-carlo-ancelotti-pour-fraude-fiscale\/#primaryimage"},"datePublished":"2024-03-06T13:40:19+00:00","dateModified":"2024-03-06T13:40:19+00:00","author":{"@id":"https:\/\/www.nettali.com\/#\/schema\/person\/3317e0bb3aa1da309fbf7b2780901bf4"},"breadcrumb":{"@id":"https:\/\/www.nettali.com\/2024\/03\/06\/espagne-4-ans-et-9-mois-de-prison-requis-contre-carlo-ancelotti-pour-fraude-fiscale\/#breadcrumb"},"inLanguage":"fr-FR","potentialAction":[{"@type":"ReadAction","target":["https:\/\/www.nettali.com\/2024\/03\/06\/espagne-4-ans-et-9-mois-de-prison-requis-contre-carlo-ancelotti-pour-fraude-fiscale\/"]}]},{"@type":"BreadcrumbList","@id":"https:\/\/www.nettali.com\/2024\/03\/06\/espagne-4-ans-et-9-mois-de-prison-requis-contre-carlo-ancelotti-pour-fraude-fiscale\/#breadcrumb","itemListElement":[{"@type":"ListItem","position":1,"name":"Accueil","item":"https:\/\/www.nettali.com\/"},{"@type":"ListItem","position":2,"name":"ESPAGNE - 4 ans et 9 mois de prison requis contre Carlo Ancelotti pour fraude fiscale"}]},{"@type":"Person","@id":"https:\/\/www.nettali.com\/#\/schema\/person\/3317e0bb3aa1da309fbf7b2780901bf4","name":"Daouda","image":{"@type":"ImageObject","@id":"https:\/\/www.nettali.com\/#personlogo","inLanguage":"fr-FR","url":"https:\/\/secure.gravatar.com\/avatar\/8d143b5a49345098ddcfee1c49c2f47c?s=96&d=mm&r=g","contentUrl":"https:\/\/secure.gravatar.com\/avatar\/8d143b5a49345098ddcfee1c49c2f47c?s=96&d=mm&r=g","caption":"Daouda"},"sameAs":["https:\/\/www.nettali.com"]}]}},"_links":{"self":[{"href":"https:\/\/www.nettali.com\/rest\/wp\/v2\/posts\/128935"}],"collection":[{"href":"https:\/\/www.nettali.com\/rest\/wp\/v2\/posts"}],"about":[{"href":"https:\/\/www.nettali.com\/rest\/wp\/v2\/types\/post"}],"author":[{"embeddable":true,"href":"https:\/\/www.nettali.com\/rest\/wp\/v2\/users\/4"}],"replies":[{"embeddable":true,"href":"https:\/\/www.nettali.com\/rest\/wp\/v2\/comments?post=128935"}],"version-history":[{"count":1,"href":"https:\/\/www.nettali.com\/rest\/wp\/v2\/posts\/128935\/revisions"}],"predecessor-version":[{"id":128937,"href":"https:\/\/www.nettali.com\/rest\/wp\/v2\/posts\/128935\/revisions\/128937"}],"wp:featuredmedia":[{"embeddable":true,"href":"https:\/\/www.nettali.com\/rest\/wp\/v2\/media\/113555"}],"wp:attachment":[{"href":"https:\/\/www.nettali.com\/rest\/wp\/v2\/media?parent=128935"}],"wp:term":[{"taxonomy":"category","embeddable":true,"href":"https:\/\/www.nettali.com\/rest\/wp\/v2\/categories?post=128935"},{"taxonomy":"post_tag","embeddable":true,"href":"https:\/\/www.nettali.com\/rest\/wp\/v2\/tags?post=128935"}],"curies":[{"name":"wp","href":"https:\/\/api.w.org\/{rel}","templated":true}]}}