{"id":128838,"date":"2024-03-05T09:01:11","date_gmt":"2024-03-05T09:01:11","guid":{"rendered":"https:\/\/www.nettali.com\/?p=128838"},"modified":"2024-03-05T09:01:11","modified_gmt":"2024-03-05T09:01:11","slug":"gambie-la-perpetuite-requise-contre-lex-ministre-de-linterieur-ousman-sonko","status":"publish","type":"post","link":"https:\/\/www.nettali.com\/2024\/03\/05\/gambie-la-perpetuite-requise-contre-lex-ministre-de-linterieur-ousman-sonko\/","title":{"rendered":"GAMBIE - La perp\u00e9tuit\u00e9 requise contre l\u2019ex-ministre de l\u2019Int\u00e9rieur Ousman Sonko"},"content":{"rendered":"<p><strong>NETTALI.COM - Le proc\u00e8s historique d\u2019Ousman Sonko, en Suisse, entre dans sa derni\u00e8re ligne droite. L\u2019ancien ministre gambien de l\u2019Int\u00e9rieur est accus\u00e9 de crimes contre l\u2019humanit\u00e9, torture, enl\u00e8vement ou encore ex\u00e9cutions extrajudiciaires, des faits commis sous la dictature de l\u2019ancien pr\u00e9sident en exil Yahya Jammeh. Ce lundi 4 mars, c\u2019\u00e9tait les r\u00e9quisitions de la procureure qui a demand\u00e9 la prison \u00e0 vie.<\/strong><\/p>\n<p>Jamais un homme au niveau hi\u00e9rarchique aussi \u00e9lev\u00e9 n\u2019a \u00e9t\u00e9 jug\u00e9 en Europe, au titre de la comp\u00e9tence universelle. Pour le minist\u00e8re public, aucun doute, Ousman Sonko a jou\u00e9 un r\u00f4le de premier plan dans le syst\u00e8me criminel de r\u00e9pression mise en place par la dictature, et ce, d\u00e8s le d\u00e9part.\u00a0<em>\u00ab\u00a0C'\u00e9tait un confident du pr\u00e9sident Jammeh. Il \u00e9tait totalement au courant qu\u2019il r\u00e9alisait sa vision, avec une attaque large et syst\u00e9matique contre les civils<\/em>\u00a0\u00bb, a d\u00e9clar\u00e9 la procureure.<\/p>\n<p>Ancien commandant de la garde pr\u00e9sidentielle, puis inspecteur g\u00e9n\u00e9ral de la police et enfin ministre de l\u2019Int\u00e9rieur, l\u2019accus\u00e9 a connu une progression exponentielle. Pour l\u2019instruction, Ousman Sonko avait une telle place, impossible qu\u2019il n\u2019ait pas eu connaissance des violences contre la population. Il y a m\u00eame largement contribu\u00e9 au travers de ses fonctions, de plus en plus importantes.<\/p>\n<p>La procureure a retenu que les crimes \u00e9taient commis avec une cruaut\u00e9 particuli\u00e8re, une circonstance aggravante qui lui a permis de demander la perp\u00e9tuit\u00e9.<\/p>\n<p>\u00ab\u00a0<em>C\u2019est \u00e0 f\u00e9liciter. La r\u00e9ponse judiciaire \u00e0 cette question constituera un pr\u00e9c\u00e9dent, car jamais un tribunal suisse ne s\u2019est encore prononc\u00e9 \u00e0 ce sujet. Il s\u2019agira donc d\u2019une jurisprudence utile \u00e0 l\u2019\u00e9volution du droit, dans le domaine des crimes internationaux<\/em> \u00bb, a r\u00e9agi Beno\u00eet Meystre, conseiller juridique pour l'ONG Trial International qui est \u00e0 l'origine du proc\u00e8s.<\/p>\n<p>Les avocats des victimes et d\u2019Ousman Sonko vont d\u00e9sormais se succ\u00e9der jusqu\u2019\u00e0 la derni\u00e8re audience, vendredi 8 mars, durant laquelle Ousman Sonko aura le droit de s\u2019exprimer. L\u2019affaire sera ensuite mise en d\u00e9lib\u00e9r\u00e9.<\/p>\n<div class='share-to-whatsapp-wrapper'><div class='share-on-whsp'>PARTAGER SUR : <\/div><a data-text='GAMBIE - La perp\u00e9tuit\u00e9 requise contre l\u2019ex-ministre de l\u2019Int\u00e9rieur Ousman Sonko' data-link='https:\/\/www.nettali.com\/2024\/03\/05\/gambie-la-perpetuite-requise-contre-lex-ministre-de-linterieur-ousman-sonko\/' class='whatsapp-button whatsapp-share'>WhatsApp<\/a><div class='clear '><\/div><\/div>","protected":false},"excerpt":{"rendered":"<p>NETTALI.COM - Le proc\u00e8s historique d\u2019Ousman Sonko, en Suisse, entre dans sa derni\u00e8re ligne droite. L\u2019ancien ministre gambien de l\u2019Int\u00e9rieur est accus\u00e9 de crimes contre l\u2019humanit\u00e9, torture, enl\u00e8vement ou encore ex\u00e9cutions extrajudiciaires, des faits commis sous la dictature de l\u2019ancien pr\u00e9sident en exil Yahya Jammeh. Ce lundi 4 mars, c\u2019\u00e9tait les r\u00e9quisitions de la procureure [&hellip;]<\/p>\n","protected":false},"author":4,"featured_media":128839,"comment_status":"open","ping_status":"open","sticky":false,"template":"","format":"standard","meta":{"_et_pb_use_builder":"","_et_pb_old_content":""},"categories":[8],"tags":[],"yoast_head":"<!-- This site is optimized with the Yoast SEO Premium plugin v17.8 (Yoast SEO v17.8) - https:\/\/yoast.com\/wordpress\/plugins\/seo\/ -->\n<title>GAMBIE - La perp\u00e9tuit\u00e9 requise contre l\u2019ex-ministre de l\u2019Int\u00e9rieur Ousman Sonko | Nettali.com<\/title>\n<meta name=\"robots\" content=\"index, follow, max-snippet:-1, max-image-preview:large, max-video-preview:-1\" \/>\n<link rel=\"canonical\" href=\"https:\/\/www.nettali.com\/2024\/03\/05\/gambie-la-perpetuite-requise-contre-lex-ministre-de-linterieur-ousman-sonko\/\" \/>\n<meta property=\"og:locale\" content=\"fr_FR\" \/>\n<meta property=\"og:type\" content=\"article\" \/>\n<meta property=\"og:title\" content=\"GAMBIE - La perp\u00e9tuit\u00e9 requise contre l\u2019ex-ministre de l\u2019Int\u00e9rieur Ousman Sonko\" \/>\n<meta property=\"og:description\" content=\"NETTALI.COM - Le proc\u00e8s historique d\u2019Ousman Sonko, en Suisse, entre dans sa derni\u00e8re ligne droite. L\u2019ancien ministre gambien de l\u2019Int\u00e9rieur est accus\u00e9 de crimes contre l\u2019humanit\u00e9, torture, enl\u00e8vement ou encore ex\u00e9cutions extrajudiciaires, des faits commis sous la dictature de l\u2019ancien pr\u00e9sident en exil Yahya Jammeh. Ce lundi 4 mars, c\u2019\u00e9tait les r\u00e9quisitions de la procureure [&hellip;]\" \/>\n<meta property=\"og:url\" content=\"https:\/\/www.nettali.com\/2024\/03\/05\/gambie-la-perpetuite-requise-contre-lex-ministre-de-linterieur-ousman-sonko\/\" \/>\n<meta property=\"og:site_name\" content=\"Nettali.com\" \/>\n<meta property=\"article:publisher\" content=\"https:\/\/www.facebook.com\/nettalicom\" \/>\n<meta property=\"article:published_time\" content=\"2024-03-05T09:01:11+00:00\" \/>\n<meta property=\"og:image\" content=\"https:\/\/www.nettali.com\/wp-content\/uploads\/2024\/03\/Capture-de\u0301cran-2024-03-05-a\u0300-09.00.40.png\" \/>\n\t<meta property=\"og:image:width\" content=\"967\" \/>\n\t<meta property=\"og:image:height\" content=\"539\" \/>\n<meta name=\"twitter:card\" content=\"summary_large_image\" \/>\n<meta name=\"twitter:label1\" content=\"\u00c9crit par\" \/>\n\t<meta name=\"twitter:data1\" content=\"Daouda\" \/>\n\t<meta name=\"twitter:label2\" content=\"Dur\u00e9e de lecture estim\u00e9e\" \/>\n\t<meta name=\"twitter:data2\" content=\"2 minutes\" \/>\n<script type=\"application\/ld+json\" class=\"yoast-schema-graph\">{\"@context\":\"https:\/\/schema.org\",\"@graph\":[{\"@type\":\"WebSite\",\"@id\":\"https:\/\/www.nettali.com\/#website\",\"url\":\"https:\/\/www.nettali.com\/\",\"name\":\"Nettali.com\",\"description\":\"Le rendez-vous critique du Net\",\"potentialAction\":[{\"@type\":\"SearchAction\",\"target\":{\"@type\":\"EntryPoint\",\"urlTemplate\":\"https:\/\/www.nettali.com\/?s={search_term_string}\"},\"query-input\":\"required name=search_term_string\"}],\"inLanguage\":\"fr-FR\"},{\"@type\":\"ImageObject\",\"@id\":\"https:\/\/www.nettali.com\/2024\/03\/05\/gambie-la-perpetuite-requise-contre-lex-ministre-de-linterieur-ousman-sonko\/#primaryimage\",\"inLanguage\":\"fr-FR\",\"url\":\"https:\/\/www.nettali.com\/wp-content\/uploads\/2024\/03\/Capture-de\\u0301cran-2024-03-05-a\\u0300-09.00.40.png\",\"contentUrl\":\"https:\/\/www.nettali.com\/wp-content\/uploads\/2024\/03\/Capture-de\\u0301cran-2024-03-05-a\\u0300-09.00.40.png\",\"width\":967,\"height\":539},{\"@type\":\"WebPage\",\"@id\":\"https:\/\/www.nettali.com\/2024\/03\/05\/gambie-la-perpetuite-requise-contre-lex-ministre-de-linterieur-ousman-sonko\/#webpage\",\"url\":\"https:\/\/www.nettali.com\/2024\/03\/05\/gambie-la-perpetuite-requise-contre-lex-ministre-de-linterieur-ousman-sonko\/\",\"name\":\"GAMBIE - La perp\\u00e9tuit\\u00e9 requise contre l\\u2019ex-ministre de l\\u2019Int\\u00e9rieur Ousman Sonko | Nettali.com\",\"isPartOf\":{\"@id\":\"https:\/\/www.nettali.com\/#website\"},\"primaryImageOfPage\":{\"@id\":\"https:\/\/www.nettali.com\/2024\/03\/05\/gambie-la-perpetuite-requise-contre-lex-ministre-de-linterieur-ousman-sonko\/#primaryimage\"},\"datePublished\":\"2024-03-05T09:01:11+00:00\",\"dateModified\":\"2024-03-05T09:01:11+00:00\",\"author\":{\"@id\":\"https:\/\/www.nettali.com\/#\/schema\/person\/3317e0bb3aa1da309fbf7b2780901bf4\"},\"breadcrumb\":{\"@id\":\"https:\/\/www.nettali.com\/2024\/03\/05\/gambie-la-perpetuite-requise-contre-lex-ministre-de-linterieur-ousman-sonko\/#breadcrumb\"},\"inLanguage\":\"fr-FR\",\"potentialAction\":[{\"@type\":\"ReadAction\",\"target\":[\"https:\/\/www.nettali.com\/2024\/03\/05\/gambie-la-perpetuite-requise-contre-lex-ministre-de-linterieur-ousman-sonko\/\"]}]},{\"@type\":\"BreadcrumbList\",\"@id\":\"https:\/\/www.nettali.com\/2024\/03\/05\/gambie-la-perpetuite-requise-contre-lex-ministre-de-linterieur-ousman-sonko\/#breadcrumb\",\"itemListElement\":[{\"@type\":\"ListItem\",\"position\":1,\"name\":\"Accueil\",\"item\":\"https:\/\/www.nettali.com\/\"},{\"@type\":\"ListItem\",\"position\":2,\"name\":\"GAMBIE - La perp\\u00e9tuit\\u00e9 requise contre l\\u2019ex-ministre de l\\u2019Int\\u00e9rieur Ousman Sonko\"}]},{\"@type\":\"Person\",\"@id\":\"https:\/\/www.nettali.com\/#\/schema\/person\/3317e0bb3aa1da309fbf7b2780901bf4\",\"name\":\"Daouda\",\"image\":{\"@type\":\"ImageObject\",\"@id\":\"https:\/\/www.nettali.com\/#personlogo\",\"inLanguage\":\"fr-FR\",\"url\":\"https:\/\/secure.gravatar.com\/avatar\/8d143b5a49345098ddcfee1c49c2f47c?s=96&d=mm&r=g\",\"contentUrl\":\"https:\/\/secure.gravatar.com\/avatar\/8d143b5a49345098ddcfee1c49c2f47c?s=96&d=mm&r=g\",\"caption\":\"Daouda\"},\"sameAs\":[\"https:\/\/www.nettali.com\"]}]}<\/script>\n<!-- \/ Yoast SEO Premium plugin. -->","yoast_head_json":{"title":"GAMBIE - La perp\u00e9tuit\u00e9 requise contre l\u2019ex-ministre de l\u2019Int\u00e9rieur Ousman Sonko | Nettali.com","robots":{"index":"index","follow":"follow","max-snippet":"max-snippet:-1","max-image-preview":"max-image-preview:large","max-video-preview":"max-video-preview:-1"},"canonical":"https:\/\/www.nettali.com\/2024\/03\/05\/gambie-la-perpetuite-requise-contre-lex-ministre-de-linterieur-ousman-sonko\/","og_locale":"fr_FR","og_type":"article","og_title":"GAMBIE - La perp\u00e9tuit\u00e9 requise contre l\u2019ex-ministre de l\u2019Int\u00e9rieur Ousman Sonko","og_description":"NETTALI.COM - Le proc\u00e8s historique d\u2019Ousman Sonko, en Suisse, entre dans sa derni\u00e8re ligne droite. L\u2019ancien ministre gambien de l\u2019Int\u00e9rieur est accus\u00e9 de crimes contre l\u2019humanit\u00e9, torture, enl\u00e8vement ou encore ex\u00e9cutions extrajudiciaires, des faits commis sous la dictature de l\u2019ancien pr\u00e9sident en exil Yahya Jammeh. Ce lundi 4 mars, c\u2019\u00e9tait les r\u00e9quisitions de la procureure [&hellip;]","og_url":"https:\/\/www.nettali.com\/2024\/03\/05\/gambie-la-perpetuite-requise-contre-lex-ministre-de-linterieur-ousman-sonko\/","og_site_name":"Nettali.com","article_publisher":"https:\/\/www.facebook.com\/nettalicom","article_published_time":"2024-03-05T09:01:11+00:00","og_image":[{"width":967,"height":539,"url":"https:\/\/www.nettali.com\/wp-content\/uploads\/2024\/03\/Capture-de\u0301cran-2024-03-05-a\u0300-09.00.40.png","type":"image\/png"}],"twitter_card":"summary_large_image","twitter_misc":{"\u00c9crit par":"Daouda","Dur\u00e9e de lecture estim\u00e9e":"2 minutes"},"schema":{"@context":"https:\/\/schema.org","@graph":[{"@type":"WebSite","@id":"https:\/\/www.nettali.com\/#website","url":"https:\/\/www.nettali.com\/","name":"Nettali.com","description":"Le rendez-vous critique du Net","potentialAction":[{"@type":"SearchAction","target":{"@type":"EntryPoint","urlTemplate":"https:\/\/www.nettali.com\/?s={search_term_string}"},"query-input":"required name=search_term_string"}],"inLanguage":"fr-FR"},{"@type":"ImageObject","@id":"https:\/\/www.nettali.com\/2024\/03\/05\/gambie-la-perpetuite-requise-contre-lex-ministre-de-linterieur-ousman-sonko\/#primaryimage","inLanguage":"fr-FR","url":"https:\/\/www.nettali.com\/wp-content\/uploads\/2024\/03\/Capture-de\u0301cran-2024-03-05-a\u0300-09.00.40.png","contentUrl":"https:\/\/www.nettali.com\/wp-content\/uploads\/2024\/03\/Capture-de\u0301cran-2024-03-05-a\u0300-09.00.40.png","width":967,"height":539},{"@type":"WebPage","@id":"https:\/\/www.nettali.com\/2024\/03\/05\/gambie-la-perpetuite-requise-contre-lex-ministre-de-linterieur-ousman-sonko\/#webpage","url":"https:\/\/www.nettali.com\/2024\/03\/05\/gambie-la-perpetuite-requise-contre-lex-ministre-de-linterieur-ousman-sonko\/","name":"GAMBIE - La perp\u00e9tuit\u00e9 requise contre l\u2019ex-ministre de l\u2019Int\u00e9rieur Ousman Sonko | Nettali.com","isPartOf":{"@id":"https:\/\/www.nettali.com\/#website"},"primaryImageOfPage":{"@id":"https:\/\/www.nettali.com\/2024\/03\/05\/gambie-la-perpetuite-requise-contre-lex-ministre-de-linterieur-ousman-sonko\/#primaryimage"},"datePublished":"2024-03-05T09:01:11+00:00","dateModified":"2024-03-05T09:01:11+00:00","author":{"@id":"https:\/\/www.nettali.com\/#\/schema\/person\/3317e0bb3aa1da309fbf7b2780901bf4"},"breadcrumb":{"@id":"https:\/\/www.nettali.com\/2024\/03\/05\/gambie-la-perpetuite-requise-contre-lex-ministre-de-linterieur-ousman-sonko\/#breadcrumb"},"inLanguage":"fr-FR","potentialAction":[{"@type":"ReadAction","target":["https:\/\/www.nettali.com\/2024\/03\/05\/gambie-la-perpetuite-requise-contre-lex-ministre-de-linterieur-ousman-sonko\/"]}]},{"@type":"BreadcrumbList","@id":"https:\/\/www.nettali.com\/2024\/03\/05\/gambie-la-perpetuite-requise-contre-lex-ministre-de-linterieur-ousman-sonko\/#breadcrumb","itemListElement":[{"@type":"ListItem","position":1,"name":"Accueil","item":"https:\/\/www.nettali.com\/"},{"@type":"ListItem","position":2,"name":"GAMBIE - La perp\u00e9tuit\u00e9 requise contre l\u2019ex-ministre de l\u2019Int\u00e9rieur Ousman Sonko"}]},{"@type":"Person","@id":"https:\/\/www.nettali.com\/#\/schema\/person\/3317e0bb3aa1da309fbf7b2780901bf4","name":"Daouda","image":{"@type":"ImageObject","@id":"https:\/\/www.nettali.com\/#personlogo","inLanguage":"fr-FR","url":"https:\/\/secure.gravatar.com\/avatar\/8d143b5a49345098ddcfee1c49c2f47c?s=96&d=mm&r=g","contentUrl":"https:\/\/secure.gravatar.com\/avatar\/8d143b5a49345098ddcfee1c49c2f47c?s=96&d=mm&r=g","caption":"Daouda"},"sameAs":["https:\/\/www.nettali.com"]}]}},"_links":{"self":[{"href":"https:\/\/www.nettali.com\/rest\/wp\/v2\/posts\/128838"}],"collection":[{"href":"https:\/\/www.nettali.com\/rest\/wp\/v2\/posts"}],"about":[{"href":"https:\/\/www.nettali.com\/rest\/wp\/v2\/types\/post"}],"author":[{"embeddable":true,"href":"https:\/\/www.nettali.com\/rest\/wp\/v2\/users\/4"}],"replies":[{"embeddable":true,"href":"https:\/\/www.nettali.com\/rest\/wp\/v2\/comments?post=128838"}],"version-history":[{"count":1,"href":"https:\/\/www.nettali.com\/rest\/wp\/v2\/posts\/128838\/revisions"}],"predecessor-version":[{"id":128840,"href":"https:\/\/www.nettali.com\/rest\/wp\/v2\/posts\/128838\/revisions\/128840"}],"wp:featuredmedia":[{"embeddable":true,"href":"https:\/\/www.nettali.com\/rest\/wp\/v2\/media\/128839"}],"wp:attachment":[{"href":"https:\/\/www.nettali.com\/rest\/wp\/v2\/media?parent=128838"}],"wp:term":[{"taxonomy":"category","embeddable":true,"href":"https:\/\/www.nettali.com\/rest\/wp\/v2\/categories?post=128838"},{"taxonomy":"post_tag","embeddable":true,"href":"https:\/\/www.nettali.com\/rest\/wp\/v2\/tags?post=128838"}],"curies":[{"name":"wp","href":"https:\/\/api.w.org\/{rel}","templated":true}]}}