{"id":128829,"date":"2024-03-05T08:40:47","date_gmt":"2024-03-05T08:40:47","guid":{"rendered":"https:\/\/www.nettali.com\/?p=128829"},"modified":"2024-03-05T08:40:47","modified_gmt":"2024-03-05T08:40:47","slug":"psg-mbappe-al-khelai%cc%88fi-sestime-trahi","status":"publish","type":"post","link":"https:\/\/www.nettali.com\/2024\/03\/05\/psg-mbappe-al-khelai%cc%88fi-sestime-trahi\/","title":{"rendered":"PSG  Mbappe\u0301, Al-Khelai\u0308fi s'estime trahi !"},"content":{"rendered":"<div class=\"page\" title=\"Page 11\">\n<div class=\"section\">\n<div class=\"layoutArea\">\n<div class=\"column\">\n<p><strong>NETTALI.COM -<\/strong> En fin de contrat en juin prochain, l'at- taquant Kylian Mbappe\u0301 (25 ans, 22 matchs et 21 buts en L1 cette saison) a annonce\u0301, en interne, sa de\u0301cision de quitter le Paris Saint-Germain au terme de la saison. Sur ce dossier, le pre\u0301sident parisien Nasser Al-Khelai\u0308fi, qui souhaitait conserver l'international franc\u0327ais, n'a pas re\u0301ussi a\u0300 imposer sa volonte\u0301.<\/p>\n<p>Et selon les informations du quotidien L'Equipe, le Qatari a du mal a\u0300 dige\u0301rer cette \u201c<em>trahison<\/em>\u201d. \u201c<em>On ne dit pas non a\u0300 Nasser Al-Khelai\u0308fi ou au Qatar. D\u2019ordinaire, quand ils veulent quelque chose, ils l\u2019obtiennent. Le refus de Mbappe\u0301 est ve\u0301cu comme un affront, une trahison<\/em>\u201d, a fait savoir un connaisseur de l'e\u0301mirat ce lundi.<\/p>\n<p>Remonte\u0301, Al- Khelai\u0308fi n'arrive pas a\u0300 comprendre la de\u0301cision de Mbappe\u0301 alors que le boss du PSG lui a tout accorde\u0301 depuis deux ans pour le convaincre de rester. Des efforts insuffisants au final, et une grosse amertume pour NAK.<\/p>\n<\/div>\n<\/div>\n<\/div>\n<\/div>\n<div class='share-to-whatsapp-wrapper'><div class='share-on-whsp'>PARTAGER SUR : <\/div><a data-text='PSG  Mbappe\u0301, Al-Khelai\u0308fi s'estime trahi !' data-link='https:\/\/www.nettali.com\/2024\/03\/05\/psg-mbappe-al-khelai%cc%88fi-sestime-trahi\/' class='whatsapp-button whatsapp-share'>WhatsApp<\/a><div class='clear '><\/div><\/div>","protected":false},"excerpt":{"rendered":"<p>NETTALI.COM - En fin de contrat en juin prochain, l'at- taquant Kylian Mbappe\u0301 (25 ans, 22 matchs et 21 buts en L1 cette saison) a annonce\u0301, en interne, sa de\u0301cision de quitter le Paris Saint-Germain au terme de la saison. Sur ce dossier, le pre\u0301sident parisien Nasser Al-Khelai\u0308fi, qui souhaitait conserver l'international franc\u0327ais, n'a pas [&hellip;]<\/p>\n","protected":false},"author":2,"featured_media":128830,"comment_status":"open","ping_status":"open","sticky":false,"template":"","format":"standard","meta":{"_et_pb_use_builder":"","_et_pb_old_content":""},"categories":[6],"tags":[],"yoast_head":"<!-- This site is optimized with the Yoast SEO Premium plugin v17.8 (Yoast SEO v17.8) - https:\/\/yoast.com\/wordpress\/plugins\/seo\/ -->\n<title>PSG Mbappe\u0301, Al-Khelai\u0308fi s&#039;estime trahi ! | Nettali.com<\/title>\n<meta name=\"robots\" content=\"index, follow, max-snippet:-1, max-image-preview:large, max-video-preview:-1\" \/>\n<link rel=\"canonical\" href=\"https:\/\/www.nettali.com\/2024\/03\/05\/psg-mbappe-al-khelai\u0308fi-sestime-trahi\/\" \/>\n<meta property=\"og:locale\" content=\"fr_FR\" \/>\n<meta property=\"og:type\" content=\"article\" \/>\n<meta property=\"og:title\" content=\"PSG Mbappe\u0301, Al-Khelai\u0308fi s&#039;estime trahi !\" \/>\n<meta property=\"og:description\" content=\"NETTALI.COM - En fin de contrat en juin prochain, l&#039;at- taquant Kylian Mbappe\u0301 (25 ans, 22 matchs et 21 buts en L1 cette saison) a annonce\u0301, en interne, sa de\u0301cision de quitter le Paris Saint-Germain au terme de la saison. Sur ce dossier, le pre\u0301sident parisien Nasser Al-Khelai\u0308fi, qui souhaitait conserver l&#039;international franc\u0327ais, n&#039;a pas [&hellip;]\" \/>\n<meta property=\"og:url\" content=\"https:\/\/www.nettali.com\/2024\/03\/05\/psg-mbappe-al-khelai\u0308fi-sestime-trahi\/\" \/>\n<meta property=\"og:site_name\" content=\"Nettali.com\" \/>\n<meta property=\"article:publisher\" content=\"https:\/\/www.facebook.com\/nettalicom\" \/>\n<meta property=\"article:published_time\" content=\"2024-03-05T08:40:47+00:00\" \/>\n<meta property=\"og:image\" content=\"https:\/\/www.nettali.com\/wp-content\/uploads\/2024\/03\/nasser-al-khelaifi-93.jpg\" \/>\n\t<meta property=\"og:image:width\" content=\"600\" \/>\n\t<meta property=\"og:image:height\" content=\"400\" \/>\n<meta name=\"twitter:card\" content=\"summary_large_image\" \/>\n<meta name=\"twitter:label1\" content=\"\u00c9crit par\" \/>\n\t<meta name=\"twitter:data1\" content=\"CK\" \/>\n\t<meta name=\"twitter:label2\" content=\"Dur\u00e9e de lecture estim\u00e9e\" \/>\n\t<meta name=\"twitter:data2\" content=\"1 minute\" \/>\n<script type=\"application\/ld+json\" class=\"yoast-schema-graph\">{\"@context\":\"https:\/\/schema.org\",\"@graph\":[{\"@type\":\"WebSite\",\"@id\":\"https:\/\/www.nettali.com\/#website\",\"url\":\"https:\/\/www.nettali.com\/\",\"name\":\"Nettali.com\",\"description\":\"Le rendez-vous critique du Net\",\"potentialAction\":[{\"@type\":\"SearchAction\",\"target\":{\"@type\":\"EntryPoint\",\"urlTemplate\":\"https:\/\/www.nettali.com\/?s={search_term_string}\"},\"query-input\":\"required name=search_term_string\"}],\"inLanguage\":\"fr-FR\"},{\"@type\":\"ImageObject\",\"@id\":\"https:\/\/www.nettali.com\/2024\/03\/05\/psg-mbappe-al-khelai%cc%88fi-sestime-trahi\/#primaryimage\",\"inLanguage\":\"fr-FR\",\"url\":\"https:\/\/www.nettali.com\/wp-content\/uploads\/2024\/03\/nasser-al-khelaifi-93.jpg\",\"contentUrl\":\"https:\/\/www.nettali.com\/wp-content\/uploads\/2024\/03\/nasser-al-khelaifi-93.jpg\",\"width\":600,\"height\":400},{\"@type\":\"WebPage\",\"@id\":\"https:\/\/www.nettali.com\/2024\/03\/05\/psg-mbappe-al-khelai%cc%88fi-sestime-trahi\/#webpage\",\"url\":\"https:\/\/www.nettali.com\/2024\/03\/05\/psg-mbappe-al-khelai%cc%88fi-sestime-trahi\/\",\"name\":\"PSG Mbappe\\u0301, Al-Khelai\\u0308fi s'estime trahi ! | Nettali.com\",\"isPartOf\":{\"@id\":\"https:\/\/www.nettali.com\/#website\"},\"primaryImageOfPage\":{\"@id\":\"https:\/\/www.nettali.com\/2024\/03\/05\/psg-mbappe-al-khelai%cc%88fi-sestime-trahi\/#primaryimage\"},\"datePublished\":\"2024-03-05T08:40:47+00:00\",\"dateModified\":\"2024-03-05T08:40:47+00:00\",\"author\":{\"@id\":\"https:\/\/www.nettali.com\/#\/schema\/person\/d8ac7b7e27ddad43f1c0d2ef090d7f71\"},\"breadcrumb\":{\"@id\":\"https:\/\/www.nettali.com\/2024\/03\/05\/psg-mbappe-al-khelai%cc%88fi-sestime-trahi\/#breadcrumb\"},\"inLanguage\":\"fr-FR\",\"potentialAction\":[{\"@type\":\"ReadAction\",\"target\":[\"https:\/\/www.nettali.com\/2024\/03\/05\/psg-mbappe-al-khelai%cc%88fi-sestime-trahi\/\"]}]},{\"@type\":\"BreadcrumbList\",\"@id\":\"https:\/\/www.nettali.com\/2024\/03\/05\/psg-mbappe-al-khelai%cc%88fi-sestime-trahi\/#breadcrumb\",\"itemListElement\":[{\"@type\":\"ListItem\",\"position\":1,\"name\":\"Accueil\",\"item\":\"https:\/\/www.nettali.com\/\"},{\"@type\":\"ListItem\",\"position\":2,\"name\":\"PSG Mbappe\\u0301, Al-Khelai\\u0308fi s'estime trahi !\"}]},{\"@type\":\"Person\",\"@id\":\"https:\/\/www.nettali.com\/#\/schema\/person\/d8ac7b7e27ddad43f1c0d2ef090d7f71\",\"name\":\"CK\",\"image\":{\"@type\":\"ImageObject\",\"@id\":\"https:\/\/www.nettali.com\/#personlogo\",\"inLanguage\":\"fr-FR\",\"url\":\"https:\/\/secure.gravatar.com\/avatar\/1d8d5118b9327d94da7cd4ce7f17fec2?s=96&d=mm&r=g\",\"contentUrl\":\"https:\/\/secure.gravatar.com\/avatar\/1d8d5118b9327d94da7cd4ce7f17fec2?s=96&d=mm&r=g\",\"caption\":\"CK\"},\"sameAs\":[\"https:\/\/www.nettali.com\"]}]}<\/script>\n<!-- \/ Yoast SEO Premium plugin. -->","yoast_head_json":{"title":"PSG Mbappe\u0301, Al-Khelai\u0308fi s'estime trahi ! | Nettali.com","robots":{"index":"index","follow":"follow","max-snippet":"max-snippet:-1","max-image-preview":"max-image-preview:large","max-video-preview":"max-video-preview:-1"},"canonical":"https:\/\/www.nettali.com\/2024\/03\/05\/psg-mbappe-al-khelai\u0308fi-sestime-trahi\/","og_locale":"fr_FR","og_type":"article","og_title":"PSG Mbappe\u0301, Al-Khelai\u0308fi s'estime trahi !","og_description":"NETTALI.COM - En fin de contrat en juin prochain, l'at- taquant Kylian Mbappe\u0301 (25 ans, 22 matchs et 21 buts en L1 cette saison) a annonce\u0301, en interne, sa de\u0301cision de quitter le Paris Saint-Germain au terme de la saison. Sur ce dossier, le pre\u0301sident parisien Nasser Al-Khelai\u0308fi, qui souhaitait conserver l'international franc\u0327ais, n'a pas [&hellip;]","og_url":"https:\/\/www.nettali.com\/2024\/03\/05\/psg-mbappe-al-khelai\u0308fi-sestime-trahi\/","og_site_name":"Nettali.com","article_publisher":"https:\/\/www.facebook.com\/nettalicom","article_published_time":"2024-03-05T08:40:47+00:00","og_image":[{"width":600,"height":400,"url":"https:\/\/www.nettali.com\/wp-content\/uploads\/2024\/03\/nasser-al-khelaifi-93.jpg","type":"image\/jpeg"}],"twitter_card":"summary_large_image","twitter_misc":{"\u00c9crit par":"CK","Dur\u00e9e de lecture estim\u00e9e":"1 minute"},"schema":{"@context":"https:\/\/schema.org","@graph":[{"@type":"WebSite","@id":"https:\/\/www.nettali.com\/#website","url":"https:\/\/www.nettali.com\/","name":"Nettali.com","description":"Le rendez-vous critique du Net","potentialAction":[{"@type":"SearchAction","target":{"@type":"EntryPoint","urlTemplate":"https:\/\/www.nettali.com\/?s={search_term_string}"},"query-input":"required name=search_term_string"}],"inLanguage":"fr-FR"},{"@type":"ImageObject","@id":"https:\/\/www.nettali.com\/2024\/03\/05\/psg-mbappe-al-khelai%cc%88fi-sestime-trahi\/#primaryimage","inLanguage":"fr-FR","url":"https:\/\/www.nettali.com\/wp-content\/uploads\/2024\/03\/nasser-al-khelaifi-93.jpg","contentUrl":"https:\/\/www.nettali.com\/wp-content\/uploads\/2024\/03\/nasser-al-khelaifi-93.jpg","width":600,"height":400},{"@type":"WebPage","@id":"https:\/\/www.nettali.com\/2024\/03\/05\/psg-mbappe-al-khelai%cc%88fi-sestime-trahi\/#webpage","url":"https:\/\/www.nettali.com\/2024\/03\/05\/psg-mbappe-al-khelai%cc%88fi-sestime-trahi\/","name":"PSG Mbappe\u0301, Al-Khelai\u0308fi s'estime trahi ! | Nettali.com","isPartOf":{"@id":"https:\/\/www.nettali.com\/#website"},"primaryImageOfPage":{"@id":"https:\/\/www.nettali.com\/2024\/03\/05\/psg-mbappe-al-khelai%cc%88fi-sestime-trahi\/#primaryimage"},"datePublished":"2024-03-05T08:40:47+00:00","dateModified":"2024-03-05T08:40:47+00:00","author":{"@id":"https:\/\/www.nettali.com\/#\/schema\/person\/d8ac7b7e27ddad43f1c0d2ef090d7f71"},"breadcrumb":{"@id":"https:\/\/www.nettali.com\/2024\/03\/05\/psg-mbappe-al-khelai%cc%88fi-sestime-trahi\/#breadcrumb"},"inLanguage":"fr-FR","potentialAction":[{"@type":"ReadAction","target":["https:\/\/www.nettali.com\/2024\/03\/05\/psg-mbappe-al-khelai%cc%88fi-sestime-trahi\/"]}]},{"@type":"BreadcrumbList","@id":"https:\/\/www.nettali.com\/2024\/03\/05\/psg-mbappe-al-khelai%cc%88fi-sestime-trahi\/#breadcrumb","itemListElement":[{"@type":"ListItem","position":1,"name":"Accueil","item":"https:\/\/www.nettali.com\/"},{"@type":"ListItem","position":2,"name":"PSG Mbappe\u0301, Al-Khelai\u0308fi s'estime trahi !"}]},{"@type":"Person","@id":"https:\/\/www.nettali.com\/#\/schema\/person\/d8ac7b7e27ddad43f1c0d2ef090d7f71","name":"CK","image":{"@type":"ImageObject","@id":"https:\/\/www.nettali.com\/#personlogo","inLanguage":"fr-FR","url":"https:\/\/secure.gravatar.com\/avatar\/1d8d5118b9327d94da7cd4ce7f17fec2?s=96&d=mm&r=g","contentUrl":"https:\/\/secure.gravatar.com\/avatar\/1d8d5118b9327d94da7cd4ce7f17fec2?s=96&d=mm&r=g","caption":"CK"},"sameAs":["https:\/\/www.nettali.com"]}]}},"_links":{"self":[{"href":"https:\/\/www.nettali.com\/rest\/wp\/v2\/posts\/128829"}],"collection":[{"href":"https:\/\/www.nettali.com\/rest\/wp\/v2\/posts"}],"about":[{"href":"https:\/\/www.nettali.com\/rest\/wp\/v2\/types\/post"}],"author":[{"embeddable":true,"href":"https:\/\/www.nettali.com\/rest\/wp\/v2\/users\/2"}],"replies":[{"embeddable":true,"href":"https:\/\/www.nettali.com\/rest\/wp\/v2\/comments?post=128829"}],"version-history":[{"count":1,"href":"https:\/\/www.nettali.com\/rest\/wp\/v2\/posts\/128829\/revisions"}],"predecessor-version":[{"id":128831,"href":"https:\/\/www.nettali.com\/rest\/wp\/v2\/posts\/128829\/revisions\/128831"}],"wp:featuredmedia":[{"embeddable":true,"href":"https:\/\/www.nettali.com\/rest\/wp\/v2\/media\/128830"}],"wp:attachment":[{"href":"https:\/\/www.nettali.com\/rest\/wp\/v2\/media?parent=128829"}],"wp:term":[{"taxonomy":"category","embeddable":true,"href":"https:\/\/www.nettali.com\/rest\/wp\/v2\/categories?post=128829"},{"taxonomy":"post_tag","embeddable":true,"href":"https:\/\/www.nettali.com\/rest\/wp\/v2\/tags?post=128829"}],"curies":[{"name":"wp","href":"https:\/\/api.w.org\/{rel}","templated":true}]}}