{"id":128809,"date":"2024-03-05T07:46:49","date_gmt":"2024-03-05T07:46:49","guid":{"rendered":"https:\/\/www.nettali.com\/?p=128809"},"modified":"2024-03-05T07:46:49","modified_gmt":"2024-03-05T07:46:49","slug":"en-coulisses-kemi-seba-pourrait-se-voir-retirer-sa-nationalite-francaise","status":"publish","type":"post","link":"https:\/\/www.nettali.com\/2024\/03\/05\/en-coulisses-kemi-seba-pourrait-se-voir-retirer-sa-nationalite-francaise\/","title":{"rendered":"EN COULISSES - K\u00e9mi S\u00e9ba pourrait se voir retirer sa nationalit\u00e9 fran\u00e7aise"},"content":{"rendered":"<div class=\"page\" title=\"Page 4\">\n<div class=\"layoutArea\">\n<div class=\"column\">\n<p><strong>NETTALI.COM -<\/strong> La France est de\u0301cide\u0301e a\u0300 engager une poursuite de proce\u0301dure contre l\u2019activiste pour la perte de sa nationalite\u0301 franc\u0327aise. C\u2019est ce qui ressort d\u2019un document signe\u0301 par le sous-directeur de l\u2019acce\u0300s a\u0300 la nationalite\u0301 franc\u0327aise Cedric Debons. Il lui est reproche\u0301 son sentiment anti franc\u0327ais.<\/p>\n<p>\"<em>Des e\u0301le\u0301ments porte\u0301s a\u0300 ma connaissance, il ressort ainsi qu'installe\u0301 depuis 2017 au Be\u0301nin, apre\u0300s avoir ve\u0301cu au Se\u0301ne\u0301gal, vous vous livrez, depuis plusieurs anne\u0301es, a\u0300 divers agissements destine\u0301s a\u0300 attiser, dans les pays d'Afrique de l'Ouest, un sentiment anti-franc\u0327ais<\/em> \u00bb, note t-il dans son document.<\/p>\n<p>Convoquant les dispositions de l\u2019article 23-7 du code civil disposant ainsi : \"<em>Le Franc\u0327ais qui se comporte en fait comme le national d'un pays e\u0301tranger peut, s'il a la nationalite\u0301 de ce pays, e\u0302tre de\u0301clare\u0301, par de\u0301cret apre\u0300s avis conforme du Conseil d'Etat, avoir perdu la qualite\u0301 de Franc\u0327ais<\/em>\".<\/p>\n<p>Dans le me\u0302me sillage, il ajoute : \"<em>il apparai\u0302t, par ailleurs, des e\u0301le\u0301ments qui m'ont e\u0301te\u0301 communique\u0301s par le ministre de l'Europe et des affaires e\u0301trange\u0300res, qu'ayant conserve\u0301 la nationalite\u0301 be\u0301ninoise, le prononce\u0301 de la perte de la nationalite\u0301 franc\u0327aise n'aurait pas pour effet de vous rendre apatride<\/em>\".<\/p>\n<p>L'ensemble des conditions propres a\u0300 initier la proce\u0301dure de perte de la nationalite\u0301 franc\u0327aise e\u0301tant re\u0301unies, pre\u0301cise t-il, \"le Gouvernement a de\u0301cide\u0301 d'engager a\u0300 votre endroit cette mesure sur le fondement des dispositions combine\u0301es de l'article 23-7 du code civil et 59 du de\u0301cret n\u00b093-1362 du 30 de\u0301cembre 1993 relatif aux de\u0301clarations de nationalite\u0301, aux de\u0301cisions de naturalisation, de re\u0301inte\u0301gration, de perte, de de\u0301che\u0301ance et de retrait de la nationalite\u0301 franc\u0327aise\".<\/p>\n<p>\"<em>Vous disposez d'un de\u0301lai d'un mois suivant la re\u0301ception de la pre\u0301sente lettre pour me faire parvenir vos e\u0301ventuelles observations a\u0300 l'adresse suivante : ministe\u0300re de l'Inte\u0301rieur et des outre-mer, sous-direction de l'acce\u0300s a\u0300 la nationalite\u0301 franc\u0327aise (SDANF) - Bureau des affaires juridiques - 12, rue Francis le Carval - 44404 Reze\u0301 cedex. A l'issue de ce de\u0301lai, le Conseil d'E\u0301tat pourra e\u0302tre saisi par mes services afin d'e\u0301mettre un avis sur la proposition de perte de votre nationalite\u0301 franc\u0327aise, cette mesure de perte ne pouvant e\u0302tre prononce\u0301e que sur avis conforme du Conseil d'E\u0301tat<\/em>\", lui lance le sous-directeur de l\u2019acce\u0300s a\u0300 la nationalite\u0301 franc\u0327aise dans le document.<\/p>\n<\/div>\n<\/div>\n<\/div>\n<div class='share-to-whatsapp-wrapper'><div class='share-on-whsp'>PARTAGER SUR : <\/div><a data-text='EN COULISSES - K\u00e9mi S\u00e9ba pourrait se voir retirer sa nationalit\u00e9 fran\u00e7aise' data-link='https:\/\/www.nettali.com\/2024\/03\/05\/en-coulisses-kemi-seba-pourrait-se-voir-retirer-sa-nationalite-francaise\/' class='whatsapp-button whatsapp-share'>WhatsApp<\/a><div class='clear '><\/div><\/div>","protected":false},"excerpt":{"rendered":"<p>NETTALI.COM - La France est de\u0301cide\u0301e a\u0300 engager une poursuite de proce\u0301dure contre l\u2019activiste pour la perte de sa nationalite\u0301 franc\u0327aise. C\u2019est ce qui ressort d\u2019un document signe\u0301 par le sous-directeur de l\u2019acce\u0300s a\u0300 la nationalite\u0301 franc\u0327aise Cedric Debons. Il lui est reproche\u0301 son sentiment anti franc\u0327ais. \"Des e\u0301le\u0301ments porte\u0301s a\u0300 ma connaissance, il ressort [&hellip;]<\/p>\n","protected":false},"author":2,"featured_media":128810,"comment_status":"open","ping_status":"open","sticky":false,"template":"","format":"standard","meta":{"_et_pb_use_builder":"","_et_pb_old_content":""},"categories":[34945],"tags":[],"yoast_head":"<!-- This site is optimized with the Yoast SEO Premium plugin v17.8 (Yoast SEO v17.8) - https:\/\/yoast.com\/wordpress\/plugins\/seo\/ -->\n<title>EN COULISSES - K\u00e9mi S\u00e9ba pourrait se voir retirer sa nationalit\u00e9 fran\u00e7aise | Nettali.com<\/title>\n<meta name=\"robots\" content=\"index, follow, max-snippet:-1, max-image-preview:large, max-video-preview:-1\" \/>\n<link rel=\"canonical\" href=\"https:\/\/www.nettali.com\/2024\/03\/05\/en-coulisses-kemi-seba-pourrait-se-voir-retirer-sa-nationalite-francaise\/\" \/>\n<meta property=\"og:locale\" content=\"fr_FR\" \/>\n<meta property=\"og:type\" content=\"article\" \/>\n<meta property=\"og:title\" content=\"EN COULISSES - K\u00e9mi S\u00e9ba pourrait se voir retirer sa nationalit\u00e9 fran\u00e7aise\" \/>\n<meta property=\"og:description\" content=\"NETTALI.COM - La France est de\u0301cide\u0301e a\u0300 engager une poursuite de proce\u0301dure contre l\u2019activiste pour la perte de sa nationalite\u0301 franc\u0327aise. C\u2019est ce qui ressort d\u2019un document signe\u0301 par le sous-directeur de l\u2019acce\u0300s a\u0300 la nationalite\u0301 franc\u0327aise Cedric Debons. Il lui est reproche\u0301 son sentiment anti franc\u0327ais. &quot;Des e\u0301le\u0301ments porte\u0301s a\u0300 ma connaissance, il ressort [&hellip;]\" \/>\n<meta property=\"og:url\" content=\"https:\/\/www.nettali.com\/2024\/03\/05\/en-coulisses-kemi-seba-pourrait-se-voir-retirer-sa-nationalite-francaise\/\" \/>\n<meta property=\"og:site_name\" content=\"Nettali.com\" \/>\n<meta property=\"article:publisher\" content=\"https:\/\/www.facebook.com\/nettalicom\" \/>\n<meta property=\"article:published_time\" content=\"2024-03-05T07:46:49+00:00\" \/>\n<meta property=\"og:image\" content=\"https:\/\/www.nettali.com\/wp-content\/uploads\/2024\/03\/000_1U53IX-1.jpg\" \/>\n\t<meta property=\"og:image:width\" content=\"980\" \/>\n\t<meta property=\"og:image:height\" content=\"551\" \/>\n<meta name=\"twitter:card\" content=\"summary_large_image\" \/>\n<meta name=\"twitter:label1\" content=\"\u00c9crit par\" \/>\n\t<meta name=\"twitter:data1\" content=\"CK\" \/>\n\t<meta name=\"twitter:label2\" content=\"Dur\u00e9e de lecture estim\u00e9e\" \/>\n\t<meta name=\"twitter:data2\" content=\"2 minutes\" \/>\n<script type=\"application\/ld+json\" class=\"yoast-schema-graph\">{\"@context\":\"https:\/\/schema.org\",\"@graph\":[{\"@type\":\"WebSite\",\"@id\":\"https:\/\/www.nettali.com\/#website\",\"url\":\"https:\/\/www.nettali.com\/\",\"name\":\"Nettali.com\",\"description\":\"Le rendez-vous critique du Net\",\"potentialAction\":[{\"@type\":\"SearchAction\",\"target\":{\"@type\":\"EntryPoint\",\"urlTemplate\":\"https:\/\/www.nettali.com\/?s={search_term_string}\"},\"query-input\":\"required name=search_term_string\"}],\"inLanguage\":\"fr-FR\"},{\"@type\":\"ImageObject\",\"@id\":\"https:\/\/www.nettali.com\/2024\/03\/05\/en-coulisses-kemi-seba-pourrait-se-voir-retirer-sa-nationalite-francaise\/#primaryimage\",\"inLanguage\":\"fr-FR\",\"url\":\"https:\/\/www.nettali.com\/wp-content\/uploads\/2024\/03\/000_1U53IX-1.jpg\",\"contentUrl\":\"https:\/\/www.nettali.com\/wp-content\/uploads\/2024\/03\/000_1U53IX-1.jpg\",\"width\":980,\"height\":551,\"caption\":\"French anti-colonial activist Kemi Seba addresses a press conference on June 26, 2020 in Paris. (Photo by STEPHANE DE SAKUTIN \/ AFP)\"},{\"@type\":\"WebPage\",\"@id\":\"https:\/\/www.nettali.com\/2024\/03\/05\/en-coulisses-kemi-seba-pourrait-se-voir-retirer-sa-nationalite-francaise\/#webpage\",\"url\":\"https:\/\/www.nettali.com\/2024\/03\/05\/en-coulisses-kemi-seba-pourrait-se-voir-retirer-sa-nationalite-francaise\/\",\"name\":\"EN COULISSES - K\\u00e9mi S\\u00e9ba pourrait se voir retirer sa nationalit\\u00e9 fran\\u00e7aise | Nettali.com\",\"isPartOf\":{\"@id\":\"https:\/\/www.nettali.com\/#website\"},\"primaryImageOfPage\":{\"@id\":\"https:\/\/www.nettali.com\/2024\/03\/05\/en-coulisses-kemi-seba-pourrait-se-voir-retirer-sa-nationalite-francaise\/#primaryimage\"},\"datePublished\":\"2024-03-05T07:46:49+00:00\",\"dateModified\":\"2024-03-05T07:46:49+00:00\",\"author\":{\"@id\":\"https:\/\/www.nettali.com\/#\/schema\/person\/d8ac7b7e27ddad43f1c0d2ef090d7f71\"},\"breadcrumb\":{\"@id\":\"https:\/\/www.nettali.com\/2024\/03\/05\/en-coulisses-kemi-seba-pourrait-se-voir-retirer-sa-nationalite-francaise\/#breadcrumb\"},\"inLanguage\":\"fr-FR\",\"potentialAction\":[{\"@type\":\"ReadAction\",\"target\":[\"https:\/\/www.nettali.com\/2024\/03\/05\/en-coulisses-kemi-seba-pourrait-se-voir-retirer-sa-nationalite-francaise\/\"]}]},{\"@type\":\"BreadcrumbList\",\"@id\":\"https:\/\/www.nettali.com\/2024\/03\/05\/en-coulisses-kemi-seba-pourrait-se-voir-retirer-sa-nationalite-francaise\/#breadcrumb\",\"itemListElement\":[{\"@type\":\"ListItem\",\"position\":1,\"name\":\"Accueil\",\"item\":\"https:\/\/www.nettali.com\/\"},{\"@type\":\"ListItem\",\"position\":2,\"name\":\"EN COULISSES - K\\u00e9mi S\\u00e9ba pourrait se voir retirer sa nationalit\\u00e9 fran\\u00e7aise\"}]},{\"@type\":\"Person\",\"@id\":\"https:\/\/www.nettali.com\/#\/schema\/person\/d8ac7b7e27ddad43f1c0d2ef090d7f71\",\"name\":\"CK\",\"image\":{\"@type\":\"ImageObject\",\"@id\":\"https:\/\/www.nettali.com\/#personlogo\",\"inLanguage\":\"fr-FR\",\"url\":\"https:\/\/secure.gravatar.com\/avatar\/1d8d5118b9327d94da7cd4ce7f17fec2?s=96&d=mm&r=g\",\"contentUrl\":\"https:\/\/secure.gravatar.com\/avatar\/1d8d5118b9327d94da7cd4ce7f17fec2?s=96&d=mm&r=g\",\"caption\":\"CK\"},\"sameAs\":[\"https:\/\/www.nettali.com\"]}]}<\/script>\n<!-- \/ Yoast SEO Premium plugin. -->","yoast_head_json":{"title":"EN COULISSES - K\u00e9mi S\u00e9ba pourrait se voir retirer sa nationalit\u00e9 fran\u00e7aise | Nettali.com","robots":{"index":"index","follow":"follow","max-snippet":"max-snippet:-1","max-image-preview":"max-image-preview:large","max-video-preview":"max-video-preview:-1"},"canonical":"https:\/\/www.nettali.com\/2024\/03\/05\/en-coulisses-kemi-seba-pourrait-se-voir-retirer-sa-nationalite-francaise\/","og_locale":"fr_FR","og_type":"article","og_title":"EN COULISSES - K\u00e9mi S\u00e9ba pourrait se voir retirer sa nationalit\u00e9 fran\u00e7aise","og_description":"NETTALI.COM - La France est de\u0301cide\u0301e a\u0300 engager une poursuite de proce\u0301dure contre l\u2019activiste pour la perte de sa nationalite\u0301 franc\u0327aise. C\u2019est ce qui ressort d\u2019un document signe\u0301 par le sous-directeur de l\u2019acce\u0300s a\u0300 la nationalite\u0301 franc\u0327aise Cedric Debons. Il lui est reproche\u0301 son sentiment anti franc\u0327ais. \"Des e\u0301le\u0301ments porte\u0301s a\u0300 ma connaissance, il ressort [&hellip;]","og_url":"https:\/\/www.nettali.com\/2024\/03\/05\/en-coulisses-kemi-seba-pourrait-se-voir-retirer-sa-nationalite-francaise\/","og_site_name":"Nettali.com","article_publisher":"https:\/\/www.facebook.com\/nettalicom","article_published_time":"2024-03-05T07:46:49+00:00","og_image":[{"width":980,"height":551,"url":"https:\/\/www.nettali.com\/wp-content\/uploads\/2024\/03\/000_1U53IX-1.jpg","type":"image\/jpeg"}],"twitter_card":"summary_large_image","twitter_misc":{"\u00c9crit par":"CK","Dur\u00e9e de lecture estim\u00e9e":"2 minutes"},"schema":{"@context":"https:\/\/schema.org","@graph":[{"@type":"WebSite","@id":"https:\/\/www.nettali.com\/#website","url":"https:\/\/www.nettali.com\/","name":"Nettali.com","description":"Le rendez-vous critique du Net","potentialAction":[{"@type":"SearchAction","target":{"@type":"EntryPoint","urlTemplate":"https:\/\/www.nettali.com\/?s={search_term_string}"},"query-input":"required name=search_term_string"}],"inLanguage":"fr-FR"},{"@type":"ImageObject","@id":"https:\/\/www.nettali.com\/2024\/03\/05\/en-coulisses-kemi-seba-pourrait-se-voir-retirer-sa-nationalite-francaise\/#primaryimage","inLanguage":"fr-FR","url":"https:\/\/www.nettali.com\/wp-content\/uploads\/2024\/03\/000_1U53IX-1.jpg","contentUrl":"https:\/\/www.nettali.com\/wp-content\/uploads\/2024\/03\/000_1U53IX-1.jpg","width":980,"height":551,"caption":"French anti-colonial activist Kemi Seba addresses a press conference on June 26, 2020 in Paris. (Photo by STEPHANE DE SAKUTIN \/ AFP)"},{"@type":"WebPage","@id":"https:\/\/www.nettali.com\/2024\/03\/05\/en-coulisses-kemi-seba-pourrait-se-voir-retirer-sa-nationalite-francaise\/#webpage","url":"https:\/\/www.nettali.com\/2024\/03\/05\/en-coulisses-kemi-seba-pourrait-se-voir-retirer-sa-nationalite-francaise\/","name":"EN COULISSES - K\u00e9mi S\u00e9ba pourrait se voir retirer sa nationalit\u00e9 fran\u00e7aise | Nettali.com","isPartOf":{"@id":"https:\/\/www.nettali.com\/#website"},"primaryImageOfPage":{"@id":"https:\/\/www.nettali.com\/2024\/03\/05\/en-coulisses-kemi-seba-pourrait-se-voir-retirer-sa-nationalite-francaise\/#primaryimage"},"datePublished":"2024-03-05T07:46:49+00:00","dateModified":"2024-03-05T07:46:49+00:00","author":{"@id":"https:\/\/www.nettali.com\/#\/schema\/person\/d8ac7b7e27ddad43f1c0d2ef090d7f71"},"breadcrumb":{"@id":"https:\/\/www.nettali.com\/2024\/03\/05\/en-coulisses-kemi-seba-pourrait-se-voir-retirer-sa-nationalite-francaise\/#breadcrumb"},"inLanguage":"fr-FR","potentialAction":[{"@type":"ReadAction","target":["https:\/\/www.nettali.com\/2024\/03\/05\/en-coulisses-kemi-seba-pourrait-se-voir-retirer-sa-nationalite-francaise\/"]}]},{"@type":"BreadcrumbList","@id":"https:\/\/www.nettali.com\/2024\/03\/05\/en-coulisses-kemi-seba-pourrait-se-voir-retirer-sa-nationalite-francaise\/#breadcrumb","itemListElement":[{"@type":"ListItem","position":1,"name":"Accueil","item":"https:\/\/www.nettali.com\/"},{"@type":"ListItem","position":2,"name":"EN COULISSES - K\u00e9mi S\u00e9ba pourrait se voir retirer sa nationalit\u00e9 fran\u00e7aise"}]},{"@type":"Person","@id":"https:\/\/www.nettali.com\/#\/schema\/person\/d8ac7b7e27ddad43f1c0d2ef090d7f71","name":"CK","image":{"@type":"ImageObject","@id":"https:\/\/www.nettali.com\/#personlogo","inLanguage":"fr-FR","url":"https:\/\/secure.gravatar.com\/avatar\/1d8d5118b9327d94da7cd4ce7f17fec2?s=96&d=mm&r=g","contentUrl":"https:\/\/secure.gravatar.com\/avatar\/1d8d5118b9327d94da7cd4ce7f17fec2?s=96&d=mm&r=g","caption":"CK"},"sameAs":["https:\/\/www.nettali.com"]}]}},"_links":{"self":[{"href":"https:\/\/www.nettali.com\/rest\/wp\/v2\/posts\/128809"}],"collection":[{"href":"https:\/\/www.nettali.com\/rest\/wp\/v2\/posts"}],"about":[{"href":"https:\/\/www.nettali.com\/rest\/wp\/v2\/types\/post"}],"author":[{"embeddable":true,"href":"https:\/\/www.nettali.com\/rest\/wp\/v2\/users\/2"}],"replies":[{"embeddable":true,"href":"https:\/\/www.nettali.com\/rest\/wp\/v2\/comments?post=128809"}],"version-history":[{"count":1,"href":"https:\/\/www.nettali.com\/rest\/wp\/v2\/posts\/128809\/revisions"}],"predecessor-version":[{"id":128811,"href":"https:\/\/www.nettali.com\/rest\/wp\/v2\/posts\/128809\/revisions\/128811"}],"wp:featuredmedia":[{"embeddable":true,"href":"https:\/\/www.nettali.com\/rest\/wp\/v2\/media\/128810"}],"wp:attachment":[{"href":"https:\/\/www.nettali.com\/rest\/wp\/v2\/media?parent=128809"}],"wp:term":[{"taxonomy":"category","embeddable":true,"href":"https:\/\/www.nettali.com\/rest\/wp\/v2\/categories?post=128809"},{"taxonomy":"post_tag","embeddable":true,"href":"https:\/\/www.nettali.com\/rest\/wp\/v2\/tags?post=128809"}],"curies":[{"name":"wp","href":"https:\/\/api.w.org\/{rel}","templated":true}]}}