{"id":128798,"date":"2024-03-05T07:31:09","date_gmt":"2024-03-05T07:31:09","guid":{"rendered":"https:\/\/www.nettali.com\/?p=128798"},"modified":"2024-03-05T07:31:57","modified_gmt":"2024-03-05T07:31:57","slug":"macky-sall-apres-la-reception-des-conclusions-du-dialogue-national-je-pense-que-je-serais-plus-a-laise-pour-fixer-une-date","status":"publish","type":"post","link":"https:\/\/www.nettali.com\/2024\/03\/05\/macky-sall-apres-la-reception-des-conclusions-du-dialogue-national-je-pense-que-je-serais-plus-a-laise-pour-fixer-une-date\/","title":{"rendered":"MACKY SALL APR\u00c8S LA R\u00c9CEPTION DES CONCLUSIONS DU DIALOGUE NATIONAL- \"Je pense que je serais plus \u00e0 l'aise pour fixer une date... \""},"content":{"rendered":"<p><strong>NETTALI.COM - Le pr\u00e9sident de la R\u00e9publique a re\u00e7u les conclusions du dialogue national. Ainsi, il estime qu\u2019il aurait pu fixer la date apr\u00e8s la d\u00e9cision du Conseil Constitutionnel.<\/strong><\/p>\n<p>Ce lundi, 4 mars 2024, le Chef de l\u2019Etat a re\u00e7u le rapport du dialogue national. Les participants ont ainsi propos\u00e9 la date du 02 Juin pour la tenue de l\u2019\u00e9lection pr\u00e9sidentielle, le maintien de la liste des 19 candidats d\u00e9j\u00e0 retenus par le Conseil constitutionnel, le r\u00e9examen complet des dossiers de candidatures avec la v\u00e9rification de l\u2019exclusivit\u00e9 de la nationalit\u00e9 s\u00e9n\u00e9galaise et de la situation fiscale des candidats entres autres recommandations.<\/p>\n<p>Face aux diff\u00e9rents acteurs, le chef de l'Etat a insist\u00e9 sur le partage d'id\u00e9es qu'il a initi\u00e9. Aussi, il a pr\u00e9cis\u00e9 qu'il avait la latitude de fixer la date de la Pr\u00e9sidentielle apr\u00e8s la d\u00e9cision du Conseil constitutionnel. \u00ab <em>J'ai pris note des recommandations du dialogue national. Apr\u00e8s la d\u00e9cision du Conseil constitutionnel, j'aurais pu imm\u00e9diatement fixer la date (de la Pr\u00e9sidentielle) par d\u00e9cret, mais je pense qu'il fallait partager cette question majeure avec les acteurs concern\u00e9s, notamment les candidats, les partis politiques, les forces vives de la nation. C'est pourquoi je remercie tous les acteurs qui ont particip\u00e9 car l'\u00e9lection pr\u00e9sidentielle n\u00e9cessite d'interroger le maximum de personnes<\/em> \u00bb, a d\u00e9clar\u00e9 Macky Sall devant les responsables des p\u00f4les du dialogue national.<\/p>\n<p>Il poursuit : \u00ab <em>\u00e0 la suite de ce dialogue, je pense que je serais plus \u00e0 l'aise pour fixer une date. Je dois aussi consulter le Conseil constitutionnel pour avis<\/em> \u00bb.<\/p>\n<p>Macky Sall a \u00e9voqu\u00e9 la date de la Pr\u00e9sidentielle qui pourrait \u00eatre fix\u00e9e le 2 juin si le Conseil constitutionnel valide la demande des acteurs du dialogue.<\/p>\n<p>\u00ab <em>Il \u00e9tait essentiel qu'on revienne aux bases l\u00e9gales d'une \u00e9lection. On ne peut organiser une \u00e9lection en faisant fi des dispositifs du code \u00e9lectoral, qui organisent le processus. La premi\u00e8re exigence, quand on parle du coll\u00e8ge \u00e9lectoral, c'est les dispositifs de l'article LO 137 : la n\u00e9cessit\u00e9 d'avoir 80 jours entre la date du d\u00e9cret et la date de la Pr\u00e9sidentielle<\/em> \u00bb dit-il.<\/p>\n<div class='share-to-whatsapp-wrapper'><div class='share-on-whsp'>PARTAGER SUR : <\/div><a data-text='MACKY SALL APR\u00c8S LA R\u00c9CEPTION DES CONCLUSIONS DU DIALOGUE NATIONAL- \"Je pense que je serais plus \u00e0 l'aise pour fixer une date... \"' data-link='https:\/\/www.nettali.com\/2024\/03\/05\/macky-sall-apres-la-reception-des-conclusions-du-dialogue-national-je-pense-que-je-serais-plus-a-laise-pour-fixer-une-date\/' class='whatsapp-button whatsapp-share'>WhatsApp<\/a><div class='clear '><\/div><\/div>","protected":false},"excerpt":{"rendered":"<p>NETTALI.COM - Le pr\u00e9sident de la R\u00e9publique a re\u00e7u les conclusions du dialogue national. Ainsi, il estime qu\u2019il aurait pu fixer la date apr\u00e8s la d\u00e9cision du Conseil Constitutionnel. Ce lundi, 4 mars 2024, le Chef de l\u2019Etat a re\u00e7u le rapport du dialogue national. Les participants ont ainsi propos\u00e9 la date du 02 Juin [&hellip;]<\/p>\n","protected":false},"author":6,"featured_media":128793,"comment_status":"open","ping_status":"open","sticky":false,"template":"","format":"standard","meta":{"_et_pb_use_builder":"","_et_pb_old_content":""},"categories":[2],"tags":[],"yoast_head":"<!-- This site is optimized with the Yoast SEO Premium plugin v17.8 (Yoast SEO v17.8) - https:\/\/yoast.com\/wordpress\/plugins\/seo\/ -->\n<title>MACKY SALL APR\u00c8S LA R\u00c9CEPTION DES CONCLUSIONS DU DIALOGUE NATIONAL- &quot;Je pense que je serais plus \u00e0 l&#039;aise pour fixer une date... &quot; | Nettali.com<\/title>\n<meta name=\"robots\" content=\"index, follow, max-snippet:-1, max-image-preview:large, max-video-preview:-1\" \/>\n<link rel=\"canonical\" href=\"https:\/\/www.nettali.com\/2024\/03\/05\/macky-sall-apres-la-reception-des-conclusions-du-dialogue-national-je-pense-que-je-serais-plus-a-laise-pour-fixer-une-date\/\" \/>\n<meta property=\"og:locale\" content=\"fr_FR\" \/>\n<meta property=\"og:type\" content=\"article\" \/>\n<meta property=\"og:title\" content=\"MACKY SALL APR\u00c8S LA R\u00c9CEPTION DES CONCLUSIONS DU DIALOGUE NATIONAL- &quot;Je pense que je serais plus \u00e0 l&#039;aise pour fixer une date... &quot;\" \/>\n<meta property=\"og:description\" content=\"NETTALI.COM - Le pr\u00e9sident de la R\u00e9publique a re\u00e7u les conclusions du dialogue national. Ainsi, il estime qu\u2019il aurait pu fixer la date apr\u00e8s la d\u00e9cision du Conseil Constitutionnel. Ce lundi, 4 mars 2024, le Chef de l\u2019Etat a re\u00e7u le rapport du dialogue national. Les participants ont ainsi propos\u00e9 la date du 02 Juin [&hellip;]\" \/>\n<meta property=\"og:url\" content=\"https:\/\/www.nettali.com\/2024\/03\/05\/macky-sall-apres-la-reception-des-conclusions-du-dialogue-national-je-pense-que-je-serais-plus-a-laise-pour-fixer-une-date\/\" \/>\n<meta property=\"og:site_name\" content=\"Nettali.com\" \/>\n<meta property=\"article:publisher\" content=\"https:\/\/www.facebook.com\/nettalicom\" \/>\n<meta property=\"article:published_time\" content=\"2024-03-05T07:31:09+00:00\" \/>\n<meta property=\"article:modified_time\" content=\"2024-03-05T07:31:57+00:00\" \/>\n<meta property=\"og:image\" content=\"https:\/\/www.nettali.com\/wp-content\/uploads\/2024\/03\/Capture-de\u0301cran-2024-03-04-a\u0300-18.25.27.png\" \/>\n\t<meta property=\"og:image:width\" content=\"573\" \/>\n\t<meta property=\"og:image:height\" content=\"429\" \/>\n<meta name=\"twitter:card\" content=\"summary_large_image\" \/>\n<meta name=\"twitter:label1\" content=\"\u00c9crit par\" \/>\n\t<meta name=\"twitter:data1\" content=\"Fatou\" \/>\n\t<meta name=\"twitter:label2\" content=\"Dur\u00e9e de lecture estim\u00e9e\" \/>\n\t<meta name=\"twitter:data2\" content=\"2 minutes\" \/>\n<script type=\"application\/ld+json\" class=\"yoast-schema-graph\">{\"@context\":\"https:\/\/schema.org\",\"@graph\":[{\"@type\":\"WebSite\",\"@id\":\"https:\/\/www.nettali.com\/#website\",\"url\":\"https:\/\/www.nettali.com\/\",\"name\":\"Nettali.com\",\"description\":\"Le rendez-vous critique du Net\",\"potentialAction\":[{\"@type\":\"SearchAction\",\"target\":{\"@type\":\"EntryPoint\",\"urlTemplate\":\"https:\/\/www.nettali.com\/?s={search_term_string}\"},\"query-input\":\"required name=search_term_string\"}],\"inLanguage\":\"fr-FR\"},{\"@type\":\"ImageObject\",\"@id\":\"https:\/\/www.nettali.com\/2024\/03\/05\/macky-sall-apres-la-reception-des-conclusions-du-dialogue-national-je-pense-que-je-serais-plus-a-laise-pour-fixer-une-date\/#primaryimage\",\"inLanguage\":\"fr-FR\",\"url\":\"https:\/\/www.nettali.com\/wp-content\/uploads\/2024\/03\/Capture-de\\u0301cran-2024-03-04-a\\u0300-18.25.27.png\",\"contentUrl\":\"https:\/\/www.nettali.com\/wp-content\/uploads\/2024\/03\/Capture-de\\u0301cran-2024-03-04-a\\u0300-18.25.27.png\",\"width\":573,\"height\":429},{\"@type\":\"WebPage\",\"@id\":\"https:\/\/www.nettali.com\/2024\/03\/05\/macky-sall-apres-la-reception-des-conclusions-du-dialogue-national-je-pense-que-je-serais-plus-a-laise-pour-fixer-une-date\/#webpage\",\"url\":\"https:\/\/www.nettali.com\/2024\/03\/05\/macky-sall-apres-la-reception-des-conclusions-du-dialogue-national-je-pense-que-je-serais-plus-a-laise-pour-fixer-une-date\/\",\"name\":\"MACKY SALL APR\\u00c8S LA R\\u00c9CEPTION DES CONCLUSIONS DU DIALOGUE NATIONAL- \\\"Je pense que je serais plus \\u00e0 l'aise pour fixer une date... \\\" | Nettali.com\",\"isPartOf\":{\"@id\":\"https:\/\/www.nettali.com\/#website\"},\"primaryImageOfPage\":{\"@id\":\"https:\/\/www.nettali.com\/2024\/03\/05\/macky-sall-apres-la-reception-des-conclusions-du-dialogue-national-je-pense-que-je-serais-plus-a-laise-pour-fixer-une-date\/#primaryimage\"},\"datePublished\":\"2024-03-05T07:31:09+00:00\",\"dateModified\":\"2024-03-05T07:31:57+00:00\",\"author\":{\"@id\":\"https:\/\/www.nettali.com\/#\/schema\/person\/418274a86bdf87caff7a3ef476bd0bbf\"},\"breadcrumb\":{\"@id\":\"https:\/\/www.nettali.com\/2024\/03\/05\/macky-sall-apres-la-reception-des-conclusions-du-dialogue-national-je-pense-que-je-serais-plus-a-laise-pour-fixer-une-date\/#breadcrumb\"},\"inLanguage\":\"fr-FR\",\"potentialAction\":[{\"@type\":\"ReadAction\",\"target\":[\"https:\/\/www.nettali.com\/2024\/03\/05\/macky-sall-apres-la-reception-des-conclusions-du-dialogue-national-je-pense-que-je-serais-plus-a-laise-pour-fixer-une-date\/\"]}]},{\"@type\":\"BreadcrumbList\",\"@id\":\"https:\/\/www.nettali.com\/2024\/03\/05\/macky-sall-apres-la-reception-des-conclusions-du-dialogue-national-je-pense-que-je-serais-plus-a-laise-pour-fixer-une-date\/#breadcrumb\",\"itemListElement\":[{\"@type\":\"ListItem\",\"position\":1,\"name\":\"Accueil\",\"item\":\"https:\/\/www.nettali.com\/\"},{\"@type\":\"ListItem\",\"position\":2,\"name\":\"MACKY SALL APR\\u00c8S LA R\\u00c9CEPTION DES CONCLUSIONS DU DIALOGUE NATIONAL- \\\"Je pense que je serais plus \\u00e0 l'aise pour fixer une date... \\\"\"}]},{\"@type\":\"Person\",\"@id\":\"https:\/\/www.nettali.com\/#\/schema\/person\/418274a86bdf87caff7a3ef476bd0bbf\",\"name\":\"Fatou\",\"image\":{\"@type\":\"ImageObject\",\"@id\":\"https:\/\/www.nettali.com\/#personlogo\",\"inLanguage\":\"fr-FR\",\"url\":\"https:\/\/secure.gravatar.com\/avatar\/5a9442a2bee7b4dcf167cab035858e9a?s=96&d=mm&r=g\",\"contentUrl\":\"https:\/\/secure.gravatar.com\/avatar\/5a9442a2bee7b4dcf167cab035858e9a?s=96&d=mm&r=g\",\"caption\":\"Fatou\"},\"sameAs\":[\"https:\/\/www.nettali.com\"]}]}<\/script>\n<!-- \/ Yoast SEO Premium plugin. -->","yoast_head_json":{"title":"MACKY SALL APR\u00c8S LA R\u00c9CEPTION DES CONCLUSIONS DU DIALOGUE NATIONAL- \"Je pense que je serais plus \u00e0 l'aise pour fixer une date... \" | Nettali.com","robots":{"index":"index","follow":"follow","max-snippet":"max-snippet:-1","max-image-preview":"max-image-preview:large","max-video-preview":"max-video-preview:-1"},"canonical":"https:\/\/www.nettali.com\/2024\/03\/05\/macky-sall-apres-la-reception-des-conclusions-du-dialogue-national-je-pense-que-je-serais-plus-a-laise-pour-fixer-une-date\/","og_locale":"fr_FR","og_type":"article","og_title":"MACKY SALL APR\u00c8S LA R\u00c9CEPTION DES CONCLUSIONS DU DIALOGUE NATIONAL- \"Je pense que je serais plus \u00e0 l'aise pour fixer une date... \"","og_description":"NETTALI.COM - Le pr\u00e9sident de la R\u00e9publique a re\u00e7u les conclusions du dialogue national. Ainsi, il estime qu\u2019il aurait pu fixer la date apr\u00e8s la d\u00e9cision du Conseil Constitutionnel. Ce lundi, 4 mars 2024, le Chef de l\u2019Etat a re\u00e7u le rapport du dialogue national. Les participants ont ainsi propos\u00e9 la date du 02 Juin [&hellip;]","og_url":"https:\/\/www.nettali.com\/2024\/03\/05\/macky-sall-apres-la-reception-des-conclusions-du-dialogue-national-je-pense-que-je-serais-plus-a-laise-pour-fixer-une-date\/","og_site_name":"Nettali.com","article_publisher":"https:\/\/www.facebook.com\/nettalicom","article_published_time":"2024-03-05T07:31:09+00:00","article_modified_time":"2024-03-05T07:31:57+00:00","og_image":[{"width":573,"height":429,"url":"https:\/\/www.nettali.com\/wp-content\/uploads\/2024\/03\/Capture-de\u0301cran-2024-03-04-a\u0300-18.25.27.png","type":"image\/png"}],"twitter_card":"summary_large_image","twitter_misc":{"\u00c9crit par":"Fatou","Dur\u00e9e de lecture estim\u00e9e":"2 minutes"},"schema":{"@context":"https:\/\/schema.org","@graph":[{"@type":"WebSite","@id":"https:\/\/www.nettali.com\/#website","url":"https:\/\/www.nettali.com\/","name":"Nettali.com","description":"Le rendez-vous critique du Net","potentialAction":[{"@type":"SearchAction","target":{"@type":"EntryPoint","urlTemplate":"https:\/\/www.nettali.com\/?s={search_term_string}"},"query-input":"required name=search_term_string"}],"inLanguage":"fr-FR"},{"@type":"ImageObject","@id":"https:\/\/www.nettali.com\/2024\/03\/05\/macky-sall-apres-la-reception-des-conclusions-du-dialogue-national-je-pense-que-je-serais-plus-a-laise-pour-fixer-une-date\/#primaryimage","inLanguage":"fr-FR","url":"https:\/\/www.nettali.com\/wp-content\/uploads\/2024\/03\/Capture-de\u0301cran-2024-03-04-a\u0300-18.25.27.png","contentUrl":"https:\/\/www.nettali.com\/wp-content\/uploads\/2024\/03\/Capture-de\u0301cran-2024-03-04-a\u0300-18.25.27.png","width":573,"height":429},{"@type":"WebPage","@id":"https:\/\/www.nettali.com\/2024\/03\/05\/macky-sall-apres-la-reception-des-conclusions-du-dialogue-national-je-pense-que-je-serais-plus-a-laise-pour-fixer-une-date\/#webpage","url":"https:\/\/www.nettali.com\/2024\/03\/05\/macky-sall-apres-la-reception-des-conclusions-du-dialogue-national-je-pense-que-je-serais-plus-a-laise-pour-fixer-une-date\/","name":"MACKY SALL APR\u00c8S LA R\u00c9CEPTION DES CONCLUSIONS DU DIALOGUE NATIONAL- \"Je pense que je serais plus \u00e0 l'aise pour fixer une date... \" | Nettali.com","isPartOf":{"@id":"https:\/\/www.nettali.com\/#website"},"primaryImageOfPage":{"@id":"https:\/\/www.nettali.com\/2024\/03\/05\/macky-sall-apres-la-reception-des-conclusions-du-dialogue-national-je-pense-que-je-serais-plus-a-laise-pour-fixer-une-date\/#primaryimage"},"datePublished":"2024-03-05T07:31:09+00:00","dateModified":"2024-03-05T07:31:57+00:00","author":{"@id":"https:\/\/www.nettali.com\/#\/schema\/person\/418274a86bdf87caff7a3ef476bd0bbf"},"breadcrumb":{"@id":"https:\/\/www.nettali.com\/2024\/03\/05\/macky-sall-apres-la-reception-des-conclusions-du-dialogue-national-je-pense-que-je-serais-plus-a-laise-pour-fixer-une-date\/#breadcrumb"},"inLanguage":"fr-FR","potentialAction":[{"@type":"ReadAction","target":["https:\/\/www.nettali.com\/2024\/03\/05\/macky-sall-apres-la-reception-des-conclusions-du-dialogue-national-je-pense-que-je-serais-plus-a-laise-pour-fixer-une-date\/"]}]},{"@type":"BreadcrumbList","@id":"https:\/\/www.nettali.com\/2024\/03\/05\/macky-sall-apres-la-reception-des-conclusions-du-dialogue-national-je-pense-que-je-serais-plus-a-laise-pour-fixer-une-date\/#breadcrumb","itemListElement":[{"@type":"ListItem","position":1,"name":"Accueil","item":"https:\/\/www.nettali.com\/"},{"@type":"ListItem","position":2,"name":"MACKY SALL APR\u00c8S LA R\u00c9CEPTION DES CONCLUSIONS DU DIALOGUE NATIONAL- \"Je pense que je serais plus \u00e0 l'aise pour fixer une date... \""}]},{"@type":"Person","@id":"https:\/\/www.nettali.com\/#\/schema\/person\/418274a86bdf87caff7a3ef476bd0bbf","name":"Fatou","image":{"@type":"ImageObject","@id":"https:\/\/www.nettali.com\/#personlogo","inLanguage":"fr-FR","url":"https:\/\/secure.gravatar.com\/avatar\/5a9442a2bee7b4dcf167cab035858e9a?s=96&d=mm&r=g","contentUrl":"https:\/\/secure.gravatar.com\/avatar\/5a9442a2bee7b4dcf167cab035858e9a?s=96&d=mm&r=g","caption":"Fatou"},"sameAs":["https:\/\/www.nettali.com"]}]}},"_links":{"self":[{"href":"https:\/\/www.nettali.com\/rest\/wp\/v2\/posts\/128798"}],"collection":[{"href":"https:\/\/www.nettali.com\/rest\/wp\/v2\/posts"}],"about":[{"href":"https:\/\/www.nettali.com\/rest\/wp\/v2\/types\/post"}],"author":[{"embeddable":true,"href":"https:\/\/www.nettali.com\/rest\/wp\/v2\/users\/6"}],"replies":[{"embeddable":true,"href":"https:\/\/www.nettali.com\/rest\/wp\/v2\/comments?post=128798"}],"version-history":[{"count":4,"href":"https:\/\/www.nettali.com\/rest\/wp\/v2\/posts\/128798\/revisions"}],"predecessor-version":[{"id":128806,"href":"https:\/\/www.nettali.com\/rest\/wp\/v2\/posts\/128798\/revisions\/128806"}],"wp:featuredmedia":[{"embeddable":true,"href":"https:\/\/www.nettali.com\/rest\/wp\/v2\/media\/128793"}],"wp:attachment":[{"href":"https:\/\/www.nettali.com\/rest\/wp\/v2\/media?parent=128798"}],"wp:term":[{"taxonomy":"category","embeddable":true,"href":"https:\/\/www.nettali.com\/rest\/wp\/v2\/categories?post=128798"},{"taxonomy":"post_tag","embeddable":true,"href":"https:\/\/www.nettali.com\/rest\/wp\/v2\/tags?post=128798"}],"curies":[{"name":"wp","href":"https:\/\/api.w.org\/{rel}","templated":true}]}}