{"id":128795,"date":"2024-03-04T18:52:31","date_gmt":"2024-03-04T18:52:31","guid":{"rendered":"https:\/\/www.nettali.com\/?p=128795"},"modified":"2024-03-04T20:31:08","modified_gmt":"2024-03-04T20:31:08","slug":"mame-entretien-boye-diao-nous-ne-mesurons-pas-la-gravite-de-la-situation-de-notre-pays-a-partir-du-02-avril","status":"publish","type":"post","link":"https:\/\/www.nettali.com\/2024\/03\/04\/mame-entretien-boye-diao-nous-ne-mesurons-pas-la-gravite-de-la-situation-de-notre-pays-a-partir-du-02-avril\/","title":{"rendered":"ENTRETIEN - MAME BOYE DIAO -\u00a0\u00abNous ne mesurons pas la gravit\u00e9 de la situation de notre pays \u00e0 partir du 02 avril\u00bb"},"content":{"rendered":"<p><strong>NETTALI.COM - Candidat de la coalition \u2018\u2019Diao 2024\u2019\u2019, membre du collectif Fc25 qui regroupe 16 candidats, Mame Boye Diao fait un round-up de l\u2019actualit\u00e9. Apr\u00e8s avoir d\u00e9pos\u00e9 au Conseil constitutionnel 2024, une requ\u00eate aux fins de constater et de rem\u00e9dier \u00e0 la carence du Pr\u00e9sident de la R\u00e9publique (\u2026), il parle de la date de la Pr\u00e9sidentielle, du dialogue et ses conclusions, de la saisine du Conseil constitutionnel par le Pr\u00e9sident Macky Sall, de la probable p\u00e9riode de transition, de la loi d\u2019amnistie, des cas Sonko et Diomaye, de ses contacts avec le Pr\u00e9sident Sall et du Premier ministre Amadou B\u00e2\u2026 Sans d\u00e9tours, Mame Boye Diao dit tout.\u00a0<\/strong><\/p>\n<p><strong>Vous faites partie de ceux qui r\u00e9clament la tenue de l\u2019\u00e9lection pr\u00e9sidentielle avant le 02 avril, techniquement pensez-vous que c\u2019est toujours possible ?<\/strong><\/p>\n<p>Je suis un citoyen s\u00e9n\u00e9galais qui a pu franchir des op\u00e9rations qui m\u2019ont amen\u00e9 \u00e0 \u00eatre \u00e9ligible au titre de l\u2019\u00e9lection pr\u00e9sidentielle qui \u00e9tait pr\u00e9vue le 25 f\u00e9vrier 2024. Apr\u00e8s, tout le monde sait la responsabilit\u00e9 de l\u2019actuel pr\u00e9sident de la R\u00e9publique dans le sabotage de ce processus parce qu\u2019il y a eu l\u2019invocation de pr\u00e9texte que je consid\u00e8re comme fallacieux et que tous les S\u00e9n\u00e9galais ne peuvent pas comprendre, apr\u00e8s, avec des pistes de solution qui n\u2019ont rien \u00e0 voir avec la quintessence m\u00eame de ce qui avait motiv\u00e9 la prise de d\u00e9cret. Je ne peux pas vous dire tr\u00e8s honn\u00eatement puisqu\u2019il y a en face, quelqu\u2019un qui n\u2019est pas pr\u00eat \u00e0 tenir l\u2019\u00e9lection avant le 02 avril. Nous avons dit au Conseil, vous avez pris une d\u00e9cision, il y a de l\u2019autre c\u00f4t\u00e9, une preuve manifeste de refus d\u2019ex\u00e9cuter votre d\u00e9cision, nous vous demandons de reprendre votre r\u00f4le de juge des \u00e9lections et de donner des instructions plus claires par rapport au d\u00e9roul\u00e9 du scrutin et par rapport \u00e0 toutes les cons\u00e9quences de votre d\u00e9cision sur l\u2019empi\u00e9tement du scrutin par rapport au 02 avril qui co\u00efncide avec la fin du mandat de Macky Sall.<\/p>\n<p><strong>Apparemment la tenue du scrutin avant le 02 avril n\u2019est pas une exigence chez vous\u00a0?\u00a0<\/strong><\/p>\n<p>Elle est une exigence. C\u2019est pourquoi, nous avons demand\u00e9 au Conseil constitutionnel d\u2019arbitrer. S\u2019il arbitre en disant qu\u2019il faut le faire avant le 02, le Conseil peut donner les mesures pratiques qui nous permettent d\u2019y aller. Si le Conseil d\u00e9cide qu\u2019il faut qu\u2019on y aille apr\u00e8s, c\u2019est au Conseil de d\u00e9cider de fa\u00e7on souveraine et nous allons devoir nous plier.<\/p>\n<p><strong>Le Pr\u00e9sident dit qu\u2019il quittera le pouvoir le 02 avril, comment devra se passer la transition?<\/strong><\/p>\n<p>Entre son intention de quitter et l\u2019effectivit\u00e9 de cette d\u00e9cision, il y a un foss\u00e9. Nous sommes un Etat organis\u00e9, il ne peut pas \u00eatre comptable d\u2019une situation qu\u2019il a cr\u00e9\u00e9e et laisser notre pays dans une situation d\u2019ins\u00e9curit\u00e9 juridique. A partir du 02 avril, nous d\u00e9passons le cadre de l\u2019ill\u00e9galit\u00e9, nous sommes dans le cadre de l\u2019inconnu juridique. Il faut qu\u2019il y ait une prise de conscience s\u00e9rieuse de la probl\u00e9matique de la s\u00e9curit\u00e9 de notre pays \u00e0 partir de cette date. S\u00e9curit\u00e9 juridique d\u2019abord\u00a0: est-ce que le Pr\u00e9sident peut diriger un gouvernement\u00a0? Dans quel cadre, il peut le faire\u00a0? Est-ce qu\u2019il peut continuer \u00e0 nommer au pouvoir civil et militaire\u00a0? Est-ce que les pouvoirs qui lui \u00e9taient d\u2019habitude d\u00e9volus vont rester les m\u00eames ou on va lui appliquer des pouvoirs d\u2019exception\u00a0? Nous passons dans une situation d\u2019\u00a0\u00abal\u00e9galit\u00e9\u00bb que personne ne peut appr\u00e9hender s\u00e9rieusement. S\u2019il n\u2019y a aucune d\u00e9cision, Macky Sall va rester \u00e0 son poste, parce qu\u2019il sait qu\u2019il ne peut pas abandonner la t\u00eate de l\u2019Etat du S\u00e9n\u00e9gal dans n\u2019importe quelle condition sinon il sait qu\u2019il sera passible de haute trahison. Il aura lui-m\u00eame mis le pays en danger parce qu\u2019il aurait d\u00fb attendre son successeur. Maintenant, c\u2019est l\u2019exercice du pouvoir dans une situation exceptionnelle qui va compromettre s\u00e9rieusement la s\u00e9curit\u00e9 de notre pays. Quelle sera la valeur de la signature du S\u00e9n\u00e9gal dans le cadre d\u2019un accord international \u00e0 partir du 03 avril\u00a0? Nous sommes dans le flou total et c\u2019est un danger qui guette le pays.<\/p>\n<p><strong>Le pr\u00e9sident a d\u00e9cid\u00e9 de saisir aujourd\u2019hui le Conseil constitutionnel, qu\u2019est-ce que les sept sages devraient faire, selon vous\u00a0?<\/strong><\/p>\n<p>Ce que je souhaite, c\u2019est que le Conseil se cantonne dans un d\u00e9lai, ou cantonne la personne qui va \u00eatre oblig\u00e9e d\u2019assurer cette p\u00e9riode de transition \u00e0 un d\u00e9lai bien connu sans que cela ne remette en cause le processus qui a \u00e9t\u00e9 d\u00e9roul\u00e9 depuis le parrainage jusqu\u2019\u00e0 la publication de la liste d\u00e9finitive.<\/p>\n<p><strong>Quel commentaire faites-vous des conclusions du dialogue avec la tenue de l\u2019\u00e9lection le 02 juin, la r\u00e9ouverture partielle du processus \u00e9lectoral?<\/strong><\/p>\n<p>La r\u00e9ouverture du processus \u00e9lectoral est impossible du point de vue juridique parce que les d\u00e9cisions du Conseil ne sont susceptibles d\u2019aucun recours. Je ne vois pas dans quelle condition, cette r\u00e9ouverture va concerner deux ou trois candidats. Le Pr\u00e9sident savait que les conclusions du dialogue seraient soumis au Conseil, il aurait d\u00fb laisser au Conseil la possibilit\u00e9 de statuer tout de suite sur ces sujets en lui proposant des dates parce que le plus important, c\u2019\u00e9tait d\u2019avoir des dates qui \u00e9taient conformes \u00e0 la d\u00e9cision du Conseil, \u00e0 d\u00e9faut dire au Conseil de prendre des d\u00e9cisions sur l\u2019impossibilit\u00e9 de tenir le scrutin avant la p\u00e9riode passation de service qui \u00e9tait pr\u00e9vu le 02 avril et en cons\u00e9quence comme cette p\u00e9riode transitoire pouvait \u00eatre organis\u00e9e.<\/p>\n<p><strong>Et la date du 2 juin\u00a0?<\/strong><\/p>\n<p>Je pense qu\u2019il est possible de tenir la Pr\u00e9sidentielle avant le 02 avril, avant le 02 juin. Il est juste question de bonne foi et de bonne volont\u00e9 de la part de l\u2019autorit\u00e9 qui a arr\u00eat\u00e9 le processus. Macky Sall est le seul responsable de cette situation et il est le seul capable de sortir une d\u00e9cision qui convienne aux S\u00e9n\u00e9galais. Ce qui est grave, c\u2019est de cr\u00e9er des pistes de conflits suppl\u00e9mentaires en pensant \u00e0 r\u00e9introduire d'autres personnes dans un processus d\u00e9j\u00e0 act\u00e9 ou en pensant \u00e0 des m\u00e9canismes qui peuvent amener de nouveaux troubles dans le jeu \u00e9lectoral.<\/p>\n<p><strong>Ne pensez-vous pas que c\u2019est juste pour int\u00e9grer Karim Wade?<\/strong><\/p>\n<p>Que ce soit pour int\u00e9grer Karim Wade ou quelqu\u2019un d\u2019autre, ce n\u2019est pas l\u00e9gal. C\u2019est le Conseil qui le dit. Tout ce qui peut \u00eatre fait, ce sont des jeux politiques dont les cons\u00e9quences seront de monter un politique contre un autre. Quelle que soit notre volont\u00e9, quels que soient les subterfuges qu\u2019on trouvera, il n\u2019y a qu\u2019un seul juge des \u00e9lections et ce juge n\u2019est pas capable de se d\u00e9dire.<\/p>\n<p><strong>Le ministre de l\u2019Int\u00e9rieur a parl\u00e9 d\u2019une possible reprise de tout le processus, ce qui suppose la suppression de la liste des 19 candidats dont vous faites partie, accepteriez-vous cela?<\/strong><\/p>\n<p>Je ne me projette m\u00eame pas sur cela. Je me projette sur la s\u00e9curit\u00e9 de mon pays \u00e0 partir du 02 avril. J\u2019ai envie que les S\u00e9n\u00e9galais soient rassur\u00e9s par le Conseil qui dira que la s\u00e9curit\u00e9 dans nos fronti\u00e8res sera garantie, que la mission de service publique va continuer. Il y a des questions qui remettent en cause la survie de notre entit\u00e9 en tant qu\u2019Etat. Nous ne mesurons pas la gravit\u00e9 de la situation de notre pays \u00e0 partir du 02 avril.<\/p>\n<p><strong>Le Pr\u00e9sident Macky Sall insiste beaucoup sur une r\u00e9conciliation nationale, cela passe par une loi d\u2019amnistie, qu\u2019en pensez-vous\u00a0?<\/strong><\/p>\n<p>Effectivement, une loi d'amnistie est une mesure l\u00e9gale qui vise \u00e0 accorder un pardon officiel \u00e0 des individus ou \u00e0 des groupes pour des actes sp\u00e9cifiques commis dans le pass\u00e9. Elle est souvent utilis\u00e9e dans le but de favoriser la r\u00e9conciliation nationale, de tourner la page sur des conflits pass\u00e9s ou de promouvoir la paix sociale. La philosophie de pardon signifie la prise de conscience par le fautif de sa faute. Il faudrait que les responsables de ces faits soient identifi\u00e9s, qu\u2019ils acceptent qu\u2019ils ont commis ces faits et qu\u2019ils acceptent humblement de demander pardon. Comment expliquer \u00e0 un jeune s\u00e9n\u00e9galais qui a \u00e9t\u00e9 tortur\u00e9, qu\u2019on va passer pour pertes et profits ce qui lui est arriv\u00e9 au nom d\u2019une pr\u00e9tendue r\u00e9conciliation nationale\u00a0? Comment expliquer \u00e0 un S\u00e9n\u00e9galais qui a vu sa maison br\u00fbl\u00e9e ou ses biens saccag\u00e9s sans qu\u2019il n\u2019y ait de justice qu\u2019il va falloir passer pour pertes et profits au nom de la r\u00e9conciliation. Il est crucial que l'amnistie soit mise en \u0153uvre de mani\u00e8re juste et \u00e9quitable, en veillant \u00e0 ce qu'elle ne soit pas utilis\u00e9e \u00e0 des fins politiques ou pour prot\u00e9ger des personnes responsables de violations graves des droits de l'homme. Une loi d'amnistie ne doit pas servir \u00e0 garantir l'impunit\u00e9 \u00e0 ceux qui ont commis des crimes contre l'humanit\u00e9, des crimes de guerre ou d'autres violations graves du droit international. Il est donc essentiel que toute d\u00e9cision d'amnistie soit prise avec prudence, transparence et dans le respect des principes de justice et de responsabilit\u00e9. Une utilisation inappropri\u00e9e de la loi d'amnistie pourrait compromettre la justice, la v\u00e9rit\u00e9 et la r\u00e9paration pour les victimes, et affaiblir la confiance du public dans l'\u00c9tat de droit. Le prochain Pr\u00e9sident est plus habilit\u00e9 \u00e0 parler de r\u00e9conciliation. Le Pr\u00e9sident actuel ne peut pas r\u00e9ussir cela tout au plus ce qu\u2019il peut avoir, c\u2019est un d\u00e9gel de la tension. S\u2019il y a eu des tentatives de discussion de diff\u00e9rents camps qui \u00e9taient en conflit, il faudrait qu\u2019il y ait une posture d\u2019humilit\u00e9 de la part de l\u2019Etat du S\u00e9n\u00e9gal de rendre compte aux S\u00e9n\u00e9galais.<\/p>\n<p><strong>A qui profite celle loi d\u2019amnistie, selon vous\u00a0?<\/strong><\/p>\n<p>Je ne sais pas. Je pense qu\u2019il va profiter \u00e0 des gens qui sont en train de discuter et qui ne nous disent pas qu\u2019ils sont en train de discuter.<\/p>\n<p><strong>Qui par exemple\u00a0?\u00a0<\/strong><\/p>\n<p>Je ne sais pas. J\u2019ai toujours pr\u00f4n\u00e9 la lib\u00e9ration des d\u00e9tenus politiques. S\u2019il y a des conflits politiques qui ont abouti \u00e0 la d\u00e9tention de responsables politiques, il faut qu\u2019on les lib\u00e8re.<\/p>\n<p><strong>Vous parlez de la lib\u00e9ration de Sonko et de Diomaye\u00a0?<\/strong><\/p>\n<p>Naturellement. Bassirou Diomaye comme candidat doit avoir les m\u00eames chances que les autres candidats. Il a une offre politique \u00e0 soumettre aux S\u00e9n\u00e9galais, naturellement on peut lui accorder la libert\u00e9 de pouvoir mener campagne.<\/p>\n<p><strong>Des heurts ont \u00e9clat\u00e9 entre pro Sonko et pro Khalifa lors de votre manifestation d\u2019hier, ne pensez-vous pas que cette division risque de perdre l\u2019opposition?\u00a0<\/strong><\/p>\n<p>C\u2019est un \u00e9v\u00e9nement malheureux, si nous nous trompons de combat ou d\u2019adversaires, nous n\u2019aurons que nos yeux pour pleurer. La d\u00e9mobilisation ou les conflits politiques qu\u2019on va int\u00e9grer dans un combat pour le S\u00e9n\u00e9gal vont entra\u00eener une illisibilit\u00e9 des mots d\u2019ordre et cons\u00e9quemment une d\u00e9mobilisation des S\u00e9n\u00e9galais. Si on y arrive, Macky Sall sera libre d\u00e9 d\u00e9rouler comme il l\u2019entend. Les deux parties doivent pouvoir discuter et nous allons entamer des m\u00e9diations pour qu\u2019on ne se trompe pas d\u2019objectifs.<\/p>\n<p><strong>Qu\u2019est-ce qui explique la mue de Mame Boye Diao, subitement devenu virulent contre le r\u00e9gime?<\/strong><\/p>\n<p>Tous les citoyens s\u00e9n\u00e9galais ont \u00e9t\u00e9 choqu\u00e9s qu\u2019on soit \u00e0 10 heures du d\u00e9but de la campagne \u00e9lectorale et qu\u2019on nous dise, c\u2019est arr\u00eat\u00e9. C\u2019est une insulte qui a \u00e9t\u00e9 faite \u00e0 mon pays et qui nous a valu d\u2019\u00eatre d\u00e9peint comme une R\u00e9publique banani\u00e8re par les m\u00e9dias internationaux, qui nous vaut des critiques de gens qui ne devaient pas avoir une position de donneur de le\u00e7on envers nous. Nous devons nous battre pour r\u00e9cup\u00e9rer notre image qui a \u00e9t\u00e9 \u00e9corn\u00e9e par le Pr\u00e9sident Macky Sall. C\u2019est ce qui fait que les mots peuvent \u00eatre tr\u00e8s durs. Le probl\u00e8me est beaucoup plus grave que nous ne le vivons. Cette situation est tr\u00e8s s\u00e9rieuse et je le dis avec la fermet\u00e9 qui sied. Il y a des d\u00e9rives qu\u2019on ne peut pas accepter.<\/p>\n<p><strong>N\u2019est-ce pas g\u00eanant pour quelqu\u2019un qui \u00e9tait tr\u00e8s proche du Pr\u00e9sident?<\/strong><\/p>\n<p>Je n\u2019\u00e9tais pas avec lui dans un processus comme celui-l\u00e0. Comme il y en a dans son camp actuellement, si j\u2019\u00e9tais encore avec lui, je me serais d\u00e9marqu\u00e9. Cette insulte \u00e0 la d\u00e9mocratie que le Pr\u00e9sident a fait en reportant l\u2019\u00e9lection est venue consacrer d\u00e9finitivement un bilan immat\u00e9riel mauvais.<\/p>\n<p><strong>Etes-vous toujours en contact avec le Pr\u00e9sident Macky Sall?<\/strong><\/p>\n<p>Oui, il arrive qu\u2019on se parle.<\/p>\n<p><strong>A quand remonte votre dernier entretien\u00a0?<\/strong><\/p>\n<p>Nous nous sommes parl\u00e9 dans les deux ou trois semaines.<\/p>\n<p><strong>Les discussions ont tourn\u00e9 autour de quoi\u00a0?<\/strong><\/p>\n<p>Vous savez que je ne peux pas parler de \u00e7a. Il ne s\u2019agissait pas de discussions politiques. J\u2019ai refus\u00e9 d\u2019aller au dialogue de fa\u00e7on tr\u00e8s v\u00e9h\u00e9mente parce que j\u2019ai consid\u00e9r\u00e9 que si le Pr\u00e9sident voulait dialoguer, il aurait d\u00fb le faire avec les 19 candidats qui avaient \u00e9t\u00e9 retenus, mais humainement, personne n\u2019a la possibilit\u00e9 de me priver d\u2019une rencontre avec le Pr\u00e9sident Macky Sall. J\u2019ai \u00e9t\u00e9 un homme du camp du pouvoir qui a os\u00e9 clamer publiquement une amiti\u00e9 avec quelqu\u2019un qui \u00e9tait consid\u00e9r\u00e9 comme l\u2019opposant le plus virulent contre le pouvoir que je d\u00e9fendais. Si je suis capable d\u2019assumer des relations personnelles avec Ousmane Sonko, je ne vois pas qui va m\u2019emp\u00eacher d\u2019assumer mes relations personnelles avec le Pr\u00e9sident Macky Sall. S\u2019il veut me voir en tant que Mame Boye Diao, il me verra avec plaisir, ce soir, chez lui. Mais, sur le processus \u00e9lectoral, il ne pourra me voir que sur la base d\u2019une d\u00e9marche accept\u00e9e par les autres candidats avec qui je partage des fronts.<\/p>\n<p><strong>Qu\u2019en est-il des discussions annonc\u00e9es avec Amadou Ba?<\/strong><\/p>\n<p>On se parle. Nous avons partag\u00e9 une administration et un camp politique et il arrive qu\u2019on se parle. Comme je parle \u00e0 beaucoup d\u2019autres personnes \u00e0 l\u2019Alliance pour la r\u00e9publique (Apr).<\/p>\n<p><strong>En cas de second tour, pourrait-on s\u2019attendre \u00e0 votre retour dans le camp de la majorit\u00e9 o\u00f9 le divorce est d\u00e9finitivement act\u00e9\u00a0?\u00a0<\/strong><\/p>\n<p>Vous pensez que je ne vais pas \u00e0 ces \u00e9lections pour gagner. Je pense que je vais \u00eatre un des deux qui passeront au second tour. Mais, il faut accepter que le Pr\u00e9sident sortant a un \u00e9lectorat fort, Sonko a un \u00e9lectorat fort, Karim Wade aussi. Naturellement, ces trois-l\u00e0, leur \u00e9lectorat r\u00e9uni fait 70 \u00e0 80%. Si on va \u00e0 une \u00e9lection o\u00f9 ils ne sont pas pr\u00e9sents, il peut y avoir un \u00e9miettement de l\u2019\u00e9lectorat de sorte que la logique voudrait qu\u2019on aille vers un scrutin \u00e0 deux tours. Ce qui nous importera, c\u2019est de discuter programme avec les deux qui seront au deuxi\u00e8me tour pour voir o\u00f9 nous pourrions nous orienter pour la d\u00e9fense des int\u00e9r\u00eats des S\u00e9n\u00e9galais.<\/p>\n<p style=\"text-align: right;\"><strong>L'Observateur<\/strong><\/p>\n<div class='share-to-whatsapp-wrapper'><div class='share-on-whsp'>PARTAGER SUR : <\/div><a data-text='ENTRETIEN - MAME BOYE DIAO -\u00a0\u00abNous ne mesurons pas la gravit\u00e9 de la situation de notre pays \u00e0 partir du 02 avril\u00bb' data-link='https:\/\/www.nettali.com\/2024\/03\/04\/mame-entretien-boye-diao-nous-ne-mesurons-pas-la-gravite-de-la-situation-de-notre-pays-a-partir-du-02-avril\/' class='whatsapp-button whatsapp-share'>WhatsApp<\/a><div class='clear '><\/div><\/div>","protected":false},"excerpt":{"rendered":"<p>NETTALI.COM - Candidat de la coalition \u2018\u2019Diao 2024\u2019\u2019, membre du collectif Fc25 qui regroupe 16 candidats, Mame Boye Diao fait un round-up de l\u2019actualit\u00e9. Apr\u00e8s avoir d\u00e9pos\u00e9 au Conseil constitutionnel 2024, une requ\u00eate aux fins de constater et de rem\u00e9dier \u00e0 la carence du Pr\u00e9sident de la R\u00e9publique (\u2026), il parle de la date de [&hellip;]<\/p>\n","protected":false},"author":4,"featured_media":117790,"comment_status":"open","ping_status":"open","sticky":false,"template":"","format":"standard","meta":{"_et_pb_use_builder":"","_et_pb_old_content":""},"categories":[2],"tags":[],"yoast_head":"<!-- This site is optimized with the Yoast SEO Premium plugin v17.8 (Yoast SEO v17.8) - https:\/\/yoast.com\/wordpress\/plugins\/seo\/ -->\n<title>ENTRETIEN - MAME BOYE DIAO -\u00a0\u00abNous ne mesurons pas la gravit\u00e9 de la situation de notre pays \u00e0 partir du 02 avril\u00bb | Nettali.com<\/title>\n<meta name=\"robots\" content=\"index, follow, max-snippet:-1, max-image-preview:large, max-video-preview:-1\" \/>\n<link rel=\"canonical\" href=\"https:\/\/www.nettali.com\/2024\/03\/04\/mame-entretien-boye-diao-nous-ne-mesurons-pas-la-gravite-de-la-situation-de-notre-pays-a-partir-du-02-avril\/\" \/>\n<meta property=\"og:locale\" content=\"fr_FR\" \/>\n<meta property=\"og:type\" content=\"article\" \/>\n<meta property=\"og:title\" content=\"ENTRETIEN - MAME BOYE DIAO -\u00a0\u00abNous ne mesurons pas la gravit\u00e9 de la situation de notre pays \u00e0 partir du 02 avril\u00bb\" \/>\n<meta property=\"og:description\" content=\"NETTALI.COM - Candidat de la coalition \u2018\u2019Diao 2024\u2019\u2019, membre du collectif Fc25 qui regroupe 16 candidats, Mame Boye Diao fait un round-up de l\u2019actualit\u00e9. Apr\u00e8s avoir d\u00e9pos\u00e9 au Conseil constitutionnel 2024, une requ\u00eate aux fins de constater et de rem\u00e9dier \u00e0 la carence du Pr\u00e9sident de la R\u00e9publique (\u2026), il parle de la date de [&hellip;]\" \/>\n<meta property=\"og:url\" content=\"https:\/\/www.nettali.com\/2024\/03\/04\/mame-entretien-boye-diao-nous-ne-mesurons-pas-la-gravite-de-la-situation-de-notre-pays-a-partir-du-02-avril\/\" \/>\n<meta property=\"og:site_name\" content=\"Nettali.com\" \/>\n<meta property=\"article:publisher\" content=\"https:\/\/www.facebook.com\/nettalicom\" \/>\n<meta property=\"article:published_time\" content=\"2024-03-04T18:52:31+00:00\" \/>\n<meta property=\"article:modified_time\" content=\"2024-03-04T20:31:08+00:00\" \/>\n<meta property=\"og:image\" content=\"https:\/\/www.nettali.com\/wp-content\/uploads\/2023\/09\/mbdiao_1.jpg\" \/>\n\t<meta property=\"og:image:width\" content=\"604\" \/>\n\t<meta property=\"og:image:height\" content=\"533\" \/>\n<meta name=\"twitter:card\" content=\"summary_large_image\" \/>\n<meta name=\"twitter:label1\" content=\"\u00c9crit par\" \/>\n\t<meta name=\"twitter:data1\" content=\"Daouda\" \/>\n\t<meta name=\"twitter:label2\" content=\"Dur\u00e9e de lecture estim\u00e9e\" \/>\n\t<meta name=\"twitter:data2\" content=\"13 minutes\" \/>\n<script type=\"application\/ld+json\" class=\"yoast-schema-graph\">{\"@context\":\"https:\/\/schema.org\",\"@graph\":[{\"@type\":\"WebSite\",\"@id\":\"https:\/\/www.nettali.com\/#website\",\"url\":\"https:\/\/www.nettali.com\/\",\"name\":\"Nettali.com\",\"description\":\"Le rendez-vous critique du Net\",\"potentialAction\":[{\"@type\":\"SearchAction\",\"target\":{\"@type\":\"EntryPoint\",\"urlTemplate\":\"https:\/\/www.nettali.com\/?s={search_term_string}\"},\"query-input\":\"required name=search_term_string\"}],\"inLanguage\":\"fr-FR\"},{\"@type\":\"ImageObject\",\"@id\":\"https:\/\/www.nettali.com\/2024\/03\/04\/mame-entretien-boye-diao-nous-ne-mesurons-pas-la-gravite-de-la-situation-de-notre-pays-a-partir-du-02-avril\/#primaryimage\",\"inLanguage\":\"fr-FR\",\"url\":\"https:\/\/www.nettali.com\/wp-content\/uploads\/2023\/09\/mbdiao_1.jpg\",\"contentUrl\":\"https:\/\/www.nettali.com\/wp-content\/uploads\/2023\/09\/mbdiao_1.jpg\",\"width\":604,\"height\":533},{\"@type\":\"WebPage\",\"@id\":\"https:\/\/www.nettali.com\/2024\/03\/04\/mame-entretien-boye-diao-nous-ne-mesurons-pas-la-gravite-de-la-situation-de-notre-pays-a-partir-du-02-avril\/#webpage\",\"url\":\"https:\/\/www.nettali.com\/2024\/03\/04\/mame-entretien-boye-diao-nous-ne-mesurons-pas-la-gravite-de-la-situation-de-notre-pays-a-partir-du-02-avril\/\",\"name\":\"ENTRETIEN - MAME BOYE DIAO -\\u00a0\\u00abNous ne mesurons pas la gravit\\u00e9 de la situation de notre pays \\u00e0 partir du 02 avril\\u00bb | Nettali.com\",\"isPartOf\":{\"@id\":\"https:\/\/www.nettali.com\/#website\"},\"primaryImageOfPage\":{\"@id\":\"https:\/\/www.nettali.com\/2024\/03\/04\/mame-entretien-boye-diao-nous-ne-mesurons-pas-la-gravite-de-la-situation-de-notre-pays-a-partir-du-02-avril\/#primaryimage\"},\"datePublished\":\"2024-03-04T18:52:31+00:00\",\"dateModified\":\"2024-03-04T20:31:08+00:00\",\"author\":{\"@id\":\"https:\/\/www.nettali.com\/#\/schema\/person\/3317e0bb3aa1da309fbf7b2780901bf4\"},\"breadcrumb\":{\"@id\":\"https:\/\/www.nettali.com\/2024\/03\/04\/mame-entretien-boye-diao-nous-ne-mesurons-pas-la-gravite-de-la-situation-de-notre-pays-a-partir-du-02-avril\/#breadcrumb\"},\"inLanguage\":\"fr-FR\",\"potentialAction\":[{\"@type\":\"ReadAction\",\"target\":[\"https:\/\/www.nettali.com\/2024\/03\/04\/mame-entretien-boye-diao-nous-ne-mesurons-pas-la-gravite-de-la-situation-de-notre-pays-a-partir-du-02-avril\/\"]}]},{\"@type\":\"BreadcrumbList\",\"@id\":\"https:\/\/www.nettali.com\/2024\/03\/04\/mame-entretien-boye-diao-nous-ne-mesurons-pas-la-gravite-de-la-situation-de-notre-pays-a-partir-du-02-avril\/#breadcrumb\",\"itemListElement\":[{\"@type\":\"ListItem\",\"position\":1,\"name\":\"Accueil\",\"item\":\"https:\/\/www.nettali.com\/\"},{\"@type\":\"ListItem\",\"position\":2,\"name\":\"ENTRETIEN - MAME BOYE DIAO -\\u00a0\\u00abNous ne mesurons pas la gravit\\u00e9 de la situation de notre pays \\u00e0 partir du 02 avril\\u00bb\"}]},{\"@type\":\"Person\",\"@id\":\"https:\/\/www.nettali.com\/#\/schema\/person\/3317e0bb3aa1da309fbf7b2780901bf4\",\"name\":\"Daouda\",\"image\":{\"@type\":\"ImageObject\",\"@id\":\"https:\/\/www.nettali.com\/#personlogo\",\"inLanguage\":\"fr-FR\",\"url\":\"https:\/\/secure.gravatar.com\/avatar\/8d143b5a49345098ddcfee1c49c2f47c?s=96&d=mm&r=g\",\"contentUrl\":\"https:\/\/secure.gravatar.com\/avatar\/8d143b5a49345098ddcfee1c49c2f47c?s=96&d=mm&r=g\",\"caption\":\"Daouda\"},\"sameAs\":[\"https:\/\/www.nettali.com\"]}]}<\/script>\n<!-- \/ Yoast SEO Premium plugin. -->","yoast_head_json":{"title":"ENTRETIEN - MAME BOYE DIAO -\u00a0\u00abNous ne mesurons pas la gravit\u00e9 de la situation de notre pays \u00e0 partir du 02 avril\u00bb | Nettali.com","robots":{"index":"index","follow":"follow","max-snippet":"max-snippet:-1","max-image-preview":"max-image-preview:large","max-video-preview":"max-video-preview:-1"},"canonical":"https:\/\/www.nettali.com\/2024\/03\/04\/mame-entretien-boye-diao-nous-ne-mesurons-pas-la-gravite-de-la-situation-de-notre-pays-a-partir-du-02-avril\/","og_locale":"fr_FR","og_type":"article","og_title":"ENTRETIEN - MAME BOYE DIAO -\u00a0\u00abNous ne mesurons pas la gravit\u00e9 de la situation de notre pays \u00e0 partir du 02 avril\u00bb","og_description":"NETTALI.COM - Candidat de la coalition \u2018\u2019Diao 2024\u2019\u2019, membre du collectif Fc25 qui regroupe 16 candidats, Mame Boye Diao fait un round-up de l\u2019actualit\u00e9. Apr\u00e8s avoir d\u00e9pos\u00e9 au Conseil constitutionnel 2024, une requ\u00eate aux fins de constater et de rem\u00e9dier \u00e0 la carence du Pr\u00e9sident de la R\u00e9publique (\u2026), il parle de la date de [&hellip;]","og_url":"https:\/\/www.nettali.com\/2024\/03\/04\/mame-entretien-boye-diao-nous-ne-mesurons-pas-la-gravite-de-la-situation-de-notre-pays-a-partir-du-02-avril\/","og_site_name":"Nettali.com","article_publisher":"https:\/\/www.facebook.com\/nettalicom","article_published_time":"2024-03-04T18:52:31+00:00","article_modified_time":"2024-03-04T20:31:08+00:00","og_image":[{"width":604,"height":533,"url":"https:\/\/www.nettali.com\/wp-content\/uploads\/2023\/09\/mbdiao_1.jpg","type":"image\/jpeg"}],"twitter_card":"summary_large_image","twitter_misc":{"\u00c9crit par":"Daouda","Dur\u00e9e de lecture estim\u00e9e":"13 minutes"},"schema":{"@context":"https:\/\/schema.org","@graph":[{"@type":"WebSite","@id":"https:\/\/www.nettali.com\/#website","url":"https:\/\/www.nettali.com\/","name":"Nettali.com","description":"Le rendez-vous critique du Net","potentialAction":[{"@type":"SearchAction","target":{"@type":"EntryPoint","urlTemplate":"https:\/\/www.nettali.com\/?s={search_term_string}"},"query-input":"required name=search_term_string"}],"inLanguage":"fr-FR"},{"@type":"ImageObject","@id":"https:\/\/www.nettali.com\/2024\/03\/04\/mame-entretien-boye-diao-nous-ne-mesurons-pas-la-gravite-de-la-situation-de-notre-pays-a-partir-du-02-avril\/#primaryimage","inLanguage":"fr-FR","url":"https:\/\/www.nettali.com\/wp-content\/uploads\/2023\/09\/mbdiao_1.jpg","contentUrl":"https:\/\/www.nettali.com\/wp-content\/uploads\/2023\/09\/mbdiao_1.jpg","width":604,"height":533},{"@type":"WebPage","@id":"https:\/\/www.nettali.com\/2024\/03\/04\/mame-entretien-boye-diao-nous-ne-mesurons-pas-la-gravite-de-la-situation-de-notre-pays-a-partir-du-02-avril\/#webpage","url":"https:\/\/www.nettali.com\/2024\/03\/04\/mame-entretien-boye-diao-nous-ne-mesurons-pas-la-gravite-de-la-situation-de-notre-pays-a-partir-du-02-avril\/","name":"ENTRETIEN - MAME BOYE DIAO -\u00a0\u00abNous ne mesurons pas la gravit\u00e9 de la situation de notre pays \u00e0 partir du 02 avril\u00bb | Nettali.com","isPartOf":{"@id":"https:\/\/www.nettali.com\/#website"},"primaryImageOfPage":{"@id":"https:\/\/www.nettali.com\/2024\/03\/04\/mame-entretien-boye-diao-nous-ne-mesurons-pas-la-gravite-de-la-situation-de-notre-pays-a-partir-du-02-avril\/#primaryimage"},"datePublished":"2024-03-04T18:52:31+00:00","dateModified":"2024-03-04T20:31:08+00:00","author":{"@id":"https:\/\/www.nettali.com\/#\/schema\/person\/3317e0bb3aa1da309fbf7b2780901bf4"},"breadcrumb":{"@id":"https:\/\/www.nettali.com\/2024\/03\/04\/mame-entretien-boye-diao-nous-ne-mesurons-pas-la-gravite-de-la-situation-de-notre-pays-a-partir-du-02-avril\/#breadcrumb"},"inLanguage":"fr-FR","potentialAction":[{"@type":"ReadAction","target":["https:\/\/www.nettali.com\/2024\/03\/04\/mame-entretien-boye-diao-nous-ne-mesurons-pas-la-gravite-de-la-situation-de-notre-pays-a-partir-du-02-avril\/"]}]},{"@type":"BreadcrumbList","@id":"https:\/\/www.nettali.com\/2024\/03\/04\/mame-entretien-boye-diao-nous-ne-mesurons-pas-la-gravite-de-la-situation-de-notre-pays-a-partir-du-02-avril\/#breadcrumb","itemListElement":[{"@type":"ListItem","position":1,"name":"Accueil","item":"https:\/\/www.nettali.com\/"},{"@type":"ListItem","position":2,"name":"ENTRETIEN - MAME BOYE DIAO -\u00a0\u00abNous ne mesurons pas la gravit\u00e9 de la situation de notre pays \u00e0 partir du 02 avril\u00bb"}]},{"@type":"Person","@id":"https:\/\/www.nettali.com\/#\/schema\/person\/3317e0bb3aa1da309fbf7b2780901bf4","name":"Daouda","image":{"@type":"ImageObject","@id":"https:\/\/www.nettali.com\/#personlogo","inLanguage":"fr-FR","url":"https:\/\/secure.gravatar.com\/avatar\/8d143b5a49345098ddcfee1c49c2f47c?s=96&d=mm&r=g","contentUrl":"https:\/\/secure.gravatar.com\/avatar\/8d143b5a49345098ddcfee1c49c2f47c?s=96&d=mm&r=g","caption":"Daouda"},"sameAs":["https:\/\/www.nettali.com"]}]}},"_links":{"self":[{"href":"https:\/\/www.nettali.com\/rest\/wp\/v2\/posts\/128795"}],"collection":[{"href":"https:\/\/www.nettali.com\/rest\/wp\/v2\/posts"}],"about":[{"href":"https:\/\/www.nettali.com\/rest\/wp\/v2\/types\/post"}],"author":[{"embeddable":true,"href":"https:\/\/www.nettali.com\/rest\/wp\/v2\/users\/4"}],"replies":[{"embeddable":true,"href":"https:\/\/www.nettali.com\/rest\/wp\/v2\/comments?post=128795"}],"version-history":[{"count":2,"href":"https:\/\/www.nettali.com\/rest\/wp\/v2\/posts\/128795\/revisions"}],"predecessor-version":[{"id":128800,"href":"https:\/\/www.nettali.com\/rest\/wp\/v2\/posts\/128795\/revisions\/128800"}],"wp:featuredmedia":[{"embeddable":true,"href":"https:\/\/www.nettali.com\/rest\/wp\/v2\/media\/117790"}],"wp:attachment":[{"href":"https:\/\/www.nettali.com\/rest\/wp\/v2\/media?parent=128795"}],"wp:term":[{"taxonomy":"category","embeddable":true,"href":"https:\/\/www.nettali.com\/rest\/wp\/v2\/categories?post=128795"},{"taxonomy":"post_tag","embeddable":true,"href":"https:\/\/www.nettali.com\/rest\/wp\/v2\/tags?post=128795"}],"curies":[{"name":"wp","href":"https:\/\/api.w.org\/{rel}","templated":true}]}}