{"id":128770,"date":"2024-03-04T13:56:44","date_gmt":"2024-03-04T13:56:44","guid":{"rendered":"https:\/\/www.nettali.com\/?p=128770"},"modified":"2024-03-04T13:56:44","modified_gmt":"2024-03-04T13:56:44","slug":"salernitana-bouaye-dia-risque-gros","status":"publish","type":"post","link":"https:\/\/www.nettali.com\/2024\/03\/04\/salernitana-bouaye-dia-risque-gros\/","title":{"rendered":"SALERNITANA - Bouaye Dia risque gros"},"content":{"rendered":"<p><strong>NETTALI.COM - Rempla\u00e7ant samedi 2 mars, lors du match nul (1-1) de la Salernitana \u00e0 Udinese, Boulaye Dia a tout simplement refus\u00e9 d\u2019entrer en jeu, si on en croit son entraineur. Une action qui sonne comme un motif d\u2019un divorce prochain entre l\u2019international s\u00e9n\u00e9galais et son club qui l\u2019a exclu du groupe et pr\u00e9vu une amende financi\u00e8re significative.<\/strong><\/p>\n<p>Son club a d\u2019ores et d\u00e9j\u00e0 pris les devants. Selon la Gazetta dello Sport, le pr\u00e9sident de la Salernitana, Danilo Iervolino, a rencontr\u00e9 ce dimanche 3 f\u00e9vrier ses collaborateurs et les avocats du club pour d\u00e9cider des mesures \u00e0 adopter. La premi\u00e8re a \u00e9t\u00e9 celle d\u2019exclure Boulaye de l\u2019\u00e9quipe. Ce qui veut dire qu'il ne sera ainsi plus \u00e0 la disposition de l\u2019entra\u00eeneur Fabio Liverani pour les prochains matchs.<\/p>\n<p>La Salernitana ne compte pas s\u2019en limiter \u00e0 \u00e7a puisqu\u2019elle compter intenter une action en justice. Le club italien a l\u2019intention de demander la sanction maximale contre l\u2019international s\u00e9n\u00e9galais, c\u2019est-\u00e0 dire une amende \u00e9gale \u00e0 la moiti\u00e9 de son salaire jusqu\u2019\u00e0 la fin de la saison.<\/p>\n<p>\"<em>Les avocats du club seront charg\u00e9s de pr\u00e9parer un rapport d\u00e9taill\u00e9 apr\u00e8s avoir obtenu du S\u00e9n\u00e9galais les raisons qui l\u2019ont pouss\u00e9 \u00e0 refuser le remplacement demand\u00e9 par Liverani<\/em>\", lit-on dans les colonnes du quotidien italien.<\/p>\n<p>Une ponction du salaire de Boulaye Dia, estim\u00e9 \u00e0 un peu moins de 2 millions d\u2019euros (1,3 milliard FCFA) par an, qui n\u2019est pas la derni\u00e8re action de la Salernitana.<\/p>\n<p>Le pr\u00e9sident Iervolino envisage \u00e9galement, selon toujours la m\u00eame source, d\u2019engager une action en r\u00e9paration contre Boulaye en exigeant des dommages et int\u00e9r\u00eats.<\/p>\n<p>Un ensemble de proc\u00e9dures qui rend encore plus plausible ce divorce prochain entre les diff\u00e9rentes parties avec une saison qui pourrait se terminer plut\u00f4t que pr\u00e9vu pour l\u2019attaquant s\u00e9n\u00e9galais.<\/p>\n<p>Boulaye Dia devra prendre son mal en patience et rester au frigo dans l\u2019attente un d\u00e9part in\u00e9vitable \u00e0 l\u2019\u00e9t\u00e9 prochain.<\/p>\n<div class='share-to-whatsapp-wrapper'><div class='share-on-whsp'>PARTAGER SUR : <\/div><a data-text='SALERNITANA - Bouaye Dia risque gros' data-link='https:\/\/www.nettali.com\/2024\/03\/04\/salernitana-bouaye-dia-risque-gros\/' class='whatsapp-button whatsapp-share'>WhatsApp<\/a><div class='clear '><\/div><\/div>","protected":false},"excerpt":{"rendered":"<p>NETTALI.COM - Rempla\u00e7ant samedi 2 mars, lors du match nul (1-1) de la Salernitana \u00e0 Udinese, Boulaye Dia a tout simplement refus\u00e9 d\u2019entrer en jeu, si on en croit son entraineur. Une action qui sonne comme un motif d\u2019un divorce prochain entre l\u2019international s\u00e9n\u00e9galais et son club qui l\u2019a exclu du groupe et pr\u00e9vu une [&hellip;]<\/p>\n","protected":false},"author":5,"featured_media":128771,"comment_status":"open","ping_status":"open","sticky":false,"template":"","format":"standard","meta":{"_et_pb_use_builder":"","_et_pb_old_content":""},"categories":[6],"tags":[],"yoast_head":"<!-- This site is optimized with the Yoast SEO Premium plugin v17.8 (Yoast SEO v17.8) - https:\/\/yoast.com\/wordpress\/plugins\/seo\/ -->\n<title>SALERNITANA - Bouaye Dia risque gros | Nettali.com<\/title>\n<meta name=\"robots\" content=\"index, follow, max-snippet:-1, max-image-preview:large, max-video-preview:-1\" \/>\n<link rel=\"canonical\" href=\"https:\/\/www.nettali.com\/2024\/03\/04\/salernitana-bouaye-dia-risque-gros\/\" \/>\n<meta property=\"og:locale\" content=\"fr_FR\" \/>\n<meta property=\"og:type\" content=\"article\" \/>\n<meta property=\"og:title\" content=\"SALERNITANA - Bouaye Dia risque gros\" \/>\n<meta property=\"og:description\" content=\"NETTALI.COM - Rempla\u00e7ant samedi 2 mars, lors du match nul (1-1) de la Salernitana \u00e0 Udinese, Boulaye Dia a tout simplement refus\u00e9 d\u2019entrer en jeu, si on en croit son entraineur. Une action qui sonne comme un motif d\u2019un divorce prochain entre l\u2019international s\u00e9n\u00e9galais et son club qui l\u2019a exclu du groupe et pr\u00e9vu une [&hellip;]\" \/>\n<meta property=\"og:url\" content=\"https:\/\/www.nettali.com\/2024\/03\/04\/salernitana-bouaye-dia-risque-gros\/\" \/>\n<meta property=\"og:site_name\" content=\"Nettali.com\" \/>\n<meta property=\"article:publisher\" content=\"https:\/\/www.facebook.com\/nettalicom\" \/>\n<meta property=\"article:published_time\" content=\"2024-03-04T13:56:44+00:00\" \/>\n<meta property=\"og:image\" content=\"https:\/\/www.nettali.com\/wp-content\/uploads\/2024\/03\/foot_bdia.jpg\" \/>\n\t<meta property=\"og:image:width\" content=\"800\" \/>\n\t<meta property=\"og:image:height\" content=\"503\" \/>\n<meta name=\"twitter:card\" content=\"summary_large_image\" \/>\n<meta name=\"twitter:label1\" content=\"\u00c9crit par\" \/>\n\t<meta name=\"twitter:data1\" content=\"Ibrahima\" \/>\n\t<meta name=\"twitter:label2\" content=\"Dur\u00e9e de lecture estim\u00e9e\" \/>\n\t<meta name=\"twitter:data2\" content=\"2 minutes\" \/>\n<script type=\"application\/ld+json\" class=\"yoast-schema-graph\">{\"@context\":\"https:\/\/schema.org\",\"@graph\":[{\"@type\":\"WebSite\",\"@id\":\"https:\/\/www.nettali.com\/#website\",\"url\":\"https:\/\/www.nettali.com\/\",\"name\":\"Nettali.com\",\"description\":\"Le rendez-vous critique du Net\",\"potentialAction\":[{\"@type\":\"SearchAction\",\"target\":{\"@type\":\"EntryPoint\",\"urlTemplate\":\"https:\/\/www.nettali.com\/?s={search_term_string}\"},\"query-input\":\"required name=search_term_string\"}],\"inLanguage\":\"fr-FR\"},{\"@type\":\"ImageObject\",\"@id\":\"https:\/\/www.nettali.com\/2024\/03\/04\/salernitana-bouaye-dia-risque-gros\/#primaryimage\",\"inLanguage\":\"fr-FR\",\"url\":\"https:\/\/www.nettali.com\/wp-content\/uploads\/2024\/03\/foot_bdia.jpg\",\"contentUrl\":\"https:\/\/www.nettali.com\/wp-content\/uploads\/2024\/03\/foot_bdia.jpg\",\"width\":800,\"height\":503},{\"@type\":\"WebPage\",\"@id\":\"https:\/\/www.nettali.com\/2024\/03\/04\/salernitana-bouaye-dia-risque-gros\/#webpage\",\"url\":\"https:\/\/www.nettali.com\/2024\/03\/04\/salernitana-bouaye-dia-risque-gros\/\",\"name\":\"SALERNITANA - Bouaye Dia risque gros | Nettali.com\",\"isPartOf\":{\"@id\":\"https:\/\/www.nettali.com\/#website\"},\"primaryImageOfPage\":{\"@id\":\"https:\/\/www.nettali.com\/2024\/03\/04\/salernitana-bouaye-dia-risque-gros\/#primaryimage\"},\"datePublished\":\"2024-03-04T13:56:44+00:00\",\"dateModified\":\"2024-03-04T13:56:44+00:00\",\"author\":{\"@id\":\"https:\/\/www.nettali.com\/#\/schema\/person\/bb147657c2986240405a608162b9bb23\"},\"breadcrumb\":{\"@id\":\"https:\/\/www.nettali.com\/2024\/03\/04\/salernitana-bouaye-dia-risque-gros\/#breadcrumb\"},\"inLanguage\":\"fr-FR\",\"potentialAction\":[{\"@type\":\"ReadAction\",\"target\":[\"https:\/\/www.nettali.com\/2024\/03\/04\/salernitana-bouaye-dia-risque-gros\/\"]}]},{\"@type\":\"BreadcrumbList\",\"@id\":\"https:\/\/www.nettali.com\/2024\/03\/04\/salernitana-bouaye-dia-risque-gros\/#breadcrumb\",\"itemListElement\":[{\"@type\":\"ListItem\",\"position\":1,\"name\":\"Accueil\",\"item\":\"https:\/\/www.nettali.com\/\"},{\"@type\":\"ListItem\",\"position\":2,\"name\":\"SALERNITANA - Bouaye Dia risque gros\"}]},{\"@type\":\"Person\",\"@id\":\"https:\/\/www.nettali.com\/#\/schema\/person\/bb147657c2986240405a608162b9bb23\",\"name\":\"Ibrahima\",\"image\":{\"@type\":\"ImageObject\",\"@id\":\"https:\/\/www.nettali.com\/#personlogo\",\"inLanguage\":\"fr-FR\",\"url\":\"https:\/\/secure.gravatar.com\/avatar\/26a8a81f09f0dd7624c9d5c36c9ba3a2?s=96&d=mm&r=g\",\"contentUrl\":\"https:\/\/secure.gravatar.com\/avatar\/26a8a81f09f0dd7624c9d5c36c9ba3a2?s=96&d=mm&r=g\",\"caption\":\"Ibrahima\"},\"sameAs\":[\"https:\/\/www.nettali.com\"]}]}<\/script>\n<!-- \/ Yoast SEO Premium plugin. -->","yoast_head_json":{"title":"SALERNITANA - Bouaye Dia risque gros | Nettali.com","robots":{"index":"index","follow":"follow","max-snippet":"max-snippet:-1","max-image-preview":"max-image-preview:large","max-video-preview":"max-video-preview:-1"},"canonical":"https:\/\/www.nettali.com\/2024\/03\/04\/salernitana-bouaye-dia-risque-gros\/","og_locale":"fr_FR","og_type":"article","og_title":"SALERNITANA - Bouaye Dia risque gros","og_description":"NETTALI.COM - Rempla\u00e7ant samedi 2 mars, lors du match nul (1-1) de la Salernitana \u00e0 Udinese, Boulaye Dia a tout simplement refus\u00e9 d\u2019entrer en jeu, si on en croit son entraineur. Une action qui sonne comme un motif d\u2019un divorce prochain entre l\u2019international s\u00e9n\u00e9galais et son club qui l\u2019a exclu du groupe et pr\u00e9vu une [&hellip;]","og_url":"https:\/\/www.nettali.com\/2024\/03\/04\/salernitana-bouaye-dia-risque-gros\/","og_site_name":"Nettali.com","article_publisher":"https:\/\/www.facebook.com\/nettalicom","article_published_time":"2024-03-04T13:56:44+00:00","og_image":[{"width":800,"height":503,"url":"https:\/\/www.nettali.com\/wp-content\/uploads\/2024\/03\/foot_bdia.jpg","type":"image\/jpeg"}],"twitter_card":"summary_large_image","twitter_misc":{"\u00c9crit par":"Ibrahima","Dur\u00e9e de lecture estim\u00e9e":"2 minutes"},"schema":{"@context":"https:\/\/schema.org","@graph":[{"@type":"WebSite","@id":"https:\/\/www.nettali.com\/#website","url":"https:\/\/www.nettali.com\/","name":"Nettali.com","description":"Le rendez-vous critique du Net","potentialAction":[{"@type":"SearchAction","target":{"@type":"EntryPoint","urlTemplate":"https:\/\/www.nettali.com\/?s={search_term_string}"},"query-input":"required name=search_term_string"}],"inLanguage":"fr-FR"},{"@type":"ImageObject","@id":"https:\/\/www.nettali.com\/2024\/03\/04\/salernitana-bouaye-dia-risque-gros\/#primaryimage","inLanguage":"fr-FR","url":"https:\/\/www.nettali.com\/wp-content\/uploads\/2024\/03\/foot_bdia.jpg","contentUrl":"https:\/\/www.nettali.com\/wp-content\/uploads\/2024\/03\/foot_bdia.jpg","width":800,"height":503},{"@type":"WebPage","@id":"https:\/\/www.nettali.com\/2024\/03\/04\/salernitana-bouaye-dia-risque-gros\/#webpage","url":"https:\/\/www.nettali.com\/2024\/03\/04\/salernitana-bouaye-dia-risque-gros\/","name":"SALERNITANA - Bouaye Dia risque gros | Nettali.com","isPartOf":{"@id":"https:\/\/www.nettali.com\/#website"},"primaryImageOfPage":{"@id":"https:\/\/www.nettali.com\/2024\/03\/04\/salernitana-bouaye-dia-risque-gros\/#primaryimage"},"datePublished":"2024-03-04T13:56:44+00:00","dateModified":"2024-03-04T13:56:44+00:00","author":{"@id":"https:\/\/www.nettali.com\/#\/schema\/person\/bb147657c2986240405a608162b9bb23"},"breadcrumb":{"@id":"https:\/\/www.nettali.com\/2024\/03\/04\/salernitana-bouaye-dia-risque-gros\/#breadcrumb"},"inLanguage":"fr-FR","potentialAction":[{"@type":"ReadAction","target":["https:\/\/www.nettali.com\/2024\/03\/04\/salernitana-bouaye-dia-risque-gros\/"]}]},{"@type":"BreadcrumbList","@id":"https:\/\/www.nettali.com\/2024\/03\/04\/salernitana-bouaye-dia-risque-gros\/#breadcrumb","itemListElement":[{"@type":"ListItem","position":1,"name":"Accueil","item":"https:\/\/www.nettali.com\/"},{"@type":"ListItem","position":2,"name":"SALERNITANA - Bouaye Dia risque gros"}]},{"@type":"Person","@id":"https:\/\/www.nettali.com\/#\/schema\/person\/bb147657c2986240405a608162b9bb23","name":"Ibrahima","image":{"@type":"ImageObject","@id":"https:\/\/www.nettali.com\/#personlogo","inLanguage":"fr-FR","url":"https:\/\/secure.gravatar.com\/avatar\/26a8a81f09f0dd7624c9d5c36c9ba3a2?s=96&d=mm&r=g","contentUrl":"https:\/\/secure.gravatar.com\/avatar\/26a8a81f09f0dd7624c9d5c36c9ba3a2?s=96&d=mm&r=g","caption":"Ibrahima"},"sameAs":["https:\/\/www.nettali.com"]}]}},"_links":{"self":[{"href":"https:\/\/www.nettali.com\/rest\/wp\/v2\/posts\/128770"}],"collection":[{"href":"https:\/\/www.nettali.com\/rest\/wp\/v2\/posts"}],"about":[{"href":"https:\/\/www.nettali.com\/rest\/wp\/v2\/types\/post"}],"author":[{"embeddable":true,"href":"https:\/\/www.nettali.com\/rest\/wp\/v2\/users\/5"}],"replies":[{"embeddable":true,"href":"https:\/\/www.nettali.com\/rest\/wp\/v2\/comments?post=128770"}],"version-history":[{"count":3,"href":"https:\/\/www.nettali.com\/rest\/wp\/v2\/posts\/128770\/revisions"}],"predecessor-version":[{"id":128789,"href":"https:\/\/www.nettali.com\/rest\/wp\/v2\/posts\/128770\/revisions\/128789"}],"wp:featuredmedia":[{"embeddable":true,"href":"https:\/\/www.nettali.com\/rest\/wp\/v2\/media\/128771"}],"wp:attachment":[{"href":"https:\/\/www.nettali.com\/rest\/wp\/v2\/media?parent=128770"}],"wp:term":[{"taxonomy":"category","embeddable":true,"href":"https:\/\/www.nettali.com\/rest\/wp\/v2\/categories?post=128770"},{"taxonomy":"post_tag","embeddable":true,"href":"https:\/\/www.nettali.com\/rest\/wp\/v2\/tags?post=128770"}],"curies":[{"name":"wp","href":"https:\/\/api.w.org\/{rel}","templated":true}]}}