{"id":128692,"date":"2024-03-03T18:04:51","date_gmt":"2024-03-03T18:04:51","guid":{"rendered":"https:\/\/www.nettali.com\/?p=128692"},"modified":"2024-03-03T18:04:51","modified_gmt":"2024-03-03T18:04:51","slug":"mamadou-lamine-diallo-il-faut-quon-se-batte-pour-garantir-la-liberte-de-la-presse-et-dopinion","status":"publish","type":"post","link":"https:\/\/www.nettali.com\/2024\/03\/03\/mamadou-lamine-diallo-il-faut-quon-se-batte-pour-garantir-la-liberte-de-la-presse-et-dopinion\/","title":{"rendered":"MAMADOU LAMINE DIALLO : \"Il faut qu\u2019on se batte pour garantir la libert\u00e9 de la presse et d\u2019opinion...\""},"content":{"rendered":"<p><strong>NETTALI.COM - Leader du mouvement Tekki et candidat \u00e0 la pr\u00e9sidentielle de 2024, Mamadou Lamine Diallo rejoint le cercle des personnalit\u00e9s indign\u00e9e par l\u2019agression de la journaliste Ma\u00efmouna Ndour Faye. Il estime que la lutte doit s\u2019accentuer afin de garantir la libert\u00e9 de presse et d\u2019opinion.<\/strong><\/p>\n<p>Candidat \u00e0 la pr\u00e9sidentielle, Mamadou Lamine Diallo \u00e9tait, ce dimanche, l\u2019invit\u00e9 de jury du dimanche sur I-Radio. Il a \u00e9voqu\u00e9 l\u2019agression qu\u2019a subie la patronne de la t\u00e9l\u00e9vision 7Tv, Ma\u00efmouna Ndour Faye. \"<em>Cela a choqu\u00e9 tout le monde. Je lui souhaite un prompt r\u00e9tablissement<\/em>\", dit-il. Avant d\u2019ajouter : <em>\"Il faut qu\u2019on se batte pour garantir la libert\u00e9 de presse et d\u2019opinion dans ce pays. Maintenant, on va voir ce que l\u2019enqu\u00eate va donner<\/em>.\" Non sans inviter Mme Faye \u00e0 faire attention.<\/p>\n<p>\"<em>En tout \u00e9tat de cause, je crois qu\u2019elle-m\u00eame a alert\u00e9 sur les menaces qu\u2019elle subissait. Et je crois que l\u2019\u00c9tat devrait quand m\u00eame faire des efforts dans ce sens-l\u00e0. Je ne sais pas ce qui est pr\u00e9vu pour des personnalit\u00e9s comme elle, qui ne sont pas dans le dispositif de l\u2019\u00c9tat, qui peuvent \u00eatre prot\u00e9g\u00e9es par des agents de l\u2019\u00c9tat, mais je crois qu\u2019il faut qu\u2019elle fasse attention et comme beaucoup de gens aussi<\/em>\", dit-il.<\/p>\n<div class='share-to-whatsapp-wrapper'><div class='share-on-whsp'>PARTAGER SUR : <\/div><a data-text='MAMADOU LAMINE DIALLO : \"Il faut qu\u2019on se batte pour garantir la libert\u00e9 de la presse et d\u2019opinion...\"' data-link='https:\/\/www.nettali.com\/2024\/03\/03\/mamadou-lamine-diallo-il-faut-quon-se-batte-pour-garantir-la-liberte-de-la-presse-et-dopinion\/' class='whatsapp-button whatsapp-share'>WhatsApp<\/a><div class='clear '><\/div><\/div>","protected":false},"excerpt":{"rendered":"<p>NETTALI.COM - Leader du mouvement Tekki et candidat \u00e0 la pr\u00e9sidentielle de 2024, Mamadou Lamine Diallo rejoint le cercle des personnalit\u00e9s indign\u00e9e par l\u2019agression de la journaliste Ma\u00efmouna Ndour Faye. Il estime que la lutte doit s\u2019accentuer afin de garantir la libert\u00e9 de presse et d\u2019opinion. Candidat \u00e0 la pr\u00e9sidentielle, Mamadou Lamine Diallo \u00e9tait, ce [&hellip;]<\/p>\n","protected":false},"author":6,"featured_media":126129,"comment_status":"open","ping_status":"open","sticky":false,"template":"","format":"standard","meta":{"_et_pb_use_builder":"","_et_pb_old_content":""},"categories":[3],"tags":[],"yoast_head":"<!-- This site is optimized with the Yoast SEO Premium plugin v17.8 (Yoast SEO v17.8) - https:\/\/yoast.com\/wordpress\/plugins\/seo\/ -->\n<title>MAMADOU LAMINE DIALLO : &quot;Il faut qu\u2019on se batte pour garantir la libert\u00e9 de la presse et d\u2019opinion...&quot; | Nettali.com<\/title>\n<meta name=\"robots\" content=\"index, follow, max-snippet:-1, max-image-preview:large, max-video-preview:-1\" \/>\n<link rel=\"canonical\" href=\"https:\/\/www.nettali.com\/2024\/03\/03\/mamadou-lamine-diallo-il-faut-quon-se-batte-pour-garantir-la-liberte-de-la-presse-et-dopinion\/\" \/>\n<meta property=\"og:locale\" content=\"fr_FR\" \/>\n<meta property=\"og:type\" content=\"article\" \/>\n<meta property=\"og:title\" content=\"MAMADOU LAMINE DIALLO : &quot;Il faut qu\u2019on se batte pour garantir la libert\u00e9 de la presse et d\u2019opinion...&quot;\" \/>\n<meta property=\"og:description\" content=\"NETTALI.COM - Leader du mouvement Tekki et candidat \u00e0 la pr\u00e9sidentielle de 2024, Mamadou Lamine Diallo rejoint le cercle des personnalit\u00e9s indign\u00e9e par l\u2019agression de la journaliste Ma\u00efmouna Ndour Faye. Il estime que la lutte doit s\u2019accentuer afin de garantir la libert\u00e9 de presse et d\u2019opinion. Candidat \u00e0 la pr\u00e9sidentielle, Mamadou Lamine Diallo \u00e9tait, ce [&hellip;]\" \/>\n<meta property=\"og:url\" content=\"https:\/\/www.nettali.com\/2024\/03\/03\/mamadou-lamine-diallo-il-faut-quon-se-batte-pour-garantir-la-liberte-de-la-presse-et-dopinion\/\" \/>\n<meta property=\"og:site_name\" content=\"Nettali.com\" \/>\n<meta property=\"article:publisher\" content=\"https:\/\/www.facebook.com\/nettalicom\" \/>\n<meta property=\"article:published_time\" content=\"2024-03-03T18:04:51+00:00\" \/>\n<meta property=\"og:image\" content=\"https:\/\/www.nettali.com\/wp-content\/uploads\/2024\/01\/mamadou-lamine-diallo.png\" \/>\n\t<meta property=\"og:image:width\" content=\"696\" \/>\n\t<meta property=\"og:image:height\" content=\"420\" \/>\n<meta name=\"twitter:card\" content=\"summary_large_image\" \/>\n<meta name=\"twitter:label1\" content=\"\u00c9crit par\" \/>\n\t<meta name=\"twitter:data1\" content=\"Fatou\" \/>\n\t<meta name=\"twitter:label2\" content=\"Dur\u00e9e de lecture estim\u00e9e\" \/>\n\t<meta name=\"twitter:data2\" content=\"2 minutes\" \/>\n<script type=\"application\/ld+json\" class=\"yoast-schema-graph\">{\"@context\":\"https:\/\/schema.org\",\"@graph\":[{\"@type\":\"WebSite\",\"@id\":\"https:\/\/www.nettali.com\/#website\",\"url\":\"https:\/\/www.nettali.com\/\",\"name\":\"Nettali.com\",\"description\":\"Le rendez-vous critique du Net\",\"potentialAction\":[{\"@type\":\"SearchAction\",\"target\":{\"@type\":\"EntryPoint\",\"urlTemplate\":\"https:\/\/www.nettali.com\/?s={search_term_string}\"},\"query-input\":\"required name=search_term_string\"}],\"inLanguage\":\"fr-FR\"},{\"@type\":\"ImageObject\",\"@id\":\"https:\/\/www.nettali.com\/2024\/03\/03\/mamadou-lamine-diallo-il-faut-quon-se-batte-pour-garantir-la-liberte-de-la-presse-et-dopinion\/#primaryimage\",\"inLanguage\":\"fr-FR\",\"url\":\"https:\/\/www.nettali.com\/wp-content\/uploads\/2024\/01\/mamadou-lamine-diallo.png\",\"contentUrl\":\"https:\/\/www.nettali.com\/wp-content\/uploads\/2024\/01\/mamadou-lamine-diallo.png\",\"width\":696,\"height\":420},{\"@type\":\"WebPage\",\"@id\":\"https:\/\/www.nettali.com\/2024\/03\/03\/mamadou-lamine-diallo-il-faut-quon-se-batte-pour-garantir-la-liberte-de-la-presse-et-dopinion\/#webpage\",\"url\":\"https:\/\/www.nettali.com\/2024\/03\/03\/mamadou-lamine-diallo-il-faut-quon-se-batte-pour-garantir-la-liberte-de-la-presse-et-dopinion\/\",\"name\":\"MAMADOU LAMINE DIALLO : \\\"Il faut qu\\u2019on se batte pour garantir la libert\\u00e9 de la presse et d\\u2019opinion...\\\" | Nettali.com\",\"isPartOf\":{\"@id\":\"https:\/\/www.nettali.com\/#website\"},\"primaryImageOfPage\":{\"@id\":\"https:\/\/www.nettali.com\/2024\/03\/03\/mamadou-lamine-diallo-il-faut-quon-se-batte-pour-garantir-la-liberte-de-la-presse-et-dopinion\/#primaryimage\"},\"datePublished\":\"2024-03-03T18:04:51+00:00\",\"dateModified\":\"2024-03-03T18:04:51+00:00\",\"author\":{\"@id\":\"https:\/\/www.nettali.com\/#\/schema\/person\/418274a86bdf87caff7a3ef476bd0bbf\"},\"breadcrumb\":{\"@id\":\"https:\/\/www.nettali.com\/2024\/03\/03\/mamadou-lamine-diallo-il-faut-quon-se-batte-pour-garantir-la-liberte-de-la-presse-et-dopinion\/#breadcrumb\"},\"inLanguage\":\"fr-FR\",\"potentialAction\":[{\"@type\":\"ReadAction\",\"target\":[\"https:\/\/www.nettali.com\/2024\/03\/03\/mamadou-lamine-diallo-il-faut-quon-se-batte-pour-garantir-la-liberte-de-la-presse-et-dopinion\/\"]}]},{\"@type\":\"BreadcrumbList\",\"@id\":\"https:\/\/www.nettali.com\/2024\/03\/03\/mamadou-lamine-diallo-il-faut-quon-se-batte-pour-garantir-la-liberte-de-la-presse-et-dopinion\/#breadcrumb\",\"itemListElement\":[{\"@type\":\"ListItem\",\"position\":1,\"name\":\"Accueil\",\"item\":\"https:\/\/www.nettali.com\/\"},{\"@type\":\"ListItem\",\"position\":2,\"name\":\"MAMADOU LAMINE DIALLO : \\\"Il faut qu\\u2019on se batte pour garantir la libert\\u00e9 de la presse et d\\u2019opinion...\\\"\"}]},{\"@type\":\"Person\",\"@id\":\"https:\/\/www.nettali.com\/#\/schema\/person\/418274a86bdf87caff7a3ef476bd0bbf\",\"name\":\"Fatou\",\"image\":{\"@type\":\"ImageObject\",\"@id\":\"https:\/\/www.nettali.com\/#personlogo\",\"inLanguage\":\"fr-FR\",\"url\":\"https:\/\/secure.gravatar.com\/avatar\/5a9442a2bee7b4dcf167cab035858e9a?s=96&d=mm&r=g\",\"contentUrl\":\"https:\/\/secure.gravatar.com\/avatar\/5a9442a2bee7b4dcf167cab035858e9a?s=96&d=mm&r=g\",\"caption\":\"Fatou\"},\"sameAs\":[\"https:\/\/www.nettali.com\"]}]}<\/script>\n<!-- \/ Yoast SEO Premium plugin. -->","yoast_head_json":{"title":"MAMADOU LAMINE DIALLO : \"Il faut qu\u2019on se batte pour garantir la libert\u00e9 de la presse et d\u2019opinion...\" | Nettali.com","robots":{"index":"index","follow":"follow","max-snippet":"max-snippet:-1","max-image-preview":"max-image-preview:large","max-video-preview":"max-video-preview:-1"},"canonical":"https:\/\/www.nettali.com\/2024\/03\/03\/mamadou-lamine-diallo-il-faut-quon-se-batte-pour-garantir-la-liberte-de-la-presse-et-dopinion\/","og_locale":"fr_FR","og_type":"article","og_title":"MAMADOU LAMINE DIALLO : \"Il faut qu\u2019on se batte pour garantir la libert\u00e9 de la presse et d\u2019opinion...\"","og_description":"NETTALI.COM - Leader du mouvement Tekki et candidat \u00e0 la pr\u00e9sidentielle de 2024, Mamadou Lamine Diallo rejoint le cercle des personnalit\u00e9s indign\u00e9e par l\u2019agression de la journaliste Ma\u00efmouna Ndour Faye. Il estime que la lutte doit s\u2019accentuer afin de garantir la libert\u00e9 de presse et d\u2019opinion. Candidat \u00e0 la pr\u00e9sidentielle, Mamadou Lamine Diallo \u00e9tait, ce [&hellip;]","og_url":"https:\/\/www.nettali.com\/2024\/03\/03\/mamadou-lamine-diallo-il-faut-quon-se-batte-pour-garantir-la-liberte-de-la-presse-et-dopinion\/","og_site_name":"Nettali.com","article_publisher":"https:\/\/www.facebook.com\/nettalicom","article_published_time":"2024-03-03T18:04:51+00:00","og_image":[{"width":696,"height":420,"url":"https:\/\/www.nettali.com\/wp-content\/uploads\/2024\/01\/mamadou-lamine-diallo.png","type":"image\/png"}],"twitter_card":"summary_large_image","twitter_misc":{"\u00c9crit par":"Fatou","Dur\u00e9e de lecture estim\u00e9e":"2 minutes"},"schema":{"@context":"https:\/\/schema.org","@graph":[{"@type":"WebSite","@id":"https:\/\/www.nettali.com\/#website","url":"https:\/\/www.nettali.com\/","name":"Nettali.com","description":"Le rendez-vous critique du Net","potentialAction":[{"@type":"SearchAction","target":{"@type":"EntryPoint","urlTemplate":"https:\/\/www.nettali.com\/?s={search_term_string}"},"query-input":"required name=search_term_string"}],"inLanguage":"fr-FR"},{"@type":"ImageObject","@id":"https:\/\/www.nettali.com\/2024\/03\/03\/mamadou-lamine-diallo-il-faut-quon-se-batte-pour-garantir-la-liberte-de-la-presse-et-dopinion\/#primaryimage","inLanguage":"fr-FR","url":"https:\/\/www.nettali.com\/wp-content\/uploads\/2024\/01\/mamadou-lamine-diallo.png","contentUrl":"https:\/\/www.nettali.com\/wp-content\/uploads\/2024\/01\/mamadou-lamine-diallo.png","width":696,"height":420},{"@type":"WebPage","@id":"https:\/\/www.nettali.com\/2024\/03\/03\/mamadou-lamine-diallo-il-faut-quon-se-batte-pour-garantir-la-liberte-de-la-presse-et-dopinion\/#webpage","url":"https:\/\/www.nettali.com\/2024\/03\/03\/mamadou-lamine-diallo-il-faut-quon-se-batte-pour-garantir-la-liberte-de-la-presse-et-dopinion\/","name":"MAMADOU LAMINE DIALLO : \"Il faut qu\u2019on se batte pour garantir la libert\u00e9 de la presse et d\u2019opinion...\" | Nettali.com","isPartOf":{"@id":"https:\/\/www.nettali.com\/#website"},"primaryImageOfPage":{"@id":"https:\/\/www.nettali.com\/2024\/03\/03\/mamadou-lamine-diallo-il-faut-quon-se-batte-pour-garantir-la-liberte-de-la-presse-et-dopinion\/#primaryimage"},"datePublished":"2024-03-03T18:04:51+00:00","dateModified":"2024-03-03T18:04:51+00:00","author":{"@id":"https:\/\/www.nettali.com\/#\/schema\/person\/418274a86bdf87caff7a3ef476bd0bbf"},"breadcrumb":{"@id":"https:\/\/www.nettali.com\/2024\/03\/03\/mamadou-lamine-diallo-il-faut-quon-se-batte-pour-garantir-la-liberte-de-la-presse-et-dopinion\/#breadcrumb"},"inLanguage":"fr-FR","potentialAction":[{"@type":"ReadAction","target":["https:\/\/www.nettali.com\/2024\/03\/03\/mamadou-lamine-diallo-il-faut-quon-se-batte-pour-garantir-la-liberte-de-la-presse-et-dopinion\/"]}]},{"@type":"BreadcrumbList","@id":"https:\/\/www.nettali.com\/2024\/03\/03\/mamadou-lamine-diallo-il-faut-quon-se-batte-pour-garantir-la-liberte-de-la-presse-et-dopinion\/#breadcrumb","itemListElement":[{"@type":"ListItem","position":1,"name":"Accueil","item":"https:\/\/www.nettali.com\/"},{"@type":"ListItem","position":2,"name":"MAMADOU LAMINE DIALLO : \"Il faut qu\u2019on se batte pour garantir la libert\u00e9 de la presse et d\u2019opinion...\""}]},{"@type":"Person","@id":"https:\/\/www.nettali.com\/#\/schema\/person\/418274a86bdf87caff7a3ef476bd0bbf","name":"Fatou","image":{"@type":"ImageObject","@id":"https:\/\/www.nettali.com\/#personlogo","inLanguage":"fr-FR","url":"https:\/\/secure.gravatar.com\/avatar\/5a9442a2bee7b4dcf167cab035858e9a?s=96&d=mm&r=g","contentUrl":"https:\/\/secure.gravatar.com\/avatar\/5a9442a2bee7b4dcf167cab035858e9a?s=96&d=mm&r=g","caption":"Fatou"},"sameAs":["https:\/\/www.nettali.com"]}]}},"_links":{"self":[{"href":"https:\/\/www.nettali.com\/rest\/wp\/v2\/posts\/128692"}],"collection":[{"href":"https:\/\/www.nettali.com\/rest\/wp\/v2\/posts"}],"about":[{"href":"https:\/\/www.nettali.com\/rest\/wp\/v2\/types\/post"}],"author":[{"embeddable":true,"href":"https:\/\/www.nettali.com\/rest\/wp\/v2\/users\/6"}],"replies":[{"embeddable":true,"href":"https:\/\/www.nettali.com\/rest\/wp\/v2\/comments?post=128692"}],"version-history":[{"count":3,"href":"https:\/\/www.nettali.com\/rest\/wp\/v2\/posts\/128692\/revisions"}],"predecessor-version":[{"id":128700,"href":"https:\/\/www.nettali.com\/rest\/wp\/v2\/posts\/128692\/revisions\/128700"}],"wp:featuredmedia":[{"embeddable":true,"href":"https:\/\/www.nettali.com\/rest\/wp\/v2\/media\/126129"}],"wp:attachment":[{"href":"https:\/\/www.nettali.com\/rest\/wp\/v2\/media?parent=128692"}],"wp:term":[{"taxonomy":"category","embeddable":true,"href":"https:\/\/www.nettali.com\/rest\/wp\/v2\/categories?post=128692"},{"taxonomy":"post_tag","embeddable":true,"href":"https:\/\/www.nettali.com\/rest\/wp\/v2\/tags?post=128692"}],"curies":[{"name":"wp","href":"https:\/\/api.w.org\/{rel}","templated":true}]}}