{"id":128629,"date":"2024-03-02T07:46:09","date_gmt":"2024-03-02T07:46:09","guid":{"rendered":"https:\/\/www.nettali.com\/?p=128629"},"modified":"2024-03-02T07:46:09","modified_gmt":"2024-03-02T07:46:09","slug":"en-coulisses-macky-sall-a-alger","status":"publish","type":"post","link":"https:\/\/www.nettali.com\/2024\/03\/02\/en-coulisses-macky-sall-a-alger\/","title":{"rendered":"EN COULISSES - Macky Sall \u00e0 Alger"},"content":{"rendered":"<div class=\"page\" title=\"Page 2\">\n<div class=\"layoutArea\">\n<div class=\"column\">\n<p><strong>NETTALI.COM -<\/strong> A\u0300 l\u2019invitation de son homologue alge\u0301rien Abdelmadjid Tebboune, le pre\u0301sident Macky Sall a quitte\u0301 Dakar, ce vendredi 1er mars 2024, pour prendre part, le samedi 2 mars, a\u0300 Alger, au 7e Sommet du Forum des pays exportateurs de gaz. Cre\u0301e\u0301 en 2001, ce forum, qui regroupe les principaux pays exportateurs de gaz naturel, est un cadre de concertation pour la de\u0301fense et la promotion des inte\u0301re\u0302ts des pays membres, lit-on dans un communique\u0301.<\/p>\n<p>Conforme\u0301ment aux proce\u0301dures du forum, le Se\u0301ne\u0301gal a soumis sa candidature pour en e\u0302tre un membre observateur, avant de postuler au statut de membre de plein droit. Le retour du chef de l\u2019E\u0301tat est pre\u0301vu pour le 2 mars 2024.<\/p>\n<\/div>\n<div class=\"column\">\n<p>&nbsp;<\/p>\n<\/div>\n<\/div>\n<\/div>\n<div class='share-to-whatsapp-wrapper'><div class='share-on-whsp'>PARTAGER SUR : <\/div><a data-text='EN COULISSES - Macky Sall \u00e0 Alger' data-link='https:\/\/www.nettali.com\/2024\/03\/02\/en-coulisses-macky-sall-a-alger\/' class='whatsapp-button whatsapp-share'>WhatsApp<\/a><div class='clear '><\/div><\/div>","protected":false},"excerpt":{"rendered":"<p>NETTALI.COM - A\u0300 l\u2019invitation de son homologue alge\u0301rien Abdelmadjid Tebboune, le pre\u0301sident Macky Sall a quitte\u0301 Dakar, ce vendredi 1er mars 2024, pour prendre part, le samedi 2 mars, a\u0300 Alger, au 7e Sommet du Forum des pays exportateurs de gaz. Cre\u0301e\u0301 en 2001, ce forum, qui regroupe les principaux pays exportateurs de gaz naturel, [&hellip;]<\/p>\n","protected":false},"author":2,"featured_media":128637,"comment_status":"open","ping_status":"open","sticky":false,"template":"","format":"standard","meta":{"_et_pb_use_builder":"","_et_pb_old_content":""},"categories":[34945],"tags":[],"yoast_head":"<!-- This site is optimized with the Yoast SEO Premium plugin v17.8 (Yoast SEO v17.8) - https:\/\/yoast.com\/wordpress\/plugins\/seo\/ -->\n<title>EN COULISSES - Macky Sall \u00e0 Alger | Nettali.com<\/title>\n<meta name=\"robots\" content=\"index, follow, max-snippet:-1, max-image-preview:large, max-video-preview:-1\" \/>\n<link rel=\"canonical\" href=\"https:\/\/www.nettali.com\/2024\/03\/02\/en-coulisses-macky-sall-a-alger\/\" \/>\n<meta property=\"og:locale\" content=\"fr_FR\" \/>\n<meta property=\"og:type\" content=\"article\" \/>\n<meta property=\"og:title\" content=\"EN COULISSES - Macky Sall \u00e0 Alger\" \/>\n<meta property=\"og:description\" content=\"NETTALI.COM - A\u0300 l\u2019invitation de son homologue alge\u0301rien Abdelmadjid Tebboune, le pre\u0301sident Macky Sall a quitte\u0301 Dakar, ce vendredi 1er mars 2024, pour prendre part, le samedi 2 mars, a\u0300 Alger, au 7e Sommet du Forum des pays exportateurs de gaz. Cre\u0301e\u0301 en 2001, ce forum, qui regroupe les principaux pays exportateurs de gaz naturel, [&hellip;]\" \/>\n<meta property=\"og:url\" content=\"https:\/\/www.nettali.com\/2024\/03\/02\/en-coulisses-macky-sall-a-alger\/\" \/>\n<meta property=\"og:site_name\" content=\"Nettali.com\" \/>\n<meta property=\"article:publisher\" content=\"https:\/\/www.facebook.com\/nettalicom\" \/>\n<meta property=\"article:published_time\" content=\"2024-03-02T07:46:09+00:00\" \/>\n<meta property=\"og:image\" content=\"https:\/\/www.nettali.com\/wp-content\/uploads\/2024\/03\/78682704-57090693.jpg\" \/>\n\t<meta property=\"og:image:width\" content=\"959\" \/>\n\t<meta property=\"og:image:height\" content=\"607\" \/>\n<meta name=\"twitter:card\" content=\"summary_large_image\" \/>\n<meta name=\"twitter:label1\" content=\"\u00c9crit par\" \/>\n\t<meta name=\"twitter:data1\" content=\"CK\" \/>\n\t<meta name=\"twitter:label2\" content=\"Dur\u00e9e de lecture estim\u00e9e\" \/>\n\t<meta name=\"twitter:data2\" content=\"1 minute\" \/>\n<script type=\"application\/ld+json\" class=\"yoast-schema-graph\">{\"@context\":\"https:\/\/schema.org\",\"@graph\":[{\"@type\":\"WebSite\",\"@id\":\"https:\/\/www.nettali.com\/#website\",\"url\":\"https:\/\/www.nettali.com\/\",\"name\":\"Nettali.com\",\"description\":\"Le rendez-vous critique du Net\",\"potentialAction\":[{\"@type\":\"SearchAction\",\"target\":{\"@type\":\"EntryPoint\",\"urlTemplate\":\"https:\/\/www.nettali.com\/?s={search_term_string}\"},\"query-input\":\"required name=search_term_string\"}],\"inLanguage\":\"fr-FR\"},{\"@type\":\"ImageObject\",\"@id\":\"https:\/\/www.nettali.com\/2024\/03\/02\/en-coulisses-macky-sall-a-alger\/#primaryimage\",\"inLanguage\":\"fr-FR\",\"url\":\"https:\/\/www.nettali.com\/wp-content\/uploads\/2024\/03\/78682704-57090693.jpg\",\"contentUrl\":\"https:\/\/www.nettali.com\/wp-content\/uploads\/2024\/03\/78682704-57090693.jpg\",\"width\":959,\"height\":607},{\"@type\":\"WebPage\",\"@id\":\"https:\/\/www.nettali.com\/2024\/03\/02\/en-coulisses-macky-sall-a-alger\/#webpage\",\"url\":\"https:\/\/www.nettali.com\/2024\/03\/02\/en-coulisses-macky-sall-a-alger\/\",\"name\":\"EN COULISSES - Macky Sall \\u00e0 Alger | Nettali.com\",\"isPartOf\":{\"@id\":\"https:\/\/www.nettali.com\/#website\"},\"primaryImageOfPage\":{\"@id\":\"https:\/\/www.nettali.com\/2024\/03\/02\/en-coulisses-macky-sall-a-alger\/#primaryimage\"},\"datePublished\":\"2024-03-02T07:46:09+00:00\",\"dateModified\":\"2024-03-02T07:46:09+00:00\",\"author\":{\"@id\":\"https:\/\/www.nettali.com\/#\/schema\/person\/d8ac7b7e27ddad43f1c0d2ef090d7f71\"},\"breadcrumb\":{\"@id\":\"https:\/\/www.nettali.com\/2024\/03\/02\/en-coulisses-macky-sall-a-alger\/#breadcrumb\"},\"inLanguage\":\"fr-FR\",\"potentialAction\":[{\"@type\":\"ReadAction\",\"target\":[\"https:\/\/www.nettali.com\/2024\/03\/02\/en-coulisses-macky-sall-a-alger\/\"]}]},{\"@type\":\"BreadcrumbList\",\"@id\":\"https:\/\/www.nettali.com\/2024\/03\/02\/en-coulisses-macky-sall-a-alger\/#breadcrumb\",\"itemListElement\":[{\"@type\":\"ListItem\",\"position\":1,\"name\":\"Accueil\",\"item\":\"https:\/\/www.nettali.com\/\"},{\"@type\":\"ListItem\",\"position\":2,\"name\":\"EN COULISSES - Macky Sall \\u00e0 Alger\"}]},{\"@type\":\"Person\",\"@id\":\"https:\/\/www.nettali.com\/#\/schema\/person\/d8ac7b7e27ddad43f1c0d2ef090d7f71\",\"name\":\"CK\",\"image\":{\"@type\":\"ImageObject\",\"@id\":\"https:\/\/www.nettali.com\/#personlogo\",\"inLanguage\":\"fr-FR\",\"url\":\"https:\/\/secure.gravatar.com\/avatar\/1d8d5118b9327d94da7cd4ce7f17fec2?s=96&d=mm&r=g\",\"contentUrl\":\"https:\/\/secure.gravatar.com\/avatar\/1d8d5118b9327d94da7cd4ce7f17fec2?s=96&d=mm&r=g\",\"caption\":\"CK\"},\"sameAs\":[\"https:\/\/www.nettali.com\"]}]}<\/script>\n<!-- \/ Yoast SEO Premium plugin. -->","yoast_head_json":{"title":"EN COULISSES - Macky Sall \u00e0 Alger | Nettali.com","robots":{"index":"index","follow":"follow","max-snippet":"max-snippet:-1","max-image-preview":"max-image-preview:large","max-video-preview":"max-video-preview:-1"},"canonical":"https:\/\/www.nettali.com\/2024\/03\/02\/en-coulisses-macky-sall-a-alger\/","og_locale":"fr_FR","og_type":"article","og_title":"EN COULISSES - Macky Sall \u00e0 Alger","og_description":"NETTALI.COM - A\u0300 l\u2019invitation de son homologue alge\u0301rien Abdelmadjid Tebboune, le pre\u0301sident Macky Sall a quitte\u0301 Dakar, ce vendredi 1er mars 2024, pour prendre part, le samedi 2 mars, a\u0300 Alger, au 7e Sommet du Forum des pays exportateurs de gaz. Cre\u0301e\u0301 en 2001, ce forum, qui regroupe les principaux pays exportateurs de gaz naturel, [&hellip;]","og_url":"https:\/\/www.nettali.com\/2024\/03\/02\/en-coulisses-macky-sall-a-alger\/","og_site_name":"Nettali.com","article_publisher":"https:\/\/www.facebook.com\/nettalicom","article_published_time":"2024-03-02T07:46:09+00:00","og_image":[{"width":959,"height":607,"url":"https:\/\/www.nettali.com\/wp-content\/uploads\/2024\/03\/78682704-57090693.jpg","type":"image\/jpeg"}],"twitter_card":"summary_large_image","twitter_misc":{"\u00c9crit par":"CK","Dur\u00e9e de lecture estim\u00e9e":"1 minute"},"schema":{"@context":"https:\/\/schema.org","@graph":[{"@type":"WebSite","@id":"https:\/\/www.nettali.com\/#website","url":"https:\/\/www.nettali.com\/","name":"Nettali.com","description":"Le rendez-vous critique du Net","potentialAction":[{"@type":"SearchAction","target":{"@type":"EntryPoint","urlTemplate":"https:\/\/www.nettali.com\/?s={search_term_string}"},"query-input":"required name=search_term_string"}],"inLanguage":"fr-FR"},{"@type":"ImageObject","@id":"https:\/\/www.nettali.com\/2024\/03\/02\/en-coulisses-macky-sall-a-alger\/#primaryimage","inLanguage":"fr-FR","url":"https:\/\/www.nettali.com\/wp-content\/uploads\/2024\/03\/78682704-57090693.jpg","contentUrl":"https:\/\/www.nettali.com\/wp-content\/uploads\/2024\/03\/78682704-57090693.jpg","width":959,"height":607},{"@type":"WebPage","@id":"https:\/\/www.nettali.com\/2024\/03\/02\/en-coulisses-macky-sall-a-alger\/#webpage","url":"https:\/\/www.nettali.com\/2024\/03\/02\/en-coulisses-macky-sall-a-alger\/","name":"EN COULISSES - Macky Sall \u00e0 Alger | Nettali.com","isPartOf":{"@id":"https:\/\/www.nettali.com\/#website"},"primaryImageOfPage":{"@id":"https:\/\/www.nettali.com\/2024\/03\/02\/en-coulisses-macky-sall-a-alger\/#primaryimage"},"datePublished":"2024-03-02T07:46:09+00:00","dateModified":"2024-03-02T07:46:09+00:00","author":{"@id":"https:\/\/www.nettali.com\/#\/schema\/person\/d8ac7b7e27ddad43f1c0d2ef090d7f71"},"breadcrumb":{"@id":"https:\/\/www.nettali.com\/2024\/03\/02\/en-coulisses-macky-sall-a-alger\/#breadcrumb"},"inLanguage":"fr-FR","potentialAction":[{"@type":"ReadAction","target":["https:\/\/www.nettali.com\/2024\/03\/02\/en-coulisses-macky-sall-a-alger\/"]}]},{"@type":"BreadcrumbList","@id":"https:\/\/www.nettali.com\/2024\/03\/02\/en-coulisses-macky-sall-a-alger\/#breadcrumb","itemListElement":[{"@type":"ListItem","position":1,"name":"Accueil","item":"https:\/\/www.nettali.com\/"},{"@type":"ListItem","position":2,"name":"EN COULISSES - Macky Sall \u00e0 Alger"}]},{"@type":"Person","@id":"https:\/\/www.nettali.com\/#\/schema\/person\/d8ac7b7e27ddad43f1c0d2ef090d7f71","name":"CK","image":{"@type":"ImageObject","@id":"https:\/\/www.nettali.com\/#personlogo","inLanguage":"fr-FR","url":"https:\/\/secure.gravatar.com\/avatar\/1d8d5118b9327d94da7cd4ce7f17fec2?s=96&d=mm&r=g","contentUrl":"https:\/\/secure.gravatar.com\/avatar\/1d8d5118b9327d94da7cd4ce7f17fec2?s=96&d=mm&r=g","caption":"CK"},"sameAs":["https:\/\/www.nettali.com"]}]}},"_links":{"self":[{"href":"https:\/\/www.nettali.com\/rest\/wp\/v2\/posts\/128629"}],"collection":[{"href":"https:\/\/www.nettali.com\/rest\/wp\/v2\/posts"}],"about":[{"href":"https:\/\/www.nettali.com\/rest\/wp\/v2\/types\/post"}],"author":[{"embeddable":true,"href":"https:\/\/www.nettali.com\/rest\/wp\/v2\/users\/2"}],"replies":[{"embeddable":true,"href":"https:\/\/www.nettali.com\/rest\/wp\/v2\/comments?post=128629"}],"version-history":[{"count":1,"href":"https:\/\/www.nettali.com\/rest\/wp\/v2\/posts\/128629\/revisions"}],"predecessor-version":[{"id":128630,"href":"https:\/\/www.nettali.com\/rest\/wp\/v2\/posts\/128629\/revisions\/128630"}],"wp:featuredmedia":[{"embeddable":true,"href":"https:\/\/www.nettali.com\/rest\/wp\/v2\/media\/128637"}],"wp:attachment":[{"href":"https:\/\/www.nettali.com\/rest\/wp\/v2\/media?parent=128629"}],"wp:term":[{"taxonomy":"category","embeddable":true,"href":"https:\/\/www.nettali.com\/rest\/wp\/v2\/categories?post=128629"},{"taxonomy":"post_tag","embeddable":true,"href":"https:\/\/www.nettali.com\/rest\/wp\/v2\/tags?post=128629"}],"curies":[{"name":"wp","href":"https:\/\/api.w.org\/{rel}","templated":true}]}}