{"id":128622,"date":"2024-03-01T20:21:16","date_gmt":"2024-03-01T20:21:16","guid":{"rendered":"https:\/\/www.nettali.com\/?p=128622"},"modified":"2024-03-02T21:47:29","modified_gmt":"2024-03-02T21:47:29","slug":"medias-les-condamnations-de-la-classe-politique-apres-lagression-de-la-journaliste-maimouna-ndour-faye","status":"publish","type":"post","link":"https:\/\/www.nettali.com\/2024\/03\/01\/medias-les-condamnations-de-la-classe-politique-apres-lagression-de-la-journaliste-maimouna-ndour-faye\/","title":{"rendered":"MEDIAS - Les condamnations de la classe politique apr\u00e8s l\u2019agression de la journaliste Ma\u00efmouna Ndour Faye"},"content":{"rendered":"<p><strong>NETTALI.COM - Des candidats \u00e0 l\u2019\u00e9lection pr\u00e9sidentielle et figures de vie politique s\u00e9n\u00e9galaise ont condamn\u00e9 l\u2019agression dont a \u00e9t\u00e9 victime jeudi dans la soir\u00e9e la journaliste Ma\u00efmouna Ndour Faye devant son domicile, et r\u00e9clam\u00e9 que la lumi\u00e8re soit faite sur cette affaire.<\/strong><\/p>\n<p>La directrice de 7 Tv, une chaine de t\u00e9l\u00e9vision priv\u00e9e, a \u00e9t\u00e9 admise aux urgences de l\u2019h\u00f4pital militaire de Ouakam apr\u00e8s avoir \u00e9t\u00e9 poignard\u00e9e par un individu alors qu\u2019elle rejoignait son domicile apr\u00e8s le travail. \"<em>Elle souffre atrocement, mais sa vie est hors de danger\u2019\u2019<\/em>, confiait \u00e0 une t\u00e9l\u00e9vision priv\u00e9 (TFM), vendredi au matin, un de ses coll\u00e8gues.<\/p>\n<p>La classe politique, dans son ensemble, a r\u00e9agi \u00e0 cette agression, \u00e0 l\u2019image du candidat \u00e0 l\u2019\u00e9lection pr\u00e9sidentielle Khalifa Ababacar Sall, qui fait part de de sa <em>\u201ctotale indignation face \u00e0 l\u2019agression barbare de la journaliste Ma\u00efmouna Ndour Faye\u201d.<\/em><\/p>\n<p>\u201cCet acte violent ne trouve aucune justification dans une d\u00e9mocratie qui consacre la libert\u00e9 d\u2019expression. Je souhaite prompt r\u00e9tablissement \u00e0 la directrice de 7 Tv. J\u2019exige que toute la lumi\u00e8re soit faite sur cette affaire et que les auteurs soient poursuivis\u201d, a indiqu\u00e9 l\u2019ancien maire de Dakar dans un message publi\u00e9 sur le r\u00e9seau social X.<\/p>\n<p><strong>\u201cBarbarisation anonyme et rampante de notre soci\u00e9t\u00e9\u201d<\/strong><\/p>\n<p>Aly Ngouille Ndiaye, \u00e9galement candidat \u00e0 l\u2019\u00e9lection pr\u00e9sidentielle, a utilis\u00e9 la m\u00eame plateforme pour exprimer sa peine apr\u00e8s \u201cl\u2019agression odieuse\u201d dont a \u00e9t\u00e9 victime Ma\u00efmouna Ndour Faye, journaliste et directrice g\u00e9n\u00e9rale de 7 Tv.<\/p>\n<p><em>\u201cJe condamne vigoureusement cet acte barbare.\u00a0 Je lui souhaite un prompt r\u00e9tablissement et exige que toute la lumi\u00e8re soit faite sur cette affaire\u201d<\/em>, a-t-il \u00e9crit.<\/p>\n<p><em>\u00a0\u201cJe condamne, et nous condamnons tous la barabarisation anonyme et rampante de notre soci\u00e9t\u00e9. [\u2026] Le S\u00e9n\u00e9gal juste et solidaire que nous voulons, sera un pays de v\u00e9ritable fraternit\u00e9 et de convergence vers notre id\u00e9al commun\u201d<\/em>, a pour part d\u00e9clar\u00e9 l\u2019ancien Premier ministre, Mahammed Boun Abdallah Dionne, candidat \u00e0 la magistrature supr\u00eame.<\/p>\n<p>De son c\u00f4t\u00e9, le candidat Thierno Alassane Sall dit esp\u00e9rer qu\u2019une enqu\u00eate sera diligent\u00e9e pour qu\u2019une telle agression ne reste pas impunie.<\/p>\n<p><em>\u201cLa journaliste a souvent pr\u00e9venu qu\u2019elle \u00e9tait menac\u00e9e, on ne l\u2019a pas prise au s\u00e9rieux. Elle-m\u00eame a pris sans doute l\u2019affaire \u00e0 la l\u00e9g\u00e8re ou peut-\u00eatre n\u2019a-t-elle pas vu changer le pays o\u00f9 nous vivons\u201d<\/em>, a ajout\u00e9 Thierno Alassane Sall.<\/p>\n<p>Les directoires de campagne des candidats se sont \u00e9galement joints au concert de condamnation. Il en est ainsi de celle du candidat Amadou Ba qui d\u00e9plore \u201cun acte barbare est inacceptable dans une d\u00e9mocratie majeure et ouverte \u00e0 l\u2019image du mod\u00e8le s\u00e9n\u00e9galais\u201d.<\/p>\n<p>Dans un communiqu\u00e9, le directoire de campagne du candidat de la mouvance pr\u00e9sidentielle estime que les auteurs de l\u2019agression contre Maimouna Ndour Faye <em>\u201cdoivent \u00eatre recherch\u00e9s, trouv\u00e9s et punis \u00e0 la hauteur de leur acte ignoble\u201d<\/em>.<\/p>\n<p>La <em>\u201ccoalition Diomaye Pr\u00e9sident\u201d<\/em>, qui porte la candidature de Diomaye Faye, membre du parti dissous Pastef, a tenu \u00e0 t\u00e9moigner son soutien et sa solidarit\u00e9 \u00e0 la journaliste, sa famille et ses coll\u00e8gues.<\/p>\n<p><strong>\u201cLumi\u00e8re doit \u00eatre faite dans les meilleurs d\u00e9lais sur cette agression\u201d<\/strong><\/p>\n<p><em>\u201cNous formulons pour elle les sinc\u00e8res v\u0153ux d\u2019un prompt r\u00e9tablissement sans la moindre s\u00e9quelle. Nous demandons par ailleurs aux autorit\u00e9s comp\u00e9tentes de faire le n\u00e9cessaire pour \u00e9lucider cette affaire afin que justice soit faite\u201d<\/em>, souligne la <em>\u201ccoalition Diomaye Pr\u00e9sident\u201d<\/em> dans un communiqu\u00e9.<\/p>\n<p>Abdourahmane Diouf, candidat recal\u00e9 \u00e0 l\u2019\u00e9lection pr\u00e9sidentielle, parle d\u2019un \u201cr\u00e9veil brutal\u201d avec l\u2019agression de la journaliste Ma\u00efmouna Ndour Faye. \u201c<em>Je condamne avec la derni\u00e8re \u00e9nergie cet acte odieux \u00e0 l\u2019encontre de la dignit\u00e9 humaine\u201d<\/em>, a-t-il d\u00e9clar\u00e9 sur le r\u00e9seau social X.<\/p>\n<p>De m\u00eame, l\u2019ancienne Premi\u00e8re ministre Aminata Tour\u00e9 dit \u00e9galement condamner <em>\u201cavec la derni\u00e8re \u00e9nergie une agression sauvage\u201d<\/em>, ajoutant esp\u00e9rer que <em>\u201cle coupable de cet acte odieux sera rapidement retrouv\u00e9 et traduit en justice\u201d.<\/em><\/p>\n<p>La Task Force r\u00e9publicaine, cadre de r\u00e9flexion de l\u2019Alliance pour la R\u00e9publique (APR), a d\u00e9nonc\u00e9 <em>\u201cun acte l\u00e2che, ignoble et criminel\u201d.<\/em><\/p>\n<p>Elle dit marquer sa solidarit\u00e9 et sa compassion \u00e0 la victime ainsi qu\u2019\u00e0 l\u2019ensemble de ses collaborateurs et parents. La Task Force r\u00e9publicaine<em> \u201csollicite des autorit\u00e9s comp\u00e9tentes que lumi\u00e8re soit faite dans les meilleurs d\u00e9lais sur cette agression\u201d<\/em>.<\/p>\n<div class='share-to-whatsapp-wrapper'><div class='share-on-whsp'>PARTAGER SUR : <\/div><a data-text='MEDIAS - Les condamnations de la classe politique apr\u00e8s l\u2019agression de la journaliste Ma\u00efmouna Ndour Faye' data-link='https:\/\/www.nettali.com\/2024\/03\/01\/medias-les-condamnations-de-la-classe-politique-apres-lagression-de-la-journaliste-maimouna-ndour-faye\/' class='whatsapp-button whatsapp-share'>WhatsApp<\/a><div class='clear '><\/div><\/div>","protected":false},"excerpt":{"rendered":"<p>NETTALI.COM - Des candidats \u00e0 l\u2019\u00e9lection pr\u00e9sidentielle et figures de vie politique s\u00e9n\u00e9galaise ont condamn\u00e9 l\u2019agression dont a \u00e9t\u00e9 victime jeudi dans la soir\u00e9e la journaliste Ma\u00efmouna Ndour Faye devant son domicile, et r\u00e9clam\u00e9 que la lumi\u00e8re soit faite sur cette affaire. La directrice de 7 Tv, une chaine de t\u00e9l\u00e9vision priv\u00e9e, a \u00e9t\u00e9 admise [&hellip;]<\/p>\n","protected":false},"author":4,"featured_media":128623,"comment_status":"open","ping_status":"open","sticky":false,"template":"","format":"standard","meta":{"_et_pb_use_builder":"","_et_pb_old_content":""},"categories":[3],"tags":[],"yoast_head":"<!-- This site is optimized with the Yoast SEO Premium plugin v17.8 (Yoast SEO v17.8) - https:\/\/yoast.com\/wordpress\/plugins\/seo\/ -->\n<title>MEDIAS - Les condamnations de la classe politique apr\u00e8s l\u2019agression de la journaliste Ma\u00efmouna Ndour Faye | Nettali.com<\/title>\n<meta name=\"robots\" content=\"index, follow, max-snippet:-1, max-image-preview:large, max-video-preview:-1\" \/>\n<link rel=\"canonical\" href=\"https:\/\/www.nettali.com\/2024\/03\/01\/medias-les-condamnations-de-la-classe-politique-apres-lagression-de-la-journaliste-maimouna-ndour-faye\/\" \/>\n<meta property=\"og:locale\" content=\"fr_FR\" \/>\n<meta property=\"og:type\" content=\"article\" \/>\n<meta property=\"og:title\" content=\"MEDIAS - Les condamnations de la classe politique apr\u00e8s l\u2019agression de la journaliste Ma\u00efmouna Ndour Faye\" \/>\n<meta property=\"og:description\" content=\"NETTALI.COM - Des candidats \u00e0 l\u2019\u00e9lection pr\u00e9sidentielle et figures de vie politique s\u00e9n\u00e9galaise ont condamn\u00e9 l\u2019agression dont a \u00e9t\u00e9 victime jeudi dans la soir\u00e9e la journaliste Ma\u00efmouna Ndour Faye devant son domicile, et r\u00e9clam\u00e9 que la lumi\u00e8re soit faite sur cette affaire. La directrice de 7 Tv, une chaine de t\u00e9l\u00e9vision priv\u00e9e, a \u00e9t\u00e9 admise [&hellip;]\" \/>\n<meta property=\"og:url\" content=\"https:\/\/www.nettali.com\/2024\/03\/01\/medias-les-condamnations-de-la-classe-politique-apres-lagression-de-la-journaliste-maimouna-ndour-faye\/\" \/>\n<meta property=\"og:site_name\" content=\"Nettali.com\" \/>\n<meta property=\"article:publisher\" content=\"https:\/\/www.facebook.com\/nettalicom\" \/>\n<meta property=\"article:published_time\" content=\"2024-03-01T20:21:16+00:00\" \/>\n<meta property=\"article:modified_time\" content=\"2024-03-02T21:47:29+00:00\" \/>\n<meta property=\"og:image\" content=\"https:\/\/www.nettali.com\/wp-content\/uploads\/2024\/03\/Maimouna-Ndour-Faye-1.jpeg\" \/>\n\t<meta property=\"og:image:width\" content=\"750\" \/>\n\t<meta property=\"og:image:height\" content=\"417\" \/>\n<meta name=\"twitter:card\" content=\"summary_large_image\" \/>\n<meta name=\"twitter:label1\" content=\"\u00c9crit par\" \/>\n\t<meta name=\"twitter:data1\" content=\"Daouda\" \/>\n\t<meta name=\"twitter:label2\" content=\"Dur\u00e9e de lecture estim\u00e9e\" \/>\n\t<meta name=\"twitter:data2\" content=\"4 minutes\" \/>\n<script type=\"application\/ld+json\" class=\"yoast-schema-graph\">{\"@context\":\"https:\/\/schema.org\",\"@graph\":[{\"@type\":\"WebSite\",\"@id\":\"https:\/\/www.nettali.com\/#website\",\"url\":\"https:\/\/www.nettali.com\/\",\"name\":\"Nettali.com\",\"description\":\"Le rendez-vous critique du Net\",\"potentialAction\":[{\"@type\":\"SearchAction\",\"target\":{\"@type\":\"EntryPoint\",\"urlTemplate\":\"https:\/\/www.nettali.com\/?s={search_term_string}\"},\"query-input\":\"required name=search_term_string\"}],\"inLanguage\":\"fr-FR\"},{\"@type\":\"ImageObject\",\"@id\":\"https:\/\/www.nettali.com\/2024\/03\/01\/medias-les-condamnations-de-la-classe-politique-apres-lagression-de-la-journaliste-maimouna-ndour-faye\/#primaryimage\",\"inLanguage\":\"fr-FR\",\"url\":\"https:\/\/www.nettali.com\/wp-content\/uploads\/2024\/03\/Maimouna-Ndour-Faye-1.jpeg\",\"contentUrl\":\"https:\/\/www.nettali.com\/wp-content\/uploads\/2024\/03\/Maimouna-Ndour-Faye-1.jpeg\",\"width\":750,\"height\":417},{\"@type\":\"WebPage\",\"@id\":\"https:\/\/www.nettali.com\/2024\/03\/01\/medias-les-condamnations-de-la-classe-politique-apres-lagression-de-la-journaliste-maimouna-ndour-faye\/#webpage\",\"url\":\"https:\/\/www.nettali.com\/2024\/03\/01\/medias-les-condamnations-de-la-classe-politique-apres-lagression-de-la-journaliste-maimouna-ndour-faye\/\",\"name\":\"MEDIAS - Les condamnations de la classe politique apr\\u00e8s l\\u2019agression de la journaliste Ma\\u00efmouna Ndour Faye | Nettali.com\",\"isPartOf\":{\"@id\":\"https:\/\/www.nettali.com\/#website\"},\"primaryImageOfPage\":{\"@id\":\"https:\/\/www.nettali.com\/2024\/03\/01\/medias-les-condamnations-de-la-classe-politique-apres-lagression-de-la-journaliste-maimouna-ndour-faye\/#primaryimage\"},\"datePublished\":\"2024-03-01T20:21:16+00:00\",\"dateModified\":\"2024-03-02T21:47:29+00:00\",\"author\":{\"@id\":\"https:\/\/www.nettali.com\/#\/schema\/person\/3317e0bb3aa1da309fbf7b2780901bf4\"},\"breadcrumb\":{\"@id\":\"https:\/\/www.nettali.com\/2024\/03\/01\/medias-les-condamnations-de-la-classe-politique-apres-lagression-de-la-journaliste-maimouna-ndour-faye\/#breadcrumb\"},\"inLanguage\":\"fr-FR\",\"potentialAction\":[{\"@type\":\"ReadAction\",\"target\":[\"https:\/\/www.nettali.com\/2024\/03\/01\/medias-les-condamnations-de-la-classe-politique-apres-lagression-de-la-journaliste-maimouna-ndour-faye\/\"]}]},{\"@type\":\"BreadcrumbList\",\"@id\":\"https:\/\/www.nettali.com\/2024\/03\/01\/medias-les-condamnations-de-la-classe-politique-apres-lagression-de-la-journaliste-maimouna-ndour-faye\/#breadcrumb\",\"itemListElement\":[{\"@type\":\"ListItem\",\"position\":1,\"name\":\"Accueil\",\"item\":\"https:\/\/www.nettali.com\/\"},{\"@type\":\"ListItem\",\"position\":2,\"name\":\"MEDIAS - Les condamnations de la classe politique apr\\u00e8s l\\u2019agression de la journaliste Ma\\u00efmouna Ndour Faye\"}]},{\"@type\":\"Person\",\"@id\":\"https:\/\/www.nettali.com\/#\/schema\/person\/3317e0bb3aa1da309fbf7b2780901bf4\",\"name\":\"Daouda\",\"image\":{\"@type\":\"ImageObject\",\"@id\":\"https:\/\/www.nettali.com\/#personlogo\",\"inLanguage\":\"fr-FR\",\"url\":\"https:\/\/secure.gravatar.com\/avatar\/8d143b5a49345098ddcfee1c49c2f47c?s=96&d=mm&r=g\",\"contentUrl\":\"https:\/\/secure.gravatar.com\/avatar\/8d143b5a49345098ddcfee1c49c2f47c?s=96&d=mm&r=g\",\"caption\":\"Daouda\"},\"sameAs\":[\"https:\/\/www.nettali.com\"]}]}<\/script>\n<!-- \/ Yoast SEO Premium plugin. -->","yoast_head_json":{"title":"MEDIAS - Les condamnations de la classe politique apr\u00e8s l\u2019agression de la journaliste Ma\u00efmouna Ndour Faye | Nettali.com","robots":{"index":"index","follow":"follow","max-snippet":"max-snippet:-1","max-image-preview":"max-image-preview:large","max-video-preview":"max-video-preview:-1"},"canonical":"https:\/\/www.nettali.com\/2024\/03\/01\/medias-les-condamnations-de-la-classe-politique-apres-lagression-de-la-journaliste-maimouna-ndour-faye\/","og_locale":"fr_FR","og_type":"article","og_title":"MEDIAS - Les condamnations de la classe politique apr\u00e8s l\u2019agression de la journaliste Ma\u00efmouna Ndour Faye","og_description":"NETTALI.COM - Des candidats \u00e0 l\u2019\u00e9lection pr\u00e9sidentielle et figures de vie politique s\u00e9n\u00e9galaise ont condamn\u00e9 l\u2019agression dont a \u00e9t\u00e9 victime jeudi dans la soir\u00e9e la journaliste Ma\u00efmouna Ndour Faye devant son domicile, et r\u00e9clam\u00e9 que la lumi\u00e8re soit faite sur cette affaire. La directrice de 7 Tv, une chaine de t\u00e9l\u00e9vision priv\u00e9e, a \u00e9t\u00e9 admise [&hellip;]","og_url":"https:\/\/www.nettali.com\/2024\/03\/01\/medias-les-condamnations-de-la-classe-politique-apres-lagression-de-la-journaliste-maimouna-ndour-faye\/","og_site_name":"Nettali.com","article_publisher":"https:\/\/www.facebook.com\/nettalicom","article_published_time":"2024-03-01T20:21:16+00:00","article_modified_time":"2024-03-02T21:47:29+00:00","og_image":[{"width":750,"height":417,"url":"https:\/\/www.nettali.com\/wp-content\/uploads\/2024\/03\/Maimouna-Ndour-Faye-1.jpeg","type":"image\/jpeg"}],"twitter_card":"summary_large_image","twitter_misc":{"\u00c9crit par":"Daouda","Dur\u00e9e de lecture estim\u00e9e":"4 minutes"},"schema":{"@context":"https:\/\/schema.org","@graph":[{"@type":"WebSite","@id":"https:\/\/www.nettali.com\/#website","url":"https:\/\/www.nettali.com\/","name":"Nettali.com","description":"Le rendez-vous critique du Net","potentialAction":[{"@type":"SearchAction","target":{"@type":"EntryPoint","urlTemplate":"https:\/\/www.nettali.com\/?s={search_term_string}"},"query-input":"required name=search_term_string"}],"inLanguage":"fr-FR"},{"@type":"ImageObject","@id":"https:\/\/www.nettali.com\/2024\/03\/01\/medias-les-condamnations-de-la-classe-politique-apres-lagression-de-la-journaliste-maimouna-ndour-faye\/#primaryimage","inLanguage":"fr-FR","url":"https:\/\/www.nettali.com\/wp-content\/uploads\/2024\/03\/Maimouna-Ndour-Faye-1.jpeg","contentUrl":"https:\/\/www.nettali.com\/wp-content\/uploads\/2024\/03\/Maimouna-Ndour-Faye-1.jpeg","width":750,"height":417},{"@type":"WebPage","@id":"https:\/\/www.nettali.com\/2024\/03\/01\/medias-les-condamnations-de-la-classe-politique-apres-lagression-de-la-journaliste-maimouna-ndour-faye\/#webpage","url":"https:\/\/www.nettali.com\/2024\/03\/01\/medias-les-condamnations-de-la-classe-politique-apres-lagression-de-la-journaliste-maimouna-ndour-faye\/","name":"MEDIAS - Les condamnations de la classe politique apr\u00e8s l\u2019agression de la journaliste Ma\u00efmouna Ndour Faye | Nettali.com","isPartOf":{"@id":"https:\/\/www.nettali.com\/#website"},"primaryImageOfPage":{"@id":"https:\/\/www.nettali.com\/2024\/03\/01\/medias-les-condamnations-de-la-classe-politique-apres-lagression-de-la-journaliste-maimouna-ndour-faye\/#primaryimage"},"datePublished":"2024-03-01T20:21:16+00:00","dateModified":"2024-03-02T21:47:29+00:00","author":{"@id":"https:\/\/www.nettali.com\/#\/schema\/person\/3317e0bb3aa1da309fbf7b2780901bf4"},"breadcrumb":{"@id":"https:\/\/www.nettali.com\/2024\/03\/01\/medias-les-condamnations-de-la-classe-politique-apres-lagression-de-la-journaliste-maimouna-ndour-faye\/#breadcrumb"},"inLanguage":"fr-FR","potentialAction":[{"@type":"ReadAction","target":["https:\/\/www.nettali.com\/2024\/03\/01\/medias-les-condamnations-de-la-classe-politique-apres-lagression-de-la-journaliste-maimouna-ndour-faye\/"]}]},{"@type":"BreadcrumbList","@id":"https:\/\/www.nettali.com\/2024\/03\/01\/medias-les-condamnations-de-la-classe-politique-apres-lagression-de-la-journaliste-maimouna-ndour-faye\/#breadcrumb","itemListElement":[{"@type":"ListItem","position":1,"name":"Accueil","item":"https:\/\/www.nettali.com\/"},{"@type":"ListItem","position":2,"name":"MEDIAS - Les condamnations de la classe politique apr\u00e8s l\u2019agression de la journaliste Ma\u00efmouna Ndour Faye"}]},{"@type":"Person","@id":"https:\/\/www.nettali.com\/#\/schema\/person\/3317e0bb3aa1da309fbf7b2780901bf4","name":"Daouda","image":{"@type":"ImageObject","@id":"https:\/\/www.nettali.com\/#personlogo","inLanguage":"fr-FR","url":"https:\/\/secure.gravatar.com\/avatar\/8d143b5a49345098ddcfee1c49c2f47c?s=96&d=mm&r=g","contentUrl":"https:\/\/secure.gravatar.com\/avatar\/8d143b5a49345098ddcfee1c49c2f47c?s=96&d=mm&r=g","caption":"Daouda"},"sameAs":["https:\/\/www.nettali.com"]}]}},"_links":{"self":[{"href":"https:\/\/www.nettali.com\/rest\/wp\/v2\/posts\/128622"}],"collection":[{"href":"https:\/\/www.nettali.com\/rest\/wp\/v2\/posts"}],"about":[{"href":"https:\/\/www.nettali.com\/rest\/wp\/v2\/types\/post"}],"author":[{"embeddable":true,"href":"https:\/\/www.nettali.com\/rest\/wp\/v2\/users\/4"}],"replies":[{"embeddable":true,"href":"https:\/\/www.nettali.com\/rest\/wp\/v2\/comments?post=128622"}],"version-history":[{"count":1,"href":"https:\/\/www.nettali.com\/rest\/wp\/v2\/posts\/128622\/revisions"}],"predecessor-version":[{"id":128624,"href":"https:\/\/www.nettali.com\/rest\/wp\/v2\/posts\/128622\/revisions\/128624"}],"wp:featuredmedia":[{"embeddable":true,"href":"https:\/\/www.nettali.com\/rest\/wp\/v2\/media\/128623"}],"wp:attachment":[{"href":"https:\/\/www.nettali.com\/rest\/wp\/v2\/media?parent=128622"}],"wp:term":[{"taxonomy":"category","embeddable":true,"href":"https:\/\/www.nettali.com\/rest\/wp\/v2\/categories?post=128622"},{"taxonomy":"post_tag","embeddable":true,"href":"https:\/\/www.nettali.com\/rest\/wp\/v2\/tags?post=128622"}],"curies":[{"name":"wp","href":"https:\/\/api.w.org\/{rel}","templated":true}]}}