{"id":128606,"date":"2024-03-01T13:34:12","date_gmt":"2024-03-01T13:34:12","guid":{"rendered":"https:\/\/www.nettali.com\/?p=128606"},"modified":"2024-03-01T13:34:12","modified_gmt":"2024-03-01T13:34:12","slug":"affaire-maimouna-ndour-faye-macky-sall-condamne-fermement","status":"publish","type":"post","link":"https:\/\/www.nettali.com\/2024\/03\/01\/affaire-maimouna-ndour-faye-macky-sall-condamne-fermement\/","title":{"rendered":"AFFAIRE MA\u00cfMOUNA NDOUR FAYE - Macky Sall condamne fermement"},"content":{"rendered":"<p><strong>NETTALI.COM - Dans une attaque choquante, la journaliste Ma\u00efmouna Ndour Faye a \u00e9t\u00e9 agress\u00e9e au couteau devant son domicile, jeudi soir, apr\u00e8s son \u00e9mission avec Farba Ngom. Cet incident alarmant a suscit\u00e9 une r\u00e9action imm\u00e9diate et ferme de la part du pr\u00e9sident Macky Sall, soulignant la n\u00e9cessit\u00e9 de prot\u00e9ger la libert\u00e9 de la presse et de garantir la s\u00e9curit\u00e9 des professionnels des m\u00e9dias.<\/strong><\/p>\n<p>Le pr\u00e9sident Macky Sall a fermement condamn\u00e9 cet acte de violence odieux, le qualifiant de \"<em>l\u00e2che et inexcusable<\/em>\". Dans une d\u00e9claration relay\u00e9e sur X (ex Twitter), le chef de l'\u00c9tat n'a pas march\u00e9 ses mots.<\/p>\n<p>\"<em>Je condamne fermement cet acte de violence l\u00e2che et inexcusable contre la journaliste Ma\u00efmouna Ndour Faye. La libert\u00e9 de la presse est un droit fondamental qui doit \u00eatre prot\u00e9g\u00e9 et respect\u00e9 en toutes circonstances. Aucune forme de violence ne saurait \u00eatre tol\u00e9r\u00e9e, et les responsables de cette agression devront r\u00e9pondre de leurs actes devant la justice. Je tiens \u00e0 lui exprimer tout mon soutien et r\u00e9it\u00e8re mon engagement \u00e0 garantir un environnement s\u00fbr et serein pour tous les professionnels des m\u00e9dias dans notre pays<\/em>\", a\u00a0d\u00e9clar\u00e9 le pr\u00e9sident Macky Sall.<\/p>\n<div class='share-to-whatsapp-wrapper'><div class='share-on-whsp'>PARTAGER SUR : <\/div><a data-text='AFFAIRE MA\u00cfMOUNA NDOUR FAYE - Macky Sall condamne fermement' data-link='https:\/\/www.nettali.com\/2024\/03\/01\/affaire-maimouna-ndour-faye-macky-sall-condamne-fermement\/' class='whatsapp-button whatsapp-share'>WhatsApp<\/a><div class='clear '><\/div><\/div>","protected":false},"excerpt":{"rendered":"<p>NETTALI.COM - Dans une attaque choquante, la journaliste Ma\u00efmouna Ndour Faye a \u00e9t\u00e9 agress\u00e9e au couteau devant son domicile, jeudi soir, apr\u00e8s son \u00e9mission avec Farba Ngom. Cet incident alarmant a suscit\u00e9 une r\u00e9action imm\u00e9diate et ferme de la part du pr\u00e9sident Macky Sall, soulignant la n\u00e9cessit\u00e9 de prot\u00e9ger la libert\u00e9 de la presse et [&hellip;]<\/p>\n","protected":false},"author":5,"featured_media":128607,"comment_status":"open","ping_status":"open","sticky":false,"template":"","format":"standard","meta":{"_et_pb_use_builder":"","_et_pb_old_content":""},"categories":[3],"tags":[],"yoast_head":"<!-- This site is optimized with the Yoast SEO Premium plugin v17.8 (Yoast SEO v17.8) - https:\/\/yoast.com\/wordpress\/plugins\/seo\/ -->\n<title>AFFAIRE MA\u00cfMOUNA NDOUR FAYE - Macky Sall condamne fermement | Nettali.com<\/title>\n<meta name=\"robots\" content=\"index, follow, max-snippet:-1, max-image-preview:large, max-video-preview:-1\" \/>\n<link rel=\"canonical\" href=\"https:\/\/www.nettali.com\/2024\/03\/01\/affaire-maimouna-ndour-faye-macky-sall-condamne-fermement\/\" \/>\n<meta property=\"og:locale\" content=\"fr_FR\" \/>\n<meta property=\"og:type\" content=\"article\" \/>\n<meta property=\"og:title\" content=\"AFFAIRE MA\u00cfMOUNA NDOUR FAYE - Macky Sall condamne fermement\" \/>\n<meta property=\"og:description\" content=\"NETTALI.COM - Dans une attaque choquante, la journaliste Ma\u00efmouna Ndour Faye a \u00e9t\u00e9 agress\u00e9e au couteau devant son domicile, jeudi soir, apr\u00e8s son \u00e9mission avec Farba Ngom. Cet incident alarmant a suscit\u00e9 une r\u00e9action imm\u00e9diate et ferme de la part du pr\u00e9sident Macky Sall, soulignant la n\u00e9cessit\u00e9 de prot\u00e9ger la libert\u00e9 de la presse et [&hellip;]\" \/>\n<meta property=\"og:url\" content=\"https:\/\/www.nettali.com\/2024\/03\/01\/affaire-maimouna-ndour-faye-macky-sall-condamne-fermement\/\" \/>\n<meta property=\"og:site_name\" content=\"Nettali.com\" \/>\n<meta property=\"article:publisher\" content=\"https:\/\/www.facebook.com\/nettalicom\" \/>\n<meta property=\"article:published_time\" content=\"2024-03-01T13:34:12+00:00\" \/>\n<meta property=\"og:image\" content=\"https:\/\/www.nettali.com\/wp-content\/uploads\/2024\/03\/78669539-57080973.png\" \/>\n\t<meta property=\"og:image:width\" content=\"997\" \/>\n\t<meta property=\"og:image:height\" content=\"634\" \/>\n<meta name=\"twitter:card\" content=\"summary_large_image\" \/>\n<meta name=\"twitter:label1\" content=\"\u00c9crit par\" \/>\n\t<meta name=\"twitter:data1\" content=\"Ibrahima\" \/>\n\t<meta name=\"twitter:label2\" content=\"Dur\u00e9e de lecture estim\u00e9e\" \/>\n\t<meta name=\"twitter:data2\" content=\"1 minute\" \/>\n<script type=\"application\/ld+json\" class=\"yoast-schema-graph\">{\"@context\":\"https:\/\/schema.org\",\"@graph\":[{\"@type\":\"WebSite\",\"@id\":\"https:\/\/www.nettali.com\/#website\",\"url\":\"https:\/\/www.nettali.com\/\",\"name\":\"Nettali.com\",\"description\":\"Le rendez-vous critique du Net\",\"potentialAction\":[{\"@type\":\"SearchAction\",\"target\":{\"@type\":\"EntryPoint\",\"urlTemplate\":\"https:\/\/www.nettali.com\/?s={search_term_string}\"},\"query-input\":\"required name=search_term_string\"}],\"inLanguage\":\"fr-FR\"},{\"@type\":\"ImageObject\",\"@id\":\"https:\/\/www.nettali.com\/2024\/03\/01\/affaire-maimouna-ndour-faye-macky-sall-condamne-fermement\/#primaryimage\",\"inLanguage\":\"fr-FR\",\"url\":\"https:\/\/www.nettali.com\/wp-content\/uploads\/2024\/03\/78669539-57080973.png\",\"contentUrl\":\"https:\/\/www.nettali.com\/wp-content\/uploads\/2024\/03\/78669539-57080973.png\",\"width\":997,\"height\":634},{\"@type\":\"WebPage\",\"@id\":\"https:\/\/www.nettali.com\/2024\/03\/01\/affaire-maimouna-ndour-faye-macky-sall-condamne-fermement\/#webpage\",\"url\":\"https:\/\/www.nettali.com\/2024\/03\/01\/affaire-maimouna-ndour-faye-macky-sall-condamne-fermement\/\",\"name\":\"AFFAIRE MA\\u00cfMOUNA NDOUR FAYE - Macky Sall condamne fermement | Nettali.com\",\"isPartOf\":{\"@id\":\"https:\/\/www.nettali.com\/#website\"},\"primaryImageOfPage\":{\"@id\":\"https:\/\/www.nettali.com\/2024\/03\/01\/affaire-maimouna-ndour-faye-macky-sall-condamne-fermement\/#primaryimage\"},\"datePublished\":\"2024-03-01T13:34:12+00:00\",\"dateModified\":\"2024-03-01T13:34:12+00:00\",\"author\":{\"@id\":\"https:\/\/www.nettali.com\/#\/schema\/person\/bb147657c2986240405a608162b9bb23\"},\"breadcrumb\":{\"@id\":\"https:\/\/www.nettali.com\/2024\/03\/01\/affaire-maimouna-ndour-faye-macky-sall-condamne-fermement\/#breadcrumb\"},\"inLanguage\":\"fr-FR\",\"potentialAction\":[{\"@type\":\"ReadAction\",\"target\":[\"https:\/\/www.nettali.com\/2024\/03\/01\/affaire-maimouna-ndour-faye-macky-sall-condamne-fermement\/\"]}]},{\"@type\":\"BreadcrumbList\",\"@id\":\"https:\/\/www.nettali.com\/2024\/03\/01\/affaire-maimouna-ndour-faye-macky-sall-condamne-fermement\/#breadcrumb\",\"itemListElement\":[{\"@type\":\"ListItem\",\"position\":1,\"name\":\"Accueil\",\"item\":\"https:\/\/www.nettali.com\/\"},{\"@type\":\"ListItem\",\"position\":2,\"name\":\"AFFAIRE MA\\u00cfMOUNA NDOUR FAYE - Macky Sall condamne fermement\"}]},{\"@type\":\"Person\",\"@id\":\"https:\/\/www.nettali.com\/#\/schema\/person\/bb147657c2986240405a608162b9bb23\",\"name\":\"Ibrahima\",\"image\":{\"@type\":\"ImageObject\",\"@id\":\"https:\/\/www.nettali.com\/#personlogo\",\"inLanguage\":\"fr-FR\",\"url\":\"https:\/\/secure.gravatar.com\/avatar\/26a8a81f09f0dd7624c9d5c36c9ba3a2?s=96&d=mm&r=g\",\"contentUrl\":\"https:\/\/secure.gravatar.com\/avatar\/26a8a81f09f0dd7624c9d5c36c9ba3a2?s=96&d=mm&r=g\",\"caption\":\"Ibrahima\"},\"sameAs\":[\"https:\/\/www.nettali.com\"]}]}<\/script>\n<!-- \/ Yoast SEO Premium plugin. -->","yoast_head_json":{"title":"AFFAIRE MA\u00cfMOUNA NDOUR FAYE - Macky Sall condamne fermement | Nettali.com","robots":{"index":"index","follow":"follow","max-snippet":"max-snippet:-1","max-image-preview":"max-image-preview:large","max-video-preview":"max-video-preview:-1"},"canonical":"https:\/\/www.nettali.com\/2024\/03\/01\/affaire-maimouna-ndour-faye-macky-sall-condamne-fermement\/","og_locale":"fr_FR","og_type":"article","og_title":"AFFAIRE MA\u00cfMOUNA NDOUR FAYE - Macky Sall condamne fermement","og_description":"NETTALI.COM - Dans une attaque choquante, la journaliste Ma\u00efmouna Ndour Faye a \u00e9t\u00e9 agress\u00e9e au couteau devant son domicile, jeudi soir, apr\u00e8s son \u00e9mission avec Farba Ngom. Cet incident alarmant a suscit\u00e9 une r\u00e9action imm\u00e9diate et ferme de la part du pr\u00e9sident Macky Sall, soulignant la n\u00e9cessit\u00e9 de prot\u00e9ger la libert\u00e9 de la presse et [&hellip;]","og_url":"https:\/\/www.nettali.com\/2024\/03\/01\/affaire-maimouna-ndour-faye-macky-sall-condamne-fermement\/","og_site_name":"Nettali.com","article_publisher":"https:\/\/www.facebook.com\/nettalicom","article_published_time":"2024-03-01T13:34:12+00:00","og_image":[{"width":997,"height":634,"url":"https:\/\/www.nettali.com\/wp-content\/uploads\/2024\/03\/78669539-57080973.png","type":"image\/png"}],"twitter_card":"summary_large_image","twitter_misc":{"\u00c9crit par":"Ibrahima","Dur\u00e9e de lecture estim\u00e9e":"1 minute"},"schema":{"@context":"https:\/\/schema.org","@graph":[{"@type":"WebSite","@id":"https:\/\/www.nettali.com\/#website","url":"https:\/\/www.nettali.com\/","name":"Nettali.com","description":"Le rendez-vous critique du Net","potentialAction":[{"@type":"SearchAction","target":{"@type":"EntryPoint","urlTemplate":"https:\/\/www.nettali.com\/?s={search_term_string}"},"query-input":"required name=search_term_string"}],"inLanguage":"fr-FR"},{"@type":"ImageObject","@id":"https:\/\/www.nettali.com\/2024\/03\/01\/affaire-maimouna-ndour-faye-macky-sall-condamne-fermement\/#primaryimage","inLanguage":"fr-FR","url":"https:\/\/www.nettali.com\/wp-content\/uploads\/2024\/03\/78669539-57080973.png","contentUrl":"https:\/\/www.nettali.com\/wp-content\/uploads\/2024\/03\/78669539-57080973.png","width":997,"height":634},{"@type":"WebPage","@id":"https:\/\/www.nettali.com\/2024\/03\/01\/affaire-maimouna-ndour-faye-macky-sall-condamne-fermement\/#webpage","url":"https:\/\/www.nettali.com\/2024\/03\/01\/affaire-maimouna-ndour-faye-macky-sall-condamne-fermement\/","name":"AFFAIRE MA\u00cfMOUNA NDOUR FAYE - Macky Sall condamne fermement | Nettali.com","isPartOf":{"@id":"https:\/\/www.nettali.com\/#website"},"primaryImageOfPage":{"@id":"https:\/\/www.nettali.com\/2024\/03\/01\/affaire-maimouna-ndour-faye-macky-sall-condamne-fermement\/#primaryimage"},"datePublished":"2024-03-01T13:34:12+00:00","dateModified":"2024-03-01T13:34:12+00:00","author":{"@id":"https:\/\/www.nettali.com\/#\/schema\/person\/bb147657c2986240405a608162b9bb23"},"breadcrumb":{"@id":"https:\/\/www.nettali.com\/2024\/03\/01\/affaire-maimouna-ndour-faye-macky-sall-condamne-fermement\/#breadcrumb"},"inLanguage":"fr-FR","potentialAction":[{"@type":"ReadAction","target":["https:\/\/www.nettali.com\/2024\/03\/01\/affaire-maimouna-ndour-faye-macky-sall-condamne-fermement\/"]}]},{"@type":"BreadcrumbList","@id":"https:\/\/www.nettali.com\/2024\/03\/01\/affaire-maimouna-ndour-faye-macky-sall-condamne-fermement\/#breadcrumb","itemListElement":[{"@type":"ListItem","position":1,"name":"Accueil","item":"https:\/\/www.nettali.com\/"},{"@type":"ListItem","position":2,"name":"AFFAIRE MA\u00cfMOUNA NDOUR FAYE - Macky Sall condamne fermement"}]},{"@type":"Person","@id":"https:\/\/www.nettali.com\/#\/schema\/person\/bb147657c2986240405a608162b9bb23","name":"Ibrahima","image":{"@type":"ImageObject","@id":"https:\/\/www.nettali.com\/#personlogo","inLanguage":"fr-FR","url":"https:\/\/secure.gravatar.com\/avatar\/26a8a81f09f0dd7624c9d5c36c9ba3a2?s=96&d=mm&r=g","contentUrl":"https:\/\/secure.gravatar.com\/avatar\/26a8a81f09f0dd7624c9d5c36c9ba3a2?s=96&d=mm&r=g","caption":"Ibrahima"},"sameAs":["https:\/\/www.nettali.com"]}]}},"_links":{"self":[{"href":"https:\/\/www.nettali.com\/rest\/wp\/v2\/posts\/128606"}],"collection":[{"href":"https:\/\/www.nettali.com\/rest\/wp\/v2\/posts"}],"about":[{"href":"https:\/\/www.nettali.com\/rest\/wp\/v2\/types\/post"}],"author":[{"embeddable":true,"href":"https:\/\/www.nettali.com\/rest\/wp\/v2\/users\/5"}],"replies":[{"embeddable":true,"href":"https:\/\/www.nettali.com\/rest\/wp\/v2\/comments?post=128606"}],"version-history":[{"count":1,"href":"https:\/\/www.nettali.com\/rest\/wp\/v2\/posts\/128606\/revisions"}],"predecessor-version":[{"id":128608,"href":"https:\/\/www.nettali.com\/rest\/wp\/v2\/posts\/128606\/revisions\/128608"}],"wp:featuredmedia":[{"embeddable":true,"href":"https:\/\/www.nettali.com\/rest\/wp\/v2\/media\/128607"}],"wp:attachment":[{"href":"https:\/\/www.nettali.com\/rest\/wp\/v2\/media?parent=128606"}],"wp:term":[{"taxonomy":"category","embeddable":true,"href":"https:\/\/www.nettali.com\/rest\/wp\/v2\/categories?post=128606"},{"taxonomy":"post_tag","embeddable":true,"href":"https:\/\/www.nettali.com\/rest\/wp\/v2\/tags?post=128606"}],"curies":[{"name":"wp","href":"https:\/\/api.w.org\/{rel}","templated":true}]}}