{"id":128567,"date":"2024-03-01T10:13:43","date_gmt":"2024-03-01T10:13:43","guid":{"rendered":"https:\/\/www.nettali.com\/?p=128567"},"modified":"2024-03-01T10:14:13","modified_gmt":"2024-03-01T10:14:13","slug":"presidentielle-jonction-entre-fc25-f24-fdd-et-aar-sunu-election-le-front-de-resistance-sepaissit","status":"publish","type":"post","link":"https:\/\/www.nettali.com\/2024\/03\/01\/presidentielle-jonction-entre-fc25-f24-fdd-et-aar-sunu-election-le-front-de-resistance-sepaissit\/","title":{"rendered":"JONCTION ENTRE FC25, F24, FDD ET AAR SUNU \u00c9LECTION - Le Front de r\u00e9sistance s\u2019\u00e9paissit"},"content":{"rendered":"<p><strong>NETTALI.COM - FC25, F24, FDD et \"Aar Sunu \u00c9lection\" ont uni leurs forces pour devenir Front de r\u00e9sistance (FDR), afin de se montrer plus efficaces dans la lutte pour la d\u00e9mocratie et le respect du calendrier \u00e9lectoral.<\/strong><\/p>\n<p>Politiques, acteurs de la soci\u00e9t\u00e9 civile et universitaires ont d\u00e9cid\u00e9 de mutualiser leurs forces pour gagner en efficacit\u00e9 dans leur combat au nom de la d\u00e9mocratie s\u00e9n\u00e9galaise. En effet, r\u00e9unis autour du nouvellement cr\u00e9\u00e9 Front de r\u00e9sistance (FDR), ces entit\u00e9s engag\u00e9es pour le respect du calendrier \u00e9lectoral ont d\u00e9cid\u00e9 d'intensifier le combat pour obtenir gain de cause.<\/p>\n<p>\u00ab\u00a0<em>En annulant d\u00e9lib\u00e9r\u00e9ment l'\u00e9lection pr\u00e9sidentielle, le pr\u00e9sident de la R\u00e9publique a non seulement viol\u00e9 notre Constitution, mais aussi d\u00e9fi\u00e9 ouvertement l\u2019autorit\u00e9 du Conseil constitutionnel. Malgr\u00e9 la d\u00e9cision irr\u00e9vocable du 15 f\u00e9vrier 2024 d'organiser dans les meilleurs d\u00e9lais le scrutin, avant la fin de son mandat pr\u00e9vu le 2 avril 2024,le pr\u00e9sident persiste dans son refus, r\u00e9v\u00e9lant ainsi une intention claire de d\u00e9stabiliser et de manipuler le processus \u00e9lectoral \u00e0 son avantage<\/em>\u00a0\u00bb,\u00a0 a soutenu la porte-parole du jour, Thiaba Camara Sy.<\/p>\n<p>Le nouveau Front de r\u00e9sistance est persuad\u00e9 que le pr\u00e9sident ne joue pas franc jeu et use de ruses pour rester encore au pouvoir. \u00ab <em>En choisissant de s'\u00e9carter de la tradition s\u00e9n\u00e9galaise de transfert pacifique du pouvoir avant la f\u00eate de l'ind\u00e9pendance, monsieur Macky Sall a volontairement choisi de plonger notre nation dans une crise constitutionnelle, avec pour dessein \u00e9vident de conserver le pouvoir par des voies ill\u00e9gitimes<\/em> \u00bb, accuse Mme Camara Sy.<\/p>\n<p>\u00ab <em>Cette violation de la Constitution, poursuit-elle, masqu\u00e9e sous un simulacre de dialogue, vise \u00e0 prolonger ind\u00fbment son mandat, cr\u00e9ant un vide juridique dangereux et une gouvernance ill\u00e9gitime. Nous sommes face \u00e0 une trahison nationale, une attaque frontale contre les principes m\u00eames de notre R\u00e9publique<\/em> \u00bb d\u00e9nonce-t-elle.<\/p>\n<p>Supposons que le pr\u00e9sident et son gouvernement ne soient plus l\u00e9gitimes au lendemain du 2 avril, le FDR les exhorte \u00e0 cesser la prise d'engagement au nom de la nation. Car cela n\u2019ob\u00e9irait \u00e0 aucun fondement d'ordre l\u00e9gal ou encore moral. \u00ab <em>Nous lan\u00e7ons solennellement un avertissement \u00e0 tous les partenaires techniques, financiers et aux acteurs \u00e9conomiques nationaux et internationaux : toute collaboration avec le r\u00e9gime ill\u00e9gitime de Macky Sall apr\u00e8s le 2 avril 2024 sera consid\u00e9r\u00e9e comme une complicit\u00e9 dans la d\u00e9stabilisation de notre pays<\/em> \u00bb.<\/p>\n<p>La porte-parole du FDR d\u2019avertir en laissant entendre que les partenariats paraph\u00e9s sous ce magist\u00e8re \u00ab\u00a0<em>ill\u00e9gitime seront sujets \u00e0 r\u00e9vision, voire \u00e0 annulation, dans le respect de la volont\u00e9 populaire<\/em>\u00a0\u00bb.<\/p>\n<p><strong>Vent debout contre l\u2019amnistie<\/strong><\/p>\n<p>En dernier lieu, comme c'est aussi un peu l'actualit\u00e9 du moment, Thiaba Camara Sy a donn\u00e9 la position du front sur l'amnistie. Elle se d\u00e9cline comme suit : \u00ab\u00a0<em>Toute initiative l\u00e9gislative visant \u00e0 \u00e9tablir l'impunit\u00e9 sous couvert d'amnistie sera combattue avec la plus grande fermet\u00e9<\/em>\u00a0\u00bb.<\/p>\n<p>Venu pr\u00eater main-forte \u00e0 cette grande retrouvaille des \u00ab <em>d\u00e9fenseurs de la d\u00e9mocratie et de la Constitution<\/em>\u00a0\u00bb, Bougane Gu\u00e8ye Dany a lui aussi ax\u00e9 sa r\u00e9flexion sur le d\u00e9bat autour de l'amnistie qui occupe l'espace public. Selon le leader de Gueum Sa Bopp, ladite loi doit tout simplement \u00eatre bloqu\u00e9e par l'Assembl\u00e9e nationale. Il s'explique\u00a0\u00ab\u00a0<em>la loi d'amnistie brandie, ces derniers jours, il va de soi qu'elle est impopulaire. Les S\u00e9n\u00e9galais, dans leur majorit\u00e9, n'en veulent pas. Nous esp\u00e9rons que les parlementaires vont couper court \u00e0 cette initiative. En tout cas, nous les invitons \u00e0 cela. Nous voulons que la lumi\u00e8re soit faite sur les \u00e9v\u00e9nements de 2021 et de 2023.Qu'on nous dise qui est coupable et qui ne l'est pas. Il y a eu beaucoup trop de pertes en vies humaines, beaucoup trop de d\u00e9g\u00e2ts mat\u00e9riels, sans oublier le lot psychologique pour balayer tout cela d'un revers de la main. Nous ne sommes pas contre le pardon ou encore la r\u00e9conciliation nationale, mais pas \u00e0 n'importe quel prix<\/em>\u00a0\u00bb, a d\u00e9clar\u00e9 le boss du mouvement Gueum Sa Bopp.<\/p>\n<p><strong>Mimi Tour\u00e9 et l\u2019impasse institutionnelle<\/strong><\/p>\n<p>Parmi les candidats \u00ab spoli\u00e9s \u00bb, mais aussi membre de ce conglom\u00e9rat, Aminata Tour\u00e9 a \u00ab honor\u00e9 \u00bb de sa pr\u00e9sence ce bapt\u00eame du feu. L'ancienne Premi\u00e8re ministre n'y est pas all\u00e9e par quatre chemins. Selon elle, le pr\u00e9sident sortant est l'unique responsable de cette impasse institutionnelle. \u00ab <em>Le pr\u00e9sident Macky Sall, il faut oser le dire, a terni l'image de notre d\u00e9mocratie, par les actes pos\u00e9s derni\u00e8rement. Mais devant son ent\u00eatement, retenons aussi la r\u00e9sistance s\u00e9n\u00e9galaise. Nos concitoyens n'ont m\u00e9nag\u00e9 aucun effort pour conserver ce legs d\u00e9mocratique vieux de plusieurs ann\u00e9es. \u00c0 l'\u00e9tat actuel des choses, nous invitons encore le Conseil constitutionnel a jouer son r\u00f4le, comme il l'a toujours fait, en se substituant au chef de l'\u00c9tat et en fixant une date pour la tenue de l'\u00e9lection, dans les plus brefs d\u00e9lais<\/em> \u00bb, a d\u00e9clar\u00e9 Mimi Tour\u00e9.<\/p>\n<p>Avant de conclure : \u00ab p<em>our revenir au chef de l'\u00c9tat, poursuit l'ancienne ministre de la Justice, nous attendons de lui qu'il mat\u00e9rialise sa parole en acte le 2 avril prochain, en quittant le pouvoir. Qu'il n'use d'aucun subterfuge pour prolonger son mandat. L'id\u00e9al aurait \u00e9t\u00e9 qu'il passe le t\u00e9moin \u00e0 son successeur, mais s'il s'en va vraiment \u00e0 la fin de son r\u00e8gne, il pourrait peut-\u00eatre encore sauver ce qui peut l'\u00eatre encore.<\/em><\/p>\n<p>EnQu\u00eate<\/p>\n<div class='share-to-whatsapp-wrapper'><div class='share-on-whsp'>PARTAGER SUR : <\/div><a data-text='JONCTION ENTRE FC25, F24, FDD ET AAR SUNU \u00c9LECTION - Le Front de r\u00e9sistance s\u2019\u00e9paissit' data-link='https:\/\/www.nettali.com\/2024\/03\/01\/presidentielle-jonction-entre-fc25-f24-fdd-et-aar-sunu-election-le-front-de-resistance-sepaissit\/' class='whatsapp-button whatsapp-share'>WhatsApp<\/a><div class='clear '><\/div><\/div>","protected":false},"excerpt":{"rendered":"<p>NETTALI.COM - FC25, F24, FDD et \"Aar Sunu \u00c9lection\" ont uni leurs forces pour devenir Front de r\u00e9sistance (FDR), afin de se montrer plus efficaces dans la lutte pour la d\u00e9mocratie et le respect du calendrier \u00e9lectoral. Politiques, acteurs de la soci\u00e9t\u00e9 civile et universitaires ont d\u00e9cid\u00e9 de mutualiser leurs forces pour gagner en efficacit\u00e9 [&hellip;]<\/p>\n","protected":false},"author":6,"featured_media":128586,"comment_status":"open","ping_status":"open","sticky":false,"template":"","format":"standard","meta":{"_et_pb_use_builder":"","_et_pb_old_content":""},"categories":[2],"tags":[],"yoast_head":"<!-- This site is optimized with the Yoast SEO Premium plugin v17.8 (Yoast SEO v17.8) - https:\/\/yoast.com\/wordpress\/plugins\/seo\/ -->\n<title>JONCTION ENTRE FC25, F24, FDD ET AAR SUNU \u00c9LECTION - Le Front de r\u00e9sistance s\u2019\u00e9paissit | Nettali.com<\/title>\n<meta name=\"robots\" content=\"index, follow, max-snippet:-1, max-image-preview:large, max-video-preview:-1\" \/>\n<link rel=\"canonical\" href=\"https:\/\/www.nettali.com\/2024\/03\/01\/presidentielle-jonction-entre-fc25-f24-fdd-et-aar-sunu-election-le-front-de-resistance-sepaissit\/\" \/>\n<meta property=\"og:locale\" content=\"fr_FR\" \/>\n<meta property=\"og:type\" content=\"article\" \/>\n<meta property=\"og:title\" content=\"JONCTION ENTRE FC25, F24, FDD ET AAR SUNU \u00c9LECTION - Le Front de r\u00e9sistance s\u2019\u00e9paissit\" \/>\n<meta property=\"og:description\" content=\"NETTALI.COM - FC25, F24, FDD et &quot;Aar Sunu \u00c9lection&quot; ont uni leurs forces pour devenir Front de r\u00e9sistance (FDR), afin de se montrer plus efficaces dans la lutte pour la d\u00e9mocratie et le respect du calendrier \u00e9lectoral. Politiques, acteurs de la soci\u00e9t\u00e9 civile et universitaires ont d\u00e9cid\u00e9 de mutualiser leurs forces pour gagner en efficacit\u00e9 [&hellip;]\" \/>\n<meta property=\"og:url\" content=\"https:\/\/www.nettali.com\/2024\/03\/01\/presidentielle-jonction-entre-fc25-f24-fdd-et-aar-sunu-election-le-front-de-resistance-sepaissit\/\" \/>\n<meta property=\"og:site_name\" content=\"Nettali.com\" \/>\n<meta property=\"article:publisher\" content=\"https:\/\/www.facebook.com\/nettalicom\" \/>\n<meta property=\"article:published_time\" content=\"2024-03-01T10:13:43+00:00\" \/>\n<meta property=\"article:modified_time\" content=\"2024-03-01T10:14:13+00:00\" \/>\n<meta property=\"og:image\" content=\"https:\/\/www.nettali.com\/wp-content\/uploads\/2024\/03\/78649556-57066279.jpg\" \/>\n\t<meta property=\"og:image:width\" content=\"664\" \/>\n\t<meta property=\"og:image:height\" content=\"443\" \/>\n<meta name=\"twitter:card\" content=\"summary_large_image\" \/>\n<meta name=\"twitter:label1\" content=\"\u00c9crit par\" \/>\n\t<meta name=\"twitter:data1\" content=\"Fatou\" \/>\n\t<meta name=\"twitter:label2\" content=\"Dur\u00e9e de lecture estim\u00e9e\" \/>\n\t<meta name=\"twitter:data2\" content=\"5 minutes\" \/>\n<script type=\"application\/ld+json\" class=\"yoast-schema-graph\">{\"@context\":\"https:\/\/schema.org\",\"@graph\":[{\"@type\":\"WebSite\",\"@id\":\"https:\/\/www.nettali.com\/#website\",\"url\":\"https:\/\/www.nettali.com\/\",\"name\":\"Nettali.com\",\"description\":\"Le rendez-vous critique du Net\",\"potentialAction\":[{\"@type\":\"SearchAction\",\"target\":{\"@type\":\"EntryPoint\",\"urlTemplate\":\"https:\/\/www.nettali.com\/?s={search_term_string}\"},\"query-input\":\"required name=search_term_string\"}],\"inLanguage\":\"fr-FR\"},{\"@type\":\"ImageObject\",\"@id\":\"https:\/\/www.nettali.com\/2024\/03\/01\/presidentielle-jonction-entre-fc25-f24-fdd-et-aar-sunu-election-le-front-de-resistance-sepaissit\/#primaryimage\",\"inLanguage\":\"fr-FR\",\"url\":\"https:\/\/www.nettali.com\/wp-content\/uploads\/2024\/03\/78649556-57066279.jpg\",\"contentUrl\":\"https:\/\/www.nettali.com\/wp-content\/uploads\/2024\/03\/78649556-57066279.jpg\",\"width\":664,\"height\":443},{\"@type\":\"WebPage\",\"@id\":\"https:\/\/www.nettali.com\/2024\/03\/01\/presidentielle-jonction-entre-fc25-f24-fdd-et-aar-sunu-election-le-front-de-resistance-sepaissit\/#webpage\",\"url\":\"https:\/\/www.nettali.com\/2024\/03\/01\/presidentielle-jonction-entre-fc25-f24-fdd-et-aar-sunu-election-le-front-de-resistance-sepaissit\/\",\"name\":\"JONCTION ENTRE FC25, F24, FDD ET AAR SUNU \\u00c9LECTION - Le Front de r\\u00e9sistance s\\u2019\\u00e9paissit | Nettali.com\",\"isPartOf\":{\"@id\":\"https:\/\/www.nettali.com\/#website\"},\"primaryImageOfPage\":{\"@id\":\"https:\/\/www.nettali.com\/2024\/03\/01\/presidentielle-jonction-entre-fc25-f24-fdd-et-aar-sunu-election-le-front-de-resistance-sepaissit\/#primaryimage\"},\"datePublished\":\"2024-03-01T10:13:43+00:00\",\"dateModified\":\"2024-03-01T10:14:13+00:00\",\"author\":{\"@id\":\"https:\/\/www.nettali.com\/#\/schema\/person\/418274a86bdf87caff7a3ef476bd0bbf\"},\"breadcrumb\":{\"@id\":\"https:\/\/www.nettali.com\/2024\/03\/01\/presidentielle-jonction-entre-fc25-f24-fdd-et-aar-sunu-election-le-front-de-resistance-sepaissit\/#breadcrumb\"},\"inLanguage\":\"fr-FR\",\"potentialAction\":[{\"@type\":\"ReadAction\",\"target\":[\"https:\/\/www.nettali.com\/2024\/03\/01\/presidentielle-jonction-entre-fc25-f24-fdd-et-aar-sunu-election-le-front-de-resistance-sepaissit\/\"]}]},{\"@type\":\"BreadcrumbList\",\"@id\":\"https:\/\/www.nettali.com\/2024\/03\/01\/presidentielle-jonction-entre-fc25-f24-fdd-et-aar-sunu-election-le-front-de-resistance-sepaissit\/#breadcrumb\",\"itemListElement\":[{\"@type\":\"ListItem\",\"position\":1,\"name\":\"Accueil\",\"item\":\"https:\/\/www.nettali.com\/\"},{\"@type\":\"ListItem\",\"position\":2,\"name\":\"JONCTION ENTRE FC25, F24, FDD ET AAR SUNU \\u00c9LECTION - Le Front de r\\u00e9sistance s\\u2019\\u00e9paissit\"}]},{\"@type\":\"Person\",\"@id\":\"https:\/\/www.nettali.com\/#\/schema\/person\/418274a86bdf87caff7a3ef476bd0bbf\",\"name\":\"Fatou\",\"image\":{\"@type\":\"ImageObject\",\"@id\":\"https:\/\/www.nettali.com\/#personlogo\",\"inLanguage\":\"fr-FR\",\"url\":\"https:\/\/secure.gravatar.com\/avatar\/5a9442a2bee7b4dcf167cab035858e9a?s=96&d=mm&r=g\",\"contentUrl\":\"https:\/\/secure.gravatar.com\/avatar\/5a9442a2bee7b4dcf167cab035858e9a?s=96&d=mm&r=g\",\"caption\":\"Fatou\"},\"sameAs\":[\"https:\/\/www.nettali.com\"]}]}<\/script>\n<!-- \/ Yoast SEO Premium plugin. -->","yoast_head_json":{"title":"JONCTION ENTRE FC25, F24, FDD ET AAR SUNU \u00c9LECTION - Le Front de r\u00e9sistance s\u2019\u00e9paissit | Nettali.com","robots":{"index":"index","follow":"follow","max-snippet":"max-snippet:-1","max-image-preview":"max-image-preview:large","max-video-preview":"max-video-preview:-1"},"canonical":"https:\/\/www.nettali.com\/2024\/03\/01\/presidentielle-jonction-entre-fc25-f24-fdd-et-aar-sunu-election-le-front-de-resistance-sepaissit\/","og_locale":"fr_FR","og_type":"article","og_title":"JONCTION ENTRE FC25, F24, FDD ET AAR SUNU \u00c9LECTION - Le Front de r\u00e9sistance s\u2019\u00e9paissit","og_description":"NETTALI.COM - FC25, F24, FDD et \"Aar Sunu \u00c9lection\" ont uni leurs forces pour devenir Front de r\u00e9sistance (FDR), afin de se montrer plus efficaces dans la lutte pour la d\u00e9mocratie et le respect du calendrier \u00e9lectoral. Politiques, acteurs de la soci\u00e9t\u00e9 civile et universitaires ont d\u00e9cid\u00e9 de mutualiser leurs forces pour gagner en efficacit\u00e9 [&hellip;]","og_url":"https:\/\/www.nettali.com\/2024\/03\/01\/presidentielle-jonction-entre-fc25-f24-fdd-et-aar-sunu-election-le-front-de-resistance-sepaissit\/","og_site_name":"Nettali.com","article_publisher":"https:\/\/www.facebook.com\/nettalicom","article_published_time":"2024-03-01T10:13:43+00:00","article_modified_time":"2024-03-01T10:14:13+00:00","og_image":[{"width":664,"height":443,"url":"https:\/\/www.nettali.com\/wp-content\/uploads\/2024\/03\/78649556-57066279.jpg","type":"image\/jpeg"}],"twitter_card":"summary_large_image","twitter_misc":{"\u00c9crit par":"Fatou","Dur\u00e9e de lecture estim\u00e9e":"5 minutes"},"schema":{"@context":"https:\/\/schema.org","@graph":[{"@type":"WebSite","@id":"https:\/\/www.nettali.com\/#website","url":"https:\/\/www.nettali.com\/","name":"Nettali.com","description":"Le rendez-vous critique du Net","potentialAction":[{"@type":"SearchAction","target":{"@type":"EntryPoint","urlTemplate":"https:\/\/www.nettali.com\/?s={search_term_string}"},"query-input":"required name=search_term_string"}],"inLanguage":"fr-FR"},{"@type":"ImageObject","@id":"https:\/\/www.nettali.com\/2024\/03\/01\/presidentielle-jonction-entre-fc25-f24-fdd-et-aar-sunu-election-le-front-de-resistance-sepaissit\/#primaryimage","inLanguage":"fr-FR","url":"https:\/\/www.nettali.com\/wp-content\/uploads\/2024\/03\/78649556-57066279.jpg","contentUrl":"https:\/\/www.nettali.com\/wp-content\/uploads\/2024\/03\/78649556-57066279.jpg","width":664,"height":443},{"@type":"WebPage","@id":"https:\/\/www.nettali.com\/2024\/03\/01\/presidentielle-jonction-entre-fc25-f24-fdd-et-aar-sunu-election-le-front-de-resistance-sepaissit\/#webpage","url":"https:\/\/www.nettali.com\/2024\/03\/01\/presidentielle-jonction-entre-fc25-f24-fdd-et-aar-sunu-election-le-front-de-resistance-sepaissit\/","name":"JONCTION ENTRE FC25, F24, FDD ET AAR SUNU \u00c9LECTION - Le Front de r\u00e9sistance s\u2019\u00e9paissit | Nettali.com","isPartOf":{"@id":"https:\/\/www.nettali.com\/#website"},"primaryImageOfPage":{"@id":"https:\/\/www.nettali.com\/2024\/03\/01\/presidentielle-jonction-entre-fc25-f24-fdd-et-aar-sunu-election-le-front-de-resistance-sepaissit\/#primaryimage"},"datePublished":"2024-03-01T10:13:43+00:00","dateModified":"2024-03-01T10:14:13+00:00","author":{"@id":"https:\/\/www.nettali.com\/#\/schema\/person\/418274a86bdf87caff7a3ef476bd0bbf"},"breadcrumb":{"@id":"https:\/\/www.nettali.com\/2024\/03\/01\/presidentielle-jonction-entre-fc25-f24-fdd-et-aar-sunu-election-le-front-de-resistance-sepaissit\/#breadcrumb"},"inLanguage":"fr-FR","potentialAction":[{"@type":"ReadAction","target":["https:\/\/www.nettali.com\/2024\/03\/01\/presidentielle-jonction-entre-fc25-f24-fdd-et-aar-sunu-election-le-front-de-resistance-sepaissit\/"]}]},{"@type":"BreadcrumbList","@id":"https:\/\/www.nettali.com\/2024\/03\/01\/presidentielle-jonction-entre-fc25-f24-fdd-et-aar-sunu-election-le-front-de-resistance-sepaissit\/#breadcrumb","itemListElement":[{"@type":"ListItem","position":1,"name":"Accueil","item":"https:\/\/www.nettali.com\/"},{"@type":"ListItem","position":2,"name":"JONCTION ENTRE FC25, F24, FDD ET AAR SUNU \u00c9LECTION - Le Front de r\u00e9sistance s\u2019\u00e9paissit"}]},{"@type":"Person","@id":"https:\/\/www.nettali.com\/#\/schema\/person\/418274a86bdf87caff7a3ef476bd0bbf","name":"Fatou","image":{"@type":"ImageObject","@id":"https:\/\/www.nettali.com\/#personlogo","inLanguage":"fr-FR","url":"https:\/\/secure.gravatar.com\/avatar\/5a9442a2bee7b4dcf167cab035858e9a?s=96&d=mm&r=g","contentUrl":"https:\/\/secure.gravatar.com\/avatar\/5a9442a2bee7b4dcf167cab035858e9a?s=96&d=mm&r=g","caption":"Fatou"},"sameAs":["https:\/\/www.nettali.com"]}]}},"_links":{"self":[{"href":"https:\/\/www.nettali.com\/rest\/wp\/v2\/posts\/128567"}],"collection":[{"href":"https:\/\/www.nettali.com\/rest\/wp\/v2\/posts"}],"about":[{"href":"https:\/\/www.nettali.com\/rest\/wp\/v2\/types\/post"}],"author":[{"embeddable":true,"href":"https:\/\/www.nettali.com\/rest\/wp\/v2\/users\/6"}],"replies":[{"embeddable":true,"href":"https:\/\/www.nettali.com\/rest\/wp\/v2\/comments?post=128567"}],"version-history":[{"count":4,"href":"https:\/\/www.nettali.com\/rest\/wp\/v2\/posts\/128567\/revisions"}],"predecessor-version":[{"id":128588,"href":"https:\/\/www.nettali.com\/rest\/wp\/v2\/posts\/128567\/revisions\/128588"}],"wp:featuredmedia":[{"embeddable":true,"href":"https:\/\/www.nettali.com\/rest\/wp\/v2\/media\/128586"}],"wp:attachment":[{"href":"https:\/\/www.nettali.com\/rest\/wp\/v2\/media?parent=128567"}],"wp:term":[{"taxonomy":"category","embeddable":true,"href":"https:\/\/www.nettali.com\/rest\/wp\/v2\/categories?post=128567"},{"taxonomy":"post_tag","embeddable":true,"href":"https:\/\/www.nettali.com\/rest\/wp\/v2\/tags?post=128567"}],"curies":[{"name":"wp","href":"https:\/\/api.w.org\/{rel}","templated":true}]}}