{"id":128515,"date":"2024-02-29T15:27:19","date_gmt":"2024-02-29T15:27:19","guid":{"rendered":"https:\/\/www.nettali.com\/?p=128515"},"modified":"2024-03-02T07:59:55","modified_gmt":"2024-03-02T07:59:55","slug":"presidentielle-macky-sall-reste-ferme-sur-sa-decision-de-quitter-le-pouvoir-le-2-avril","status":"publish","type":"post","link":"https:\/\/www.nettali.com\/2024\/02\/29\/presidentielle-macky-sall-reste-ferme-sur-sa-decision-de-quitter-le-pouvoir-le-2-avril\/","title":{"rendered":"PRESIDENTIELLE - Macky Sall reste \u201dferme\u201d sur sa d\u00e9cision de quitter le pouvoir le 2 avril"},"content":{"rendered":"<p><strong>NETTALI.COM - Le chef de l\u2019Etat s\u00e9n\u00e9galais a r\u00e9affirm\u00e9, jeudi, sa d\u00e9cision de quitter ses fonctions le 2 avril, correspondant \u00e0 la fin officielle de son mandat, assurant que la date de son d\u00e9part \u2018\u2019reste absolument ferme\u2019\u2019.<\/strong><\/p>\n<p><img loading=\"lazy\" class=\"alignnone size-full wp-image-128516\" src=\"https:\/\/www.nettali.com\/wp-content\/uploads\/2024\/02\/Capture-de\u0301cran-2024-02-29-a\u0300-15.26.15.png\" alt=\"\" width=\"780\" height=\"560\" srcset=\"https:\/\/www.nettali.com\/wp-content\/uploads\/2024\/02\/Capture-de\u0301cran-2024-02-29-a\u0300-15.26.15.png 780w, https:\/\/www.nettali.com\/wp-content\/uploads\/2024\/02\/Capture-de\u0301cran-2024-02-29-a\u0300-15.26.15-300x215.png 300w, https:\/\/www.nettali.com\/wp-content\/uploads\/2024\/02\/Capture-de\u0301cran-2024-02-29-a\u0300-15.26.15-768x551.png 768w\" sizes=\"(max-width: 780px) 100vw, 780px\" \/><\/p>\n<p><em>\"Le Dialogue national a propos\u00e9 le 2 juin 2024 comme nouvelle date de l\u2019\u00e9lection pr\u00e9sidentielle au S\u00e9n\u00e9gal. Je remercie les forces vives pour ces assises. Toutefois je tiens \u00e0 pr\u00e9ciser que je quitterai mes fonctions au terme de mon mandat le 2 avril, comme je l\u2019ai d\u00e9j\u00e0 indiqu\u00e9. La date de mon d\u00e9part reste absolument ferme\u2019\u2019<\/em>, a d\u00e9clar\u00e9 Macky Sall sur X.<\/p>\n<p>Le chef de l\u2019Etat va saisir le Conseil constitutionnel pour recueillir son avis sur les conclusions et recommandations du dialogue national cl\u00f4tur\u00e9, mardi, \u00e0 Diamniadio, a-t-on appris de source officielle, mercredi.<\/p>\n<p><em>\"Conform\u00e9ment \u00e0 l\u2019article 92 de la Constitution, le pr\u00e9sident de la R\u00e9publique saisira le Conseil constitutionnel pour recueillir son avis sur les conclusions et recommandations du dialogue national\u201d<\/em>, rapporte notamment le communiqu\u00e9 du Conseil des ministres tenu mercredi.<\/p>\n<p>Les conclusions et recommandations issues du dialogue national seront officiellement remises au chef de l\u2019Etat lundi 4 mars, lors d\u2019une audience, a indiqu\u00e9 la source.<\/p>\n<p>Les participants au dialogue national ont propos\u00e9 que le chef de l\u2019Etat prenne un d\u00e9cret convoquant le corps \u00e9lectoral le 2 juin prochain pour la tenue de l\u2019\u00e9lection pr\u00e9sidentielle initialement fix\u00e9e au 25 f\u00e9vrier dernier.<\/p>\n<p>Ils ont \u00e9galement propos\u00e9 que le pr\u00e9sident sortant, dont le mandat arrive \u00e0 \u00e9ch\u00e9ance le 2 avril, puisse rester en fonction jusqu\u2019\u00e0 l\u2019installation de son successeur.<\/p>\n<p>Selon le communiqu\u00e9, le pr\u00e9sident de la R\u00e9publique a magnifi\u00e9 la volont\u00e9 d\u2019apaisement, de pacification de l\u2019espace politique, de r\u00e9conciliation et de d\u00e9passement de l\u2019ensemble des acteurs du dialogue national afin de pr\u00e9server la stabilit\u00e9 du pays et de consolider un S\u00e9n\u00e9gal uni, r\u00e9silient et prosp\u00e8re dans la solidarit\u00e9, l\u2019\u00e9quit\u00e9 et l\u2019\u00e9panouissement de ses populations.<\/p>\n<p>Il a remerci\u00e9 et f\u00e9licit\u00e9 les participants et toutes les parties prenantes au dialogue national qui ont r\u00e9pondu \u00e0 son invitation, \u00e0 l\u2019occasion de cette concertation, tenue les 26 et 27 f\u00e9vrier, qui a, encore une fois, \u201cd\u00e9montr\u00e9 la grandeur et le sens des responsabilit\u00e9s du peuple s\u00e9n\u00e9galais, ainsi que la vitalit\u00e9 et le rayonnement de notre d\u00e9mocratie\u201d, peut-on lire.<\/p>\n<p><strong>Une concertation pour d\u00e9terminer la date de la pr\u00e9sidentielle<\/strong><\/p>\n<p>Le chef de l\u2019Etat a salu\u00e9, lors la r\u00e9union hebdomadaire du gouvernement, <em>\u201cl\u2019esprit constructif et r\u00e9publicain qui a marqu\u00e9 les travaux avec des propositions qui permettent de d\u00e9terminer dans la convergence de vues, le r\u00e9alisme et le consensus, un calendrier \u00e9lectoral ajust\u00e9, int\u00e9grant la nouvelle date de l\u2019\u00e9lection pr\u00e9sidentielle\u201d.<\/em><\/p>\n<p>Seize des dix-neuf candidats retenus par le Conseil constitutionnel n\u2019ont pas particip\u00e9 \u00e0 cette rencontre, de m\u00eame que plusieurs franges d\u2019acteurs se r\u00e9clamant de la soci\u00e9t\u00e9 civile.<\/p>\n<p>Cette d\u00e9cision est une des mat\u00e9rialisations de la crise politique que le pays traverse depuis l\u2019annonce du report de l\u2019\u00e9lection pr\u00e9sidentielle qui devait d\u00e9boucher sur le choix d\u2019un successeur au pr\u00e9sident Macky Sall, au pouvoir depuis 2012.<\/p>\n<p>La convocation de cette concertation est le proc\u00e9d\u00e9 choisi par Macky Sall pr\u00e9alablement \u00e0 la d\u00e9termination d\u2019une nouvelle date pour l\u2019\u00e9lection pr\u00e9sidentielle.<\/p>\n<p>Il s\u2019\u00e9tait notamment engag\u00e9 le 16 f\u00e9vrier \u00e0 \u201cpleinement ex\u00e9cuter\u201d une d\u00e9cision du Conseil constitutionnel invitant les autorit\u00e9s comp\u00e9tentes \u00e0 fixer une date pour l\u2019\u00e9lection pr\u00e9sidentielle, apr\u00e8s que la juridiction a constat\u00e9 l\u2019impossibilit\u00e9 de l\u2019organiser le 25 f\u00e9vrier, comme initialement pr\u00e9vue.<\/p>\n<p>Dans cette m\u00eame d\u00e9cision, le Conseil constitutionnel a jug\u00e9 \u201ccontraire \u00e0 la Constitution\u201d, l\u2019adoption par l\u2019Assembl\u00e9e nationale, d\u2019une loi repoussant au 15 d\u00e9cembre prochain la tenue du scrutin.<\/p>\n<p>Cette loi parlementaire a \u00e9t\u00e9 vot\u00e9e le 5 f\u00e9vrier, deux jours apr\u00e8s que le pr\u00e9sident de la R\u00e9publique a annonc\u00e9, lors d\u2019un discours \u00e0 la nation, l\u2019abrogation du d\u00e9cret par lequel il avait convoqu\u00e9 les \u00e9lecteurs aux urnes le 25 f\u00e9vrier.<\/p>\n<p><strong>Vague de lib\u00e9ration d\u2019activistes et de militants politiques<\/strong><\/p>\n<p>En prenant cette d\u00e9cision, le 3 f\u00e9vrier, il a invoqu\u00e9 des soup\u00e7ons de corruption concernant des magistrats parmi ceux qui ont proc\u00e9d\u00e9 \u00e0 l\u2019examen des 93 dossiers de candidature et jug\u00e9 recevables 20 d\u2019entre eux.<\/p>\n<p>S\u2019adressant \u00e0 la nation, le chef de l\u2019\u00c9tat a souhait\u00e9 l\u2019organisation d\u2019un \u201cdialogue national ouvert, afin de r\u00e9unir les conditions d\u2019une \u00e9lection libre, transparente et inclusive dans un S\u00e9n\u00e9gal apais\u00e9\u201d.<\/p>\n<p>Selon la loi \u00e9lectorale, il faut \u00eatre de nationalit\u00e9 exclusivement s\u00e9n\u00e9galaise pour briguer la magistrature supr\u00eame au S\u00e9n\u00e9gal.<\/p>\n<p>Les membres du groupe parlementaire Libert\u00e9 et d\u00e9mocratie avaient demand\u00e9 et obtenu la mise en place d\u2019une commission d\u2019enqu\u00eate parlementaire pour faire la lumi\u00e8re sur les all\u00e9gations de corruption et de \u201cconnexions douteuses\u201d.<\/p>\n<p>L\u2019ouverture d\u2019une information judiciaire a mis fin aux travaux de cette commission d\u2019enqu\u00eate parlementaire charg\u00e9e de faire la lumi\u00e8re sur les accusations port\u00e9es par le PDS contre des juges du Conseil constitutionnel.<\/p>\n<p>Quatre personnes ont perdu la vie dans les violences qui ont \u00e9maill\u00e9 les manifestations de protestation contre le report de l\u2019\u00e9lection pr\u00e9sidentielle.<\/p>\n<p>Ces victimes ont \u00e9t\u00e9 enregistr\u00e9es \u00e0 Dakar, Saint-Louis et Ziguinchor lors de heurts ayant oppos\u00e9 des protestataires aux forces de l\u2019ordre.<\/p>\n<p>Ces \u00e9v\u00e8nements ont \u00e9t\u00e9 suivis, quelques jours plus tard, par une vague de lib\u00e9rations d\u2019activistes et de militants arr\u00eat\u00e9s dans le cadre d\u2019activit\u00e9s en lien avec leur engagement politique.<\/p>\n<div class='share-to-whatsapp-wrapper'><div class='share-on-whsp'>PARTAGER SUR : <\/div><a data-text='PRESIDENTIELLE - Macky Sall reste \u201dferme\u201d sur sa d\u00e9cision de quitter le pouvoir le 2 avril' data-link='https:\/\/www.nettali.com\/2024\/02\/29\/presidentielle-macky-sall-reste-ferme-sur-sa-decision-de-quitter-le-pouvoir-le-2-avril\/' class='whatsapp-button whatsapp-share'>WhatsApp<\/a><div class='clear '><\/div><\/div>","protected":false},"excerpt":{"rendered":"<p>NETTALI.COM - Le chef de l\u2019Etat s\u00e9n\u00e9galais a r\u00e9affirm\u00e9, jeudi, sa d\u00e9cision de quitter ses fonctions le 2 avril, correspondant \u00e0 la fin officielle de son mandat, assurant que la date de son d\u00e9part \u2018\u2019reste absolument ferme\u2019\u2019. \"Le Dialogue national a propos\u00e9 le 2 juin 2024 comme nouvelle date de l\u2019\u00e9lection pr\u00e9sidentielle au S\u00e9n\u00e9gal. Je [&hellip;]<\/p>\n","protected":false},"author":4,"featured_media":123188,"comment_status":"open","ping_status":"open","sticky":false,"template":"","format":"standard","meta":{"_et_pb_use_builder":"","_et_pb_old_content":""},"categories":[2],"tags":[],"yoast_head":"<!-- This site is optimized with the Yoast SEO Premium plugin v17.8 (Yoast SEO v17.8) - https:\/\/yoast.com\/wordpress\/plugins\/seo\/ -->\n<title>PRESIDENTIELLE - Macky Sall reste \u201dferme\u201d sur sa d\u00e9cision de quitter le pouvoir le 2 avril | Nettali.com<\/title>\n<meta name=\"robots\" content=\"index, follow, max-snippet:-1, max-image-preview:large, max-video-preview:-1\" \/>\n<link rel=\"canonical\" href=\"https:\/\/www.nettali.com\/2024\/02\/29\/presidentielle-macky-sall-reste-ferme-sur-sa-decision-de-quitter-le-pouvoir-le-2-avril\/\" \/>\n<meta property=\"og:locale\" content=\"fr_FR\" \/>\n<meta property=\"og:type\" content=\"article\" \/>\n<meta property=\"og:title\" content=\"PRESIDENTIELLE - Macky Sall reste \u201dferme\u201d sur sa d\u00e9cision de quitter le pouvoir le 2 avril\" \/>\n<meta property=\"og:description\" content=\"NETTALI.COM - Le chef de l\u2019Etat s\u00e9n\u00e9galais a r\u00e9affirm\u00e9, jeudi, sa d\u00e9cision de quitter ses fonctions le 2 avril, correspondant \u00e0 la fin officielle de son mandat, assurant que la date de son d\u00e9part \u2018\u2019reste absolument ferme\u2019\u2019. &quot;Le Dialogue national a propos\u00e9 le 2 juin 2024 comme nouvelle date de l\u2019\u00e9lection pr\u00e9sidentielle au S\u00e9n\u00e9gal. Je [&hellip;]\" \/>\n<meta property=\"og:url\" content=\"https:\/\/www.nettali.com\/2024\/02\/29\/presidentielle-macky-sall-reste-ferme-sur-sa-decision-de-quitter-le-pouvoir-le-2-avril\/\" \/>\n<meta property=\"og:site_name\" content=\"Nettali.com\" \/>\n<meta property=\"article:publisher\" content=\"https:\/\/www.facebook.com\/nettalicom\" \/>\n<meta property=\"article:published_time\" content=\"2024-02-29T15:27:19+00:00\" \/>\n<meta property=\"article:modified_time\" content=\"2024-03-02T07:59:55+00:00\" \/>\n<meta property=\"og:image\" content=\"https:\/\/www.nettali.com\/wp-content\/uploads\/2023\/12\/Macky-Sall.jpeg\" \/>\n\t<meta property=\"og:image:width\" content=\"2036\" \/>\n\t<meta property=\"og:image:height\" content=\"1187\" \/>\n<meta name=\"twitter:card\" content=\"summary_large_image\" \/>\n<meta name=\"twitter:label1\" content=\"\u00c9crit par\" \/>\n\t<meta name=\"twitter:data1\" content=\"Daouda\" \/>\n\t<meta name=\"twitter:label2\" content=\"Dur\u00e9e de lecture estim\u00e9e\" \/>\n\t<meta name=\"twitter:data2\" content=\"5 minutes\" \/>\n<script type=\"application\/ld+json\" class=\"yoast-schema-graph\">{\"@context\":\"https:\/\/schema.org\",\"@graph\":[{\"@type\":\"WebSite\",\"@id\":\"https:\/\/www.nettali.com\/#website\",\"url\":\"https:\/\/www.nettali.com\/\",\"name\":\"Nettali.com\",\"description\":\"Le rendez-vous critique du Net\",\"potentialAction\":[{\"@type\":\"SearchAction\",\"target\":{\"@type\":\"EntryPoint\",\"urlTemplate\":\"https:\/\/www.nettali.com\/?s={search_term_string}\"},\"query-input\":\"required name=search_term_string\"}],\"inLanguage\":\"fr-FR\"},{\"@type\":\"ImageObject\",\"@id\":\"https:\/\/www.nettali.com\/2024\/02\/29\/presidentielle-macky-sall-reste-ferme-sur-sa-decision-de-quitter-le-pouvoir-le-2-avril\/#primaryimage\",\"inLanguage\":\"fr-FR\",\"url\":\"https:\/\/www.nettali.com\/wp-content\/uploads\/2023\/12\/Macky-Sall.jpeg\",\"contentUrl\":\"https:\/\/www.nettali.com\/wp-content\/uploads\/2023\/12\/Macky-Sall.jpeg\",\"width\":2036,\"height\":1187},{\"@type\":\"WebPage\",\"@id\":\"https:\/\/www.nettali.com\/2024\/02\/29\/presidentielle-macky-sall-reste-ferme-sur-sa-decision-de-quitter-le-pouvoir-le-2-avril\/#webpage\",\"url\":\"https:\/\/www.nettali.com\/2024\/02\/29\/presidentielle-macky-sall-reste-ferme-sur-sa-decision-de-quitter-le-pouvoir-le-2-avril\/\",\"name\":\"PRESIDENTIELLE - Macky Sall reste \\u201dferme\\u201d sur sa d\\u00e9cision de quitter le pouvoir le 2 avril | Nettali.com\",\"isPartOf\":{\"@id\":\"https:\/\/www.nettali.com\/#website\"},\"primaryImageOfPage\":{\"@id\":\"https:\/\/www.nettali.com\/2024\/02\/29\/presidentielle-macky-sall-reste-ferme-sur-sa-decision-de-quitter-le-pouvoir-le-2-avril\/#primaryimage\"},\"datePublished\":\"2024-02-29T15:27:19+00:00\",\"dateModified\":\"2024-03-02T07:59:55+00:00\",\"author\":{\"@id\":\"https:\/\/www.nettali.com\/#\/schema\/person\/3317e0bb3aa1da309fbf7b2780901bf4\"},\"breadcrumb\":{\"@id\":\"https:\/\/www.nettali.com\/2024\/02\/29\/presidentielle-macky-sall-reste-ferme-sur-sa-decision-de-quitter-le-pouvoir-le-2-avril\/#breadcrumb\"},\"inLanguage\":\"fr-FR\",\"potentialAction\":[{\"@type\":\"ReadAction\",\"target\":[\"https:\/\/www.nettali.com\/2024\/02\/29\/presidentielle-macky-sall-reste-ferme-sur-sa-decision-de-quitter-le-pouvoir-le-2-avril\/\"]}]},{\"@type\":\"BreadcrumbList\",\"@id\":\"https:\/\/www.nettali.com\/2024\/02\/29\/presidentielle-macky-sall-reste-ferme-sur-sa-decision-de-quitter-le-pouvoir-le-2-avril\/#breadcrumb\",\"itemListElement\":[{\"@type\":\"ListItem\",\"position\":1,\"name\":\"Accueil\",\"item\":\"https:\/\/www.nettali.com\/\"},{\"@type\":\"ListItem\",\"position\":2,\"name\":\"PRESIDENTIELLE - Macky Sall reste \\u201dferme\\u201d sur sa d\\u00e9cision de quitter le pouvoir le 2 avril\"}]},{\"@type\":\"Person\",\"@id\":\"https:\/\/www.nettali.com\/#\/schema\/person\/3317e0bb3aa1da309fbf7b2780901bf4\",\"name\":\"Daouda\",\"image\":{\"@type\":\"ImageObject\",\"@id\":\"https:\/\/www.nettali.com\/#personlogo\",\"inLanguage\":\"fr-FR\",\"url\":\"https:\/\/secure.gravatar.com\/avatar\/8d143b5a49345098ddcfee1c49c2f47c?s=96&d=mm&r=g\",\"contentUrl\":\"https:\/\/secure.gravatar.com\/avatar\/8d143b5a49345098ddcfee1c49c2f47c?s=96&d=mm&r=g\",\"caption\":\"Daouda\"},\"sameAs\":[\"https:\/\/www.nettali.com\"]}]}<\/script>\n<!-- \/ Yoast SEO Premium plugin. -->","yoast_head_json":{"title":"PRESIDENTIELLE - Macky Sall reste \u201dferme\u201d sur sa d\u00e9cision de quitter le pouvoir le 2 avril | Nettali.com","robots":{"index":"index","follow":"follow","max-snippet":"max-snippet:-1","max-image-preview":"max-image-preview:large","max-video-preview":"max-video-preview:-1"},"canonical":"https:\/\/www.nettali.com\/2024\/02\/29\/presidentielle-macky-sall-reste-ferme-sur-sa-decision-de-quitter-le-pouvoir-le-2-avril\/","og_locale":"fr_FR","og_type":"article","og_title":"PRESIDENTIELLE - Macky Sall reste \u201dferme\u201d sur sa d\u00e9cision de quitter le pouvoir le 2 avril","og_description":"NETTALI.COM - Le chef de l\u2019Etat s\u00e9n\u00e9galais a r\u00e9affirm\u00e9, jeudi, sa d\u00e9cision de quitter ses fonctions le 2 avril, correspondant \u00e0 la fin officielle de son mandat, assurant que la date de son d\u00e9part \u2018\u2019reste absolument ferme\u2019\u2019. \"Le Dialogue national a propos\u00e9 le 2 juin 2024 comme nouvelle date de l\u2019\u00e9lection pr\u00e9sidentielle au S\u00e9n\u00e9gal. Je [&hellip;]","og_url":"https:\/\/www.nettali.com\/2024\/02\/29\/presidentielle-macky-sall-reste-ferme-sur-sa-decision-de-quitter-le-pouvoir-le-2-avril\/","og_site_name":"Nettali.com","article_publisher":"https:\/\/www.facebook.com\/nettalicom","article_published_time":"2024-02-29T15:27:19+00:00","article_modified_time":"2024-03-02T07:59:55+00:00","og_image":[{"width":2036,"height":1187,"url":"https:\/\/www.nettali.com\/wp-content\/uploads\/2023\/12\/Macky-Sall.jpeg","type":"image\/jpeg"}],"twitter_card":"summary_large_image","twitter_misc":{"\u00c9crit par":"Daouda","Dur\u00e9e de lecture estim\u00e9e":"5 minutes"},"schema":{"@context":"https:\/\/schema.org","@graph":[{"@type":"WebSite","@id":"https:\/\/www.nettali.com\/#website","url":"https:\/\/www.nettali.com\/","name":"Nettali.com","description":"Le rendez-vous critique du Net","potentialAction":[{"@type":"SearchAction","target":{"@type":"EntryPoint","urlTemplate":"https:\/\/www.nettali.com\/?s={search_term_string}"},"query-input":"required name=search_term_string"}],"inLanguage":"fr-FR"},{"@type":"ImageObject","@id":"https:\/\/www.nettali.com\/2024\/02\/29\/presidentielle-macky-sall-reste-ferme-sur-sa-decision-de-quitter-le-pouvoir-le-2-avril\/#primaryimage","inLanguage":"fr-FR","url":"https:\/\/www.nettali.com\/wp-content\/uploads\/2023\/12\/Macky-Sall.jpeg","contentUrl":"https:\/\/www.nettali.com\/wp-content\/uploads\/2023\/12\/Macky-Sall.jpeg","width":2036,"height":1187},{"@type":"WebPage","@id":"https:\/\/www.nettali.com\/2024\/02\/29\/presidentielle-macky-sall-reste-ferme-sur-sa-decision-de-quitter-le-pouvoir-le-2-avril\/#webpage","url":"https:\/\/www.nettali.com\/2024\/02\/29\/presidentielle-macky-sall-reste-ferme-sur-sa-decision-de-quitter-le-pouvoir-le-2-avril\/","name":"PRESIDENTIELLE - Macky Sall reste \u201dferme\u201d sur sa d\u00e9cision de quitter le pouvoir le 2 avril | Nettali.com","isPartOf":{"@id":"https:\/\/www.nettali.com\/#website"},"primaryImageOfPage":{"@id":"https:\/\/www.nettali.com\/2024\/02\/29\/presidentielle-macky-sall-reste-ferme-sur-sa-decision-de-quitter-le-pouvoir-le-2-avril\/#primaryimage"},"datePublished":"2024-02-29T15:27:19+00:00","dateModified":"2024-03-02T07:59:55+00:00","author":{"@id":"https:\/\/www.nettali.com\/#\/schema\/person\/3317e0bb3aa1da309fbf7b2780901bf4"},"breadcrumb":{"@id":"https:\/\/www.nettali.com\/2024\/02\/29\/presidentielle-macky-sall-reste-ferme-sur-sa-decision-de-quitter-le-pouvoir-le-2-avril\/#breadcrumb"},"inLanguage":"fr-FR","potentialAction":[{"@type":"ReadAction","target":["https:\/\/www.nettali.com\/2024\/02\/29\/presidentielle-macky-sall-reste-ferme-sur-sa-decision-de-quitter-le-pouvoir-le-2-avril\/"]}]},{"@type":"BreadcrumbList","@id":"https:\/\/www.nettali.com\/2024\/02\/29\/presidentielle-macky-sall-reste-ferme-sur-sa-decision-de-quitter-le-pouvoir-le-2-avril\/#breadcrumb","itemListElement":[{"@type":"ListItem","position":1,"name":"Accueil","item":"https:\/\/www.nettali.com\/"},{"@type":"ListItem","position":2,"name":"PRESIDENTIELLE - Macky Sall reste \u201dferme\u201d sur sa d\u00e9cision de quitter le pouvoir le 2 avril"}]},{"@type":"Person","@id":"https:\/\/www.nettali.com\/#\/schema\/person\/3317e0bb3aa1da309fbf7b2780901bf4","name":"Daouda","image":{"@type":"ImageObject","@id":"https:\/\/www.nettali.com\/#personlogo","inLanguage":"fr-FR","url":"https:\/\/secure.gravatar.com\/avatar\/8d143b5a49345098ddcfee1c49c2f47c?s=96&d=mm&r=g","contentUrl":"https:\/\/secure.gravatar.com\/avatar\/8d143b5a49345098ddcfee1c49c2f47c?s=96&d=mm&r=g","caption":"Daouda"},"sameAs":["https:\/\/www.nettali.com"]}]}},"_links":{"self":[{"href":"https:\/\/www.nettali.com\/rest\/wp\/v2\/posts\/128515"}],"collection":[{"href":"https:\/\/www.nettali.com\/rest\/wp\/v2\/posts"}],"about":[{"href":"https:\/\/www.nettali.com\/rest\/wp\/v2\/types\/post"}],"author":[{"embeddable":true,"href":"https:\/\/www.nettali.com\/rest\/wp\/v2\/users\/4"}],"replies":[{"embeddable":true,"href":"https:\/\/www.nettali.com\/rest\/wp\/v2\/comments?post=128515"}],"version-history":[{"count":1,"href":"https:\/\/www.nettali.com\/rest\/wp\/v2\/posts\/128515\/revisions"}],"predecessor-version":[{"id":128517,"href":"https:\/\/www.nettali.com\/rest\/wp\/v2\/posts\/128515\/revisions\/128517"}],"wp:featuredmedia":[{"embeddable":true,"href":"https:\/\/www.nettali.com\/rest\/wp\/v2\/media\/123188"}],"wp:attachment":[{"href":"https:\/\/www.nettali.com\/rest\/wp\/v2\/media?parent=128515"}],"wp:term":[{"taxonomy":"category","embeddable":true,"href":"https:\/\/www.nettali.com\/rest\/wp\/v2\/categories?post=128515"},{"taxonomy":"post_tag","embeddable":true,"href":"https:\/\/www.nettali.com\/rest\/wp\/v2\/tags?post=128515"}],"curies":[{"name":"wp","href":"https:\/\/api.w.org\/{rel}","templated":true}]}}