{"id":128504,"date":"2024-02-29T08:46:01","date_gmt":"2024-02-29T08:46:01","guid":{"rendered":"https:\/\/www.nettali.com\/?p=128504"},"modified":"2024-02-29T08:46:01","modified_gmt":"2024-02-29T08:46:01","slug":"mort-de-24-migrants-a-saint-louis-la-reaction-du-gouverneur","status":"publish","type":"post","link":"https:\/\/www.nettali.com\/2024\/02\/29\/mort-de-24-migrants-a-saint-louis-la-reaction-du-gouverneur\/","title":{"rendered":"MORT DE 24 MIGRANTS A SAINT-LOUIS : La r\u00e9action du gouverneur"},"content":{"rendered":"<p><strong>NETTALI.COM - Au moins 24 personnes sont d\u00e9c\u00e9d\u00e9es dans le chavirement d\u2019une pirogue survenue, mercredi, au large de Saint-Louis, selon le dernier bilan communiqu\u00e9 par le gouverneur, Alioune Badara Sambe<\/strong>.<\/p>\n<p><em>\"Pr\u00e9sentement, le bilan qu\u2019on peut mettre \u00e0 la disposition de la presse est d\u2019au moins 45 victimes dont 24 corps sans vie et 21 bless\u00e9s dont trois relativement graves. Ces 21 bless\u00e9s sont pris en charge au niveau de\u00a0 l\u2019h\u00f4pital r\u00e9gional de Saint-Louis\u201d<\/em>, a-t-il d\u00e9clar\u00e9 \u00e0 la presse.<\/p>\n<p><em>\"Les corps ont \u00e9chou\u00e9 sur la plage de Goxu Mbathie, \u00e0 hauteur de Guet Ndar, sur la frange c\u00f4ti\u00e8re de Saint-Louis\u201d<\/em>, a ajout\u00e9 le chef de l\u2019ex\u00e9cutif r\u00e9gional.<\/p>\n<p>Avec le flux de personnes d\u00e9barquant sur la plage, les habitants ont su qu\u2019il s\u2019agissait des migrants irr\u00e9guliers.<\/p>\n<p><em>\"Imm\u00e9diatement les secours ont \u00e9t\u00e9 organis\u00e9s et ont permis de prendre en charge les bless\u00e9s rescap\u00e9s\u201d<\/em>, a indiqu\u00e9 le gouverneur, annon\u00e7ant la mise en place d\u2019un comit\u00e9 r\u00e9gional de crise, lequel r\u00e9unit le pr\u00e9fet du d\u00e9partement de Saint-Louis et les diff\u00e9rentes composantes des Forces de d\u00e9fense et de s\u00e9curit\u00e9 (FDS).<\/p>\n<p>&nbsp;<\/p>\n<p>&nbsp;<\/p>\n<p>&nbsp;<\/p>\n<div class='share-to-whatsapp-wrapper'><div class='share-on-whsp'>PARTAGER SUR : <\/div><a data-text='MORT DE 24 MIGRANTS A SAINT-LOUIS : La r\u00e9action du gouverneur' data-link='https:\/\/www.nettali.com\/2024\/02\/29\/mort-de-24-migrants-a-saint-louis-la-reaction-du-gouverneur\/' class='whatsapp-button whatsapp-share'>WhatsApp<\/a><div class='clear '><\/div><\/div>","protected":false},"excerpt":{"rendered":"<p>NETTALI.COM - Au moins 24 personnes sont d\u00e9c\u00e9d\u00e9es dans le chavirement d\u2019une pirogue survenue, mercredi, au large de Saint-Louis, selon le dernier bilan communiqu\u00e9 par le gouverneur, Alioune Badara Sambe. \"Pr\u00e9sentement, le bilan qu\u2019on peut mettre \u00e0 la disposition de la presse est d\u2019au moins 45 victimes dont 24 corps sans vie et 21 bless\u00e9s [&hellip;]<\/p>\n","protected":false},"author":4,"featured_media":128505,"comment_status":"open","ping_status":"open","sticky":false,"template":"","format":"standard","meta":{"_et_pb_use_builder":"","_et_pb_old_content":""},"categories":[3],"tags":[],"yoast_head":"<!-- This site is optimized with the Yoast SEO Premium plugin v17.8 (Yoast SEO v17.8) - https:\/\/yoast.com\/wordpress\/plugins\/seo\/ -->\n<title>MORT DE 24 MIGRANTS A SAINT-LOUIS : La r\u00e9action du gouverneur | Nettali.com<\/title>\n<meta name=\"robots\" content=\"index, follow, max-snippet:-1, max-image-preview:large, max-video-preview:-1\" \/>\n<link rel=\"canonical\" href=\"https:\/\/www.nettali.com\/2024\/02\/29\/mort-de-24-migrants-a-saint-louis-la-reaction-du-gouverneur\/\" \/>\n<meta property=\"og:locale\" content=\"fr_FR\" \/>\n<meta property=\"og:type\" content=\"article\" \/>\n<meta property=\"og:title\" content=\"MORT DE 24 MIGRANTS A SAINT-LOUIS : La r\u00e9action du gouverneur\" \/>\n<meta property=\"og:description\" content=\"NETTALI.COM - Au moins 24 personnes sont d\u00e9c\u00e9d\u00e9es dans le chavirement d\u2019une pirogue survenue, mercredi, au large de Saint-Louis, selon le dernier bilan communiqu\u00e9 par le gouverneur, Alioune Badara Sambe. &quot;Pr\u00e9sentement, le bilan qu\u2019on peut mettre \u00e0 la disposition de la presse est d\u2019au moins 45 victimes dont 24 corps sans vie et 21 bless\u00e9s [&hellip;]\" \/>\n<meta property=\"og:url\" content=\"https:\/\/www.nettali.com\/2024\/02\/29\/mort-de-24-migrants-a-saint-louis-la-reaction-du-gouverneur\/\" \/>\n<meta property=\"og:site_name\" content=\"Nettali.com\" \/>\n<meta property=\"article:publisher\" content=\"https:\/\/www.facebook.com\/nettalicom\" \/>\n<meta property=\"article:published_time\" content=\"2024-02-29T08:46:01+00:00\" \/>\n<meta property=\"og:image\" content=\"https:\/\/www.nettali.com\/wp-content\/uploads\/2024\/02\/Capture-de\u0301cran-2024-02-29-a\u0300-08.45.19.png\" \/>\n\t<meta property=\"og:image:width\" content=\"702\" \/>\n\t<meta property=\"og:image:height\" content=\"355\" \/>\n<meta name=\"twitter:card\" content=\"summary_large_image\" \/>\n<meta name=\"twitter:label1\" content=\"\u00c9crit par\" \/>\n\t<meta name=\"twitter:data1\" content=\"Daouda\" \/>\n\t<meta name=\"twitter:label2\" content=\"Dur\u00e9e de lecture estim\u00e9e\" \/>\n\t<meta name=\"twitter:data2\" content=\"1 minute\" \/>\n<script type=\"application\/ld+json\" class=\"yoast-schema-graph\">{\"@context\":\"https:\/\/schema.org\",\"@graph\":[{\"@type\":\"WebSite\",\"@id\":\"https:\/\/www.nettali.com\/#website\",\"url\":\"https:\/\/www.nettali.com\/\",\"name\":\"Nettali.com\",\"description\":\"Le rendez-vous critique du Net\",\"potentialAction\":[{\"@type\":\"SearchAction\",\"target\":{\"@type\":\"EntryPoint\",\"urlTemplate\":\"https:\/\/www.nettali.com\/?s={search_term_string}\"},\"query-input\":\"required name=search_term_string\"}],\"inLanguage\":\"fr-FR\"},{\"@type\":\"ImageObject\",\"@id\":\"https:\/\/www.nettali.com\/2024\/02\/29\/mort-de-24-migrants-a-saint-louis-la-reaction-du-gouverneur\/#primaryimage\",\"inLanguage\":\"fr-FR\",\"url\":\"https:\/\/www.nettali.com\/wp-content\/uploads\/2024\/02\/Capture-de\\u0301cran-2024-02-29-a\\u0300-08.45.19.png\",\"contentUrl\":\"https:\/\/www.nettali.com\/wp-content\/uploads\/2024\/02\/Capture-de\\u0301cran-2024-02-29-a\\u0300-08.45.19.png\",\"width\":702,\"height\":355},{\"@type\":\"WebPage\",\"@id\":\"https:\/\/www.nettali.com\/2024\/02\/29\/mort-de-24-migrants-a-saint-louis-la-reaction-du-gouverneur\/#webpage\",\"url\":\"https:\/\/www.nettali.com\/2024\/02\/29\/mort-de-24-migrants-a-saint-louis-la-reaction-du-gouverneur\/\",\"name\":\"MORT DE 24 MIGRANTS A SAINT-LOUIS : La r\\u00e9action du gouverneur | Nettali.com\",\"isPartOf\":{\"@id\":\"https:\/\/www.nettali.com\/#website\"},\"primaryImageOfPage\":{\"@id\":\"https:\/\/www.nettali.com\/2024\/02\/29\/mort-de-24-migrants-a-saint-louis-la-reaction-du-gouverneur\/#primaryimage\"},\"datePublished\":\"2024-02-29T08:46:01+00:00\",\"dateModified\":\"2024-02-29T08:46:01+00:00\",\"author\":{\"@id\":\"https:\/\/www.nettali.com\/#\/schema\/person\/3317e0bb3aa1da309fbf7b2780901bf4\"},\"breadcrumb\":{\"@id\":\"https:\/\/www.nettali.com\/2024\/02\/29\/mort-de-24-migrants-a-saint-louis-la-reaction-du-gouverneur\/#breadcrumb\"},\"inLanguage\":\"fr-FR\",\"potentialAction\":[{\"@type\":\"ReadAction\",\"target\":[\"https:\/\/www.nettali.com\/2024\/02\/29\/mort-de-24-migrants-a-saint-louis-la-reaction-du-gouverneur\/\"]}]},{\"@type\":\"BreadcrumbList\",\"@id\":\"https:\/\/www.nettali.com\/2024\/02\/29\/mort-de-24-migrants-a-saint-louis-la-reaction-du-gouverneur\/#breadcrumb\",\"itemListElement\":[{\"@type\":\"ListItem\",\"position\":1,\"name\":\"Accueil\",\"item\":\"https:\/\/www.nettali.com\/\"},{\"@type\":\"ListItem\",\"position\":2,\"name\":\"MORT DE 24 MIGRANTS A SAINT-LOUIS : La r\\u00e9action du gouverneur\"}]},{\"@type\":\"Person\",\"@id\":\"https:\/\/www.nettali.com\/#\/schema\/person\/3317e0bb3aa1da309fbf7b2780901bf4\",\"name\":\"Daouda\",\"image\":{\"@type\":\"ImageObject\",\"@id\":\"https:\/\/www.nettali.com\/#personlogo\",\"inLanguage\":\"fr-FR\",\"url\":\"https:\/\/secure.gravatar.com\/avatar\/8d143b5a49345098ddcfee1c49c2f47c?s=96&d=mm&r=g\",\"contentUrl\":\"https:\/\/secure.gravatar.com\/avatar\/8d143b5a49345098ddcfee1c49c2f47c?s=96&d=mm&r=g\",\"caption\":\"Daouda\"},\"sameAs\":[\"https:\/\/www.nettali.com\"]}]}<\/script>\n<!-- \/ Yoast SEO Premium plugin. -->","yoast_head_json":{"title":"MORT DE 24 MIGRANTS A SAINT-LOUIS : La r\u00e9action du gouverneur | Nettali.com","robots":{"index":"index","follow":"follow","max-snippet":"max-snippet:-1","max-image-preview":"max-image-preview:large","max-video-preview":"max-video-preview:-1"},"canonical":"https:\/\/www.nettali.com\/2024\/02\/29\/mort-de-24-migrants-a-saint-louis-la-reaction-du-gouverneur\/","og_locale":"fr_FR","og_type":"article","og_title":"MORT DE 24 MIGRANTS A SAINT-LOUIS : La r\u00e9action du gouverneur","og_description":"NETTALI.COM - Au moins 24 personnes sont d\u00e9c\u00e9d\u00e9es dans le chavirement d\u2019une pirogue survenue, mercredi, au large de Saint-Louis, selon le dernier bilan communiqu\u00e9 par le gouverneur, Alioune Badara Sambe. \"Pr\u00e9sentement, le bilan qu\u2019on peut mettre \u00e0 la disposition de la presse est d\u2019au moins 45 victimes dont 24 corps sans vie et 21 bless\u00e9s [&hellip;]","og_url":"https:\/\/www.nettali.com\/2024\/02\/29\/mort-de-24-migrants-a-saint-louis-la-reaction-du-gouverneur\/","og_site_name":"Nettali.com","article_publisher":"https:\/\/www.facebook.com\/nettalicom","article_published_time":"2024-02-29T08:46:01+00:00","og_image":[{"width":702,"height":355,"url":"https:\/\/www.nettali.com\/wp-content\/uploads\/2024\/02\/Capture-de\u0301cran-2024-02-29-a\u0300-08.45.19.png","type":"image\/png"}],"twitter_card":"summary_large_image","twitter_misc":{"\u00c9crit par":"Daouda","Dur\u00e9e de lecture estim\u00e9e":"1 minute"},"schema":{"@context":"https:\/\/schema.org","@graph":[{"@type":"WebSite","@id":"https:\/\/www.nettali.com\/#website","url":"https:\/\/www.nettali.com\/","name":"Nettali.com","description":"Le rendez-vous critique du Net","potentialAction":[{"@type":"SearchAction","target":{"@type":"EntryPoint","urlTemplate":"https:\/\/www.nettali.com\/?s={search_term_string}"},"query-input":"required name=search_term_string"}],"inLanguage":"fr-FR"},{"@type":"ImageObject","@id":"https:\/\/www.nettali.com\/2024\/02\/29\/mort-de-24-migrants-a-saint-louis-la-reaction-du-gouverneur\/#primaryimage","inLanguage":"fr-FR","url":"https:\/\/www.nettali.com\/wp-content\/uploads\/2024\/02\/Capture-de\u0301cran-2024-02-29-a\u0300-08.45.19.png","contentUrl":"https:\/\/www.nettali.com\/wp-content\/uploads\/2024\/02\/Capture-de\u0301cran-2024-02-29-a\u0300-08.45.19.png","width":702,"height":355},{"@type":"WebPage","@id":"https:\/\/www.nettali.com\/2024\/02\/29\/mort-de-24-migrants-a-saint-louis-la-reaction-du-gouverneur\/#webpage","url":"https:\/\/www.nettali.com\/2024\/02\/29\/mort-de-24-migrants-a-saint-louis-la-reaction-du-gouverneur\/","name":"MORT DE 24 MIGRANTS A SAINT-LOUIS : La r\u00e9action du gouverneur | Nettali.com","isPartOf":{"@id":"https:\/\/www.nettali.com\/#website"},"primaryImageOfPage":{"@id":"https:\/\/www.nettali.com\/2024\/02\/29\/mort-de-24-migrants-a-saint-louis-la-reaction-du-gouverneur\/#primaryimage"},"datePublished":"2024-02-29T08:46:01+00:00","dateModified":"2024-02-29T08:46:01+00:00","author":{"@id":"https:\/\/www.nettali.com\/#\/schema\/person\/3317e0bb3aa1da309fbf7b2780901bf4"},"breadcrumb":{"@id":"https:\/\/www.nettali.com\/2024\/02\/29\/mort-de-24-migrants-a-saint-louis-la-reaction-du-gouverneur\/#breadcrumb"},"inLanguage":"fr-FR","potentialAction":[{"@type":"ReadAction","target":["https:\/\/www.nettali.com\/2024\/02\/29\/mort-de-24-migrants-a-saint-louis-la-reaction-du-gouverneur\/"]}]},{"@type":"BreadcrumbList","@id":"https:\/\/www.nettali.com\/2024\/02\/29\/mort-de-24-migrants-a-saint-louis-la-reaction-du-gouverneur\/#breadcrumb","itemListElement":[{"@type":"ListItem","position":1,"name":"Accueil","item":"https:\/\/www.nettali.com\/"},{"@type":"ListItem","position":2,"name":"MORT DE 24 MIGRANTS A SAINT-LOUIS : La r\u00e9action du gouverneur"}]},{"@type":"Person","@id":"https:\/\/www.nettali.com\/#\/schema\/person\/3317e0bb3aa1da309fbf7b2780901bf4","name":"Daouda","image":{"@type":"ImageObject","@id":"https:\/\/www.nettali.com\/#personlogo","inLanguage":"fr-FR","url":"https:\/\/secure.gravatar.com\/avatar\/8d143b5a49345098ddcfee1c49c2f47c?s=96&d=mm&r=g","contentUrl":"https:\/\/secure.gravatar.com\/avatar\/8d143b5a49345098ddcfee1c49c2f47c?s=96&d=mm&r=g","caption":"Daouda"},"sameAs":["https:\/\/www.nettali.com"]}]}},"_links":{"self":[{"href":"https:\/\/www.nettali.com\/rest\/wp\/v2\/posts\/128504"}],"collection":[{"href":"https:\/\/www.nettali.com\/rest\/wp\/v2\/posts"}],"about":[{"href":"https:\/\/www.nettali.com\/rest\/wp\/v2\/types\/post"}],"author":[{"embeddable":true,"href":"https:\/\/www.nettali.com\/rest\/wp\/v2\/users\/4"}],"replies":[{"embeddable":true,"href":"https:\/\/www.nettali.com\/rest\/wp\/v2\/comments?post=128504"}],"version-history":[{"count":1,"href":"https:\/\/www.nettali.com\/rest\/wp\/v2\/posts\/128504\/revisions"}],"predecessor-version":[{"id":128506,"href":"https:\/\/www.nettali.com\/rest\/wp\/v2\/posts\/128504\/revisions\/128506"}],"wp:featuredmedia":[{"embeddable":true,"href":"https:\/\/www.nettali.com\/rest\/wp\/v2\/media\/128505"}],"wp:attachment":[{"href":"https:\/\/www.nettali.com\/rest\/wp\/v2\/media?parent=128504"}],"wp:term":[{"taxonomy":"category","embeddable":true,"href":"https:\/\/www.nettali.com\/rest\/wp\/v2\/categories?post=128504"},{"taxonomy":"post_tag","embeddable":true,"href":"https:\/\/www.nettali.com\/rest\/wp\/v2\/tags?post=128504"}],"curies":[{"name":"wp","href":"https:\/\/api.w.org\/{rel}","templated":true}]}}