{"id":128394,"date":"2024-02-27T19:27:14","date_gmt":"2024-02-27T19:27:14","guid":{"rendered":"https:\/\/www.nettali.com\/?p=128394"},"modified":"2024-02-29T08:06:43","modified_gmt":"2024-02-29T08:06:43","slug":"dialogue-national-la-date-du-2-proposee-pour-la-presidentielle","status":"publish","type":"post","link":"https:\/\/www.nettali.com\/2024\/02\/27\/dialogue-national-la-date-du-2-proposee-pour-la-presidentielle\/","title":{"rendered":"DIALOGUE NATIONAL - La date du 2 propos\u00e9e pour la pr\u00e9sidentielle"},"content":{"rendered":"<p class=\"summary_label\"><strong>NETTALI.COM - Les participants au dialogue national ont propos\u00e9 \u00e0 ce que le chef de l\u2019Etat prenne un d\u00e9cret convoquant le corps \u00e9lectoral le 2 juin prochain pour la tenue de l\u2019\u00e9lection pr\u00e9sidentielle initialement fix\u00e9e au 25 f\u00e9vrier, a-t-on appris, mardi, de plusieurs membres de la commission charg\u00e9e de faire de r\u00e9fl\u00e9chir sur le sujet.<\/strong><\/p>\n<div id=\"printable\" class=\"text_body\">\n<p>Les commissions mises en place dans le cadre du dialogue national, ouvert lundi, en pr\u00e9sence du chef de l\u2019Etat, ont travaill\u00e9 \u00e0 huit clos sur une proposition de date pour la tenue de l\u2019\u00e9lection pr\u00e9sidentielle et les voies et moyens de d\u00e9terminer le processus \u00e0 mettre en \u0153uvre \u00e0 l\u2019issue le 2 avril prochain, date co\u00efncidant avec la fin du mandat du chef de l\u2019Etat sortant.<\/p>\n<p>Les travaux de la commission charg\u00e9e de r\u00e9fl\u00e9chir sur la date de la prochaine pr\u00e9sidentielle \u00e9taient dirig\u00e9s par le ministre de l\u2019Int\u00e9rieur, Sidiki Kaba.<\/p>\n<p>Une autre commission, conduite par le ministre des Affaires \u00e9trang\u00e8res, Ismaila Madior Fall, assurant l\u2019int\u00e9rim de la ministre de la Justice, a r\u00e9fl\u00e9chi sur les modalit\u00e9s suivant lesquelles le processus \u00e9lectoral se poursuivrait apr\u00e8s le 2 avril.<\/p>\n<p>Des chefs religieux, repr\u00e9sentants de syndicats et d\u2019organisations de la soci\u00e9t\u00e9 civile et des candidats recal\u00e9s \u00e0 l\u2019\u00e9lection pr\u00e9sidentielle ont r\u00e9pondu \u00e0 l\u2019appel du pr\u00e9sident de la R\u00e9publique \u00e0 dialoguer afin de permettre au pays de trouver les moyens de r\u00e9soudre la crise politique qu\u2019il traverse depuis l\u2019annonce du report de l\u2019\u00e9lection pr\u00e9sidentielle du 25 f\u00e9vrier 2024.<\/p>\n<p>Des responsables du Parti d\u00e9mocratique s\u00e9n\u00e9galais (PDS), la formation politique \u00e0 l\u2019origine des accusations port\u00e9es sur certains des membres du Conseil constitutionnel qui ont proc\u00e9d\u00e9 au contr\u00f4le de la r\u00e9gularit\u00e9 des candidats \u00e0 l\u2019\u00e9lection pr\u00e9sidentielle, ont particip\u00e9 \u00e0 la rencontre.<\/p>\n<p>Les accusations du PDS ont \u00e9t\u00e9 port\u00e9es apr\u00e8s que le dossier de candidature du leader de cette formation, Karim Wade, a \u00e9t\u00e9 d\u00e9clar\u00e9 irrecevable en raison de la double nationalit\u00e9 s\u00e9n\u00e9galaise et fran\u00e7aise du fils de l\u2019ancien pr\u00e9sident Abdoulaye Wade.<\/p>\n<p>Le Premier ministre Amadou B\u00e2, candidat de la coalition Benno Bokk Yaakaar (majorit\u00e9), des candidats recal\u00e9s et plusieurs autres acteurs politiques ont \u00e9galement fait le d\u00e9placement au Centre de conf\u00e9rence de Diamniadio, o\u00f9 se tient ces concertations.<\/p>\n<p>Seize des dix-neuf candidats retenus par le Conseil constitutionnel ont fait part de leur d\u00e9cision de ne pas participer \u00e0 cette rencontre, de m\u00eame que plusieurs franges d\u2019acteurs se r\u00e9clamant de la soci\u00e9t\u00e9 civile.<\/p>\n<p>Cette d\u00e9cision est une des mat\u00e9rialisations de la crise politique que le pays traverse depuis l\u2019annonce du report de l\u2019\u00e9lection pr\u00e9sidentielle qui devait d\u00e9boucher sur le choix d\u2019un successeur au pr\u00e9sident Macky Sall, au pouvoir depuis 2012.<\/p>\n<p>La convocation de cette concertation est le proc\u00e9d\u00e9 choisi par Macky Sall pr\u00e9alablement \u00e0 la d\u00e9termination d\u2019une nouvelle date pour l\u2019\u00e9lection pr\u00e9sidentielle.<\/p>\n<p>Il s\u2019\u00e9tait notamment engag\u00e9 le 16 f\u00e9vrier \u00e0 \u201cpleinement ex\u00e9cuter\u201d une d\u00e9cision du Conseil constitutionnel invitant les autorit\u00e9s comp\u00e9tentes \u00e0 fixer une date pour l\u2019\u00e9lection pr\u00e9sidentielle, apr\u00e8s que la juridiction a constat\u00e9 l\u2019impossibilit\u00e9 de l\u2019organiser le 25 f\u00e9vrier, comme initialement pr\u00e9vue.<\/p>\n<p>Dans cette m\u00eame d\u00e9cision, le Conseil constitutionnel a jug\u00e9 <em>\u201ccontraire \u00e0 la Constitution\u201d<\/em>, l\u2019adoption par l\u2019Assembl\u00e9e nationale, d\u2019une loi repoussant au 15 d\u00e9cembre prochain la tenue du scrutin.<\/p>\n<p>Cette loi parlementaire a \u00e9t\u00e9 vot\u00e9e le 5 f\u00e9vrier, deux jours apr\u00e8s que le pr\u00e9sident de la R\u00e9publique a annonc\u00e9, lors d\u2019un discours \u00e0 la nation, l\u2019abrogation du d\u00e9cret par lequel il avait convoqu\u00e9 les \u00e9lecteurs aux urnes le 25 f\u00e9vrier.<\/p>\n<p>En prenant cette d\u00e9cision, le 3 f\u00e9vrier, il a invoqu\u00e9 des soup\u00e7ons de corruption concernant des magistrats parmi ceux qui ont proc\u00e9d\u00e9 \u00e0 l\u2019examen des 93 dossiers de candidature et jug\u00e9 recevables 20 d\u2019entre eux.<\/p>\n<p>S\u2019adressant \u00e0 la nation, le chef de l\u2019\u00c9tat a souhait\u00e9 l\u2019organisation d\u2019un <em>\u201cdialogue national ouvert, afin de r\u00e9unir les conditions d\u2019une \u00e9lection libre, transparente et inclusive dans un S\u00e9n\u00e9gal apais\u00e9\u201d<\/em>.<\/p>\n<p>Selon la loi \u00e9lectorale, il faut \u00eatre de nationalit\u00e9 exclusivement s\u00e9n\u00e9galaise pour briguer la magistrature supr\u00eame au S\u00e9n\u00e9gal.<\/p>\n<p>Les membres du groupe parlementaire Libert\u00e9 et d\u00e9mocratie avaient demand\u00e9 et obtenu la mise en place d\u2019une commission d\u2019enqu\u00eate parlementaire pour faire la lumi\u00e8re sur les all\u00e9gations de corruption et de \u201cconnexions douteuses\u201d.<\/p>\n<p>L\u2019ouverture d\u2019une information judiciaire a mis fin aux travaux de cette commission d\u2019enqu\u00eate parlementaire charg\u00e9e de faire la lumi\u00e8re sur les accusations port\u00e9es par le PDS contre des juges du Conseil constitutionnel.<\/p>\n<p>Quatre personnes ont perdu la vie dans les violences qui ont \u00e9maill\u00e9 les manifestations de protestation contre le report de l\u2019\u00e9lection pr\u00e9sidentielle.<\/p>\n<p>Ces victimes ont \u00e9t\u00e9 enregistr\u00e9es \u00e0 Dakar, Saint-Louis et Ziguinchor lors de heurts ayant oppos\u00e9 des protestataires aux forces de l\u2019ordre.<\/p>\n<p>Ces \u00e9v\u00e8nements ont \u00e9t\u00e9 suivis quelques jours plus tard par une vague de lib\u00e9rations d\u2019activistes et de militants arr\u00eat\u00e9s dans le cadre d\u2019activit\u00e9s en lien avec leur engagement politique.<\/p>\n<\/div>\n<div class='share-to-whatsapp-wrapper'><div class='share-on-whsp'>PARTAGER SUR : <\/div><a data-text='DIALOGUE NATIONAL - La date du 2 propos\u00e9e pour la pr\u00e9sidentielle' data-link='https:\/\/www.nettali.com\/2024\/02\/27\/dialogue-national-la-date-du-2-proposee-pour-la-presidentielle\/' class='whatsapp-button whatsapp-share'>WhatsApp<\/a><div class='clear '><\/div><\/div>","protected":false},"excerpt":{"rendered":"<p>NETTALI.COM - Les participants au dialogue national ont propos\u00e9 \u00e0 ce que le chef de l\u2019Etat prenne un d\u00e9cret convoquant le corps \u00e9lectoral le 2 juin prochain pour la tenue de l\u2019\u00e9lection pr\u00e9sidentielle initialement fix\u00e9e au 25 f\u00e9vrier, a-t-on appris, mardi, de plusieurs membres de la commission charg\u00e9e de faire de r\u00e9fl\u00e9chir sur le sujet. [&hellip;]<\/p>\n","protected":false},"author":4,"featured_media":128342,"comment_status":"open","ping_status":"open","sticky":false,"template":"","format":"standard","meta":{"_et_pb_use_builder":"","_et_pb_old_content":""},"categories":[2],"tags":[],"yoast_head":"<!-- This site is optimized with the Yoast SEO Premium plugin v17.8 (Yoast SEO v17.8) - https:\/\/yoast.com\/wordpress\/plugins\/seo\/ -->\n<title>DIALOGUE NATIONAL - La date du 2 propos\u00e9e pour la pr\u00e9sidentielle | Nettali.com<\/title>\n<meta name=\"robots\" content=\"index, follow, max-snippet:-1, max-image-preview:large, max-video-preview:-1\" \/>\n<link rel=\"canonical\" href=\"https:\/\/www.nettali.com\/2024\/02\/27\/dialogue-national-la-date-du-2-proposee-pour-la-presidentielle\/\" \/>\n<meta property=\"og:locale\" content=\"fr_FR\" \/>\n<meta property=\"og:type\" content=\"article\" \/>\n<meta property=\"og:title\" content=\"DIALOGUE NATIONAL - La date du 2 propos\u00e9e pour la pr\u00e9sidentielle\" \/>\n<meta property=\"og:description\" content=\"NETTALI.COM - Les participants au dialogue national ont propos\u00e9 \u00e0 ce que le chef de l\u2019Etat prenne un d\u00e9cret convoquant le corps \u00e9lectoral le 2 juin prochain pour la tenue de l\u2019\u00e9lection pr\u00e9sidentielle initialement fix\u00e9e au 25 f\u00e9vrier, a-t-on appris, mardi, de plusieurs membres de la commission charg\u00e9e de faire de r\u00e9fl\u00e9chir sur le sujet. [&hellip;]\" \/>\n<meta property=\"og:url\" content=\"https:\/\/www.nettali.com\/2024\/02\/27\/dialogue-national-la-date-du-2-proposee-pour-la-presidentielle\/\" \/>\n<meta property=\"og:site_name\" content=\"Nettali.com\" \/>\n<meta property=\"article:publisher\" content=\"https:\/\/www.facebook.com\/nettalicom\" \/>\n<meta property=\"article:published_time\" content=\"2024-02-27T19:27:14+00:00\" \/>\n<meta property=\"article:modified_time\" content=\"2024-02-29T08:06:43+00:00\" \/>\n<meta property=\"og:image\" content=\"https:\/\/www.nettali.com\/wp-content\/uploads\/2024\/02\/MACKY-DIALOGUE-2024-1080x900_1.jpg\" \/>\n\t<meta property=\"og:image:width\" content=\"1080\" \/>\n\t<meta property=\"og:image:height\" content=\"712\" \/>\n<meta name=\"twitter:card\" content=\"summary_large_image\" \/>\n<meta name=\"twitter:label1\" content=\"\u00c9crit par\" \/>\n\t<meta name=\"twitter:data1\" content=\"Daouda\" \/>\n\t<meta name=\"twitter:label2\" content=\"Dur\u00e9e de lecture estim\u00e9e\" \/>\n\t<meta name=\"twitter:data2\" content=\"4 minutes\" \/>\n<script type=\"application\/ld+json\" class=\"yoast-schema-graph\">{\"@context\":\"https:\/\/schema.org\",\"@graph\":[{\"@type\":\"WebSite\",\"@id\":\"https:\/\/www.nettali.com\/#website\",\"url\":\"https:\/\/www.nettali.com\/\",\"name\":\"Nettali.com\",\"description\":\"Le rendez-vous critique du Net\",\"potentialAction\":[{\"@type\":\"SearchAction\",\"target\":{\"@type\":\"EntryPoint\",\"urlTemplate\":\"https:\/\/www.nettali.com\/?s={search_term_string}\"},\"query-input\":\"required name=search_term_string\"}],\"inLanguage\":\"fr-FR\"},{\"@type\":\"ImageObject\",\"@id\":\"https:\/\/www.nettali.com\/2024\/02\/27\/dialogue-national-la-date-du-2-proposee-pour-la-presidentielle\/#primaryimage\",\"inLanguage\":\"fr-FR\",\"url\":\"https:\/\/www.nettali.com\/wp-content\/uploads\/2024\/02\/MACKY-DIALOGUE-2024-1080x900_1.jpg\",\"contentUrl\":\"https:\/\/www.nettali.com\/wp-content\/uploads\/2024\/02\/MACKY-DIALOGUE-2024-1080x900_1.jpg\",\"width\":1080,\"height\":712},{\"@type\":\"WebPage\",\"@id\":\"https:\/\/www.nettali.com\/2024\/02\/27\/dialogue-national-la-date-du-2-proposee-pour-la-presidentielle\/#webpage\",\"url\":\"https:\/\/www.nettali.com\/2024\/02\/27\/dialogue-national-la-date-du-2-proposee-pour-la-presidentielle\/\",\"name\":\"DIALOGUE NATIONAL - La date du 2 propos\\u00e9e pour la pr\\u00e9sidentielle | Nettali.com\",\"isPartOf\":{\"@id\":\"https:\/\/www.nettali.com\/#website\"},\"primaryImageOfPage\":{\"@id\":\"https:\/\/www.nettali.com\/2024\/02\/27\/dialogue-national-la-date-du-2-proposee-pour-la-presidentielle\/#primaryimage\"},\"datePublished\":\"2024-02-27T19:27:14+00:00\",\"dateModified\":\"2024-02-29T08:06:43+00:00\",\"author\":{\"@id\":\"https:\/\/www.nettali.com\/#\/schema\/person\/3317e0bb3aa1da309fbf7b2780901bf4\"},\"breadcrumb\":{\"@id\":\"https:\/\/www.nettali.com\/2024\/02\/27\/dialogue-national-la-date-du-2-proposee-pour-la-presidentielle\/#breadcrumb\"},\"inLanguage\":\"fr-FR\",\"potentialAction\":[{\"@type\":\"ReadAction\",\"target\":[\"https:\/\/www.nettali.com\/2024\/02\/27\/dialogue-national-la-date-du-2-proposee-pour-la-presidentielle\/\"]}]},{\"@type\":\"BreadcrumbList\",\"@id\":\"https:\/\/www.nettali.com\/2024\/02\/27\/dialogue-national-la-date-du-2-proposee-pour-la-presidentielle\/#breadcrumb\",\"itemListElement\":[{\"@type\":\"ListItem\",\"position\":1,\"name\":\"Accueil\",\"item\":\"https:\/\/www.nettali.com\/\"},{\"@type\":\"ListItem\",\"position\":2,\"name\":\"DIALOGUE NATIONAL - La date du 2 propos\\u00e9e pour la pr\\u00e9sidentielle\"}]},{\"@type\":\"Person\",\"@id\":\"https:\/\/www.nettali.com\/#\/schema\/person\/3317e0bb3aa1da309fbf7b2780901bf4\",\"name\":\"Daouda\",\"image\":{\"@type\":\"ImageObject\",\"@id\":\"https:\/\/www.nettali.com\/#personlogo\",\"inLanguage\":\"fr-FR\",\"url\":\"https:\/\/secure.gravatar.com\/avatar\/8d143b5a49345098ddcfee1c49c2f47c?s=96&d=mm&r=g\",\"contentUrl\":\"https:\/\/secure.gravatar.com\/avatar\/8d143b5a49345098ddcfee1c49c2f47c?s=96&d=mm&r=g\",\"caption\":\"Daouda\"},\"sameAs\":[\"https:\/\/www.nettali.com\"]}]}<\/script>\n<!-- \/ Yoast SEO Premium plugin. -->","yoast_head_json":{"title":"DIALOGUE NATIONAL - La date du 2 propos\u00e9e pour la pr\u00e9sidentielle | Nettali.com","robots":{"index":"index","follow":"follow","max-snippet":"max-snippet:-1","max-image-preview":"max-image-preview:large","max-video-preview":"max-video-preview:-1"},"canonical":"https:\/\/www.nettali.com\/2024\/02\/27\/dialogue-national-la-date-du-2-proposee-pour-la-presidentielle\/","og_locale":"fr_FR","og_type":"article","og_title":"DIALOGUE NATIONAL - La date du 2 propos\u00e9e pour la pr\u00e9sidentielle","og_description":"NETTALI.COM - Les participants au dialogue national ont propos\u00e9 \u00e0 ce que le chef de l\u2019Etat prenne un d\u00e9cret convoquant le corps \u00e9lectoral le 2 juin prochain pour la tenue de l\u2019\u00e9lection pr\u00e9sidentielle initialement fix\u00e9e au 25 f\u00e9vrier, a-t-on appris, mardi, de plusieurs membres de la commission charg\u00e9e de faire de r\u00e9fl\u00e9chir sur le sujet. [&hellip;]","og_url":"https:\/\/www.nettali.com\/2024\/02\/27\/dialogue-national-la-date-du-2-proposee-pour-la-presidentielle\/","og_site_name":"Nettali.com","article_publisher":"https:\/\/www.facebook.com\/nettalicom","article_published_time":"2024-02-27T19:27:14+00:00","article_modified_time":"2024-02-29T08:06:43+00:00","og_image":[{"width":1080,"height":712,"url":"https:\/\/www.nettali.com\/wp-content\/uploads\/2024\/02\/MACKY-DIALOGUE-2024-1080x900_1.jpg","type":"image\/jpeg"}],"twitter_card":"summary_large_image","twitter_misc":{"\u00c9crit par":"Daouda","Dur\u00e9e de lecture estim\u00e9e":"4 minutes"},"schema":{"@context":"https:\/\/schema.org","@graph":[{"@type":"WebSite","@id":"https:\/\/www.nettali.com\/#website","url":"https:\/\/www.nettali.com\/","name":"Nettali.com","description":"Le rendez-vous critique du Net","potentialAction":[{"@type":"SearchAction","target":{"@type":"EntryPoint","urlTemplate":"https:\/\/www.nettali.com\/?s={search_term_string}"},"query-input":"required name=search_term_string"}],"inLanguage":"fr-FR"},{"@type":"ImageObject","@id":"https:\/\/www.nettali.com\/2024\/02\/27\/dialogue-national-la-date-du-2-proposee-pour-la-presidentielle\/#primaryimage","inLanguage":"fr-FR","url":"https:\/\/www.nettali.com\/wp-content\/uploads\/2024\/02\/MACKY-DIALOGUE-2024-1080x900_1.jpg","contentUrl":"https:\/\/www.nettali.com\/wp-content\/uploads\/2024\/02\/MACKY-DIALOGUE-2024-1080x900_1.jpg","width":1080,"height":712},{"@type":"WebPage","@id":"https:\/\/www.nettali.com\/2024\/02\/27\/dialogue-national-la-date-du-2-proposee-pour-la-presidentielle\/#webpage","url":"https:\/\/www.nettali.com\/2024\/02\/27\/dialogue-national-la-date-du-2-proposee-pour-la-presidentielle\/","name":"DIALOGUE NATIONAL - La date du 2 propos\u00e9e pour la pr\u00e9sidentielle | Nettali.com","isPartOf":{"@id":"https:\/\/www.nettali.com\/#website"},"primaryImageOfPage":{"@id":"https:\/\/www.nettali.com\/2024\/02\/27\/dialogue-national-la-date-du-2-proposee-pour-la-presidentielle\/#primaryimage"},"datePublished":"2024-02-27T19:27:14+00:00","dateModified":"2024-02-29T08:06:43+00:00","author":{"@id":"https:\/\/www.nettali.com\/#\/schema\/person\/3317e0bb3aa1da309fbf7b2780901bf4"},"breadcrumb":{"@id":"https:\/\/www.nettali.com\/2024\/02\/27\/dialogue-national-la-date-du-2-proposee-pour-la-presidentielle\/#breadcrumb"},"inLanguage":"fr-FR","potentialAction":[{"@type":"ReadAction","target":["https:\/\/www.nettali.com\/2024\/02\/27\/dialogue-national-la-date-du-2-proposee-pour-la-presidentielle\/"]}]},{"@type":"BreadcrumbList","@id":"https:\/\/www.nettali.com\/2024\/02\/27\/dialogue-national-la-date-du-2-proposee-pour-la-presidentielle\/#breadcrumb","itemListElement":[{"@type":"ListItem","position":1,"name":"Accueil","item":"https:\/\/www.nettali.com\/"},{"@type":"ListItem","position":2,"name":"DIALOGUE NATIONAL - La date du 2 propos\u00e9e pour la pr\u00e9sidentielle"}]},{"@type":"Person","@id":"https:\/\/www.nettali.com\/#\/schema\/person\/3317e0bb3aa1da309fbf7b2780901bf4","name":"Daouda","image":{"@type":"ImageObject","@id":"https:\/\/www.nettali.com\/#personlogo","inLanguage":"fr-FR","url":"https:\/\/secure.gravatar.com\/avatar\/8d143b5a49345098ddcfee1c49c2f47c?s=96&d=mm&r=g","contentUrl":"https:\/\/secure.gravatar.com\/avatar\/8d143b5a49345098ddcfee1c49c2f47c?s=96&d=mm&r=g","caption":"Daouda"},"sameAs":["https:\/\/www.nettali.com"]}]}},"_links":{"self":[{"href":"https:\/\/www.nettali.com\/rest\/wp\/v2\/posts\/128394"}],"collection":[{"href":"https:\/\/www.nettali.com\/rest\/wp\/v2\/posts"}],"about":[{"href":"https:\/\/www.nettali.com\/rest\/wp\/v2\/types\/post"}],"author":[{"embeddable":true,"href":"https:\/\/www.nettali.com\/rest\/wp\/v2\/users\/4"}],"replies":[{"embeddable":true,"href":"https:\/\/www.nettali.com\/rest\/wp\/v2\/comments?post=128394"}],"version-history":[{"count":1,"href":"https:\/\/www.nettali.com\/rest\/wp\/v2\/posts\/128394\/revisions"}],"predecessor-version":[{"id":128395,"href":"https:\/\/www.nettali.com\/rest\/wp\/v2\/posts\/128394\/revisions\/128395"}],"wp:featuredmedia":[{"embeddable":true,"href":"https:\/\/www.nettali.com\/rest\/wp\/v2\/media\/128342"}],"wp:attachment":[{"href":"https:\/\/www.nettali.com\/rest\/wp\/v2\/media?parent=128394"}],"wp:term":[{"taxonomy":"category","embeddable":true,"href":"https:\/\/www.nettali.com\/rest\/wp\/v2\/categories?post=128394"},{"taxonomy":"post_tag","embeddable":true,"href":"https:\/\/www.nettali.com\/rest\/wp\/v2\/tags?post=128394"}],"curies":[{"name":"wp","href":"https:\/\/api.w.org\/{rel}","templated":true}]}}