{"id":128365,"date":"2024-02-27T08:41:14","date_gmt":"2024-02-27T08:41:14","guid":{"rendered":"https:\/\/www.nettali.com\/?p=128365"},"modified":"2024-02-27T08:41:28","modified_gmt":"2024-02-27T08:41:28","slug":"loi-damnistie-le-ministre-samba-sy-sg-du-pit-dit-non","status":"publish","type":"post","link":"https:\/\/www.nettali.com\/2024\/02\/27\/loi-damnistie-le-ministre-samba-sy-sg-du-pit-dit-non\/","title":{"rendered":"LOI D'AMNISTIE - Le ministre Samba Sy, SG du PIT dit non"},"content":{"rendered":"<p><strong>NETTALI.COM - M\u00eame si son parti a particip\u00e9 au dialogue national, le ministre Samba Sy, <\/strong><strong>Secr\u00e9taire g\u00e9n\u00e9ral du PIT n'approuve l'id\u00e9e de la mise en \u0153uvre d'une loi d'amnistie.\u00a0<\/strong><\/p>\n<p>Pris de court par le protocole qui lui a donn\u00e9 la parole dans la cat\u00e9gorie des repr\u00e9sentants des partis politiques, le ministre du Travail Samba Sy s'est dit contre toute loi d'amnistie.<\/p>\n<p>\u201c<em>Monsieur le Pr\u00e9sident, mon parti ne peut pas entendre, supporter, accepter que l'universit\u00e9 ait \u00e9t\u00e9 brul\u00e9e. Mon parti ne saurait oublier que deux jeunes filles ont \u00e9t\u00e9 consum\u00e9es dans un bus. Mon parti ne comprend pas qu'on puisse, sous le manteau de la politique, s'en prendre \u00e0 des infrastructures de fourniture d'eau et d'\u00e9lectricit\u00e9. Mon parti ne pense pas que ce soit faisable de s'en prendre \u00e0 des casernes de gendarmes. Je ne dis pas que nous ne devons pas nous r\u00e9concilier, mais nous n'oublions pas<\/em>\u201d, a martel\u00e9 le secr\u00e9taire g\u00e9n\u00e9ral du PIT.<\/p>\n<p>Selon lui, il faut \u00e9viter que demain, les m\u00eames causes puissent produire les m\u00eames effets.<\/p>\n<p>Concernant la date de la Pr\u00e9sidentielle, Samba Sy se veut clair : \u201c<em>Mon parti est pour la tenue des \u00e9lections comme indiqu\u00e9 par le Conseil constitutionnel et nous voulons que cela se fasse avant que vous ne vous d\u00e9chargiez de vos fonctions. Si cela ne d\u00e9pendait que de notre volont\u00e9, le processus ne peut pas \u00eatre repris. Si cela ne d\u00e9pendait que de nous, l\u2019\u00e9lection pr\u00e9sidentielle se tiendrait avant que vous ne partiez.<\/em>\u201d<\/p>\n<div class='share-to-whatsapp-wrapper'><div class='share-on-whsp'>PARTAGER SUR : <\/div><a data-text='LOI D'AMNISTIE - Le ministre Samba Sy, SG du PIT dit non' data-link='https:\/\/www.nettali.com\/2024\/02\/27\/loi-damnistie-le-ministre-samba-sy-sg-du-pit-dit-non\/' class='whatsapp-button whatsapp-share'>WhatsApp<\/a><div class='clear '><\/div><\/div>","protected":false},"excerpt":{"rendered":"<p>NETTALI.COM - M\u00eame si son parti a particip\u00e9 au dialogue national, le ministre Samba Sy, Secr\u00e9taire g\u00e9n\u00e9ral du PIT n'approuve l'id\u00e9e de la mise en \u0153uvre d'une loi d'amnistie.\u00a0 Pris de court par le protocole qui lui a donn\u00e9 la parole dans la cat\u00e9gorie des repr\u00e9sentants des partis politiques, le ministre du Travail Samba Sy [&hellip;]<\/p>\n","protected":false},"author":6,"featured_media":109036,"comment_status":"open","ping_status":"open","sticky":false,"template":"","format":"standard","meta":{"_et_pb_use_builder":"","_et_pb_old_content":""},"categories":[2],"tags":[],"yoast_head":"<!-- This site is optimized with the Yoast SEO Premium plugin v17.8 (Yoast SEO v17.8) - https:\/\/yoast.com\/wordpress\/plugins\/seo\/ -->\n<title>LOI D&#039;AMNISTIE - Le ministre Samba Sy, SG du PIT dit non | Nettali.com<\/title>\n<meta name=\"robots\" content=\"index, follow, max-snippet:-1, max-image-preview:large, max-video-preview:-1\" \/>\n<link rel=\"canonical\" href=\"https:\/\/www.nettali.com\/2024\/02\/27\/loi-damnistie-le-ministre-samba-sy-sg-du-pit-dit-non\/\" \/>\n<meta property=\"og:locale\" content=\"fr_FR\" \/>\n<meta property=\"og:type\" content=\"article\" \/>\n<meta property=\"og:title\" content=\"LOI D&#039;AMNISTIE - Le ministre Samba Sy, SG du PIT dit non\" \/>\n<meta property=\"og:description\" content=\"NETTALI.COM - M\u00eame si son parti a particip\u00e9 au dialogue national, le ministre Samba Sy, Secr\u00e9taire g\u00e9n\u00e9ral du PIT n&#039;approuve l&#039;id\u00e9e de la mise en \u0153uvre d&#039;une loi d&#039;amnistie.\u00a0 Pris de court par le protocole qui lui a donn\u00e9 la parole dans la cat\u00e9gorie des repr\u00e9sentants des partis politiques, le ministre du Travail Samba Sy [&hellip;]\" \/>\n<meta property=\"og:url\" content=\"https:\/\/www.nettali.com\/2024\/02\/27\/loi-damnistie-le-ministre-samba-sy-sg-du-pit-dit-non\/\" \/>\n<meta property=\"og:site_name\" content=\"Nettali.com\" \/>\n<meta property=\"article:publisher\" content=\"https:\/\/www.facebook.com\/nettalicom\" \/>\n<meta property=\"article:published_time\" content=\"2024-02-27T08:41:14+00:00\" \/>\n<meta property=\"article:modified_time\" content=\"2024-02-27T08:41:28+00:00\" \/>\n<meta property=\"og:image\" content=\"https:\/\/www.nettali.com\/wp-content\/uploads\/2023\/05\/Samba-sy.jpeg\" \/>\n\t<meta property=\"og:image:width\" content=\"529\" \/>\n\t<meta property=\"og:image:height\" content=\"337\" \/>\n<meta name=\"twitter:card\" content=\"summary_large_image\" \/>\n<meta name=\"twitter:label1\" content=\"\u00c9crit par\" \/>\n\t<meta name=\"twitter:data1\" content=\"Fatou\" \/>\n\t<meta name=\"twitter:label2\" content=\"Dur\u00e9e de lecture estim\u00e9e\" \/>\n\t<meta name=\"twitter:data2\" content=\"2 minutes\" \/>\n<script type=\"application\/ld+json\" class=\"yoast-schema-graph\">{\"@context\":\"https:\/\/schema.org\",\"@graph\":[{\"@type\":\"WebSite\",\"@id\":\"https:\/\/www.nettali.com\/#website\",\"url\":\"https:\/\/www.nettali.com\/\",\"name\":\"Nettali.com\",\"description\":\"Le rendez-vous critique du Net\",\"potentialAction\":[{\"@type\":\"SearchAction\",\"target\":{\"@type\":\"EntryPoint\",\"urlTemplate\":\"https:\/\/www.nettali.com\/?s={search_term_string}\"},\"query-input\":\"required name=search_term_string\"}],\"inLanguage\":\"fr-FR\"},{\"@type\":\"ImageObject\",\"@id\":\"https:\/\/www.nettali.com\/2024\/02\/27\/loi-damnistie-le-ministre-samba-sy-sg-du-pit-dit-non\/#primaryimage\",\"inLanguage\":\"fr-FR\",\"url\":\"https:\/\/www.nettali.com\/wp-content\/uploads\/2023\/05\/Samba-sy.jpeg\",\"contentUrl\":\"https:\/\/www.nettali.com\/wp-content\/uploads\/2023\/05\/Samba-sy.jpeg\",\"width\":529,\"height\":337},{\"@type\":\"WebPage\",\"@id\":\"https:\/\/www.nettali.com\/2024\/02\/27\/loi-damnistie-le-ministre-samba-sy-sg-du-pit-dit-non\/#webpage\",\"url\":\"https:\/\/www.nettali.com\/2024\/02\/27\/loi-damnistie-le-ministre-samba-sy-sg-du-pit-dit-non\/\",\"name\":\"LOI D'AMNISTIE - Le ministre Samba Sy, SG du PIT dit non | Nettali.com\",\"isPartOf\":{\"@id\":\"https:\/\/www.nettali.com\/#website\"},\"primaryImageOfPage\":{\"@id\":\"https:\/\/www.nettali.com\/2024\/02\/27\/loi-damnistie-le-ministre-samba-sy-sg-du-pit-dit-non\/#primaryimage\"},\"datePublished\":\"2024-02-27T08:41:14+00:00\",\"dateModified\":\"2024-02-27T08:41:28+00:00\",\"author\":{\"@id\":\"https:\/\/www.nettali.com\/#\/schema\/person\/418274a86bdf87caff7a3ef476bd0bbf\"},\"breadcrumb\":{\"@id\":\"https:\/\/www.nettali.com\/2024\/02\/27\/loi-damnistie-le-ministre-samba-sy-sg-du-pit-dit-non\/#breadcrumb\"},\"inLanguage\":\"fr-FR\",\"potentialAction\":[{\"@type\":\"ReadAction\",\"target\":[\"https:\/\/www.nettali.com\/2024\/02\/27\/loi-damnistie-le-ministre-samba-sy-sg-du-pit-dit-non\/\"]}]},{\"@type\":\"BreadcrumbList\",\"@id\":\"https:\/\/www.nettali.com\/2024\/02\/27\/loi-damnistie-le-ministre-samba-sy-sg-du-pit-dit-non\/#breadcrumb\",\"itemListElement\":[{\"@type\":\"ListItem\",\"position\":1,\"name\":\"Accueil\",\"item\":\"https:\/\/www.nettali.com\/\"},{\"@type\":\"ListItem\",\"position\":2,\"name\":\"LOI D'AMNISTIE - Le ministre Samba Sy, SG du PIT dit non\"}]},{\"@type\":\"Person\",\"@id\":\"https:\/\/www.nettali.com\/#\/schema\/person\/418274a86bdf87caff7a3ef476bd0bbf\",\"name\":\"Fatou\",\"image\":{\"@type\":\"ImageObject\",\"@id\":\"https:\/\/www.nettali.com\/#personlogo\",\"inLanguage\":\"fr-FR\",\"url\":\"https:\/\/secure.gravatar.com\/avatar\/5a9442a2bee7b4dcf167cab035858e9a?s=96&d=mm&r=g\",\"contentUrl\":\"https:\/\/secure.gravatar.com\/avatar\/5a9442a2bee7b4dcf167cab035858e9a?s=96&d=mm&r=g\",\"caption\":\"Fatou\"},\"sameAs\":[\"https:\/\/www.nettali.com\"]}]}<\/script>\n<!-- \/ Yoast SEO Premium plugin. -->","yoast_head_json":{"title":"LOI D'AMNISTIE - Le ministre Samba Sy, SG du PIT dit non | Nettali.com","robots":{"index":"index","follow":"follow","max-snippet":"max-snippet:-1","max-image-preview":"max-image-preview:large","max-video-preview":"max-video-preview:-1"},"canonical":"https:\/\/www.nettali.com\/2024\/02\/27\/loi-damnistie-le-ministre-samba-sy-sg-du-pit-dit-non\/","og_locale":"fr_FR","og_type":"article","og_title":"LOI D'AMNISTIE - Le ministre Samba Sy, SG du PIT dit non","og_description":"NETTALI.COM - M\u00eame si son parti a particip\u00e9 au dialogue national, le ministre Samba Sy, Secr\u00e9taire g\u00e9n\u00e9ral du PIT n'approuve l'id\u00e9e de la mise en \u0153uvre d'une loi d'amnistie.\u00a0 Pris de court par le protocole qui lui a donn\u00e9 la parole dans la cat\u00e9gorie des repr\u00e9sentants des partis politiques, le ministre du Travail Samba Sy [&hellip;]","og_url":"https:\/\/www.nettali.com\/2024\/02\/27\/loi-damnistie-le-ministre-samba-sy-sg-du-pit-dit-non\/","og_site_name":"Nettali.com","article_publisher":"https:\/\/www.facebook.com\/nettalicom","article_published_time":"2024-02-27T08:41:14+00:00","article_modified_time":"2024-02-27T08:41:28+00:00","og_image":[{"width":529,"height":337,"url":"https:\/\/www.nettali.com\/wp-content\/uploads\/2023\/05\/Samba-sy.jpeg","type":"image\/jpeg"}],"twitter_card":"summary_large_image","twitter_misc":{"\u00c9crit par":"Fatou","Dur\u00e9e de lecture estim\u00e9e":"2 minutes"},"schema":{"@context":"https:\/\/schema.org","@graph":[{"@type":"WebSite","@id":"https:\/\/www.nettali.com\/#website","url":"https:\/\/www.nettali.com\/","name":"Nettali.com","description":"Le rendez-vous critique du Net","potentialAction":[{"@type":"SearchAction","target":{"@type":"EntryPoint","urlTemplate":"https:\/\/www.nettali.com\/?s={search_term_string}"},"query-input":"required name=search_term_string"}],"inLanguage":"fr-FR"},{"@type":"ImageObject","@id":"https:\/\/www.nettali.com\/2024\/02\/27\/loi-damnistie-le-ministre-samba-sy-sg-du-pit-dit-non\/#primaryimage","inLanguage":"fr-FR","url":"https:\/\/www.nettali.com\/wp-content\/uploads\/2023\/05\/Samba-sy.jpeg","contentUrl":"https:\/\/www.nettali.com\/wp-content\/uploads\/2023\/05\/Samba-sy.jpeg","width":529,"height":337},{"@type":"WebPage","@id":"https:\/\/www.nettali.com\/2024\/02\/27\/loi-damnistie-le-ministre-samba-sy-sg-du-pit-dit-non\/#webpage","url":"https:\/\/www.nettali.com\/2024\/02\/27\/loi-damnistie-le-ministre-samba-sy-sg-du-pit-dit-non\/","name":"LOI D'AMNISTIE - Le ministre Samba Sy, SG du PIT dit non | Nettali.com","isPartOf":{"@id":"https:\/\/www.nettali.com\/#website"},"primaryImageOfPage":{"@id":"https:\/\/www.nettali.com\/2024\/02\/27\/loi-damnistie-le-ministre-samba-sy-sg-du-pit-dit-non\/#primaryimage"},"datePublished":"2024-02-27T08:41:14+00:00","dateModified":"2024-02-27T08:41:28+00:00","author":{"@id":"https:\/\/www.nettali.com\/#\/schema\/person\/418274a86bdf87caff7a3ef476bd0bbf"},"breadcrumb":{"@id":"https:\/\/www.nettali.com\/2024\/02\/27\/loi-damnistie-le-ministre-samba-sy-sg-du-pit-dit-non\/#breadcrumb"},"inLanguage":"fr-FR","potentialAction":[{"@type":"ReadAction","target":["https:\/\/www.nettali.com\/2024\/02\/27\/loi-damnistie-le-ministre-samba-sy-sg-du-pit-dit-non\/"]}]},{"@type":"BreadcrumbList","@id":"https:\/\/www.nettali.com\/2024\/02\/27\/loi-damnistie-le-ministre-samba-sy-sg-du-pit-dit-non\/#breadcrumb","itemListElement":[{"@type":"ListItem","position":1,"name":"Accueil","item":"https:\/\/www.nettali.com\/"},{"@type":"ListItem","position":2,"name":"LOI D'AMNISTIE - Le ministre Samba Sy, SG du PIT dit non"}]},{"@type":"Person","@id":"https:\/\/www.nettali.com\/#\/schema\/person\/418274a86bdf87caff7a3ef476bd0bbf","name":"Fatou","image":{"@type":"ImageObject","@id":"https:\/\/www.nettali.com\/#personlogo","inLanguage":"fr-FR","url":"https:\/\/secure.gravatar.com\/avatar\/5a9442a2bee7b4dcf167cab035858e9a?s=96&d=mm&r=g","contentUrl":"https:\/\/secure.gravatar.com\/avatar\/5a9442a2bee7b4dcf167cab035858e9a?s=96&d=mm&r=g","caption":"Fatou"},"sameAs":["https:\/\/www.nettali.com"]}]}},"_links":{"self":[{"href":"https:\/\/www.nettali.com\/rest\/wp\/v2\/posts\/128365"}],"collection":[{"href":"https:\/\/www.nettali.com\/rest\/wp\/v2\/posts"}],"about":[{"href":"https:\/\/www.nettali.com\/rest\/wp\/v2\/types\/post"}],"author":[{"embeddable":true,"href":"https:\/\/www.nettali.com\/rest\/wp\/v2\/users\/6"}],"replies":[{"embeddable":true,"href":"https:\/\/www.nettali.com\/rest\/wp\/v2\/comments?post=128365"}],"version-history":[{"count":3,"href":"https:\/\/www.nettali.com\/rest\/wp\/v2\/posts\/128365\/revisions"}],"predecessor-version":[{"id":128369,"href":"https:\/\/www.nettali.com\/rest\/wp\/v2\/posts\/128365\/revisions\/128369"}],"wp:featuredmedia":[{"embeddable":true,"href":"https:\/\/www.nettali.com\/rest\/wp\/v2\/media\/109036"}],"wp:attachment":[{"href":"https:\/\/www.nettali.com\/rest\/wp\/v2\/media?parent=128365"}],"wp:term":[{"taxonomy":"category","embeddable":true,"href":"https:\/\/www.nettali.com\/rest\/wp\/v2\/categories?post=128365"},{"taxonomy":"post_tag","embeddable":true,"href":"https:\/\/www.nettali.com\/rest\/wp\/v2\/tags?post=128365"}],"curies":[{"name":"wp","href":"https:\/\/api.w.org\/{rel}","templated":true}]}}