{"id":128313,"date":"2024-02-27T07:58:15","date_gmt":"2024-02-27T07:58:15","guid":{"rendered":"https:\/\/www.nettali.com\/?p=128313"},"modified":"2024-02-29T08:07:31","modified_gmt":"2024-02-29T08:07:31","slug":"position-idrissa-seck-la-fin-de-la-nuance","status":"publish","type":"post","link":"https:\/\/www.nettali.com\/2024\/02\/27\/position-idrissa-seck-la-fin-de-la-nuance\/","title":{"rendered":"POSITION IDRISSA SECK - La fin de la nuance"},"content":{"rendered":"<p><strong>NETTALI.COM - Le candidat de Rewmi, Idrissa Seck, longtemps cit\u00e9 parmi les trois candidats valid\u00e9s partants pour le dialogue, est enfin sorti de son mutisme.<\/strong><\/p>\n<p>Par la voix de son mandataire<strong>, <\/strong>Ass Babacar Gu\u00e8ye, Idrissa Seck a annonc\u00e9 qu'il ne participerait pas au dialogue ouvert ce lundi 26 f\u00e9vrier 2024.<\/p>\n<p>\u201c<em>Oui, je le confirme ! Le pr\u00e9sident Idrissa Seck, qui met toujours en avant l'int\u00e9r\u00eat sup\u00e9rieur de la nation, ne sera pas pr\u00e9sent \u00e0 ce soi-disant dialogue pour <\/em><em>cautionner un \u00e9ventuel coup d'\u00c9tat constitutionnel savamment orchestr\u00e9 par un pr\u00e9sident en fin de r\u00e8gne et \u00e0 qui le peuple a fini de tout donner<\/em>\u201d, a-t-il d\u00e9clar\u00e9 dans une note transmise \u00e0 la presse.<\/p>\n<p>Selon M. Gu\u00e8ye, Idrissa Seck, \u201c<em>l'\u00e9ternel incompris<\/em>\u201d, selon ses termes, \u201c<em>fait partie des plus grandes victimes de cette nouvelle tendance \u00e0 l'\u00e8re des Fake news et de la manipulation partisane<\/em>\u201d.<\/p>\n<p>\u00c0 l'en croire, le candidat a toujours \u00e9t\u00e9 clair sur le sujet. \u201c<em>Le dialogue pour la r\u00e9conciliation nationale et pour l'apaisement, oui<\/em>\u201d. Mais, estime-t-il, ceci est un chan- tier du prochain pr\u00e9sident, pas de son ancien alli\u00e9 Macky Sall.<\/p>\n<div class='share-to-whatsapp-wrapper'><div class='share-on-whsp'>PARTAGER SUR : <\/div><a data-text='POSITION IDRISSA SECK - La fin de la nuance' data-link='https:\/\/www.nettali.com\/2024\/02\/27\/position-idrissa-seck-la-fin-de-la-nuance\/' class='whatsapp-button whatsapp-share'>WhatsApp<\/a><div class='clear '><\/div><\/div>","protected":false},"excerpt":{"rendered":"<p>NETTALI.COM - Le candidat de Rewmi, Idrissa Seck, longtemps cit\u00e9 parmi les trois candidats valid\u00e9s partants pour le dialogue, est enfin sorti de son mutisme. Par la voix de son mandataire, Ass Babacar Gu\u00e8ye, Idrissa Seck a annonc\u00e9 qu'il ne participerait pas au dialogue ouvert ce lundi 26 f\u00e9vrier 2024. \u201cOui, je le confirme ! [&hellip;]<\/p>\n","protected":false},"author":6,"featured_media":1198,"comment_status":"open","ping_status":"open","sticky":false,"template":"","format":"standard","meta":{"_et_pb_use_builder":"","_et_pb_old_content":""},"categories":[2],"tags":[],"yoast_head":"<!-- This site is optimized with the Yoast SEO Premium plugin v17.8 (Yoast SEO v17.8) - https:\/\/yoast.com\/wordpress\/plugins\/seo\/ -->\n<title>POSITION IDRISSA SECK - La fin de la nuance | Nettali.com<\/title>\n<meta name=\"robots\" content=\"index, follow, max-snippet:-1, max-image-preview:large, max-video-preview:-1\" \/>\n<link rel=\"canonical\" href=\"https:\/\/www.nettali.com\/2024\/02\/27\/position-idrissa-seck-la-fin-de-la-nuance\/\" \/>\n<meta property=\"og:locale\" content=\"fr_FR\" \/>\n<meta property=\"og:type\" content=\"article\" \/>\n<meta property=\"og:title\" content=\"POSITION IDRISSA SECK - La fin de la nuance\" \/>\n<meta property=\"og:description\" content=\"NETTALI.COM - Le candidat de Rewmi, Idrissa Seck, longtemps cit\u00e9 parmi les trois candidats valid\u00e9s partants pour le dialogue, est enfin sorti de son mutisme. Par la voix de son mandataire, Ass Babacar Gu\u00e8ye, Idrissa Seck a annonc\u00e9 qu&#039;il ne participerait pas au dialogue ouvert ce lundi 26 f\u00e9vrier 2024. \u201cOui, je le confirme ! [&hellip;]\" \/>\n<meta property=\"og:url\" content=\"https:\/\/www.nettali.com\/2024\/02\/27\/position-idrissa-seck-la-fin-de-la-nuance\/\" \/>\n<meta property=\"og:site_name\" content=\"Nettali.com\" \/>\n<meta property=\"article:publisher\" content=\"https:\/\/www.facebook.com\/nettalicom\" \/>\n<meta property=\"article:published_time\" content=\"2024-02-27T07:58:15+00:00\" \/>\n<meta property=\"article:modified_time\" content=\"2024-02-29T08:07:31+00:00\" \/>\n<meta property=\"og:image\" content=\"https:\/\/www.nettali.com\/wp-content\/uploads\/2019\/03\/idrissa-seck-et-macky-696x448.jpg\" \/>\n\t<meta property=\"og:image:width\" content=\"696\" \/>\n\t<meta property=\"og:image:height\" content=\"448\" \/>\n<meta name=\"twitter:card\" content=\"summary_large_image\" \/>\n<meta name=\"twitter:label1\" content=\"\u00c9crit par\" \/>\n\t<meta name=\"twitter:data1\" content=\"Fatou\" \/>\n\t<meta name=\"twitter:label2\" content=\"Dur\u00e9e de lecture estim\u00e9e\" \/>\n\t<meta name=\"twitter:data2\" content=\"1 minute\" \/>\n<script type=\"application\/ld+json\" class=\"yoast-schema-graph\">{\"@context\":\"https:\/\/schema.org\",\"@graph\":[{\"@type\":\"WebSite\",\"@id\":\"https:\/\/www.nettali.com\/#website\",\"url\":\"https:\/\/www.nettali.com\/\",\"name\":\"Nettali.com\",\"description\":\"Le rendez-vous critique du Net\",\"potentialAction\":[{\"@type\":\"SearchAction\",\"target\":{\"@type\":\"EntryPoint\",\"urlTemplate\":\"https:\/\/www.nettali.com\/?s={search_term_string}\"},\"query-input\":\"required name=search_term_string\"}],\"inLanguage\":\"fr-FR\"},{\"@type\":\"ImageObject\",\"@id\":\"https:\/\/www.nettali.com\/2024\/02\/27\/position-idrissa-seck-la-fin-de-la-nuance\/#primaryimage\",\"inLanguage\":\"fr-FR\",\"url\":\"https:\/\/www.nettali.com\/wp-content\/uploads\/2019\/03\/idrissa-seck-et-macky-696x448.jpg\",\"contentUrl\":\"https:\/\/www.nettali.com\/wp-content\/uploads\/2019\/03\/idrissa-seck-et-macky-696x448.jpg\",\"width\":696,\"height\":448},{\"@type\":\"WebPage\",\"@id\":\"https:\/\/www.nettali.com\/2024\/02\/27\/position-idrissa-seck-la-fin-de-la-nuance\/#webpage\",\"url\":\"https:\/\/www.nettali.com\/2024\/02\/27\/position-idrissa-seck-la-fin-de-la-nuance\/\",\"name\":\"POSITION IDRISSA SECK - La fin de la nuance | Nettali.com\",\"isPartOf\":{\"@id\":\"https:\/\/www.nettali.com\/#website\"},\"primaryImageOfPage\":{\"@id\":\"https:\/\/www.nettali.com\/2024\/02\/27\/position-idrissa-seck-la-fin-de-la-nuance\/#primaryimage\"},\"datePublished\":\"2024-02-27T07:58:15+00:00\",\"dateModified\":\"2024-02-29T08:07:31+00:00\",\"author\":{\"@id\":\"https:\/\/www.nettali.com\/#\/schema\/person\/418274a86bdf87caff7a3ef476bd0bbf\"},\"breadcrumb\":{\"@id\":\"https:\/\/www.nettali.com\/2024\/02\/27\/position-idrissa-seck-la-fin-de-la-nuance\/#breadcrumb\"},\"inLanguage\":\"fr-FR\",\"potentialAction\":[{\"@type\":\"ReadAction\",\"target\":[\"https:\/\/www.nettali.com\/2024\/02\/27\/position-idrissa-seck-la-fin-de-la-nuance\/\"]}]},{\"@type\":\"BreadcrumbList\",\"@id\":\"https:\/\/www.nettali.com\/2024\/02\/27\/position-idrissa-seck-la-fin-de-la-nuance\/#breadcrumb\",\"itemListElement\":[{\"@type\":\"ListItem\",\"position\":1,\"name\":\"Accueil\",\"item\":\"https:\/\/www.nettali.com\/\"},{\"@type\":\"ListItem\",\"position\":2,\"name\":\"POSITION IDRISSA SECK - La fin de la nuance\"}]},{\"@type\":\"Person\",\"@id\":\"https:\/\/www.nettali.com\/#\/schema\/person\/418274a86bdf87caff7a3ef476bd0bbf\",\"name\":\"Fatou\",\"image\":{\"@type\":\"ImageObject\",\"@id\":\"https:\/\/www.nettali.com\/#personlogo\",\"inLanguage\":\"fr-FR\",\"url\":\"https:\/\/secure.gravatar.com\/avatar\/5a9442a2bee7b4dcf167cab035858e9a?s=96&d=mm&r=g\",\"contentUrl\":\"https:\/\/secure.gravatar.com\/avatar\/5a9442a2bee7b4dcf167cab035858e9a?s=96&d=mm&r=g\",\"caption\":\"Fatou\"},\"sameAs\":[\"https:\/\/www.nettali.com\"]}]}<\/script>\n<!-- \/ Yoast SEO Premium plugin. -->","yoast_head_json":{"title":"POSITION IDRISSA SECK - La fin de la nuance | Nettali.com","robots":{"index":"index","follow":"follow","max-snippet":"max-snippet:-1","max-image-preview":"max-image-preview:large","max-video-preview":"max-video-preview:-1"},"canonical":"https:\/\/www.nettali.com\/2024\/02\/27\/position-idrissa-seck-la-fin-de-la-nuance\/","og_locale":"fr_FR","og_type":"article","og_title":"POSITION IDRISSA SECK - La fin de la nuance","og_description":"NETTALI.COM - Le candidat de Rewmi, Idrissa Seck, longtemps cit\u00e9 parmi les trois candidats valid\u00e9s partants pour le dialogue, est enfin sorti de son mutisme. Par la voix de son mandataire, Ass Babacar Gu\u00e8ye, Idrissa Seck a annonc\u00e9 qu'il ne participerait pas au dialogue ouvert ce lundi 26 f\u00e9vrier 2024. \u201cOui, je le confirme ! [&hellip;]","og_url":"https:\/\/www.nettali.com\/2024\/02\/27\/position-idrissa-seck-la-fin-de-la-nuance\/","og_site_name":"Nettali.com","article_publisher":"https:\/\/www.facebook.com\/nettalicom","article_published_time":"2024-02-27T07:58:15+00:00","article_modified_time":"2024-02-29T08:07:31+00:00","og_image":[{"width":696,"height":448,"url":"https:\/\/www.nettali.com\/wp-content\/uploads\/2019\/03\/idrissa-seck-et-macky-696x448.jpg","type":"image\/jpeg"}],"twitter_card":"summary_large_image","twitter_misc":{"\u00c9crit par":"Fatou","Dur\u00e9e de lecture estim\u00e9e":"1 minute"},"schema":{"@context":"https:\/\/schema.org","@graph":[{"@type":"WebSite","@id":"https:\/\/www.nettali.com\/#website","url":"https:\/\/www.nettali.com\/","name":"Nettali.com","description":"Le rendez-vous critique du Net","potentialAction":[{"@type":"SearchAction","target":{"@type":"EntryPoint","urlTemplate":"https:\/\/www.nettali.com\/?s={search_term_string}"},"query-input":"required name=search_term_string"}],"inLanguage":"fr-FR"},{"@type":"ImageObject","@id":"https:\/\/www.nettali.com\/2024\/02\/27\/position-idrissa-seck-la-fin-de-la-nuance\/#primaryimage","inLanguage":"fr-FR","url":"https:\/\/www.nettali.com\/wp-content\/uploads\/2019\/03\/idrissa-seck-et-macky-696x448.jpg","contentUrl":"https:\/\/www.nettali.com\/wp-content\/uploads\/2019\/03\/idrissa-seck-et-macky-696x448.jpg","width":696,"height":448},{"@type":"WebPage","@id":"https:\/\/www.nettali.com\/2024\/02\/27\/position-idrissa-seck-la-fin-de-la-nuance\/#webpage","url":"https:\/\/www.nettali.com\/2024\/02\/27\/position-idrissa-seck-la-fin-de-la-nuance\/","name":"POSITION IDRISSA SECK - La fin de la nuance | Nettali.com","isPartOf":{"@id":"https:\/\/www.nettali.com\/#website"},"primaryImageOfPage":{"@id":"https:\/\/www.nettali.com\/2024\/02\/27\/position-idrissa-seck-la-fin-de-la-nuance\/#primaryimage"},"datePublished":"2024-02-27T07:58:15+00:00","dateModified":"2024-02-29T08:07:31+00:00","author":{"@id":"https:\/\/www.nettali.com\/#\/schema\/person\/418274a86bdf87caff7a3ef476bd0bbf"},"breadcrumb":{"@id":"https:\/\/www.nettali.com\/2024\/02\/27\/position-idrissa-seck-la-fin-de-la-nuance\/#breadcrumb"},"inLanguage":"fr-FR","potentialAction":[{"@type":"ReadAction","target":["https:\/\/www.nettali.com\/2024\/02\/27\/position-idrissa-seck-la-fin-de-la-nuance\/"]}]},{"@type":"BreadcrumbList","@id":"https:\/\/www.nettali.com\/2024\/02\/27\/position-idrissa-seck-la-fin-de-la-nuance\/#breadcrumb","itemListElement":[{"@type":"ListItem","position":1,"name":"Accueil","item":"https:\/\/www.nettali.com\/"},{"@type":"ListItem","position":2,"name":"POSITION IDRISSA SECK - La fin de la nuance"}]},{"@type":"Person","@id":"https:\/\/www.nettali.com\/#\/schema\/person\/418274a86bdf87caff7a3ef476bd0bbf","name":"Fatou","image":{"@type":"ImageObject","@id":"https:\/\/www.nettali.com\/#personlogo","inLanguage":"fr-FR","url":"https:\/\/secure.gravatar.com\/avatar\/5a9442a2bee7b4dcf167cab035858e9a?s=96&d=mm&r=g","contentUrl":"https:\/\/secure.gravatar.com\/avatar\/5a9442a2bee7b4dcf167cab035858e9a?s=96&d=mm&r=g","caption":"Fatou"},"sameAs":["https:\/\/www.nettali.com"]}]}},"_links":{"self":[{"href":"https:\/\/www.nettali.com\/rest\/wp\/v2\/posts\/128313"}],"collection":[{"href":"https:\/\/www.nettali.com\/rest\/wp\/v2\/posts"}],"about":[{"href":"https:\/\/www.nettali.com\/rest\/wp\/v2\/types\/post"}],"author":[{"embeddable":true,"href":"https:\/\/www.nettali.com\/rest\/wp\/v2\/users\/6"}],"replies":[{"embeddable":true,"href":"https:\/\/www.nettali.com\/rest\/wp\/v2\/comments?post=128313"}],"version-history":[{"count":5,"href":"https:\/\/www.nettali.com\/rest\/wp\/v2\/posts\/128313\/revisions"}],"predecessor-version":[{"id":128358,"href":"https:\/\/www.nettali.com\/rest\/wp\/v2\/posts\/128313\/revisions\/128358"}],"wp:featuredmedia":[{"embeddable":true,"href":"https:\/\/www.nettali.com\/rest\/wp\/v2\/media\/1198"}],"wp:attachment":[{"href":"https:\/\/www.nettali.com\/rest\/wp\/v2\/media?parent=128313"}],"wp:term":[{"taxonomy":"category","embeddable":true,"href":"https:\/\/www.nettali.com\/rest\/wp\/v2\/categories?post=128313"},{"taxonomy":"post_tag","embeddable":true,"href":"https:\/\/www.nettali.com\/rest\/wp\/v2\/tags?post=128313"}],"curies":[{"name":"wp","href":"https:\/\/api.w.org\/{rel}","templated":true}]}}