{"id":128241,"date":"2024-02-26T08:07:54","date_gmt":"2024-02-26T08:07:54","guid":{"rendered":"https:\/\/www.nettali.com\/?p=128241"},"modified":"2024-02-26T08:07:54","modified_gmt":"2024-02-26T08:07:54","slug":"en-coulisses-ouattara-rend-un-vibrant-hommage-a-macky-sall","status":"publish","type":"post","link":"https:\/\/www.nettali.com\/2024\/02\/26\/en-coulisses-ouattara-rend-un-vibrant-hommage-a-macky-sall\/","title":{"rendered":"EN COULISSES - Ouattara rend un vibrant hommage \u00e0 Macky Sall"},"content":{"rendered":"<div class=\"page\" title=\"Page 2\">\n<div class=\"layoutArea\">\n<div class=\"column\">\n<p><strong>NETTALI.COM -<\/strong> Lors du sommet de la CEDEAO tenu samedi 24 f\u00e9vrier a\u0300 Abuja, le pre\u0301sident de la Co\u0302te d\u2019Ivoire, Alassane D. Ouattara, a rendu un vibrant hommage au pre\u0301sident Macky Sall.<\/p>\n<p>\"<em>Ce sommet de\u0301cisif comme vous le savez, est e\u0301galement le dernier auquel participe notre fre\u0300re Macky Sall, en qualite\u0301 de pre\u0301sident de la Re\u0301publique du Se\u0301ne\u0301gal. Je voudrais devant notre confe\u0301rence re\u0301unie, et en ce moment de grande fraternite\u0301, rendre un hommage solennel au pre\u0301sident Macky Sall, homme d\u2019E\u0301tat exceptionnel et de\u0301mocrate since\u0300re, de\u0301voue\u0301 a\u0300 la cause de son pays et a\u0300 la grandeur de l\u2019Afrique. Tout au long de ces anne\u0301es, j\u2019ai co\u0302toye\u0301 un grand ba\u0302tisseur qui a su transformer son pays et un homme d\u2019ide\u0301es qui a change\u0301 a\u0300 bien des e\u0301gards le regard porte\u0301 sur l\u2019Afrique. Macky, tu nous manqueras, c\u2019est certain, mais sache que notre \u0153uvre commune continuera pour le bien de nos peuples<\/em>\", a te\u0301moigne\u0301 le pre\u0301sident ivoirien.<\/p>\n<\/div>\n<\/div>\n<\/div>\n<div class='share-to-whatsapp-wrapper'><div class='share-on-whsp'>PARTAGER SUR : <\/div><a data-text='EN COULISSES - Ouattara rend un vibrant hommage \u00e0 Macky Sall' data-link='https:\/\/www.nettali.com\/2024\/02\/26\/en-coulisses-ouattara-rend-un-vibrant-hommage-a-macky-sall\/' class='whatsapp-button whatsapp-share'>WhatsApp<\/a><div class='clear '><\/div><\/div>","protected":false},"excerpt":{"rendered":"<p>NETTALI.COM - Lors du sommet de la CEDEAO tenu samedi 24 f\u00e9vrier a\u0300 Abuja, le pre\u0301sident de la Co\u0302te d\u2019Ivoire, Alassane D. Ouattara, a rendu un vibrant hommage au pre\u0301sident Macky Sall. \"Ce sommet de\u0301cisif comme vous le savez, est e\u0301galement le dernier auquel participe notre fre\u0300re Macky Sall, en qualite\u0301 de pre\u0301sident de la [&hellip;]<\/p>\n","protected":false},"author":2,"featured_media":128242,"comment_status":"open","ping_status":"open","sticky":false,"template":"","format":"standard","meta":{"_et_pb_use_builder":"","_et_pb_old_content":""},"categories":[34945],"tags":[],"yoast_head":"<!-- This site is optimized with the Yoast SEO Premium plugin v17.8 (Yoast SEO v17.8) - https:\/\/yoast.com\/wordpress\/plugins\/seo\/ -->\n<title>EN COULISSES - Ouattara rend un vibrant hommage \u00e0 Macky Sall | Nettali.com<\/title>\n<meta name=\"robots\" content=\"index, follow, max-snippet:-1, max-image-preview:large, max-video-preview:-1\" \/>\n<link rel=\"canonical\" href=\"https:\/\/www.nettali.com\/2024\/02\/26\/en-coulisses-ouattara-rend-un-vibrant-hommage-a-macky-sall\/\" \/>\n<meta property=\"og:locale\" content=\"fr_FR\" \/>\n<meta property=\"og:type\" content=\"article\" \/>\n<meta property=\"og:title\" content=\"EN COULISSES - Ouattara rend un vibrant hommage \u00e0 Macky Sall\" \/>\n<meta property=\"og:description\" content=\"NETTALI.COM - Lors du sommet de la CEDEAO tenu samedi 24 f\u00e9vrier a\u0300 Abuja, le pre\u0301sident de la Co\u0302te d\u2019Ivoire, Alassane D. Ouattara, a rendu un vibrant hommage au pre\u0301sident Macky Sall. &quot;Ce sommet de\u0301cisif comme vous le savez, est e\u0301galement le dernier auquel participe notre fre\u0300re Macky Sall, en qualite\u0301 de pre\u0301sident de la [&hellip;]\" \/>\n<meta property=\"og:url\" content=\"https:\/\/www.nettali.com\/2024\/02\/26\/en-coulisses-ouattara-rend-un-vibrant-hommage-a-macky-sall\/\" \/>\n<meta property=\"og:site_name\" content=\"Nettali.com\" \/>\n<meta property=\"article:publisher\" content=\"https:\/\/www.facebook.com\/nettalicom\" \/>\n<meta property=\"article:published_time\" content=\"2024-02-26T08:07:54+00:00\" \/>\n<meta property=\"og:image\" content=\"https:\/\/www.nettali.com\/wp-content\/uploads\/2024\/02\/70F07D10-A5AB-4D75-8A4B-189F107F1656.jpeg\" \/>\n\t<meta property=\"og:image:width\" content=\"1800\" \/>\n\t<meta property=\"og:image:height\" content=\"1200\" \/>\n<meta name=\"twitter:card\" content=\"summary_large_image\" \/>\n<meta name=\"twitter:label1\" content=\"\u00c9crit par\" \/>\n\t<meta name=\"twitter:data1\" content=\"CK\" \/>\n\t<meta name=\"twitter:label2\" content=\"Dur\u00e9e de lecture estim\u00e9e\" \/>\n\t<meta name=\"twitter:data2\" content=\"1 minute\" \/>\n<script type=\"application\/ld+json\" class=\"yoast-schema-graph\">{\"@context\":\"https:\/\/schema.org\",\"@graph\":[{\"@type\":\"WebSite\",\"@id\":\"https:\/\/www.nettali.com\/#website\",\"url\":\"https:\/\/www.nettali.com\/\",\"name\":\"Nettali.com\",\"description\":\"Le rendez-vous critique du Net\",\"potentialAction\":[{\"@type\":\"SearchAction\",\"target\":{\"@type\":\"EntryPoint\",\"urlTemplate\":\"https:\/\/www.nettali.com\/?s={search_term_string}\"},\"query-input\":\"required name=search_term_string\"}],\"inLanguage\":\"fr-FR\"},{\"@type\":\"ImageObject\",\"@id\":\"https:\/\/www.nettali.com\/2024\/02\/26\/en-coulisses-ouattara-rend-un-vibrant-hommage-a-macky-sall\/#primaryimage\",\"inLanguage\":\"fr-FR\",\"url\":\"https:\/\/www.nettali.com\/wp-content\/uploads\/2024\/02\/70F07D10-A5AB-4D75-8A4B-189F107F1656.jpeg\",\"contentUrl\":\"https:\/\/www.nettali.com\/wp-content\/uploads\/2024\/02\/70F07D10-A5AB-4D75-8A4B-189F107F1656.jpeg\",\"width\":1800,\"height\":1200},{\"@type\":\"WebPage\",\"@id\":\"https:\/\/www.nettali.com\/2024\/02\/26\/en-coulisses-ouattara-rend-un-vibrant-hommage-a-macky-sall\/#webpage\",\"url\":\"https:\/\/www.nettali.com\/2024\/02\/26\/en-coulisses-ouattara-rend-un-vibrant-hommage-a-macky-sall\/\",\"name\":\"EN COULISSES - Ouattara rend un vibrant hommage \\u00e0 Macky Sall | Nettali.com\",\"isPartOf\":{\"@id\":\"https:\/\/www.nettali.com\/#website\"},\"primaryImageOfPage\":{\"@id\":\"https:\/\/www.nettali.com\/2024\/02\/26\/en-coulisses-ouattara-rend-un-vibrant-hommage-a-macky-sall\/#primaryimage\"},\"datePublished\":\"2024-02-26T08:07:54+00:00\",\"dateModified\":\"2024-02-26T08:07:54+00:00\",\"author\":{\"@id\":\"https:\/\/www.nettali.com\/#\/schema\/person\/d8ac7b7e27ddad43f1c0d2ef090d7f71\"},\"breadcrumb\":{\"@id\":\"https:\/\/www.nettali.com\/2024\/02\/26\/en-coulisses-ouattara-rend-un-vibrant-hommage-a-macky-sall\/#breadcrumb\"},\"inLanguage\":\"fr-FR\",\"potentialAction\":[{\"@type\":\"ReadAction\",\"target\":[\"https:\/\/www.nettali.com\/2024\/02\/26\/en-coulisses-ouattara-rend-un-vibrant-hommage-a-macky-sall\/\"]}]},{\"@type\":\"BreadcrumbList\",\"@id\":\"https:\/\/www.nettali.com\/2024\/02\/26\/en-coulisses-ouattara-rend-un-vibrant-hommage-a-macky-sall\/#breadcrumb\",\"itemListElement\":[{\"@type\":\"ListItem\",\"position\":1,\"name\":\"Accueil\",\"item\":\"https:\/\/www.nettali.com\/\"},{\"@type\":\"ListItem\",\"position\":2,\"name\":\"EN COULISSES - Ouattara rend un vibrant hommage \\u00e0 Macky Sall\"}]},{\"@type\":\"Person\",\"@id\":\"https:\/\/www.nettali.com\/#\/schema\/person\/d8ac7b7e27ddad43f1c0d2ef090d7f71\",\"name\":\"CK\",\"image\":{\"@type\":\"ImageObject\",\"@id\":\"https:\/\/www.nettali.com\/#personlogo\",\"inLanguage\":\"fr-FR\",\"url\":\"https:\/\/secure.gravatar.com\/avatar\/1d8d5118b9327d94da7cd4ce7f17fec2?s=96&d=mm&r=g\",\"contentUrl\":\"https:\/\/secure.gravatar.com\/avatar\/1d8d5118b9327d94da7cd4ce7f17fec2?s=96&d=mm&r=g\",\"caption\":\"CK\"},\"sameAs\":[\"https:\/\/www.nettali.com\"]}]}<\/script>\n<!-- \/ Yoast SEO Premium plugin. -->","yoast_head_json":{"title":"EN COULISSES - Ouattara rend un vibrant hommage \u00e0 Macky Sall | Nettali.com","robots":{"index":"index","follow":"follow","max-snippet":"max-snippet:-1","max-image-preview":"max-image-preview:large","max-video-preview":"max-video-preview:-1"},"canonical":"https:\/\/www.nettali.com\/2024\/02\/26\/en-coulisses-ouattara-rend-un-vibrant-hommage-a-macky-sall\/","og_locale":"fr_FR","og_type":"article","og_title":"EN COULISSES - Ouattara rend un vibrant hommage \u00e0 Macky Sall","og_description":"NETTALI.COM - Lors du sommet de la CEDEAO tenu samedi 24 f\u00e9vrier a\u0300 Abuja, le pre\u0301sident de la Co\u0302te d\u2019Ivoire, Alassane D. Ouattara, a rendu un vibrant hommage au pre\u0301sident Macky Sall. \"Ce sommet de\u0301cisif comme vous le savez, est e\u0301galement le dernier auquel participe notre fre\u0300re Macky Sall, en qualite\u0301 de pre\u0301sident de la [&hellip;]","og_url":"https:\/\/www.nettali.com\/2024\/02\/26\/en-coulisses-ouattara-rend-un-vibrant-hommage-a-macky-sall\/","og_site_name":"Nettali.com","article_publisher":"https:\/\/www.facebook.com\/nettalicom","article_published_time":"2024-02-26T08:07:54+00:00","og_image":[{"width":1800,"height":1200,"url":"https:\/\/www.nettali.com\/wp-content\/uploads\/2024\/02\/70F07D10-A5AB-4D75-8A4B-189F107F1656.jpeg","type":"image\/jpeg"}],"twitter_card":"summary_large_image","twitter_misc":{"\u00c9crit par":"CK","Dur\u00e9e de lecture estim\u00e9e":"1 minute"},"schema":{"@context":"https:\/\/schema.org","@graph":[{"@type":"WebSite","@id":"https:\/\/www.nettali.com\/#website","url":"https:\/\/www.nettali.com\/","name":"Nettali.com","description":"Le rendez-vous critique du Net","potentialAction":[{"@type":"SearchAction","target":{"@type":"EntryPoint","urlTemplate":"https:\/\/www.nettali.com\/?s={search_term_string}"},"query-input":"required name=search_term_string"}],"inLanguage":"fr-FR"},{"@type":"ImageObject","@id":"https:\/\/www.nettali.com\/2024\/02\/26\/en-coulisses-ouattara-rend-un-vibrant-hommage-a-macky-sall\/#primaryimage","inLanguage":"fr-FR","url":"https:\/\/www.nettali.com\/wp-content\/uploads\/2024\/02\/70F07D10-A5AB-4D75-8A4B-189F107F1656.jpeg","contentUrl":"https:\/\/www.nettali.com\/wp-content\/uploads\/2024\/02\/70F07D10-A5AB-4D75-8A4B-189F107F1656.jpeg","width":1800,"height":1200},{"@type":"WebPage","@id":"https:\/\/www.nettali.com\/2024\/02\/26\/en-coulisses-ouattara-rend-un-vibrant-hommage-a-macky-sall\/#webpage","url":"https:\/\/www.nettali.com\/2024\/02\/26\/en-coulisses-ouattara-rend-un-vibrant-hommage-a-macky-sall\/","name":"EN COULISSES - Ouattara rend un vibrant hommage \u00e0 Macky Sall | Nettali.com","isPartOf":{"@id":"https:\/\/www.nettali.com\/#website"},"primaryImageOfPage":{"@id":"https:\/\/www.nettali.com\/2024\/02\/26\/en-coulisses-ouattara-rend-un-vibrant-hommage-a-macky-sall\/#primaryimage"},"datePublished":"2024-02-26T08:07:54+00:00","dateModified":"2024-02-26T08:07:54+00:00","author":{"@id":"https:\/\/www.nettali.com\/#\/schema\/person\/d8ac7b7e27ddad43f1c0d2ef090d7f71"},"breadcrumb":{"@id":"https:\/\/www.nettali.com\/2024\/02\/26\/en-coulisses-ouattara-rend-un-vibrant-hommage-a-macky-sall\/#breadcrumb"},"inLanguage":"fr-FR","potentialAction":[{"@type":"ReadAction","target":["https:\/\/www.nettali.com\/2024\/02\/26\/en-coulisses-ouattara-rend-un-vibrant-hommage-a-macky-sall\/"]}]},{"@type":"BreadcrumbList","@id":"https:\/\/www.nettali.com\/2024\/02\/26\/en-coulisses-ouattara-rend-un-vibrant-hommage-a-macky-sall\/#breadcrumb","itemListElement":[{"@type":"ListItem","position":1,"name":"Accueil","item":"https:\/\/www.nettali.com\/"},{"@type":"ListItem","position":2,"name":"EN COULISSES - Ouattara rend un vibrant hommage \u00e0 Macky Sall"}]},{"@type":"Person","@id":"https:\/\/www.nettali.com\/#\/schema\/person\/d8ac7b7e27ddad43f1c0d2ef090d7f71","name":"CK","image":{"@type":"ImageObject","@id":"https:\/\/www.nettali.com\/#personlogo","inLanguage":"fr-FR","url":"https:\/\/secure.gravatar.com\/avatar\/1d8d5118b9327d94da7cd4ce7f17fec2?s=96&d=mm&r=g","contentUrl":"https:\/\/secure.gravatar.com\/avatar\/1d8d5118b9327d94da7cd4ce7f17fec2?s=96&d=mm&r=g","caption":"CK"},"sameAs":["https:\/\/www.nettali.com"]}]}},"_links":{"self":[{"href":"https:\/\/www.nettali.com\/rest\/wp\/v2\/posts\/128241"}],"collection":[{"href":"https:\/\/www.nettali.com\/rest\/wp\/v2\/posts"}],"about":[{"href":"https:\/\/www.nettali.com\/rest\/wp\/v2\/types\/post"}],"author":[{"embeddable":true,"href":"https:\/\/www.nettali.com\/rest\/wp\/v2\/users\/2"}],"replies":[{"embeddable":true,"href":"https:\/\/www.nettali.com\/rest\/wp\/v2\/comments?post=128241"}],"version-history":[{"count":1,"href":"https:\/\/www.nettali.com\/rest\/wp\/v2\/posts\/128241\/revisions"}],"predecessor-version":[{"id":128243,"href":"https:\/\/www.nettali.com\/rest\/wp\/v2\/posts\/128241\/revisions\/128243"}],"wp:featuredmedia":[{"embeddable":true,"href":"https:\/\/www.nettali.com\/rest\/wp\/v2\/media\/128242"}],"wp:attachment":[{"href":"https:\/\/www.nettali.com\/rest\/wp\/v2\/media?parent=128241"}],"wp:term":[{"taxonomy":"category","embeddable":true,"href":"https:\/\/www.nettali.com\/rest\/wp\/v2\/categories?post=128241"},{"taxonomy":"post_tag","embeddable":true,"href":"https:\/\/www.nettali.com\/rest\/wp\/v2\/tags?post=128241"}],"curies":[{"name":"wp","href":"https:\/\/api.w.org\/{rel}","templated":true}]}}