{"id":128224,"date":"2024-02-25T20:10:33","date_gmt":"2024-02-25T20:10:33","guid":{"rendered":"https:\/\/www.nettali.com\/?p=128224"},"modified":"2024-02-25T20:10:33","modified_gmt":"2024-02-25T20:10:33","slug":"loi-damnistie-me-mame-adama-gueye-dit-niet","status":"publish","type":"post","link":"https:\/\/www.nettali.com\/2024\/02\/25\/loi-damnistie-me-mame-adama-gueye-dit-niet\/","title":{"rendered":"LOI D'AMNISTIE - Me Mame Adama Gu\u00e8ye dit niet"},"content":{"rendered":"<p><strong>NETTALI.COM - Me Mame Adama Gu\u00e8ye est contre toute amnistie au d\u00e9tour de simples consid\u00e9rations politiques. Invit\u00e9 de l\u2019\u00e9mission Grand Jury, ce dimanche 25 f\u00e9vrier, l'ancien pr\u00e9sident du Forum Civil, estime que toutes ces personnes qui ont \u00e9t\u00e9 arr\u00eat\u00e9es n\u2019ont pas besoin d\u2019amnistie.<\/strong><\/p>\n<p>\"<em>Qu\u2019on prenne des d\u00e9cisions de non-lieu point, c\u2019est termin\u00e9. Qu\u2019on arr\u00eate les poursuites<\/em>\", a-t-il indiqu\u00e9.<\/p>\n<p>Une amnistie a une dimension th\u00e9rapeutique et une dimension p\u00e9dagogique, c\u2019est l\u2019avis de l\u2019avocat Me Mame Adama Gu\u00e8ye, invit\u00e9 \u00e0 donner son point de vue sur la loi d\u2019amnistie annonc\u00e9e par le chef de l\u2019Etat, Macky Sall.<\/p>\n<p>Toutefois, l\u2019invit\u00e9 de l\u2019\u00e9mission Grand Jury, estime qu\u2019 \"<em>aujourd\u2019hui, avant de parler d\u2019amnistie, il faut d\u2019abord prendre du recul. Sur tous ceux qu\u2019on a arr\u00eat\u00e9, il y a des gens qui ont commis des d\u00e9lits tr\u00e8s graves, mais il y a beaucoup de gens qui ont \u00e9t\u00e9 arr\u00eat\u00e9s pour des d\u00e9lits d\u2019opinions, avec des qualifications incroyables sur leurs dos par le procureur pour obtenir leur mis sous mandat de d\u00e9p\u00f4t. Il faut d\u2019abord qu\u2019on r\u00e9gularise tout \u00e7a<\/em>\", a-t-il demand\u00e9.<\/p>\n<p>A ce titre, l\u2019avocat trouve que \"<em>toutes ces personnes qui ont \u00e9t\u00e9 arr\u00eat\u00e9es n\u2019ont pas besoin d\u2019amnistie. Voil\u00e0, qu\u2019on prenne des d\u00e9cisions de non-lieu point. C\u2019est termin\u00e9. Qu\u2019on arr\u00eate les poursuites. On n\u2019a pas besoin d\u2019amnistie pour \u00e7a<\/em>.\"<\/p>\n<p>Cependant, dit l\u2019ancien pr\u00e9sident du forum civil \"<em>il s\u2019est pass\u00e9 des choses tr\u00e8s graves dans ce pays. Il y a des dizaines et des dizaines de morts. On a identifi\u00e9 des milices dans les manifestations. La police a \u00e9t\u00e9 prise en flagrant d\u00e9lit de d\u00e9sinformation sur la pr\u00e9sence de milices ou pas. Mais ce sont des questions fondamentales avant de parler d\u2019amnistie il faut qu\u2019on int\u00e8gre cette dimension th\u00e9rapeutique et p\u00e9dagogique. Il faut qu\u2019on sache qu\u2019est-ce qui s\u2019est pass\u00e9. Qui sont les responsables. Des dizaines et des dizaines de vies, ce n\u2019est pas n\u00e9gligeable, pour que d\u2019un coup de plume on dit voil\u00e0, c\u2019est fini on n\u2019en parle plus.<\/em>\"<\/p>\n<p>\"<em>Nous voulons savoir comment \u00e7a se fait dans notre pays qu\u2019au sein des forces de l\u2019ordre, il y a des milices qui les accompagnent. On a vu un s\u00e9n\u00e9galais jeune, (Pape Abdoulaye Tour\u00e9) tortur\u00e9 par des milices, d\u00e9pos\u00e9 \u00e0 la gendarmerie qui l\u2019a re\u00e7u. Les conditions de r\u00e9pression des manifestants par des forces de l\u2019ordre, ce sont des questions qu\u2019il faut qu\u2019on discute. Donc, une amnistie comme \u00e7a au d\u00e9tour de simples consid\u00e9rations politiques moi, je ne suis pas d\u2019accord. Il faut faire une amnistie s\u00e9rieuse<\/em>\", a fait savoir Me Adama Gueye sur les ondes de la RFM.<\/p>\n<div class='share-to-whatsapp-wrapper'><div class='share-on-whsp'>PARTAGER SUR : <\/div><a data-text='LOI D'AMNISTIE - Me Mame Adama Gu\u00e8ye dit niet' data-link='https:\/\/www.nettali.com\/2024\/02\/25\/loi-damnistie-me-mame-adama-gueye-dit-niet\/' class='whatsapp-button whatsapp-share'>WhatsApp<\/a><div class='clear '><\/div><\/div>","protected":false},"excerpt":{"rendered":"<p>NETTALI.COM - Me Mame Adama Gu\u00e8ye est contre toute amnistie au d\u00e9tour de simples consid\u00e9rations politiques. Invit\u00e9 de l\u2019\u00e9mission Grand Jury, ce dimanche 25 f\u00e9vrier, l'ancien pr\u00e9sident du Forum Civil, estime que toutes ces personnes qui ont \u00e9t\u00e9 arr\u00eat\u00e9es n\u2019ont pas besoin d\u2019amnistie. \"Qu\u2019on prenne des d\u00e9cisions de non-lieu point, c\u2019est termin\u00e9. Qu\u2019on arr\u00eate les [&hellip;]<\/p>\n","protected":false},"author":5,"featured_media":128209,"comment_status":"open","ping_status":"open","sticky":false,"template":"","format":"standard","meta":{"_et_pb_use_builder":"","_et_pb_old_content":""},"categories":[2],"tags":[],"yoast_head":"<!-- This site is optimized with the Yoast SEO Premium plugin v17.8 (Yoast SEO v17.8) - https:\/\/yoast.com\/wordpress\/plugins\/seo\/ -->\n<title>LOI D&#039;AMNISTIE - Me Mame Adama Gu\u00e8ye dit niet | Nettali.com<\/title>\n<meta name=\"robots\" content=\"index, follow, max-snippet:-1, max-image-preview:large, max-video-preview:-1\" \/>\n<link rel=\"canonical\" href=\"https:\/\/www.nettali.com\/2024\/02\/25\/loi-damnistie-me-mame-adama-gueye-dit-niet\/\" \/>\n<meta property=\"og:locale\" content=\"fr_FR\" \/>\n<meta property=\"og:type\" content=\"article\" \/>\n<meta property=\"og:title\" content=\"LOI D&#039;AMNISTIE - Me Mame Adama Gu\u00e8ye dit niet\" \/>\n<meta property=\"og:description\" content=\"NETTALI.COM - Me Mame Adama Gu\u00e8ye est contre toute amnistie au d\u00e9tour de simples consid\u00e9rations politiques. Invit\u00e9 de l\u2019\u00e9mission Grand Jury, ce dimanche 25 f\u00e9vrier, l&#039;ancien pr\u00e9sident du Forum Civil, estime que toutes ces personnes qui ont \u00e9t\u00e9 arr\u00eat\u00e9es n\u2019ont pas besoin d\u2019amnistie. &quot;Qu\u2019on prenne des d\u00e9cisions de non-lieu point, c\u2019est termin\u00e9. Qu\u2019on arr\u00eate les [&hellip;]\" \/>\n<meta property=\"og:url\" content=\"https:\/\/www.nettali.com\/2024\/02\/25\/loi-damnistie-me-mame-adama-gueye-dit-niet\/\" \/>\n<meta property=\"og:site_name\" content=\"Nettali.com\" \/>\n<meta property=\"article:publisher\" content=\"https:\/\/www.facebook.com\/nettalicom\" \/>\n<meta property=\"article:published_time\" content=\"2024-02-25T20:10:33+00:00\" \/>\n<meta property=\"og:image\" content=\"https:\/\/www.nettali.com\/wp-content\/uploads\/2024\/02\/mag_1.jpg\" \/>\n\t<meta property=\"og:image:width\" content=\"800\" \/>\n\t<meta property=\"og:image:height\" content=\"504\" \/>\n<meta name=\"twitter:card\" content=\"summary_large_image\" \/>\n<meta name=\"twitter:label1\" content=\"\u00c9crit par\" \/>\n\t<meta name=\"twitter:data1\" content=\"Ibrahima\" \/>\n\t<meta name=\"twitter:label2\" content=\"Dur\u00e9e de lecture estim\u00e9e\" \/>\n\t<meta name=\"twitter:data2\" content=\"3 minutes\" \/>\n<script type=\"application\/ld+json\" class=\"yoast-schema-graph\">{\"@context\":\"https:\/\/schema.org\",\"@graph\":[{\"@type\":\"WebSite\",\"@id\":\"https:\/\/www.nettali.com\/#website\",\"url\":\"https:\/\/www.nettali.com\/\",\"name\":\"Nettali.com\",\"description\":\"Le rendez-vous critique du Net\",\"potentialAction\":[{\"@type\":\"SearchAction\",\"target\":{\"@type\":\"EntryPoint\",\"urlTemplate\":\"https:\/\/www.nettali.com\/?s={search_term_string}\"},\"query-input\":\"required name=search_term_string\"}],\"inLanguage\":\"fr-FR\"},{\"@type\":\"ImageObject\",\"@id\":\"https:\/\/www.nettali.com\/2024\/02\/25\/loi-damnistie-me-mame-adama-gueye-dit-niet\/#primaryimage\",\"inLanguage\":\"fr-FR\",\"url\":\"https:\/\/www.nettali.com\/wp-content\/uploads\/2024\/02\/mag_1.jpg\",\"contentUrl\":\"https:\/\/www.nettali.com\/wp-content\/uploads\/2024\/02\/mag_1.jpg\",\"width\":800,\"height\":504},{\"@type\":\"WebPage\",\"@id\":\"https:\/\/www.nettali.com\/2024\/02\/25\/loi-damnistie-me-mame-adama-gueye-dit-niet\/#webpage\",\"url\":\"https:\/\/www.nettali.com\/2024\/02\/25\/loi-damnistie-me-mame-adama-gueye-dit-niet\/\",\"name\":\"LOI D'AMNISTIE - Me Mame Adama Gu\\u00e8ye dit niet | Nettali.com\",\"isPartOf\":{\"@id\":\"https:\/\/www.nettali.com\/#website\"},\"primaryImageOfPage\":{\"@id\":\"https:\/\/www.nettali.com\/2024\/02\/25\/loi-damnistie-me-mame-adama-gueye-dit-niet\/#primaryimage\"},\"datePublished\":\"2024-02-25T20:10:33+00:00\",\"dateModified\":\"2024-02-25T20:10:33+00:00\",\"author\":{\"@id\":\"https:\/\/www.nettali.com\/#\/schema\/person\/bb147657c2986240405a608162b9bb23\"},\"breadcrumb\":{\"@id\":\"https:\/\/www.nettali.com\/2024\/02\/25\/loi-damnistie-me-mame-adama-gueye-dit-niet\/#breadcrumb\"},\"inLanguage\":\"fr-FR\",\"potentialAction\":[{\"@type\":\"ReadAction\",\"target\":[\"https:\/\/www.nettali.com\/2024\/02\/25\/loi-damnistie-me-mame-adama-gueye-dit-niet\/\"]}]},{\"@type\":\"BreadcrumbList\",\"@id\":\"https:\/\/www.nettali.com\/2024\/02\/25\/loi-damnistie-me-mame-adama-gueye-dit-niet\/#breadcrumb\",\"itemListElement\":[{\"@type\":\"ListItem\",\"position\":1,\"name\":\"Accueil\",\"item\":\"https:\/\/www.nettali.com\/\"},{\"@type\":\"ListItem\",\"position\":2,\"name\":\"LOI D'AMNISTIE - Me Mame Adama Gu\\u00e8ye dit niet\"}]},{\"@type\":\"Person\",\"@id\":\"https:\/\/www.nettali.com\/#\/schema\/person\/bb147657c2986240405a608162b9bb23\",\"name\":\"Ibrahima\",\"image\":{\"@type\":\"ImageObject\",\"@id\":\"https:\/\/www.nettali.com\/#personlogo\",\"inLanguage\":\"fr-FR\",\"url\":\"https:\/\/secure.gravatar.com\/avatar\/26a8a81f09f0dd7624c9d5c36c9ba3a2?s=96&d=mm&r=g\",\"contentUrl\":\"https:\/\/secure.gravatar.com\/avatar\/26a8a81f09f0dd7624c9d5c36c9ba3a2?s=96&d=mm&r=g\",\"caption\":\"Ibrahima\"},\"sameAs\":[\"https:\/\/www.nettali.com\"]}]}<\/script>\n<!-- \/ Yoast SEO Premium plugin. -->","yoast_head_json":{"title":"LOI D'AMNISTIE - Me Mame Adama Gu\u00e8ye dit niet | Nettali.com","robots":{"index":"index","follow":"follow","max-snippet":"max-snippet:-1","max-image-preview":"max-image-preview:large","max-video-preview":"max-video-preview:-1"},"canonical":"https:\/\/www.nettali.com\/2024\/02\/25\/loi-damnistie-me-mame-adama-gueye-dit-niet\/","og_locale":"fr_FR","og_type":"article","og_title":"LOI D'AMNISTIE - Me Mame Adama Gu\u00e8ye dit niet","og_description":"NETTALI.COM - Me Mame Adama Gu\u00e8ye est contre toute amnistie au d\u00e9tour de simples consid\u00e9rations politiques. Invit\u00e9 de l\u2019\u00e9mission Grand Jury, ce dimanche 25 f\u00e9vrier, l'ancien pr\u00e9sident du Forum Civil, estime que toutes ces personnes qui ont \u00e9t\u00e9 arr\u00eat\u00e9es n\u2019ont pas besoin d\u2019amnistie. \"Qu\u2019on prenne des d\u00e9cisions de non-lieu point, c\u2019est termin\u00e9. Qu\u2019on arr\u00eate les [&hellip;]","og_url":"https:\/\/www.nettali.com\/2024\/02\/25\/loi-damnistie-me-mame-adama-gueye-dit-niet\/","og_site_name":"Nettali.com","article_publisher":"https:\/\/www.facebook.com\/nettalicom","article_published_time":"2024-02-25T20:10:33+00:00","og_image":[{"width":800,"height":504,"url":"https:\/\/www.nettali.com\/wp-content\/uploads\/2024\/02\/mag_1.jpg","type":"image\/jpeg"}],"twitter_card":"summary_large_image","twitter_misc":{"\u00c9crit par":"Ibrahima","Dur\u00e9e de lecture estim\u00e9e":"3 minutes"},"schema":{"@context":"https:\/\/schema.org","@graph":[{"@type":"WebSite","@id":"https:\/\/www.nettali.com\/#website","url":"https:\/\/www.nettali.com\/","name":"Nettali.com","description":"Le rendez-vous critique du Net","potentialAction":[{"@type":"SearchAction","target":{"@type":"EntryPoint","urlTemplate":"https:\/\/www.nettali.com\/?s={search_term_string}"},"query-input":"required name=search_term_string"}],"inLanguage":"fr-FR"},{"@type":"ImageObject","@id":"https:\/\/www.nettali.com\/2024\/02\/25\/loi-damnistie-me-mame-adama-gueye-dit-niet\/#primaryimage","inLanguage":"fr-FR","url":"https:\/\/www.nettali.com\/wp-content\/uploads\/2024\/02\/mag_1.jpg","contentUrl":"https:\/\/www.nettali.com\/wp-content\/uploads\/2024\/02\/mag_1.jpg","width":800,"height":504},{"@type":"WebPage","@id":"https:\/\/www.nettali.com\/2024\/02\/25\/loi-damnistie-me-mame-adama-gueye-dit-niet\/#webpage","url":"https:\/\/www.nettali.com\/2024\/02\/25\/loi-damnistie-me-mame-adama-gueye-dit-niet\/","name":"LOI D'AMNISTIE - Me Mame Adama Gu\u00e8ye dit niet | Nettali.com","isPartOf":{"@id":"https:\/\/www.nettali.com\/#website"},"primaryImageOfPage":{"@id":"https:\/\/www.nettali.com\/2024\/02\/25\/loi-damnistie-me-mame-adama-gueye-dit-niet\/#primaryimage"},"datePublished":"2024-02-25T20:10:33+00:00","dateModified":"2024-02-25T20:10:33+00:00","author":{"@id":"https:\/\/www.nettali.com\/#\/schema\/person\/bb147657c2986240405a608162b9bb23"},"breadcrumb":{"@id":"https:\/\/www.nettali.com\/2024\/02\/25\/loi-damnistie-me-mame-adama-gueye-dit-niet\/#breadcrumb"},"inLanguage":"fr-FR","potentialAction":[{"@type":"ReadAction","target":["https:\/\/www.nettali.com\/2024\/02\/25\/loi-damnistie-me-mame-adama-gueye-dit-niet\/"]}]},{"@type":"BreadcrumbList","@id":"https:\/\/www.nettali.com\/2024\/02\/25\/loi-damnistie-me-mame-adama-gueye-dit-niet\/#breadcrumb","itemListElement":[{"@type":"ListItem","position":1,"name":"Accueil","item":"https:\/\/www.nettali.com\/"},{"@type":"ListItem","position":2,"name":"LOI D'AMNISTIE - Me Mame Adama Gu\u00e8ye dit niet"}]},{"@type":"Person","@id":"https:\/\/www.nettali.com\/#\/schema\/person\/bb147657c2986240405a608162b9bb23","name":"Ibrahima","image":{"@type":"ImageObject","@id":"https:\/\/www.nettali.com\/#personlogo","inLanguage":"fr-FR","url":"https:\/\/secure.gravatar.com\/avatar\/26a8a81f09f0dd7624c9d5c36c9ba3a2?s=96&d=mm&r=g","contentUrl":"https:\/\/secure.gravatar.com\/avatar\/26a8a81f09f0dd7624c9d5c36c9ba3a2?s=96&d=mm&r=g","caption":"Ibrahima"},"sameAs":["https:\/\/www.nettali.com"]}]}},"_links":{"self":[{"href":"https:\/\/www.nettali.com\/rest\/wp\/v2\/posts\/128224"}],"collection":[{"href":"https:\/\/www.nettali.com\/rest\/wp\/v2\/posts"}],"about":[{"href":"https:\/\/www.nettali.com\/rest\/wp\/v2\/types\/post"}],"author":[{"embeddable":true,"href":"https:\/\/www.nettali.com\/rest\/wp\/v2\/users\/5"}],"replies":[{"embeddable":true,"href":"https:\/\/www.nettali.com\/rest\/wp\/v2\/comments?post=128224"}],"version-history":[{"count":3,"href":"https:\/\/www.nettali.com\/rest\/wp\/v2\/posts\/128224\/revisions"}],"predecessor-version":[{"id":128233,"href":"https:\/\/www.nettali.com\/rest\/wp\/v2\/posts\/128224\/revisions\/128233"}],"wp:featuredmedia":[{"embeddable":true,"href":"https:\/\/www.nettali.com\/rest\/wp\/v2\/media\/128209"}],"wp:attachment":[{"href":"https:\/\/www.nettali.com\/rest\/wp\/v2\/media?parent=128224"}],"wp:term":[{"taxonomy":"category","embeddable":true,"href":"https:\/\/www.nettali.com\/rest\/wp\/v2\/categories?post=128224"},{"taxonomy":"post_tag","embeddable":true,"href":"https:\/\/www.nettali.com\/rest\/wp\/v2\/tags?post=128224"}],"curies":[{"name":"wp","href":"https:\/\/api.w.org\/{rel}","templated":true}]}}