{"id":128208,"date":"2024-02-25T16:21:31","date_gmt":"2024-02-25T16:21:31","guid":{"rendered":"https:\/\/www.nettali.com\/?p=128208"},"modified":"2024-02-25T16:21:31","modified_gmt":"2024-02-25T16:21:31","slug":"me-mame-adama-gueye-macky-sall-a-rate-loccasion-de-sortir-par-la-grande-porte","status":"publish","type":"post","link":"https:\/\/www.nettali.com\/2024\/02\/25\/me-mame-adama-gueye-macky-sall-a-rate-loccasion-de-sortir-par-la-grande-porte\/","title":{"rendered":"ME MAME ADAMA GU\u00c8YE - \"Macky Sall a rat\u00e9 l'occasion de sortir par la grande porte\""},"content":{"rendered":"<p><strong>NETTALI.COM - Invite de l'\u00e9mission \"Grand Jury\", Mame Adama Gueye dit s'\u00eatre r\u00e9veill\u00e9 ce 25 f\u00e9vrier avec \"<em>un sentiment d'amertume<\/em>\". Ce dimanche, les S\u00e9n\u00e9galais devaient aller aux urnes pour le premier tour de l\u2019\u00e9lection pr\u00e9sidentielle. Un jour qui, selon la robe noire, \"<em>sera marqu\u00e9 dans les pages noires de l'histoire du S\u00e9n\u00e9gal\". Des pages noires dans lesquelles \"le nom de Macky Sall figurera de mani\u00e8re ind\u00e9l\u00e9bile<\/em>\", regrette l\u2019un des fondateurs du Forum civil.<\/strong><\/p>\n<p>Me Mame Adama Gu\u00e8ye estime que Macky Sall vient de rater \"<em>l'occasion de sortir par la grande porte<\/em>\" et ce, de mani\u00e8re d\u00e9finitive. Et pourtant, poursuit-il, avec son renoncement \u00e0 un troisi\u00e8me mandat, il avait quelque peu regagn\u00e9 la consid\u00e9ration des S\u00e9n\u00e9galais. Mais, il l\u2019a d\u00e9finitivement \"<em>perdu\" quand il a \"commenc\u00e9 \u00e0 jouer avec nos institutions<\/em>\", selon l\u2019ancien b\u00e2tonnier de l'Ordre des Avocats.<\/p>\n<p>Toutefois, Mame Adama Gueye semble ne pas \u00eatre surpris. Il affirme que \"<em>la d\u00e9mocratie n'est pas dans l'Adn du pr\u00e9sident Macky Sall\" et que \"son mandat a \u00e9t\u00e9 marqu\u00e9 par une r\u00e9gression<\/em>\" dans ce domaine.<\/p>\n<p>A ce titre, il juge n\u00e9gatif le bilan immat\u00e9riel du Chef de l'\u00c9tat. \"<em>Ce qui frappe dans la gouvernance de Macky Sall c'est que sur le plan du bilan immat\u00e9riel c'est 0, c'est n\u00e9gatif<\/em>\", a-t-il d\u00e9clar\u00e9.<\/p>\n<p>Concernant la volont\u00e9 de Macky Sall de partir apr\u00e8s le 2 avril, Me Mame Adama Gu\u00e8ye estime qu'il n'y a rien d'h\u00e9ro\u00efque parce que \"<em>c'est la fin de son mandat<\/em>\". \"<em>Il n'a pas le choix et est oblig\u00e9 de partir<\/em>\", a-t-il poursuivi. Mame Adama Gueye n'a pas manqu\u00e9 de pr\u00e9ciser que cette question fait partie des \"<em>dispositions intangibles de la Constitution<\/em>\".<\/p>\n<div class='share-to-whatsapp-wrapper'><div class='share-on-whsp'>PARTAGER SUR : <\/div><a data-text='ME MAME ADAMA GU\u00c8YE - \"Macky Sall a rat\u00e9 l'occasion de sortir par la grande porte\"' data-link='https:\/\/www.nettali.com\/2024\/02\/25\/me-mame-adama-gueye-macky-sall-a-rate-loccasion-de-sortir-par-la-grande-porte\/' class='whatsapp-button whatsapp-share'>WhatsApp<\/a><div class='clear '><\/div><\/div>","protected":false},"excerpt":{"rendered":"<p>NETTALI.COM - Invite de l'\u00e9mission \"Grand Jury\", Mame Adama Gueye dit s'\u00eatre r\u00e9veill\u00e9 ce 25 f\u00e9vrier avec \"un sentiment d'amertume\". Ce dimanche, les S\u00e9n\u00e9galais devaient aller aux urnes pour le premier tour de l\u2019\u00e9lection pr\u00e9sidentielle. Un jour qui, selon la robe noire, \"sera marqu\u00e9 dans les pages noires de l'histoire du S\u00e9n\u00e9gal\". Des pages noires [&hellip;]<\/p>\n","protected":false},"author":5,"featured_media":128211,"comment_status":"open","ping_status":"open","sticky":false,"template":"","format":"standard","meta":{"_et_pb_use_builder":"","_et_pb_old_content":""},"categories":[2],"tags":[],"yoast_head":"<!-- This site is optimized with the Yoast SEO Premium plugin v17.8 (Yoast SEO v17.8) - https:\/\/yoast.com\/wordpress\/plugins\/seo\/ -->\n<title>ME MAME ADAMA GU\u00c8YE - &quot;Macky Sall a rat\u00e9 l&#039;occasion de sortir par la grande porte&quot; | Nettali.com<\/title>\n<meta name=\"robots\" content=\"index, follow, max-snippet:-1, max-image-preview:large, max-video-preview:-1\" \/>\n<link rel=\"canonical\" href=\"https:\/\/www.nettali.com\/2024\/02\/25\/me-mame-adama-gueye-macky-sall-a-rate-loccasion-de-sortir-par-la-grande-porte\/\" \/>\n<meta property=\"og:locale\" content=\"fr_FR\" \/>\n<meta property=\"og:type\" content=\"article\" \/>\n<meta property=\"og:title\" content=\"ME MAME ADAMA GU\u00c8YE - &quot;Macky Sall a rat\u00e9 l&#039;occasion de sortir par la grande porte&quot;\" \/>\n<meta property=\"og:description\" content=\"NETTALI.COM - Invite de l&#039;\u00e9mission &quot;Grand Jury&quot;, Mame Adama Gueye dit s&#039;\u00eatre r\u00e9veill\u00e9 ce 25 f\u00e9vrier avec &quot;un sentiment d&#039;amertume&quot;. Ce dimanche, les S\u00e9n\u00e9galais devaient aller aux urnes pour le premier tour de l\u2019\u00e9lection pr\u00e9sidentielle. Un jour qui, selon la robe noire, &quot;sera marqu\u00e9 dans les pages noires de l&#039;histoire du S\u00e9n\u00e9gal&quot;. Des pages noires [&hellip;]\" \/>\n<meta property=\"og:url\" content=\"https:\/\/www.nettali.com\/2024\/02\/25\/me-mame-adama-gueye-macky-sall-a-rate-loccasion-de-sortir-par-la-grande-porte\/\" \/>\n<meta property=\"og:site_name\" content=\"Nettali.com\" \/>\n<meta property=\"article:publisher\" content=\"https:\/\/www.facebook.com\/nettalicom\" \/>\n<meta property=\"article:published_time\" content=\"2024-02-25T16:21:31+00:00\" \/>\n<meta property=\"og:image\" content=\"https:\/\/www.nettali.com\/wp-content\/uploads\/2024\/02\/single-mag.jpg\" \/>\n\t<meta property=\"og:image:width\" content=\"900\" \/>\n\t<meta property=\"og:image:height\" content=\"500\" \/>\n<meta name=\"twitter:card\" content=\"summary_large_image\" \/>\n<meta name=\"twitter:label1\" content=\"\u00c9crit par\" \/>\n\t<meta name=\"twitter:data1\" content=\"Ibrahima\" \/>\n\t<meta name=\"twitter:label2\" content=\"Dur\u00e9e de lecture estim\u00e9e\" \/>\n\t<meta name=\"twitter:data2\" content=\"2 minutes\" \/>\n<script type=\"application\/ld+json\" class=\"yoast-schema-graph\">{\"@context\":\"https:\/\/schema.org\",\"@graph\":[{\"@type\":\"WebSite\",\"@id\":\"https:\/\/www.nettali.com\/#website\",\"url\":\"https:\/\/www.nettali.com\/\",\"name\":\"Nettali.com\",\"description\":\"Le rendez-vous critique du Net\",\"potentialAction\":[{\"@type\":\"SearchAction\",\"target\":{\"@type\":\"EntryPoint\",\"urlTemplate\":\"https:\/\/www.nettali.com\/?s={search_term_string}\"},\"query-input\":\"required name=search_term_string\"}],\"inLanguage\":\"fr-FR\"},{\"@type\":\"ImageObject\",\"@id\":\"https:\/\/www.nettali.com\/2024\/02\/25\/me-mame-adama-gueye-macky-sall-a-rate-loccasion-de-sortir-par-la-grande-porte\/#primaryimage\",\"inLanguage\":\"fr-FR\",\"url\":\"https:\/\/www.nettali.com\/wp-content\/uploads\/2024\/02\/single-mag.jpg\",\"contentUrl\":\"https:\/\/www.nettali.com\/wp-content\/uploads\/2024\/02\/single-mag.jpg\",\"width\":900,\"height\":500},{\"@type\":\"WebPage\",\"@id\":\"https:\/\/www.nettali.com\/2024\/02\/25\/me-mame-adama-gueye-macky-sall-a-rate-loccasion-de-sortir-par-la-grande-porte\/#webpage\",\"url\":\"https:\/\/www.nettali.com\/2024\/02\/25\/me-mame-adama-gueye-macky-sall-a-rate-loccasion-de-sortir-par-la-grande-porte\/\",\"name\":\"ME MAME ADAMA GU\\u00c8YE - \\\"Macky Sall a rat\\u00e9 l'occasion de sortir par la grande porte\\\" | Nettali.com\",\"isPartOf\":{\"@id\":\"https:\/\/www.nettali.com\/#website\"},\"primaryImageOfPage\":{\"@id\":\"https:\/\/www.nettali.com\/2024\/02\/25\/me-mame-adama-gueye-macky-sall-a-rate-loccasion-de-sortir-par-la-grande-porte\/#primaryimage\"},\"datePublished\":\"2024-02-25T16:21:31+00:00\",\"dateModified\":\"2024-02-25T16:21:31+00:00\",\"author\":{\"@id\":\"https:\/\/www.nettali.com\/#\/schema\/person\/bb147657c2986240405a608162b9bb23\"},\"breadcrumb\":{\"@id\":\"https:\/\/www.nettali.com\/2024\/02\/25\/me-mame-adama-gueye-macky-sall-a-rate-loccasion-de-sortir-par-la-grande-porte\/#breadcrumb\"},\"inLanguage\":\"fr-FR\",\"potentialAction\":[{\"@type\":\"ReadAction\",\"target\":[\"https:\/\/www.nettali.com\/2024\/02\/25\/me-mame-adama-gueye-macky-sall-a-rate-loccasion-de-sortir-par-la-grande-porte\/\"]}]},{\"@type\":\"BreadcrumbList\",\"@id\":\"https:\/\/www.nettali.com\/2024\/02\/25\/me-mame-adama-gueye-macky-sall-a-rate-loccasion-de-sortir-par-la-grande-porte\/#breadcrumb\",\"itemListElement\":[{\"@type\":\"ListItem\",\"position\":1,\"name\":\"Accueil\",\"item\":\"https:\/\/www.nettali.com\/\"},{\"@type\":\"ListItem\",\"position\":2,\"name\":\"ME MAME ADAMA GU\\u00c8YE - \\\"Macky Sall a rat\\u00e9 l'occasion de sortir par la grande porte\\\"\"}]},{\"@type\":\"Person\",\"@id\":\"https:\/\/www.nettali.com\/#\/schema\/person\/bb147657c2986240405a608162b9bb23\",\"name\":\"Ibrahima\",\"image\":{\"@type\":\"ImageObject\",\"@id\":\"https:\/\/www.nettali.com\/#personlogo\",\"inLanguage\":\"fr-FR\",\"url\":\"https:\/\/secure.gravatar.com\/avatar\/26a8a81f09f0dd7624c9d5c36c9ba3a2?s=96&d=mm&r=g\",\"contentUrl\":\"https:\/\/secure.gravatar.com\/avatar\/26a8a81f09f0dd7624c9d5c36c9ba3a2?s=96&d=mm&r=g\",\"caption\":\"Ibrahima\"},\"sameAs\":[\"https:\/\/www.nettali.com\"]}]}<\/script>\n<!-- \/ Yoast SEO Premium plugin. -->","yoast_head_json":{"title":"ME MAME ADAMA GU\u00c8YE - \"Macky Sall a rat\u00e9 l'occasion de sortir par la grande porte\" | Nettali.com","robots":{"index":"index","follow":"follow","max-snippet":"max-snippet:-1","max-image-preview":"max-image-preview:large","max-video-preview":"max-video-preview:-1"},"canonical":"https:\/\/www.nettali.com\/2024\/02\/25\/me-mame-adama-gueye-macky-sall-a-rate-loccasion-de-sortir-par-la-grande-porte\/","og_locale":"fr_FR","og_type":"article","og_title":"ME MAME ADAMA GU\u00c8YE - \"Macky Sall a rat\u00e9 l'occasion de sortir par la grande porte\"","og_description":"NETTALI.COM - Invite de l'\u00e9mission \"Grand Jury\", Mame Adama Gueye dit s'\u00eatre r\u00e9veill\u00e9 ce 25 f\u00e9vrier avec \"un sentiment d'amertume\". Ce dimanche, les S\u00e9n\u00e9galais devaient aller aux urnes pour le premier tour de l\u2019\u00e9lection pr\u00e9sidentielle. Un jour qui, selon la robe noire, \"sera marqu\u00e9 dans les pages noires de l'histoire du S\u00e9n\u00e9gal\". Des pages noires [&hellip;]","og_url":"https:\/\/www.nettali.com\/2024\/02\/25\/me-mame-adama-gueye-macky-sall-a-rate-loccasion-de-sortir-par-la-grande-porte\/","og_site_name":"Nettali.com","article_publisher":"https:\/\/www.facebook.com\/nettalicom","article_published_time":"2024-02-25T16:21:31+00:00","og_image":[{"width":900,"height":500,"url":"https:\/\/www.nettali.com\/wp-content\/uploads\/2024\/02\/single-mag.jpg","type":"image\/jpeg"}],"twitter_card":"summary_large_image","twitter_misc":{"\u00c9crit par":"Ibrahima","Dur\u00e9e de lecture estim\u00e9e":"2 minutes"},"schema":{"@context":"https:\/\/schema.org","@graph":[{"@type":"WebSite","@id":"https:\/\/www.nettali.com\/#website","url":"https:\/\/www.nettali.com\/","name":"Nettali.com","description":"Le rendez-vous critique du Net","potentialAction":[{"@type":"SearchAction","target":{"@type":"EntryPoint","urlTemplate":"https:\/\/www.nettali.com\/?s={search_term_string}"},"query-input":"required name=search_term_string"}],"inLanguage":"fr-FR"},{"@type":"ImageObject","@id":"https:\/\/www.nettali.com\/2024\/02\/25\/me-mame-adama-gueye-macky-sall-a-rate-loccasion-de-sortir-par-la-grande-porte\/#primaryimage","inLanguage":"fr-FR","url":"https:\/\/www.nettali.com\/wp-content\/uploads\/2024\/02\/single-mag.jpg","contentUrl":"https:\/\/www.nettali.com\/wp-content\/uploads\/2024\/02\/single-mag.jpg","width":900,"height":500},{"@type":"WebPage","@id":"https:\/\/www.nettali.com\/2024\/02\/25\/me-mame-adama-gueye-macky-sall-a-rate-loccasion-de-sortir-par-la-grande-porte\/#webpage","url":"https:\/\/www.nettali.com\/2024\/02\/25\/me-mame-adama-gueye-macky-sall-a-rate-loccasion-de-sortir-par-la-grande-porte\/","name":"ME MAME ADAMA GU\u00c8YE - \"Macky Sall a rat\u00e9 l'occasion de sortir par la grande porte\" | Nettali.com","isPartOf":{"@id":"https:\/\/www.nettali.com\/#website"},"primaryImageOfPage":{"@id":"https:\/\/www.nettali.com\/2024\/02\/25\/me-mame-adama-gueye-macky-sall-a-rate-loccasion-de-sortir-par-la-grande-porte\/#primaryimage"},"datePublished":"2024-02-25T16:21:31+00:00","dateModified":"2024-02-25T16:21:31+00:00","author":{"@id":"https:\/\/www.nettali.com\/#\/schema\/person\/bb147657c2986240405a608162b9bb23"},"breadcrumb":{"@id":"https:\/\/www.nettali.com\/2024\/02\/25\/me-mame-adama-gueye-macky-sall-a-rate-loccasion-de-sortir-par-la-grande-porte\/#breadcrumb"},"inLanguage":"fr-FR","potentialAction":[{"@type":"ReadAction","target":["https:\/\/www.nettali.com\/2024\/02\/25\/me-mame-adama-gueye-macky-sall-a-rate-loccasion-de-sortir-par-la-grande-porte\/"]}]},{"@type":"BreadcrumbList","@id":"https:\/\/www.nettali.com\/2024\/02\/25\/me-mame-adama-gueye-macky-sall-a-rate-loccasion-de-sortir-par-la-grande-porte\/#breadcrumb","itemListElement":[{"@type":"ListItem","position":1,"name":"Accueil","item":"https:\/\/www.nettali.com\/"},{"@type":"ListItem","position":2,"name":"ME MAME ADAMA GU\u00c8YE - \"Macky Sall a rat\u00e9 l'occasion de sortir par la grande porte\""}]},{"@type":"Person","@id":"https:\/\/www.nettali.com\/#\/schema\/person\/bb147657c2986240405a608162b9bb23","name":"Ibrahima","image":{"@type":"ImageObject","@id":"https:\/\/www.nettali.com\/#personlogo","inLanguage":"fr-FR","url":"https:\/\/secure.gravatar.com\/avatar\/26a8a81f09f0dd7624c9d5c36c9ba3a2?s=96&d=mm&r=g","contentUrl":"https:\/\/secure.gravatar.com\/avatar\/26a8a81f09f0dd7624c9d5c36c9ba3a2?s=96&d=mm&r=g","caption":"Ibrahima"},"sameAs":["https:\/\/www.nettali.com"]}]}},"_links":{"self":[{"href":"https:\/\/www.nettali.com\/rest\/wp\/v2\/posts\/128208"}],"collection":[{"href":"https:\/\/www.nettali.com\/rest\/wp\/v2\/posts"}],"about":[{"href":"https:\/\/www.nettali.com\/rest\/wp\/v2\/types\/post"}],"author":[{"embeddable":true,"href":"https:\/\/www.nettali.com\/rest\/wp\/v2\/users\/5"}],"replies":[{"embeddable":true,"href":"https:\/\/www.nettali.com\/rest\/wp\/v2\/comments?post=128208"}],"version-history":[{"count":3,"href":"https:\/\/www.nettali.com\/rest\/wp\/v2\/posts\/128208\/revisions"}],"predecessor-version":[{"id":128219,"href":"https:\/\/www.nettali.com\/rest\/wp\/v2\/posts\/128208\/revisions\/128219"}],"wp:featuredmedia":[{"embeddable":true,"href":"https:\/\/www.nettali.com\/rest\/wp\/v2\/media\/128211"}],"wp:attachment":[{"href":"https:\/\/www.nettali.com\/rest\/wp\/v2\/media?parent=128208"}],"wp:term":[{"taxonomy":"category","embeddable":true,"href":"https:\/\/www.nettali.com\/rest\/wp\/v2\/categories?post=128208"},{"taxonomy":"post_tag","embeddable":true,"href":"https:\/\/www.nettali.com\/rest\/wp\/v2\/tags?post=128208"}],"curies":[{"name":"wp","href":"https:\/\/api.w.org\/{rel}","templated":true}]}}