{"id":128174,"date":"2024-02-24T09:08:34","date_gmt":"2024-02-24T09:08:34","guid":{"rendered":"https:\/\/www.nettali.com\/?p=128174"},"modified":"2024-02-24T09:08:34","modified_gmt":"2024-02-24T09:08:34","slug":"al-ittihad-benzema-demonte-les-rumeurs","status":"publish","type":"post","link":"https:\/\/www.nettali.com\/2024\/02\/24\/al-ittihad-benzema-demonte-les-rumeurs\/","title":{"rendered":"AL-ITTIHAD - Benzema de\u0301monte les rumeurs !"},"content":{"rendered":"<div class=\"page\" title=\"Page 11\">\n<div class=\"section\">\n<div class=\"layoutArea\">\n<div class=\"column\">\n<p><strong>NETTALI.COM -<\/strong> Lors du 8e de finale retour de la Ligue des Champions asiatique contre Navbahor Namangan (2-1) jeudi, l'attaquant d'Al-Ittihad Karim Benzema (36 ans) a re\u0301alise\u0301 son retour a\u0300 la compe\u0301tition. A cette occasion, le Franc\u0327ais a pris la parole pour de\u0301monter toutes les rumeurs autour de sa situation personnelle ces dernie\u0300res semaines.<\/p>\n<p>\"<em>Je n'ai aucun proble\u0300me avec l'entrai\u0302neur (Marcelo Gallardo, ndlr). Tout ce qui a e\u0301te\u0301 dit est un mensonge. Je suis heureux a\u0300 Al-Ittihad. Ce qui a e\u0301te\u0301 dit, a\u0300 savoir que je voulais retourner en Europe en hiver, est un mensonge<\/em>\", a insiste\u0301 l'ancien joueur du Real Madrid devant les me\u0301dias.<\/p>\n<p>Une mise au point suffisante pour stopper les pole\u0301miques autour de Benzema en Arabie saoudite ?<\/p>\n<\/div>\n<\/div>\n<\/div>\n<\/div>\n<div class='share-to-whatsapp-wrapper'><div class='share-on-whsp'>PARTAGER SUR : <\/div><a data-text='AL-ITTIHAD - Benzema de\u0301monte les rumeurs !' data-link='https:\/\/www.nettali.com\/2024\/02\/24\/al-ittihad-benzema-demonte-les-rumeurs\/' class='whatsapp-button whatsapp-share'>WhatsApp<\/a><div class='clear '><\/div><\/div>","protected":false},"excerpt":{"rendered":"<p>NETTALI.COM - Lors du 8e de finale retour de la Ligue des Champions asiatique contre Navbahor Namangan (2-1) jeudi, l'attaquant d'Al-Ittihad Karim Benzema (36 ans) a re\u0301alise\u0301 son retour a\u0300 la compe\u0301tition. A cette occasion, le Franc\u0327ais a pris la parole pour de\u0301monter toutes les rumeurs autour de sa situation personnelle ces dernie\u0300res semaines. \"Je [&hellip;]<\/p>\n","protected":false},"author":2,"featured_media":128175,"comment_status":"open","ping_status":"open","sticky":false,"template":"","format":"standard","meta":{"_et_pb_use_builder":"","_et_pb_old_content":""},"categories":[2],"tags":[],"yoast_head":"<!-- This site is optimized with the Yoast SEO Premium plugin v17.8 (Yoast SEO v17.8) - https:\/\/yoast.com\/wordpress\/plugins\/seo\/ -->\n<title>AL-ITTIHAD - Benzema de\u0301monte les rumeurs ! | Nettali.com<\/title>\n<meta name=\"robots\" content=\"index, follow, max-snippet:-1, max-image-preview:large, max-video-preview:-1\" \/>\n<link rel=\"canonical\" href=\"https:\/\/www.nettali.com\/2024\/02\/24\/al-ittihad-benzema-demonte-les-rumeurs\/\" \/>\n<meta property=\"og:locale\" content=\"fr_FR\" \/>\n<meta property=\"og:type\" content=\"article\" \/>\n<meta property=\"og:title\" content=\"AL-ITTIHAD - Benzema de\u0301monte les rumeurs !\" \/>\n<meta property=\"og:description\" content=\"NETTALI.COM - Lors du 8e de finale retour de la Ligue des Champions asiatique contre Navbahor Namangan (2-1) jeudi, l&#039;attaquant d&#039;Al-Ittihad Karim Benzema (36 ans) a re\u0301alise\u0301 son retour a\u0300 la compe\u0301tition. A cette occasion, le Franc\u0327ais a pris la parole pour de\u0301monter toutes les rumeurs autour de sa situation personnelle ces dernie\u0300res semaines. &quot;Je [&hellip;]\" \/>\n<meta property=\"og:url\" content=\"https:\/\/www.nettali.com\/2024\/02\/24\/al-ittihad-benzema-demonte-les-rumeurs\/\" \/>\n<meta property=\"og:site_name\" content=\"Nettali.com\" \/>\n<meta property=\"article:publisher\" content=\"https:\/\/www.facebook.com\/nettalicom\" \/>\n<meta property=\"article:published_time\" content=\"2024-02-24T09:08:34+00:00\" \/>\n<meta property=\"og:image\" content=\"https:\/\/www.nettali.com\/wp-content\/uploads\/2024\/02\/d6ae507c-afb4-41dc-8147-cf6888e6e916.jpeg\" \/>\n\t<meta property=\"og:image:width\" content=\"900\" \/>\n\t<meta property=\"og:image:height\" content=\"600\" \/>\n<meta name=\"twitter:card\" content=\"summary_large_image\" \/>\n<meta name=\"twitter:label1\" content=\"\u00c9crit par\" \/>\n\t<meta name=\"twitter:data1\" content=\"CK\" \/>\n\t<meta name=\"twitter:label2\" content=\"Dur\u00e9e de lecture estim\u00e9e\" \/>\n\t<meta name=\"twitter:data2\" content=\"1 minute\" \/>\n<script type=\"application\/ld+json\" class=\"yoast-schema-graph\">{\"@context\":\"https:\/\/schema.org\",\"@graph\":[{\"@type\":\"WebSite\",\"@id\":\"https:\/\/www.nettali.com\/#website\",\"url\":\"https:\/\/www.nettali.com\/\",\"name\":\"Nettali.com\",\"description\":\"Le rendez-vous critique du Net\",\"potentialAction\":[{\"@type\":\"SearchAction\",\"target\":{\"@type\":\"EntryPoint\",\"urlTemplate\":\"https:\/\/www.nettali.com\/?s={search_term_string}\"},\"query-input\":\"required name=search_term_string\"}],\"inLanguage\":\"fr-FR\"},{\"@type\":\"ImageObject\",\"@id\":\"https:\/\/www.nettali.com\/2024\/02\/24\/al-ittihad-benzema-demonte-les-rumeurs\/#primaryimage\",\"inLanguage\":\"fr-FR\",\"url\":\"https:\/\/www.nettali.com\/wp-content\/uploads\/2024\/02\/d6ae507c-afb4-41dc-8147-cf6888e6e916.jpeg\",\"contentUrl\":\"https:\/\/www.nettali.com\/wp-content\/uploads\/2024\/02\/d6ae507c-afb4-41dc-8147-cf6888e6e916.jpeg\",\"width\":900,\"height\":600},{\"@type\":\"WebPage\",\"@id\":\"https:\/\/www.nettali.com\/2024\/02\/24\/al-ittihad-benzema-demonte-les-rumeurs\/#webpage\",\"url\":\"https:\/\/www.nettali.com\/2024\/02\/24\/al-ittihad-benzema-demonte-les-rumeurs\/\",\"name\":\"AL-ITTIHAD - Benzema de\\u0301monte les rumeurs ! | Nettali.com\",\"isPartOf\":{\"@id\":\"https:\/\/www.nettali.com\/#website\"},\"primaryImageOfPage\":{\"@id\":\"https:\/\/www.nettali.com\/2024\/02\/24\/al-ittihad-benzema-demonte-les-rumeurs\/#primaryimage\"},\"datePublished\":\"2024-02-24T09:08:34+00:00\",\"dateModified\":\"2024-02-24T09:08:34+00:00\",\"author\":{\"@id\":\"https:\/\/www.nettali.com\/#\/schema\/person\/d8ac7b7e27ddad43f1c0d2ef090d7f71\"},\"breadcrumb\":{\"@id\":\"https:\/\/www.nettali.com\/2024\/02\/24\/al-ittihad-benzema-demonte-les-rumeurs\/#breadcrumb\"},\"inLanguage\":\"fr-FR\",\"potentialAction\":[{\"@type\":\"ReadAction\",\"target\":[\"https:\/\/www.nettali.com\/2024\/02\/24\/al-ittihad-benzema-demonte-les-rumeurs\/\"]}]},{\"@type\":\"BreadcrumbList\",\"@id\":\"https:\/\/www.nettali.com\/2024\/02\/24\/al-ittihad-benzema-demonte-les-rumeurs\/#breadcrumb\",\"itemListElement\":[{\"@type\":\"ListItem\",\"position\":1,\"name\":\"Accueil\",\"item\":\"https:\/\/www.nettali.com\/\"},{\"@type\":\"ListItem\",\"position\":2,\"name\":\"AL-ITTIHAD - Benzema de\\u0301monte les rumeurs !\"}]},{\"@type\":\"Person\",\"@id\":\"https:\/\/www.nettali.com\/#\/schema\/person\/d8ac7b7e27ddad43f1c0d2ef090d7f71\",\"name\":\"CK\",\"image\":{\"@type\":\"ImageObject\",\"@id\":\"https:\/\/www.nettali.com\/#personlogo\",\"inLanguage\":\"fr-FR\",\"url\":\"https:\/\/secure.gravatar.com\/avatar\/1d8d5118b9327d94da7cd4ce7f17fec2?s=96&d=mm&r=g\",\"contentUrl\":\"https:\/\/secure.gravatar.com\/avatar\/1d8d5118b9327d94da7cd4ce7f17fec2?s=96&d=mm&r=g\",\"caption\":\"CK\"},\"sameAs\":[\"https:\/\/www.nettali.com\"]}]}<\/script>\n<!-- \/ Yoast SEO Premium plugin. -->","yoast_head_json":{"title":"AL-ITTIHAD - Benzema de\u0301monte les rumeurs ! | Nettali.com","robots":{"index":"index","follow":"follow","max-snippet":"max-snippet:-1","max-image-preview":"max-image-preview:large","max-video-preview":"max-video-preview:-1"},"canonical":"https:\/\/www.nettali.com\/2024\/02\/24\/al-ittihad-benzema-demonte-les-rumeurs\/","og_locale":"fr_FR","og_type":"article","og_title":"AL-ITTIHAD - Benzema de\u0301monte les rumeurs !","og_description":"NETTALI.COM - Lors du 8e de finale retour de la Ligue des Champions asiatique contre Navbahor Namangan (2-1) jeudi, l'attaquant d'Al-Ittihad Karim Benzema (36 ans) a re\u0301alise\u0301 son retour a\u0300 la compe\u0301tition. A cette occasion, le Franc\u0327ais a pris la parole pour de\u0301monter toutes les rumeurs autour de sa situation personnelle ces dernie\u0300res semaines. \"Je [&hellip;]","og_url":"https:\/\/www.nettali.com\/2024\/02\/24\/al-ittihad-benzema-demonte-les-rumeurs\/","og_site_name":"Nettali.com","article_publisher":"https:\/\/www.facebook.com\/nettalicom","article_published_time":"2024-02-24T09:08:34+00:00","og_image":[{"width":900,"height":600,"url":"https:\/\/www.nettali.com\/wp-content\/uploads\/2024\/02\/d6ae507c-afb4-41dc-8147-cf6888e6e916.jpeg","type":"image\/jpeg"}],"twitter_card":"summary_large_image","twitter_misc":{"\u00c9crit par":"CK","Dur\u00e9e de lecture estim\u00e9e":"1 minute"},"schema":{"@context":"https:\/\/schema.org","@graph":[{"@type":"WebSite","@id":"https:\/\/www.nettali.com\/#website","url":"https:\/\/www.nettali.com\/","name":"Nettali.com","description":"Le rendez-vous critique du Net","potentialAction":[{"@type":"SearchAction","target":{"@type":"EntryPoint","urlTemplate":"https:\/\/www.nettali.com\/?s={search_term_string}"},"query-input":"required name=search_term_string"}],"inLanguage":"fr-FR"},{"@type":"ImageObject","@id":"https:\/\/www.nettali.com\/2024\/02\/24\/al-ittihad-benzema-demonte-les-rumeurs\/#primaryimage","inLanguage":"fr-FR","url":"https:\/\/www.nettali.com\/wp-content\/uploads\/2024\/02\/d6ae507c-afb4-41dc-8147-cf6888e6e916.jpeg","contentUrl":"https:\/\/www.nettali.com\/wp-content\/uploads\/2024\/02\/d6ae507c-afb4-41dc-8147-cf6888e6e916.jpeg","width":900,"height":600},{"@type":"WebPage","@id":"https:\/\/www.nettali.com\/2024\/02\/24\/al-ittihad-benzema-demonte-les-rumeurs\/#webpage","url":"https:\/\/www.nettali.com\/2024\/02\/24\/al-ittihad-benzema-demonte-les-rumeurs\/","name":"AL-ITTIHAD - Benzema de\u0301monte les rumeurs ! | Nettali.com","isPartOf":{"@id":"https:\/\/www.nettali.com\/#website"},"primaryImageOfPage":{"@id":"https:\/\/www.nettali.com\/2024\/02\/24\/al-ittihad-benzema-demonte-les-rumeurs\/#primaryimage"},"datePublished":"2024-02-24T09:08:34+00:00","dateModified":"2024-02-24T09:08:34+00:00","author":{"@id":"https:\/\/www.nettali.com\/#\/schema\/person\/d8ac7b7e27ddad43f1c0d2ef090d7f71"},"breadcrumb":{"@id":"https:\/\/www.nettali.com\/2024\/02\/24\/al-ittihad-benzema-demonte-les-rumeurs\/#breadcrumb"},"inLanguage":"fr-FR","potentialAction":[{"@type":"ReadAction","target":["https:\/\/www.nettali.com\/2024\/02\/24\/al-ittihad-benzema-demonte-les-rumeurs\/"]}]},{"@type":"BreadcrumbList","@id":"https:\/\/www.nettali.com\/2024\/02\/24\/al-ittihad-benzema-demonte-les-rumeurs\/#breadcrumb","itemListElement":[{"@type":"ListItem","position":1,"name":"Accueil","item":"https:\/\/www.nettali.com\/"},{"@type":"ListItem","position":2,"name":"AL-ITTIHAD - Benzema de\u0301monte les rumeurs !"}]},{"@type":"Person","@id":"https:\/\/www.nettali.com\/#\/schema\/person\/d8ac7b7e27ddad43f1c0d2ef090d7f71","name":"CK","image":{"@type":"ImageObject","@id":"https:\/\/www.nettali.com\/#personlogo","inLanguage":"fr-FR","url":"https:\/\/secure.gravatar.com\/avatar\/1d8d5118b9327d94da7cd4ce7f17fec2?s=96&d=mm&r=g","contentUrl":"https:\/\/secure.gravatar.com\/avatar\/1d8d5118b9327d94da7cd4ce7f17fec2?s=96&d=mm&r=g","caption":"CK"},"sameAs":["https:\/\/www.nettali.com"]}]}},"_links":{"self":[{"href":"https:\/\/www.nettali.com\/rest\/wp\/v2\/posts\/128174"}],"collection":[{"href":"https:\/\/www.nettali.com\/rest\/wp\/v2\/posts"}],"about":[{"href":"https:\/\/www.nettali.com\/rest\/wp\/v2\/types\/post"}],"author":[{"embeddable":true,"href":"https:\/\/www.nettali.com\/rest\/wp\/v2\/users\/2"}],"replies":[{"embeddable":true,"href":"https:\/\/www.nettali.com\/rest\/wp\/v2\/comments?post=128174"}],"version-history":[{"count":1,"href":"https:\/\/www.nettali.com\/rest\/wp\/v2\/posts\/128174\/revisions"}],"predecessor-version":[{"id":128176,"href":"https:\/\/www.nettali.com\/rest\/wp\/v2\/posts\/128174\/revisions\/128176"}],"wp:featuredmedia":[{"embeddable":true,"href":"https:\/\/www.nettali.com\/rest\/wp\/v2\/media\/128175"}],"wp:attachment":[{"href":"https:\/\/www.nettali.com\/rest\/wp\/v2\/media?parent=128174"}],"wp:term":[{"taxonomy":"category","embeddable":true,"href":"https:\/\/www.nettali.com\/rest\/wp\/v2\/categories?post=128174"},{"taxonomy":"post_tag","embeddable":true,"href":"https:\/\/www.nettali.com\/rest\/wp\/v2\/tags?post=128174"}],"curies":[{"name":"wp","href":"https:\/\/api.w.org\/{rel}","templated":true}]}}