{"id":128127,"date":"2024-02-23T14:32:34","date_gmt":"2024-02-23T14:32:34","guid":{"rendered":"https:\/\/www.nettali.com\/?p=128127"},"modified":"2024-02-23T14:32:34","modified_gmt":"2024-02-23T14:32:34","slug":"en-coulisses-macky-sall-senvole-pour-abuja","status":"publish","type":"post","link":"https:\/\/www.nettali.com\/2024\/02\/23\/en-coulisses-macky-sall-senvole-pour-abuja\/","title":{"rendered":"EN COULISSES - Macky Sall s'envole pour Abuja"},"content":{"rendered":"<p>NETTALI.COM -\u00a0 Apr\u00e8s l'entretien accord\u00e9 ce jeudi \u00e0 quatre m\u00e9dias nationaux (Rts, Le Soleil, Itv et Seneweb), le pr\u00e9sident de la R\u00e9publique, Macky Sall, a pris l'avion ce vendredi.<\/p>\n<p>Le Pr\u00e9sident Macky Sall a quitt\u00e9 Dakar pour Abuja, au Nigeria, afin de participer au sommet extraordinaire de la CEDEAO demain. L'occasion d'\u00e9valuer la situation politique et s\u00e9curitaire apr\u00e8s le retrait du Mali, du Burkina Faso et du Niger de la CEDEAO.<\/p>\n<div class='share-to-whatsapp-wrapper'><div class='share-on-whsp'>PARTAGER SUR : <\/div><a data-text='EN COULISSES - Macky Sall s'envole pour Abuja' data-link='https:\/\/www.nettali.com\/2024\/02\/23\/en-coulisses-macky-sall-senvole-pour-abuja\/' class='whatsapp-button whatsapp-share'>WhatsApp<\/a><div class='clear '><\/div><\/div>","protected":false},"excerpt":{"rendered":"<p>NETTALI.COM -\u00a0 Apr\u00e8s l'entretien accord\u00e9 ce jeudi \u00e0 quatre m\u00e9dias nationaux (Rts, Le Soleil, Itv et Seneweb), le pr\u00e9sident de la R\u00e9publique, Macky Sall, a pris l'avion ce vendredi. Le Pr\u00e9sident Macky Sall a quitt\u00e9 Dakar pour Abuja, au Nigeria, afin de participer au sommet extraordinaire de la CEDEAO demain. L'occasion d'\u00e9valuer la situation politique [&hellip;]<\/p>\n","protected":false},"author":4,"featured_media":128128,"comment_status":"open","ping_status":"open","sticky":false,"template":"","format":"standard","meta":{"_et_pb_use_builder":"","_et_pb_old_content":""},"categories":[34945],"tags":[],"yoast_head":"<!-- This site is optimized with the Yoast SEO Premium plugin v17.8 (Yoast SEO v17.8) - https:\/\/yoast.com\/wordpress\/plugins\/seo\/ -->\n<title>EN COULISSES - Macky Sall s&#039;envole pour Abuja | Nettali.com<\/title>\n<meta name=\"robots\" content=\"index, follow, max-snippet:-1, max-image-preview:large, max-video-preview:-1\" \/>\n<link rel=\"canonical\" href=\"https:\/\/www.nettali.com\/2024\/02\/23\/en-coulisses-macky-sall-senvole-pour-abuja\/\" \/>\n<meta property=\"og:locale\" content=\"fr_FR\" \/>\n<meta property=\"og:type\" content=\"article\" \/>\n<meta property=\"og:title\" content=\"EN COULISSES - Macky Sall s&#039;envole pour Abuja\" \/>\n<meta property=\"og:description\" content=\"NETTALI.COM -\u00a0 Apr\u00e8s l&#039;entretien accord\u00e9 ce jeudi \u00e0 quatre m\u00e9dias nationaux (Rts, Le Soleil, Itv et Seneweb), le pr\u00e9sident de la R\u00e9publique, Macky Sall, a pris l&#039;avion ce vendredi. Le Pr\u00e9sident Macky Sall a quitt\u00e9 Dakar pour Abuja, au Nigeria, afin de participer au sommet extraordinaire de la CEDEAO demain. L&#039;occasion d&#039;\u00e9valuer la situation politique [&hellip;]\" \/>\n<meta property=\"og:url\" content=\"https:\/\/www.nettali.com\/2024\/02\/23\/en-coulisses-macky-sall-senvole-pour-abuja\/\" \/>\n<meta property=\"og:site_name\" content=\"Nettali.com\" \/>\n<meta property=\"article:publisher\" content=\"https:\/\/www.facebook.com\/nettalicom\" \/>\n<meta property=\"article:published_time\" content=\"2024-02-23T14:32:34+00:00\" \/>\n<meta property=\"og:image\" content=\"https:\/\/www.nettali.com\/wp-content\/uploads\/2024\/02\/Macky-voyage.jpeg\" \/>\n\t<meta property=\"og:image:width\" content=\"1280\" \/>\n\t<meta property=\"og:image:height\" content=\"834\" \/>\n<meta name=\"twitter:card\" content=\"summary_large_image\" \/>\n<meta name=\"twitter:label1\" content=\"\u00c9crit par\" \/>\n\t<meta name=\"twitter:data1\" content=\"Daouda\" \/>\n\t<meta name=\"twitter:label2\" content=\"Dur\u00e9e de lecture estim\u00e9e\" \/>\n\t<meta name=\"twitter:data2\" content=\"1 minute\" \/>\n<script type=\"application\/ld+json\" class=\"yoast-schema-graph\">{\"@context\":\"https:\/\/schema.org\",\"@graph\":[{\"@type\":\"WebSite\",\"@id\":\"https:\/\/www.nettali.com\/#website\",\"url\":\"https:\/\/www.nettali.com\/\",\"name\":\"Nettali.com\",\"description\":\"Le rendez-vous critique du Net\",\"potentialAction\":[{\"@type\":\"SearchAction\",\"target\":{\"@type\":\"EntryPoint\",\"urlTemplate\":\"https:\/\/www.nettali.com\/?s={search_term_string}\"},\"query-input\":\"required name=search_term_string\"}],\"inLanguage\":\"fr-FR\"},{\"@type\":\"ImageObject\",\"@id\":\"https:\/\/www.nettali.com\/2024\/02\/23\/en-coulisses-macky-sall-senvole-pour-abuja\/#primaryimage\",\"inLanguage\":\"fr-FR\",\"url\":\"https:\/\/www.nettali.com\/wp-content\/uploads\/2024\/02\/Macky-voyage.jpeg\",\"contentUrl\":\"https:\/\/www.nettali.com\/wp-content\/uploads\/2024\/02\/Macky-voyage.jpeg\",\"width\":1280,\"height\":834},{\"@type\":\"WebPage\",\"@id\":\"https:\/\/www.nettali.com\/2024\/02\/23\/en-coulisses-macky-sall-senvole-pour-abuja\/#webpage\",\"url\":\"https:\/\/www.nettali.com\/2024\/02\/23\/en-coulisses-macky-sall-senvole-pour-abuja\/\",\"name\":\"EN COULISSES - Macky Sall s'envole pour Abuja | Nettali.com\",\"isPartOf\":{\"@id\":\"https:\/\/www.nettali.com\/#website\"},\"primaryImageOfPage\":{\"@id\":\"https:\/\/www.nettali.com\/2024\/02\/23\/en-coulisses-macky-sall-senvole-pour-abuja\/#primaryimage\"},\"datePublished\":\"2024-02-23T14:32:34+00:00\",\"dateModified\":\"2024-02-23T14:32:34+00:00\",\"author\":{\"@id\":\"https:\/\/www.nettali.com\/#\/schema\/person\/3317e0bb3aa1da309fbf7b2780901bf4\"},\"breadcrumb\":{\"@id\":\"https:\/\/www.nettali.com\/2024\/02\/23\/en-coulisses-macky-sall-senvole-pour-abuja\/#breadcrumb\"},\"inLanguage\":\"fr-FR\",\"potentialAction\":[{\"@type\":\"ReadAction\",\"target\":[\"https:\/\/www.nettali.com\/2024\/02\/23\/en-coulisses-macky-sall-senvole-pour-abuja\/\"]}]},{\"@type\":\"BreadcrumbList\",\"@id\":\"https:\/\/www.nettali.com\/2024\/02\/23\/en-coulisses-macky-sall-senvole-pour-abuja\/#breadcrumb\",\"itemListElement\":[{\"@type\":\"ListItem\",\"position\":1,\"name\":\"Accueil\",\"item\":\"https:\/\/www.nettali.com\/\"},{\"@type\":\"ListItem\",\"position\":2,\"name\":\"EN COULISSES - Macky Sall s'envole pour Abuja\"}]},{\"@type\":\"Person\",\"@id\":\"https:\/\/www.nettali.com\/#\/schema\/person\/3317e0bb3aa1da309fbf7b2780901bf4\",\"name\":\"Daouda\",\"image\":{\"@type\":\"ImageObject\",\"@id\":\"https:\/\/www.nettali.com\/#personlogo\",\"inLanguage\":\"fr-FR\",\"url\":\"https:\/\/secure.gravatar.com\/avatar\/8d143b5a49345098ddcfee1c49c2f47c?s=96&d=mm&r=g\",\"contentUrl\":\"https:\/\/secure.gravatar.com\/avatar\/8d143b5a49345098ddcfee1c49c2f47c?s=96&d=mm&r=g\",\"caption\":\"Daouda\"},\"sameAs\":[\"https:\/\/www.nettali.com\"]}]}<\/script>\n<!-- \/ Yoast SEO Premium plugin. -->","yoast_head_json":{"title":"EN COULISSES - Macky Sall s'envole pour Abuja | Nettali.com","robots":{"index":"index","follow":"follow","max-snippet":"max-snippet:-1","max-image-preview":"max-image-preview:large","max-video-preview":"max-video-preview:-1"},"canonical":"https:\/\/www.nettali.com\/2024\/02\/23\/en-coulisses-macky-sall-senvole-pour-abuja\/","og_locale":"fr_FR","og_type":"article","og_title":"EN COULISSES - Macky Sall s'envole pour Abuja","og_description":"NETTALI.COM -\u00a0 Apr\u00e8s l'entretien accord\u00e9 ce jeudi \u00e0 quatre m\u00e9dias nationaux (Rts, Le Soleil, Itv et Seneweb), le pr\u00e9sident de la R\u00e9publique, Macky Sall, a pris l'avion ce vendredi. Le Pr\u00e9sident Macky Sall a quitt\u00e9 Dakar pour Abuja, au Nigeria, afin de participer au sommet extraordinaire de la CEDEAO demain. L'occasion d'\u00e9valuer la situation politique [&hellip;]","og_url":"https:\/\/www.nettali.com\/2024\/02\/23\/en-coulisses-macky-sall-senvole-pour-abuja\/","og_site_name":"Nettali.com","article_publisher":"https:\/\/www.facebook.com\/nettalicom","article_published_time":"2024-02-23T14:32:34+00:00","og_image":[{"width":1280,"height":834,"url":"https:\/\/www.nettali.com\/wp-content\/uploads\/2024\/02\/Macky-voyage.jpeg","type":"image\/jpeg"}],"twitter_card":"summary_large_image","twitter_misc":{"\u00c9crit par":"Daouda","Dur\u00e9e de lecture estim\u00e9e":"1 minute"},"schema":{"@context":"https:\/\/schema.org","@graph":[{"@type":"WebSite","@id":"https:\/\/www.nettali.com\/#website","url":"https:\/\/www.nettali.com\/","name":"Nettali.com","description":"Le rendez-vous critique du Net","potentialAction":[{"@type":"SearchAction","target":{"@type":"EntryPoint","urlTemplate":"https:\/\/www.nettali.com\/?s={search_term_string}"},"query-input":"required name=search_term_string"}],"inLanguage":"fr-FR"},{"@type":"ImageObject","@id":"https:\/\/www.nettali.com\/2024\/02\/23\/en-coulisses-macky-sall-senvole-pour-abuja\/#primaryimage","inLanguage":"fr-FR","url":"https:\/\/www.nettali.com\/wp-content\/uploads\/2024\/02\/Macky-voyage.jpeg","contentUrl":"https:\/\/www.nettali.com\/wp-content\/uploads\/2024\/02\/Macky-voyage.jpeg","width":1280,"height":834},{"@type":"WebPage","@id":"https:\/\/www.nettali.com\/2024\/02\/23\/en-coulisses-macky-sall-senvole-pour-abuja\/#webpage","url":"https:\/\/www.nettali.com\/2024\/02\/23\/en-coulisses-macky-sall-senvole-pour-abuja\/","name":"EN COULISSES - Macky Sall s'envole pour Abuja | Nettali.com","isPartOf":{"@id":"https:\/\/www.nettali.com\/#website"},"primaryImageOfPage":{"@id":"https:\/\/www.nettali.com\/2024\/02\/23\/en-coulisses-macky-sall-senvole-pour-abuja\/#primaryimage"},"datePublished":"2024-02-23T14:32:34+00:00","dateModified":"2024-02-23T14:32:34+00:00","author":{"@id":"https:\/\/www.nettali.com\/#\/schema\/person\/3317e0bb3aa1da309fbf7b2780901bf4"},"breadcrumb":{"@id":"https:\/\/www.nettali.com\/2024\/02\/23\/en-coulisses-macky-sall-senvole-pour-abuja\/#breadcrumb"},"inLanguage":"fr-FR","potentialAction":[{"@type":"ReadAction","target":["https:\/\/www.nettali.com\/2024\/02\/23\/en-coulisses-macky-sall-senvole-pour-abuja\/"]}]},{"@type":"BreadcrumbList","@id":"https:\/\/www.nettali.com\/2024\/02\/23\/en-coulisses-macky-sall-senvole-pour-abuja\/#breadcrumb","itemListElement":[{"@type":"ListItem","position":1,"name":"Accueil","item":"https:\/\/www.nettali.com\/"},{"@type":"ListItem","position":2,"name":"EN COULISSES - Macky Sall s'envole pour Abuja"}]},{"@type":"Person","@id":"https:\/\/www.nettali.com\/#\/schema\/person\/3317e0bb3aa1da309fbf7b2780901bf4","name":"Daouda","image":{"@type":"ImageObject","@id":"https:\/\/www.nettali.com\/#personlogo","inLanguage":"fr-FR","url":"https:\/\/secure.gravatar.com\/avatar\/8d143b5a49345098ddcfee1c49c2f47c?s=96&d=mm&r=g","contentUrl":"https:\/\/secure.gravatar.com\/avatar\/8d143b5a49345098ddcfee1c49c2f47c?s=96&d=mm&r=g","caption":"Daouda"},"sameAs":["https:\/\/www.nettali.com"]}]}},"_links":{"self":[{"href":"https:\/\/www.nettali.com\/rest\/wp\/v2\/posts\/128127"}],"collection":[{"href":"https:\/\/www.nettali.com\/rest\/wp\/v2\/posts"}],"about":[{"href":"https:\/\/www.nettali.com\/rest\/wp\/v2\/types\/post"}],"author":[{"embeddable":true,"href":"https:\/\/www.nettali.com\/rest\/wp\/v2\/users\/4"}],"replies":[{"embeddable":true,"href":"https:\/\/www.nettali.com\/rest\/wp\/v2\/comments?post=128127"}],"version-history":[{"count":1,"href":"https:\/\/www.nettali.com\/rest\/wp\/v2\/posts\/128127\/revisions"}],"predecessor-version":[{"id":128129,"href":"https:\/\/www.nettali.com\/rest\/wp\/v2\/posts\/128127\/revisions\/128129"}],"wp:featuredmedia":[{"embeddable":true,"href":"https:\/\/www.nettali.com\/rest\/wp\/v2\/media\/128128"}],"wp:attachment":[{"href":"https:\/\/www.nettali.com\/rest\/wp\/v2\/media?parent=128127"}],"wp:term":[{"taxonomy":"category","embeddable":true,"href":"https:\/\/www.nettali.com\/rest\/wp\/v2\/categories?post=128127"},{"taxonomy":"post_tag","embeddable":true,"href":"https:\/\/www.nettali.com\/rest\/wp\/v2\/tags?post=128127"}],"curies":[{"name":"wp","href":"https:\/\/api.w.org\/{rel}","templated":true}]}}