{"id":128045,"date":"2024-02-22T15:17:42","date_gmt":"2024-02-22T15:17:42","guid":{"rendered":"https:\/\/www.nettali.com\/?p=128045"},"modified":"2024-02-23T07:31:42","modified_gmt":"2024-02-23T07:31:42","slug":"2e-cabinet-me-ngagne-demba-toure-place-sous-mandat-de-depot","status":"publish","type":"post","link":"https:\/\/www.nettali.com\/2024\/02\/22\/2e-cabinet-me-ngagne-demba-toure-place-sous-mandat-de-depot\/","title":{"rendered":"2e CABINET - Me Ngagne Demba Tour\u00e9 plac\u00e9 sous mandat de d\u00e9p\u00f4t"},"content":{"rendered":"<p class=\"summary_label\"><strong>NETTALI.COM - Le greffier, Me Ngagne Demba Tour\u00e9, arr\u00eat\u00e9 hier mercredi par la Division des investigations criminelles, a \u00e9t\u00e9 finalement plac\u00e9 sous mandat de d\u00e9p\u00f4t par le juge du 2e cabinet.<\/strong><\/p>\n<div id=\"printable\" class=\"text_body\">\n<p>Revenu d\u2019exil dimanche dernier, puis arr\u00eat\u00e9 hier mercredi, Me Ngagne Demba Tour\u00e9 a \u00e9t\u00e9 plac\u00e9 sous mandat de d\u00e9p\u00f4t au terme de son face \u00e0 face avec Juge d\u2019instruction du deuxi\u00e8me cabinet, ce jeudi.<\/p>\n<p>Ses coll\u00e8gues greffiers avaient pris d'assaut les salles d'audience, soutenant qu'il n'y aurait pas d'audience. Selon eux, le juge a insult\u00e9 leur coll\u00e8gue Ngagne.<\/p>\n<p>A la salle 7 o\u00f9 se tient l'audience des flagrants d\u00e9lits du tribunal d'instance de Dakar, la juge a, elle, d\u00e9cid\u00e9 de poursuivre. Elle dit que les greffiers n'ont pas le droit d'arr\u00eater l'audience. Elle a demand\u00e9 au greffier ad hoc (un gendarme) de consigner l'incident dans le plumitif d'audience. La d\u00e9l\u00e9gu\u00e9e du procureur a demand\u00e9 aux gendarmes de fermer la salle \u00e0 cl\u00e9. Ainsi l'audience s'est poursuivi dans cette salle.<\/p>\n<p>Malgr\u00e9 tout ceci, Ngagne Demba Tour\u00e9 a \u00e9t\u00e9 inculp\u00e9 et plac\u00e9 sous mandat de d\u00e9p\u00f4t, suite au r\u00e9quisitoire du procureur de la R\u00e9publique, Abdou Karim Diop.<\/p>\n<\/div>\n<div class='share-to-whatsapp-wrapper'><div class='share-on-whsp'>PARTAGER SUR : <\/div><a data-text='2e CABINET - Me Ngagne Demba Tour\u00e9 plac\u00e9 sous mandat de d\u00e9p\u00f4t' data-link='https:\/\/www.nettali.com\/2024\/02\/22\/2e-cabinet-me-ngagne-demba-toure-place-sous-mandat-de-depot\/' class='whatsapp-button whatsapp-share'>WhatsApp<\/a><div class='clear '><\/div><\/div>","protected":false},"excerpt":{"rendered":"<p>NETTALI.COM - Le greffier, Me Ngagne Demba Tour\u00e9, arr\u00eat\u00e9 hier mercredi par la Division des investigations criminelles, a \u00e9t\u00e9 finalement plac\u00e9 sous mandat de d\u00e9p\u00f4t par le juge du 2e cabinet. Revenu d\u2019exil dimanche dernier, puis arr\u00eat\u00e9 hier mercredi, Me Ngagne Demba Tour\u00e9 a \u00e9t\u00e9 plac\u00e9 sous mandat de d\u00e9p\u00f4t au terme de son face [&hellip;]<\/p>\n","protected":false},"author":4,"featured_media":128046,"comment_status":"open","ping_status":"open","sticky":false,"template":"","format":"standard","meta":{"_et_pb_use_builder":"","_et_pb_old_content":""},"categories":[3],"tags":[],"yoast_head":"<!-- This site is optimized with the Yoast SEO Premium plugin v17.8 (Yoast SEO v17.8) - https:\/\/yoast.com\/wordpress\/plugins\/seo\/ -->\n<title>2e CABINET - Me Ngagne Demba Tour\u00e9 plac\u00e9 sous mandat de d\u00e9p\u00f4t | Nettali.com<\/title>\n<meta name=\"robots\" content=\"index, follow, max-snippet:-1, max-image-preview:large, max-video-preview:-1\" \/>\n<link rel=\"canonical\" href=\"https:\/\/www.nettali.com\/2024\/02\/22\/2e-cabinet-me-ngagne-demba-toure-place-sous-mandat-de-depot\/\" \/>\n<meta property=\"og:locale\" content=\"fr_FR\" \/>\n<meta property=\"og:type\" content=\"article\" \/>\n<meta property=\"og:title\" content=\"2e CABINET - Me Ngagne Demba Tour\u00e9 plac\u00e9 sous mandat de d\u00e9p\u00f4t\" \/>\n<meta property=\"og:description\" content=\"NETTALI.COM - Le greffier, Me Ngagne Demba Tour\u00e9, arr\u00eat\u00e9 hier mercredi par la Division des investigations criminelles, a \u00e9t\u00e9 finalement plac\u00e9 sous mandat de d\u00e9p\u00f4t par le juge du 2e cabinet. Revenu d\u2019exil dimanche dernier, puis arr\u00eat\u00e9 hier mercredi, Me Ngagne Demba Tour\u00e9 a \u00e9t\u00e9 plac\u00e9 sous mandat de d\u00e9p\u00f4t au terme de son face [&hellip;]\" \/>\n<meta property=\"og:url\" content=\"https:\/\/www.nettali.com\/2024\/02\/22\/2e-cabinet-me-ngagne-demba-toure-place-sous-mandat-de-depot\/\" \/>\n<meta property=\"og:site_name\" content=\"Nettali.com\" \/>\n<meta property=\"article:publisher\" content=\"https:\/\/www.facebook.com\/nettalicom\" \/>\n<meta property=\"article:published_time\" content=\"2024-02-22T15:17:42+00:00\" \/>\n<meta property=\"article:modified_time\" content=\"2024-02-23T07:31:42+00:00\" \/>\n<meta property=\"og:image\" content=\"https:\/\/www.nettali.com\/wp-content\/uploads\/2024\/02\/NGAGNE-755.jpeg\" \/>\n\t<meta property=\"og:image:width\" content=\"755\" \/>\n\t<meta property=\"og:image:height\" content=\"449\" \/>\n<meta name=\"twitter:card\" content=\"summary_large_image\" \/>\n<meta name=\"twitter:label1\" content=\"\u00c9crit par\" \/>\n\t<meta name=\"twitter:data1\" content=\"Daouda\" \/>\n\t<meta name=\"twitter:label2\" content=\"Dur\u00e9e de lecture estim\u00e9e\" \/>\n\t<meta name=\"twitter:data2\" content=\"1 minute\" \/>\n<script type=\"application\/ld+json\" class=\"yoast-schema-graph\">{\"@context\":\"https:\/\/schema.org\",\"@graph\":[{\"@type\":\"WebSite\",\"@id\":\"https:\/\/www.nettali.com\/#website\",\"url\":\"https:\/\/www.nettali.com\/\",\"name\":\"Nettali.com\",\"description\":\"Le rendez-vous critique du Net\",\"potentialAction\":[{\"@type\":\"SearchAction\",\"target\":{\"@type\":\"EntryPoint\",\"urlTemplate\":\"https:\/\/www.nettali.com\/?s={search_term_string}\"},\"query-input\":\"required name=search_term_string\"}],\"inLanguage\":\"fr-FR\"},{\"@type\":\"ImageObject\",\"@id\":\"https:\/\/www.nettali.com\/2024\/02\/22\/2e-cabinet-me-ngagne-demba-toure-place-sous-mandat-de-depot\/#primaryimage\",\"inLanguage\":\"fr-FR\",\"url\":\"https:\/\/www.nettali.com\/wp-content\/uploads\/2024\/02\/NGAGNE-755.jpeg\",\"contentUrl\":\"https:\/\/www.nettali.com\/wp-content\/uploads\/2024\/02\/NGAGNE-755.jpeg\",\"width\":755,\"height\":449},{\"@type\":\"WebPage\",\"@id\":\"https:\/\/www.nettali.com\/2024\/02\/22\/2e-cabinet-me-ngagne-demba-toure-place-sous-mandat-de-depot\/#webpage\",\"url\":\"https:\/\/www.nettali.com\/2024\/02\/22\/2e-cabinet-me-ngagne-demba-toure-place-sous-mandat-de-depot\/\",\"name\":\"2e CABINET - Me Ngagne Demba Tour\\u00e9 plac\\u00e9 sous mandat de d\\u00e9p\\u00f4t | Nettali.com\",\"isPartOf\":{\"@id\":\"https:\/\/www.nettali.com\/#website\"},\"primaryImageOfPage\":{\"@id\":\"https:\/\/www.nettali.com\/2024\/02\/22\/2e-cabinet-me-ngagne-demba-toure-place-sous-mandat-de-depot\/#primaryimage\"},\"datePublished\":\"2024-02-22T15:17:42+00:00\",\"dateModified\":\"2024-02-23T07:31:42+00:00\",\"author\":{\"@id\":\"https:\/\/www.nettali.com\/#\/schema\/person\/3317e0bb3aa1da309fbf7b2780901bf4\"},\"breadcrumb\":{\"@id\":\"https:\/\/www.nettali.com\/2024\/02\/22\/2e-cabinet-me-ngagne-demba-toure-place-sous-mandat-de-depot\/#breadcrumb\"},\"inLanguage\":\"fr-FR\",\"potentialAction\":[{\"@type\":\"ReadAction\",\"target\":[\"https:\/\/www.nettali.com\/2024\/02\/22\/2e-cabinet-me-ngagne-demba-toure-place-sous-mandat-de-depot\/\"]}]},{\"@type\":\"BreadcrumbList\",\"@id\":\"https:\/\/www.nettali.com\/2024\/02\/22\/2e-cabinet-me-ngagne-demba-toure-place-sous-mandat-de-depot\/#breadcrumb\",\"itemListElement\":[{\"@type\":\"ListItem\",\"position\":1,\"name\":\"Accueil\",\"item\":\"https:\/\/www.nettali.com\/\"},{\"@type\":\"ListItem\",\"position\":2,\"name\":\"2e CABINET - Me Ngagne Demba Tour\\u00e9 plac\\u00e9 sous mandat de d\\u00e9p\\u00f4t\"}]},{\"@type\":\"Person\",\"@id\":\"https:\/\/www.nettali.com\/#\/schema\/person\/3317e0bb3aa1da309fbf7b2780901bf4\",\"name\":\"Daouda\",\"image\":{\"@type\":\"ImageObject\",\"@id\":\"https:\/\/www.nettali.com\/#personlogo\",\"inLanguage\":\"fr-FR\",\"url\":\"https:\/\/secure.gravatar.com\/avatar\/8d143b5a49345098ddcfee1c49c2f47c?s=96&d=mm&r=g\",\"contentUrl\":\"https:\/\/secure.gravatar.com\/avatar\/8d143b5a49345098ddcfee1c49c2f47c?s=96&d=mm&r=g\",\"caption\":\"Daouda\"},\"sameAs\":[\"https:\/\/www.nettali.com\"]}]}<\/script>\n<!-- \/ Yoast SEO Premium plugin. -->","yoast_head_json":{"title":"2e CABINET - Me Ngagne Demba Tour\u00e9 plac\u00e9 sous mandat de d\u00e9p\u00f4t | Nettali.com","robots":{"index":"index","follow":"follow","max-snippet":"max-snippet:-1","max-image-preview":"max-image-preview:large","max-video-preview":"max-video-preview:-1"},"canonical":"https:\/\/www.nettali.com\/2024\/02\/22\/2e-cabinet-me-ngagne-demba-toure-place-sous-mandat-de-depot\/","og_locale":"fr_FR","og_type":"article","og_title":"2e CABINET - Me Ngagne Demba Tour\u00e9 plac\u00e9 sous mandat de d\u00e9p\u00f4t","og_description":"NETTALI.COM - Le greffier, Me Ngagne Demba Tour\u00e9, arr\u00eat\u00e9 hier mercredi par la Division des investigations criminelles, a \u00e9t\u00e9 finalement plac\u00e9 sous mandat de d\u00e9p\u00f4t par le juge du 2e cabinet. Revenu d\u2019exil dimanche dernier, puis arr\u00eat\u00e9 hier mercredi, Me Ngagne Demba Tour\u00e9 a \u00e9t\u00e9 plac\u00e9 sous mandat de d\u00e9p\u00f4t au terme de son face [&hellip;]","og_url":"https:\/\/www.nettali.com\/2024\/02\/22\/2e-cabinet-me-ngagne-demba-toure-place-sous-mandat-de-depot\/","og_site_name":"Nettali.com","article_publisher":"https:\/\/www.facebook.com\/nettalicom","article_published_time":"2024-02-22T15:17:42+00:00","article_modified_time":"2024-02-23T07:31:42+00:00","og_image":[{"width":755,"height":449,"url":"https:\/\/www.nettali.com\/wp-content\/uploads\/2024\/02\/NGAGNE-755.jpeg","type":"image\/jpeg"}],"twitter_card":"summary_large_image","twitter_misc":{"\u00c9crit par":"Daouda","Dur\u00e9e de lecture estim\u00e9e":"1 minute"},"schema":{"@context":"https:\/\/schema.org","@graph":[{"@type":"WebSite","@id":"https:\/\/www.nettali.com\/#website","url":"https:\/\/www.nettali.com\/","name":"Nettali.com","description":"Le rendez-vous critique du Net","potentialAction":[{"@type":"SearchAction","target":{"@type":"EntryPoint","urlTemplate":"https:\/\/www.nettali.com\/?s={search_term_string}"},"query-input":"required name=search_term_string"}],"inLanguage":"fr-FR"},{"@type":"ImageObject","@id":"https:\/\/www.nettali.com\/2024\/02\/22\/2e-cabinet-me-ngagne-demba-toure-place-sous-mandat-de-depot\/#primaryimage","inLanguage":"fr-FR","url":"https:\/\/www.nettali.com\/wp-content\/uploads\/2024\/02\/NGAGNE-755.jpeg","contentUrl":"https:\/\/www.nettali.com\/wp-content\/uploads\/2024\/02\/NGAGNE-755.jpeg","width":755,"height":449},{"@type":"WebPage","@id":"https:\/\/www.nettali.com\/2024\/02\/22\/2e-cabinet-me-ngagne-demba-toure-place-sous-mandat-de-depot\/#webpage","url":"https:\/\/www.nettali.com\/2024\/02\/22\/2e-cabinet-me-ngagne-demba-toure-place-sous-mandat-de-depot\/","name":"2e CABINET - Me Ngagne Demba Tour\u00e9 plac\u00e9 sous mandat de d\u00e9p\u00f4t | Nettali.com","isPartOf":{"@id":"https:\/\/www.nettali.com\/#website"},"primaryImageOfPage":{"@id":"https:\/\/www.nettali.com\/2024\/02\/22\/2e-cabinet-me-ngagne-demba-toure-place-sous-mandat-de-depot\/#primaryimage"},"datePublished":"2024-02-22T15:17:42+00:00","dateModified":"2024-02-23T07:31:42+00:00","author":{"@id":"https:\/\/www.nettali.com\/#\/schema\/person\/3317e0bb3aa1da309fbf7b2780901bf4"},"breadcrumb":{"@id":"https:\/\/www.nettali.com\/2024\/02\/22\/2e-cabinet-me-ngagne-demba-toure-place-sous-mandat-de-depot\/#breadcrumb"},"inLanguage":"fr-FR","potentialAction":[{"@type":"ReadAction","target":["https:\/\/www.nettali.com\/2024\/02\/22\/2e-cabinet-me-ngagne-demba-toure-place-sous-mandat-de-depot\/"]}]},{"@type":"BreadcrumbList","@id":"https:\/\/www.nettali.com\/2024\/02\/22\/2e-cabinet-me-ngagne-demba-toure-place-sous-mandat-de-depot\/#breadcrumb","itemListElement":[{"@type":"ListItem","position":1,"name":"Accueil","item":"https:\/\/www.nettali.com\/"},{"@type":"ListItem","position":2,"name":"2e CABINET - Me Ngagne Demba Tour\u00e9 plac\u00e9 sous mandat de d\u00e9p\u00f4t"}]},{"@type":"Person","@id":"https:\/\/www.nettali.com\/#\/schema\/person\/3317e0bb3aa1da309fbf7b2780901bf4","name":"Daouda","image":{"@type":"ImageObject","@id":"https:\/\/www.nettali.com\/#personlogo","inLanguage":"fr-FR","url":"https:\/\/secure.gravatar.com\/avatar\/8d143b5a49345098ddcfee1c49c2f47c?s=96&d=mm&r=g","contentUrl":"https:\/\/secure.gravatar.com\/avatar\/8d143b5a49345098ddcfee1c49c2f47c?s=96&d=mm&r=g","caption":"Daouda"},"sameAs":["https:\/\/www.nettali.com"]}]}},"_links":{"self":[{"href":"https:\/\/www.nettali.com\/rest\/wp\/v2\/posts\/128045"}],"collection":[{"href":"https:\/\/www.nettali.com\/rest\/wp\/v2\/posts"}],"about":[{"href":"https:\/\/www.nettali.com\/rest\/wp\/v2\/types\/post"}],"author":[{"embeddable":true,"href":"https:\/\/www.nettali.com\/rest\/wp\/v2\/users\/4"}],"replies":[{"embeddable":true,"href":"https:\/\/www.nettali.com\/rest\/wp\/v2\/comments?post=128045"}],"version-history":[{"count":1,"href":"https:\/\/www.nettali.com\/rest\/wp\/v2\/posts\/128045\/revisions"}],"predecessor-version":[{"id":128047,"href":"https:\/\/www.nettali.com\/rest\/wp\/v2\/posts\/128045\/revisions\/128047"}],"wp:featuredmedia":[{"embeddable":true,"href":"https:\/\/www.nettali.com\/rest\/wp\/v2\/media\/128046"}],"wp:attachment":[{"href":"https:\/\/www.nettali.com\/rest\/wp\/v2\/media?parent=128045"}],"wp:term":[{"taxonomy":"category","embeddable":true,"href":"https:\/\/www.nettali.com\/rest\/wp\/v2\/categories?post=128045"},{"taxonomy":"post_tag","embeddable":true,"href":"https:\/\/www.nettali.com\/rest\/wp\/v2\/tags?post=128045"}],"curies":[{"name":"wp","href":"https:\/\/api.w.org\/{rel}","templated":true}]}}