{"id":128042,"date":"2024-02-22T15:02:11","date_gmt":"2024-02-22T15:02:11","guid":{"rendered":"https:\/\/www.nettali.com\/?p=128042"},"modified":"2024-02-22T15:05:25","modified_gmt":"2024-02-22T15:05:25","slug":"selection-nationale-aliou-cisse-parti-pour-rester","status":"publish","type":"post","link":"https:\/\/www.nettali.com\/2024\/02\/22\/selection-nationale-aliou-cisse-parti-pour-rester\/","title":{"rendered":"S\u00c9L\u00c9CTION NATIONALE - Aliou Ciss\u00e9 parti pour rester"},"content":{"rendered":"<p><strong>NETTALI.COM - Dans son \u00e9dition de ce jeudi 21 f\u00e9vrier, le quotidien Stades rapporte que le s\u00e9lectionneur Aliou Ciss\u00e9 poursuivra son parcours avec les Lions. D\u2019apr\u00e8s certaines sources confidentielles, la F\u00e9d\u00e9ration s\u00e9n\u00e9galaise de football (FSF) envisage de maintenir Aliou Ciss\u00e9, qui exprime \u00e9galement son d\u00e9sir de prolonger son mandat d\u00e9but\u00e9 en mars 2015.<\/strong><\/p>\n<p>Depuis l\u2019\u00e9limination du S\u00e9n\u00e9gal en huiti\u00e8me de finale de la CAN, l\u2019avenir du s\u00e9lectionneur national est sujet \u00e0 d\u00e9bat. Alors que certains pr\u00f4nent le maintien pour garantir la stabilit\u00e9 avant les prochaines qualifications pour la Coupe du Monde 2026 (en juin prochain, lors des 3e et 4e journ\u00e9es), d\u2019autres estiment que le technicien a atteint ses limites et se questionnent sur l\u2019adh\u00e9sion de ses joueurs \u00e0 son discours, plaidant ainsi pour son d\u00e9part, voire une \"<em>pause<\/em>\".<\/p>\n<p>La d\u00e9cision finale reviendra \u00e0 la FSF lors de sa r\u00e9union d\u2019\u00e9valuation de la\u00a0CAN 2023, dont la date reste \u00e0 d\u00e9terminer. Le contrat d\u2019Aliou Ciss\u00e9 expire le 31 ao\u00fbt prochain. Il occupe ce poste depuis mars 2015.<\/p>\n<p>Sous sa direction, le S\u00e9n\u00e9gal a remport\u00e9 sa premi\u00e8re CAN en 2021, a atteint la finale en 2019 et a particip\u00e9 \u00e0 deux Coupes du Monde (2018 et 2022). De plus, les Lions sont demeur\u00e9s la premi\u00e8re \u00e9quipe africaine au classement FIFA pendant plusieurs ann\u00e9es sous sa gouverne.<\/p>\n<div class='share-to-whatsapp-wrapper'><div class='share-on-whsp'>PARTAGER SUR : <\/div><a data-text='S\u00c9L\u00c9CTION NATIONALE - Aliou Ciss\u00e9 parti pour rester' data-link='https:\/\/www.nettali.com\/2024\/02\/22\/selection-nationale-aliou-cisse-parti-pour-rester\/' class='whatsapp-button whatsapp-share'>WhatsApp<\/a><div class='clear '><\/div><\/div>","protected":false},"excerpt":{"rendered":"<p>NETTALI.COM - Dans son \u00e9dition de ce jeudi 21 f\u00e9vrier, le quotidien Stades rapporte que le s\u00e9lectionneur Aliou Ciss\u00e9 poursuivra son parcours avec les Lions. D\u2019apr\u00e8s certaines sources confidentielles, la F\u00e9d\u00e9ration s\u00e9n\u00e9galaise de football (FSF) envisage de maintenir Aliou Ciss\u00e9, qui exprime \u00e9galement son d\u00e9sir de prolonger son mandat d\u00e9but\u00e9 en mars 2015. Depuis l\u2019\u00e9limination [&hellip;]<\/p>\n","protected":false},"author":5,"featured_media":100692,"comment_status":"open","ping_status":"open","sticky":false,"template":"","format":"standard","meta":{"_et_pb_use_builder":"","_et_pb_old_content":""},"categories":[6],"tags":[],"yoast_head":"<!-- This site is optimized with the Yoast SEO Premium plugin v17.8 (Yoast SEO v17.8) - https:\/\/yoast.com\/wordpress\/plugins\/seo\/ -->\n<title>S\u00c9L\u00c9CTION NATIONALE - Aliou Ciss\u00e9 parti pour rester | Nettali.com<\/title>\n<meta name=\"robots\" content=\"index, follow, max-snippet:-1, max-image-preview:large, max-video-preview:-1\" \/>\n<link rel=\"canonical\" href=\"https:\/\/www.nettali.com\/2024\/02\/22\/selection-nationale-aliou-cisse-parti-pour-rester\/\" \/>\n<meta property=\"og:locale\" content=\"fr_FR\" \/>\n<meta property=\"og:type\" content=\"article\" \/>\n<meta property=\"og:title\" content=\"S\u00c9L\u00c9CTION NATIONALE - Aliou Ciss\u00e9 parti pour rester\" \/>\n<meta property=\"og:description\" content=\"NETTALI.COM - Dans son \u00e9dition de ce jeudi 21 f\u00e9vrier, le quotidien Stades rapporte que le s\u00e9lectionneur Aliou Ciss\u00e9 poursuivra son parcours avec les Lions. D\u2019apr\u00e8s certaines sources confidentielles, la F\u00e9d\u00e9ration s\u00e9n\u00e9galaise de football (FSF) envisage de maintenir Aliou Ciss\u00e9, qui exprime \u00e9galement son d\u00e9sir de prolonger son mandat d\u00e9but\u00e9 en mars 2015. Depuis l\u2019\u00e9limination [&hellip;]\" \/>\n<meta property=\"og:url\" content=\"https:\/\/www.nettali.com\/2024\/02\/22\/selection-nationale-aliou-cisse-parti-pour-rester\/\" \/>\n<meta property=\"og:site_name\" content=\"Nettali.com\" \/>\n<meta property=\"article:publisher\" content=\"https:\/\/www.facebook.com\/nettalicom\" \/>\n<meta property=\"article:published_time\" content=\"2024-02-22T15:02:11+00:00\" \/>\n<meta property=\"article:modified_time\" content=\"2024-02-22T15:05:25+00:00\" \/>\n<meta property=\"og:image\" content=\"https:\/\/www.nettali.com\/wp-content\/uploads\/2022\/12\/aliou-cisse.jpg\" \/>\n\t<meta property=\"og:image:width\" content=\"1256\" \/>\n\t<meta property=\"og:image:height\" content=\"628\" \/>\n<meta name=\"twitter:card\" content=\"summary_large_image\" \/>\n<meta name=\"twitter:label1\" content=\"\u00c9crit par\" \/>\n\t<meta name=\"twitter:data1\" content=\"Ibrahima\" \/>\n\t<meta name=\"twitter:label2\" content=\"Dur\u00e9e de lecture estim\u00e9e\" \/>\n\t<meta name=\"twitter:data2\" content=\"2 minutes\" \/>\n<script type=\"application\/ld+json\" class=\"yoast-schema-graph\">{\"@context\":\"https:\/\/schema.org\",\"@graph\":[{\"@type\":\"WebSite\",\"@id\":\"https:\/\/www.nettali.com\/#website\",\"url\":\"https:\/\/www.nettali.com\/\",\"name\":\"Nettali.com\",\"description\":\"Le rendez-vous critique du Net\",\"potentialAction\":[{\"@type\":\"SearchAction\",\"target\":{\"@type\":\"EntryPoint\",\"urlTemplate\":\"https:\/\/www.nettali.com\/?s={search_term_string}\"},\"query-input\":\"required name=search_term_string\"}],\"inLanguage\":\"fr-FR\"},{\"@type\":\"ImageObject\",\"@id\":\"https:\/\/www.nettali.com\/2024\/02\/22\/selection-nationale-aliou-cisse-parti-pour-rester\/#primaryimage\",\"inLanguage\":\"fr-FR\",\"url\":\"https:\/\/www.nettali.com\/wp-content\/uploads\/2022\/12\/aliou-cisse.jpg\",\"contentUrl\":\"https:\/\/www.nettali.com\/wp-content\/uploads\/2022\/12\/aliou-cisse.jpg\",\"width\":1256,\"height\":628},{\"@type\":\"WebPage\",\"@id\":\"https:\/\/www.nettali.com\/2024\/02\/22\/selection-nationale-aliou-cisse-parti-pour-rester\/#webpage\",\"url\":\"https:\/\/www.nettali.com\/2024\/02\/22\/selection-nationale-aliou-cisse-parti-pour-rester\/\",\"name\":\"S\\u00c9L\\u00c9CTION NATIONALE - Aliou Ciss\\u00e9 parti pour rester | Nettali.com\",\"isPartOf\":{\"@id\":\"https:\/\/www.nettali.com\/#website\"},\"primaryImageOfPage\":{\"@id\":\"https:\/\/www.nettali.com\/2024\/02\/22\/selection-nationale-aliou-cisse-parti-pour-rester\/#primaryimage\"},\"datePublished\":\"2024-02-22T15:02:11+00:00\",\"dateModified\":\"2024-02-22T15:05:25+00:00\",\"author\":{\"@id\":\"https:\/\/www.nettali.com\/#\/schema\/person\/bb147657c2986240405a608162b9bb23\"},\"breadcrumb\":{\"@id\":\"https:\/\/www.nettali.com\/2024\/02\/22\/selection-nationale-aliou-cisse-parti-pour-rester\/#breadcrumb\"},\"inLanguage\":\"fr-FR\",\"potentialAction\":[{\"@type\":\"ReadAction\",\"target\":[\"https:\/\/www.nettali.com\/2024\/02\/22\/selection-nationale-aliou-cisse-parti-pour-rester\/\"]}]},{\"@type\":\"BreadcrumbList\",\"@id\":\"https:\/\/www.nettali.com\/2024\/02\/22\/selection-nationale-aliou-cisse-parti-pour-rester\/#breadcrumb\",\"itemListElement\":[{\"@type\":\"ListItem\",\"position\":1,\"name\":\"Accueil\",\"item\":\"https:\/\/www.nettali.com\/\"},{\"@type\":\"ListItem\",\"position\":2,\"name\":\"S\\u00c9L\\u00c9CTION NATIONALE - Aliou Ciss\\u00e9 parti pour rester\"}]},{\"@type\":\"Person\",\"@id\":\"https:\/\/www.nettali.com\/#\/schema\/person\/bb147657c2986240405a608162b9bb23\",\"name\":\"Ibrahima\",\"image\":{\"@type\":\"ImageObject\",\"@id\":\"https:\/\/www.nettali.com\/#personlogo\",\"inLanguage\":\"fr-FR\",\"url\":\"https:\/\/secure.gravatar.com\/avatar\/26a8a81f09f0dd7624c9d5c36c9ba3a2?s=96&d=mm&r=g\",\"contentUrl\":\"https:\/\/secure.gravatar.com\/avatar\/26a8a81f09f0dd7624c9d5c36c9ba3a2?s=96&d=mm&r=g\",\"caption\":\"Ibrahima\"},\"sameAs\":[\"https:\/\/www.nettali.com\"]}]}<\/script>\n<!-- \/ Yoast SEO Premium plugin. -->","yoast_head_json":{"title":"S\u00c9L\u00c9CTION NATIONALE - Aliou Ciss\u00e9 parti pour rester | Nettali.com","robots":{"index":"index","follow":"follow","max-snippet":"max-snippet:-1","max-image-preview":"max-image-preview:large","max-video-preview":"max-video-preview:-1"},"canonical":"https:\/\/www.nettali.com\/2024\/02\/22\/selection-nationale-aliou-cisse-parti-pour-rester\/","og_locale":"fr_FR","og_type":"article","og_title":"S\u00c9L\u00c9CTION NATIONALE - Aliou Ciss\u00e9 parti pour rester","og_description":"NETTALI.COM - Dans son \u00e9dition de ce jeudi 21 f\u00e9vrier, le quotidien Stades rapporte que le s\u00e9lectionneur Aliou Ciss\u00e9 poursuivra son parcours avec les Lions. D\u2019apr\u00e8s certaines sources confidentielles, la F\u00e9d\u00e9ration s\u00e9n\u00e9galaise de football (FSF) envisage de maintenir Aliou Ciss\u00e9, qui exprime \u00e9galement son d\u00e9sir de prolonger son mandat d\u00e9but\u00e9 en mars 2015. Depuis l\u2019\u00e9limination [&hellip;]","og_url":"https:\/\/www.nettali.com\/2024\/02\/22\/selection-nationale-aliou-cisse-parti-pour-rester\/","og_site_name":"Nettali.com","article_publisher":"https:\/\/www.facebook.com\/nettalicom","article_published_time":"2024-02-22T15:02:11+00:00","article_modified_time":"2024-02-22T15:05:25+00:00","og_image":[{"width":1256,"height":628,"url":"https:\/\/www.nettali.com\/wp-content\/uploads\/2022\/12\/aliou-cisse.jpg","type":"image\/jpeg"}],"twitter_card":"summary_large_image","twitter_misc":{"\u00c9crit par":"Ibrahima","Dur\u00e9e de lecture estim\u00e9e":"2 minutes"},"schema":{"@context":"https:\/\/schema.org","@graph":[{"@type":"WebSite","@id":"https:\/\/www.nettali.com\/#website","url":"https:\/\/www.nettali.com\/","name":"Nettali.com","description":"Le rendez-vous critique du Net","potentialAction":[{"@type":"SearchAction","target":{"@type":"EntryPoint","urlTemplate":"https:\/\/www.nettali.com\/?s={search_term_string}"},"query-input":"required name=search_term_string"}],"inLanguage":"fr-FR"},{"@type":"ImageObject","@id":"https:\/\/www.nettali.com\/2024\/02\/22\/selection-nationale-aliou-cisse-parti-pour-rester\/#primaryimage","inLanguage":"fr-FR","url":"https:\/\/www.nettali.com\/wp-content\/uploads\/2022\/12\/aliou-cisse.jpg","contentUrl":"https:\/\/www.nettali.com\/wp-content\/uploads\/2022\/12\/aliou-cisse.jpg","width":1256,"height":628},{"@type":"WebPage","@id":"https:\/\/www.nettali.com\/2024\/02\/22\/selection-nationale-aliou-cisse-parti-pour-rester\/#webpage","url":"https:\/\/www.nettali.com\/2024\/02\/22\/selection-nationale-aliou-cisse-parti-pour-rester\/","name":"S\u00c9L\u00c9CTION NATIONALE - Aliou Ciss\u00e9 parti pour rester | Nettali.com","isPartOf":{"@id":"https:\/\/www.nettali.com\/#website"},"primaryImageOfPage":{"@id":"https:\/\/www.nettali.com\/2024\/02\/22\/selection-nationale-aliou-cisse-parti-pour-rester\/#primaryimage"},"datePublished":"2024-02-22T15:02:11+00:00","dateModified":"2024-02-22T15:05:25+00:00","author":{"@id":"https:\/\/www.nettali.com\/#\/schema\/person\/bb147657c2986240405a608162b9bb23"},"breadcrumb":{"@id":"https:\/\/www.nettali.com\/2024\/02\/22\/selection-nationale-aliou-cisse-parti-pour-rester\/#breadcrumb"},"inLanguage":"fr-FR","potentialAction":[{"@type":"ReadAction","target":["https:\/\/www.nettali.com\/2024\/02\/22\/selection-nationale-aliou-cisse-parti-pour-rester\/"]}]},{"@type":"BreadcrumbList","@id":"https:\/\/www.nettali.com\/2024\/02\/22\/selection-nationale-aliou-cisse-parti-pour-rester\/#breadcrumb","itemListElement":[{"@type":"ListItem","position":1,"name":"Accueil","item":"https:\/\/www.nettali.com\/"},{"@type":"ListItem","position":2,"name":"S\u00c9L\u00c9CTION NATIONALE - Aliou Ciss\u00e9 parti pour rester"}]},{"@type":"Person","@id":"https:\/\/www.nettali.com\/#\/schema\/person\/bb147657c2986240405a608162b9bb23","name":"Ibrahima","image":{"@type":"ImageObject","@id":"https:\/\/www.nettali.com\/#personlogo","inLanguage":"fr-FR","url":"https:\/\/secure.gravatar.com\/avatar\/26a8a81f09f0dd7624c9d5c36c9ba3a2?s=96&d=mm&r=g","contentUrl":"https:\/\/secure.gravatar.com\/avatar\/26a8a81f09f0dd7624c9d5c36c9ba3a2?s=96&d=mm&r=g","caption":"Ibrahima"},"sameAs":["https:\/\/www.nettali.com"]}]}},"_links":{"self":[{"href":"https:\/\/www.nettali.com\/rest\/wp\/v2\/posts\/128042"}],"collection":[{"href":"https:\/\/www.nettali.com\/rest\/wp\/v2\/posts"}],"about":[{"href":"https:\/\/www.nettali.com\/rest\/wp\/v2\/types\/post"}],"author":[{"embeddable":true,"href":"https:\/\/www.nettali.com\/rest\/wp\/v2\/users\/5"}],"replies":[{"embeddable":true,"href":"https:\/\/www.nettali.com\/rest\/wp\/v2\/comments?post=128042"}],"version-history":[{"count":2,"href":"https:\/\/www.nettali.com\/rest\/wp\/v2\/posts\/128042\/revisions"}],"predecessor-version":[{"id":128044,"href":"https:\/\/www.nettali.com\/rest\/wp\/v2\/posts\/128042\/revisions\/128044"}],"wp:featuredmedia":[{"embeddable":true,"href":"https:\/\/www.nettali.com\/rest\/wp\/v2\/media\/100692"}],"wp:attachment":[{"href":"https:\/\/www.nettali.com\/rest\/wp\/v2\/media?parent=128042"}],"wp:term":[{"taxonomy":"category","embeddable":true,"href":"https:\/\/www.nettali.com\/rest\/wp\/v2\/categories?post=128042"},{"taxonomy":"post_tag","embeddable":true,"href":"https:\/\/www.nettali.com\/rest\/wp\/v2\/tags?post=128042"}],"curies":[{"name":"wp","href":"https:\/\/api.w.org\/{rel}","templated":true}]}}