{"id":128025,"date":"2024-02-22T07:55:29","date_gmt":"2024-02-22T07:55:29","guid":{"rendered":"https:\/\/www.nettali.com\/?p=128025"},"modified":"2024-02-22T07:56:55","modified_gmt":"2024-02-22T07:56:55","slug":"allemagne-tuchel-va-quitter-le-bayern-en-fin-de-saison","status":"publish","type":"post","link":"https:\/\/www.nettali.com\/2024\/02\/22\/allemagne-tuchel-va-quitter-le-bayern-en-fin-de-saison\/","title":{"rendered":"ALLEMAGNE - Tuchel va quitter le  Bayern en fin de saison"},"content":{"rendered":"<div class=\"page\" title=\"Page 11\">\n<div class=\"section\">\n<div class=\"layoutArea\">\n<div class=\"column\">\n<p><strong>NETTALI.COM -<\/strong> Le Bayern n\u2019est plus le Bayern. Alors pour y reme\u0301dier, l\u2019ogre allemand a annonce\u0301 le mercredi 21 f\u00e9vrier que Thomas Tuchel allait quitter sa fonction d\u2019entrai\u0302neur a\u0300 l\u2019issue de l\u2019exercice en cours, et non a\u0300 l\u2019e\u0301te\u0301 2025 comme le pre\u0301voyait son contrat.<\/p>\n<p>\"<em>D\u2019ici la\u0300, je vais bien su\u0302r continuer a\u0300 faire tout ce qui est en mon pouvoir avec mon staff pour obtenir un maximum de succe\u0300s<\/em>\", a bien su\u0302r communique\u0301 Tuchel.<\/p>\n<p>Arrive\u0301 en Bavie\u0300re a\u0300 la fin du mois de mars 2023, en remplacement de Julian Nagelsmann, le coach allemand aujourd\u2019hui a\u0302ge\u0301 de 50 ans, ne sera me\u0302me pas reste\u0301 un an et demi a\u0300 la te\u0302te du Rekordmeister. Le directeur ge\u0301ne\u0301ral du club, Jan-Christian Dreesen, a de\u0301clare\u0301 vouloir prendre \"<em>une nouvelle direction footballistique avec un nouvel entrai\u0302neur<\/em>\". L\u2019ex-coach parisien, vainqueur de la Ligue des champions en 2021 avec Chelsea, devait permettre a\u0300 l\u2019e\u0301quipe de se relancer, mais cela ressemble de\u0301ja\u0300 a\u0300 un e\u0301chec.<\/p>\n<p>E\u0301limine\u0301 en quarts de finale de C1 l\u2019anne\u0301e passe\u0301e face a\u0300 Manchester City, le Bayern avait tout de me\u0302me re\u0301ussi a\u0300 de\u0301crocher un titre inespe\u0301re\u0301 en championnat, au bout du suspense. Actuellement distance\u0301 en Bundesliga (a\u0300 huit points du leader Leverkusen) et en mauvaise posture en LDC apre\u0300s sa de\u0301faite en huitie\u0300mes allers face a\u0300 la Lazio (1-0), le FCB fait grise mine cette saison.<\/p>\n<p>Le timing est bon pour le Barc\u0327a, qui se cherche un nouveau coach pour l\u2019e\u0301te\u0301 prochain.<\/p>\n<\/div>\n<\/div>\n<\/div>\n<\/div>\n<div class='share-to-whatsapp-wrapper'><div class='share-on-whsp'>PARTAGER SUR : <\/div><a data-text='ALLEMAGNE - Tuchel va quitter le  Bayern en fin de saison' data-link='https:\/\/www.nettali.com\/2024\/02\/22\/allemagne-tuchel-va-quitter-le-bayern-en-fin-de-saison\/' class='whatsapp-button whatsapp-share'>WhatsApp<\/a><div class='clear '><\/div><\/div>","protected":false},"excerpt":{"rendered":"<p>NETTALI.COM - Le Bayern n\u2019est plus le Bayern. Alors pour y reme\u0301dier, l\u2019ogre allemand a annonce\u0301 le mercredi 21 f\u00e9vrier que Thomas Tuchel allait quitter sa fonction d\u2019entrai\u0302neur a\u0300 l\u2019issue de l\u2019exercice en cours, et non a\u0300 l\u2019e\u0301te\u0301 2025 comme le pre\u0301voyait son contrat. \"D\u2019ici la\u0300, je vais bien su\u0302r continuer a\u0300 faire tout ce [&hellip;]<\/p>\n","protected":false},"author":2,"featured_media":128027,"comment_status":"open","ping_status":"open","sticky":false,"template":"","format":"standard","meta":{"_et_pb_use_builder":"","_et_pb_old_content":""},"categories":[6],"tags":[],"yoast_head":"<!-- This site is optimized with the Yoast SEO Premium plugin v17.8 (Yoast SEO v17.8) - https:\/\/yoast.com\/wordpress\/plugins\/seo\/ -->\n<title>ALLEMAGNE - Tuchel va quitter le Bayern en fin de saison | Nettali.com<\/title>\n<meta name=\"robots\" content=\"index, follow, max-snippet:-1, max-image-preview:large, max-video-preview:-1\" \/>\n<link rel=\"canonical\" href=\"https:\/\/www.nettali.com\/2024\/02\/22\/allemagne-tuchel-va-quitter-le-bayern-en-fin-de-saison\/\" \/>\n<meta property=\"og:locale\" content=\"fr_FR\" \/>\n<meta property=\"og:type\" content=\"article\" \/>\n<meta property=\"og:title\" content=\"ALLEMAGNE - Tuchel va quitter le Bayern en fin de saison\" \/>\n<meta property=\"og:description\" content=\"NETTALI.COM - Le Bayern n\u2019est plus le Bayern. Alors pour y reme\u0301dier, l\u2019ogre allemand a annonce\u0301 le mercredi 21 f\u00e9vrier que Thomas Tuchel allait quitter sa fonction d\u2019entrai\u0302neur a\u0300 l\u2019issue de l\u2019exercice en cours, et non a\u0300 l\u2019e\u0301te\u0301 2025 comme le pre\u0301voyait son contrat. &quot;D\u2019ici la\u0300, je vais bien su\u0302r continuer a\u0300 faire tout ce [&hellip;]\" \/>\n<meta property=\"og:url\" content=\"https:\/\/www.nettali.com\/2024\/02\/22\/allemagne-tuchel-va-quitter-le-bayern-en-fin-de-saison\/\" \/>\n<meta property=\"og:site_name\" content=\"Nettali.com\" \/>\n<meta property=\"article:publisher\" content=\"https:\/\/www.facebook.com\/nettalicom\" \/>\n<meta property=\"article:published_time\" content=\"2024-02-22T07:55:29+00:00\" \/>\n<meta property=\"article:modified_time\" content=\"2024-02-22T07:56:55+00:00\" \/>\n<meta property=\"og:image\" content=\"https:\/\/www.nettali.com\/wp-content\/uploads\/2024\/02\/thomas-tuchel-2324-6583d9c7dce40.jpg\" \/>\n\t<meta property=\"og:image:width\" content=\"1920\" \/>\n\t<meta property=\"og:image:height\" content=\"1080\" \/>\n<meta name=\"twitter:card\" content=\"summary_large_image\" \/>\n<meta name=\"twitter:label1\" content=\"\u00c9crit par\" \/>\n\t<meta name=\"twitter:data1\" content=\"CK\" \/>\n\t<meta name=\"twitter:label2\" content=\"Dur\u00e9e de lecture estim\u00e9e\" \/>\n\t<meta name=\"twitter:data2\" content=\"2 minutes\" \/>\n<script type=\"application\/ld+json\" class=\"yoast-schema-graph\">{\"@context\":\"https:\/\/schema.org\",\"@graph\":[{\"@type\":\"WebSite\",\"@id\":\"https:\/\/www.nettali.com\/#website\",\"url\":\"https:\/\/www.nettali.com\/\",\"name\":\"Nettali.com\",\"description\":\"Le rendez-vous critique du Net\",\"potentialAction\":[{\"@type\":\"SearchAction\",\"target\":{\"@type\":\"EntryPoint\",\"urlTemplate\":\"https:\/\/www.nettali.com\/?s={search_term_string}\"},\"query-input\":\"required name=search_term_string\"}],\"inLanguage\":\"fr-FR\"},{\"@type\":\"ImageObject\",\"@id\":\"https:\/\/www.nettali.com\/2024\/02\/22\/allemagne-tuchel-va-quitter-le-bayern-en-fin-de-saison\/#primaryimage\",\"inLanguage\":\"fr-FR\",\"url\":\"https:\/\/www.nettali.com\/wp-content\/uploads\/2024\/02\/thomas-tuchel-2324-6583d9c7dce40.jpg\",\"contentUrl\":\"https:\/\/www.nettali.com\/wp-content\/uploads\/2024\/02\/thomas-tuchel-2324-6583d9c7dce40.jpg\",\"width\":1920,\"height\":1080,\"caption\":\"20.12.2023, Fussball, Bundesliga, 16. Spieltag Saison 2023\/2024, VfL Wolfsburg - FC Bayern M\\u00fcnchen, Thomas Tuchel (Bayern M\\u00fcnchen) Foto: Teresa Kroeger\/RHR-FOTO (MaxPPP TagID: dpaphotossix867479.jpg) [Photo via MaxPPP]\"},{\"@type\":\"WebPage\",\"@id\":\"https:\/\/www.nettali.com\/2024\/02\/22\/allemagne-tuchel-va-quitter-le-bayern-en-fin-de-saison\/#webpage\",\"url\":\"https:\/\/www.nettali.com\/2024\/02\/22\/allemagne-tuchel-va-quitter-le-bayern-en-fin-de-saison\/\",\"name\":\"ALLEMAGNE - Tuchel va quitter le Bayern en fin de saison | Nettali.com\",\"isPartOf\":{\"@id\":\"https:\/\/www.nettali.com\/#website\"},\"primaryImageOfPage\":{\"@id\":\"https:\/\/www.nettali.com\/2024\/02\/22\/allemagne-tuchel-va-quitter-le-bayern-en-fin-de-saison\/#primaryimage\"},\"datePublished\":\"2024-02-22T07:55:29+00:00\",\"dateModified\":\"2024-02-22T07:56:55+00:00\",\"author\":{\"@id\":\"https:\/\/www.nettali.com\/#\/schema\/person\/d8ac7b7e27ddad43f1c0d2ef090d7f71\"},\"breadcrumb\":{\"@id\":\"https:\/\/www.nettali.com\/2024\/02\/22\/allemagne-tuchel-va-quitter-le-bayern-en-fin-de-saison\/#breadcrumb\"},\"inLanguage\":\"fr-FR\",\"potentialAction\":[{\"@type\":\"ReadAction\",\"target\":[\"https:\/\/www.nettali.com\/2024\/02\/22\/allemagne-tuchel-va-quitter-le-bayern-en-fin-de-saison\/\"]}]},{\"@type\":\"BreadcrumbList\",\"@id\":\"https:\/\/www.nettali.com\/2024\/02\/22\/allemagne-tuchel-va-quitter-le-bayern-en-fin-de-saison\/#breadcrumb\",\"itemListElement\":[{\"@type\":\"ListItem\",\"position\":1,\"name\":\"Accueil\",\"item\":\"https:\/\/www.nettali.com\/\"},{\"@type\":\"ListItem\",\"position\":2,\"name\":\"ALLEMAGNE - Tuchel va quitter le Bayern en fin de saison\"}]},{\"@type\":\"Person\",\"@id\":\"https:\/\/www.nettali.com\/#\/schema\/person\/d8ac7b7e27ddad43f1c0d2ef090d7f71\",\"name\":\"CK\",\"image\":{\"@type\":\"ImageObject\",\"@id\":\"https:\/\/www.nettali.com\/#personlogo\",\"inLanguage\":\"fr-FR\",\"url\":\"https:\/\/secure.gravatar.com\/avatar\/1d8d5118b9327d94da7cd4ce7f17fec2?s=96&d=mm&r=g\",\"contentUrl\":\"https:\/\/secure.gravatar.com\/avatar\/1d8d5118b9327d94da7cd4ce7f17fec2?s=96&d=mm&r=g\",\"caption\":\"CK\"},\"sameAs\":[\"https:\/\/www.nettali.com\"]}]}<\/script>\n<!-- \/ Yoast SEO Premium plugin. -->","yoast_head_json":{"title":"ALLEMAGNE - Tuchel va quitter le Bayern en fin de saison | Nettali.com","robots":{"index":"index","follow":"follow","max-snippet":"max-snippet:-1","max-image-preview":"max-image-preview:large","max-video-preview":"max-video-preview:-1"},"canonical":"https:\/\/www.nettali.com\/2024\/02\/22\/allemagne-tuchel-va-quitter-le-bayern-en-fin-de-saison\/","og_locale":"fr_FR","og_type":"article","og_title":"ALLEMAGNE - Tuchel va quitter le Bayern en fin de saison","og_description":"NETTALI.COM - Le Bayern n\u2019est plus le Bayern. Alors pour y reme\u0301dier, l\u2019ogre allemand a annonce\u0301 le mercredi 21 f\u00e9vrier que Thomas Tuchel allait quitter sa fonction d\u2019entrai\u0302neur a\u0300 l\u2019issue de l\u2019exercice en cours, et non a\u0300 l\u2019e\u0301te\u0301 2025 comme le pre\u0301voyait son contrat. \"D\u2019ici la\u0300, je vais bien su\u0302r continuer a\u0300 faire tout ce [&hellip;]","og_url":"https:\/\/www.nettali.com\/2024\/02\/22\/allemagne-tuchel-va-quitter-le-bayern-en-fin-de-saison\/","og_site_name":"Nettali.com","article_publisher":"https:\/\/www.facebook.com\/nettalicom","article_published_time":"2024-02-22T07:55:29+00:00","article_modified_time":"2024-02-22T07:56:55+00:00","og_image":[{"width":1920,"height":1080,"url":"https:\/\/www.nettali.com\/wp-content\/uploads\/2024\/02\/thomas-tuchel-2324-6583d9c7dce40.jpg","type":"image\/jpeg"}],"twitter_card":"summary_large_image","twitter_misc":{"\u00c9crit par":"CK","Dur\u00e9e de lecture estim\u00e9e":"2 minutes"},"schema":{"@context":"https:\/\/schema.org","@graph":[{"@type":"WebSite","@id":"https:\/\/www.nettali.com\/#website","url":"https:\/\/www.nettali.com\/","name":"Nettali.com","description":"Le rendez-vous critique du Net","potentialAction":[{"@type":"SearchAction","target":{"@type":"EntryPoint","urlTemplate":"https:\/\/www.nettali.com\/?s={search_term_string}"},"query-input":"required name=search_term_string"}],"inLanguage":"fr-FR"},{"@type":"ImageObject","@id":"https:\/\/www.nettali.com\/2024\/02\/22\/allemagne-tuchel-va-quitter-le-bayern-en-fin-de-saison\/#primaryimage","inLanguage":"fr-FR","url":"https:\/\/www.nettali.com\/wp-content\/uploads\/2024\/02\/thomas-tuchel-2324-6583d9c7dce40.jpg","contentUrl":"https:\/\/www.nettali.com\/wp-content\/uploads\/2024\/02\/thomas-tuchel-2324-6583d9c7dce40.jpg","width":1920,"height":1080,"caption":"20.12.2023, Fussball, Bundesliga, 16. Spieltag Saison 2023\/2024, VfL Wolfsburg - FC Bayern M\u00fcnchen, Thomas Tuchel (Bayern M\u00fcnchen) Foto: Teresa Kroeger\/RHR-FOTO (MaxPPP TagID: dpaphotossix867479.jpg) [Photo via MaxPPP]"},{"@type":"WebPage","@id":"https:\/\/www.nettali.com\/2024\/02\/22\/allemagne-tuchel-va-quitter-le-bayern-en-fin-de-saison\/#webpage","url":"https:\/\/www.nettali.com\/2024\/02\/22\/allemagne-tuchel-va-quitter-le-bayern-en-fin-de-saison\/","name":"ALLEMAGNE - Tuchel va quitter le Bayern en fin de saison | Nettali.com","isPartOf":{"@id":"https:\/\/www.nettali.com\/#website"},"primaryImageOfPage":{"@id":"https:\/\/www.nettali.com\/2024\/02\/22\/allemagne-tuchel-va-quitter-le-bayern-en-fin-de-saison\/#primaryimage"},"datePublished":"2024-02-22T07:55:29+00:00","dateModified":"2024-02-22T07:56:55+00:00","author":{"@id":"https:\/\/www.nettali.com\/#\/schema\/person\/d8ac7b7e27ddad43f1c0d2ef090d7f71"},"breadcrumb":{"@id":"https:\/\/www.nettali.com\/2024\/02\/22\/allemagne-tuchel-va-quitter-le-bayern-en-fin-de-saison\/#breadcrumb"},"inLanguage":"fr-FR","potentialAction":[{"@type":"ReadAction","target":["https:\/\/www.nettali.com\/2024\/02\/22\/allemagne-tuchel-va-quitter-le-bayern-en-fin-de-saison\/"]}]},{"@type":"BreadcrumbList","@id":"https:\/\/www.nettali.com\/2024\/02\/22\/allemagne-tuchel-va-quitter-le-bayern-en-fin-de-saison\/#breadcrumb","itemListElement":[{"@type":"ListItem","position":1,"name":"Accueil","item":"https:\/\/www.nettali.com\/"},{"@type":"ListItem","position":2,"name":"ALLEMAGNE - Tuchel va quitter le Bayern en fin de saison"}]},{"@type":"Person","@id":"https:\/\/www.nettali.com\/#\/schema\/person\/d8ac7b7e27ddad43f1c0d2ef090d7f71","name":"CK","image":{"@type":"ImageObject","@id":"https:\/\/www.nettali.com\/#personlogo","inLanguage":"fr-FR","url":"https:\/\/secure.gravatar.com\/avatar\/1d8d5118b9327d94da7cd4ce7f17fec2?s=96&d=mm&r=g","contentUrl":"https:\/\/secure.gravatar.com\/avatar\/1d8d5118b9327d94da7cd4ce7f17fec2?s=96&d=mm&r=g","caption":"CK"},"sameAs":["https:\/\/www.nettali.com"]}]}},"_links":{"self":[{"href":"https:\/\/www.nettali.com\/rest\/wp\/v2\/posts\/128025"}],"collection":[{"href":"https:\/\/www.nettali.com\/rest\/wp\/v2\/posts"}],"about":[{"href":"https:\/\/www.nettali.com\/rest\/wp\/v2\/types\/post"}],"author":[{"embeddable":true,"href":"https:\/\/www.nettali.com\/rest\/wp\/v2\/users\/2"}],"replies":[{"embeddable":true,"href":"https:\/\/www.nettali.com\/rest\/wp\/v2\/comments?post=128025"}],"version-history":[{"count":1,"href":"https:\/\/www.nettali.com\/rest\/wp\/v2\/posts\/128025\/revisions"}],"predecessor-version":[{"id":128026,"href":"https:\/\/www.nettali.com\/rest\/wp\/v2\/posts\/128025\/revisions\/128026"}],"wp:featuredmedia":[{"embeddable":true,"href":"https:\/\/www.nettali.com\/rest\/wp\/v2\/media\/128027"}],"wp:attachment":[{"href":"https:\/\/www.nettali.com\/rest\/wp\/v2\/media?parent=128025"}],"wp:term":[{"taxonomy":"category","embeddable":true,"href":"https:\/\/www.nettali.com\/rest\/wp\/v2\/categories?post=128025"},{"taxonomy":"post_tag","embeddable":true,"href":"https:\/\/www.nettali.com\/rest\/wp\/v2\/tags?post=128025"}],"curies":[{"name":"wp","href":"https:\/\/api.w.org\/{rel}","templated":true}]}}