{"id":127918,"date":"2024-02-20T17:55:30","date_gmt":"2024-02-20T17:55:30","guid":{"rendered":"https:\/\/www.nettali.com\/?p=127918"},"modified":"2024-02-20T17:55:30","modified_gmt":"2024-02-20T17:55:30","slug":"maroc-la-can-2025-se-tiendra-en-juillet-aout","status":"publish","type":"post","link":"https:\/\/www.nettali.com\/2024\/02\/20\/maroc-la-can-2025-se-tiendra-en-juillet-aout\/","title":{"rendered":"MAROC - La CAN 2025 se tiendra en juillet-ao\u00fbt"},"content":{"rendered":"<p><strong>NETTALI.COM - On en sait plus sur la tenue de la Coupe d'Afrique 2025 qui va se jouer au Maroc. La 35\u00e8me \u00e9dition de la CAN aura lieu finalement en \u00e9t\u00e9, en juillet et ao\u00fbt selon des sources tr\u00e8s bien plac\u00e9es au sein de la Conf\u00e9d\u00e9ration africaine de football (CAF).<\/strong><\/p>\n<p>Cette d\u00e9cision a \u00e9t\u00e9 le r\u00e9sultat de mois de n\u00e9gociations entre la CAF et la F\u00e9d\u00e9ration marocaine de football, avec l\u2019approbation finale sous l\u2019\u00e9gide de la FIFA, comme le rapporte l\u2019AFP. Initialement pr\u00e9vue pour janvier-f\u00e9vrier 2025, la CAN 2025 a \u00e9t\u00e9 d\u00e9plac\u00e9e vers la p\u00e9riode estivale, en juillet-ao\u00fbt. Cette modification s\u2019aligne avec le calendrier de la FIFA, qui organise son premier grand mondial des clubs \u00e0 32 \u00e9quipes aux \u00c9tats-Unis du 15 juin au 13 juillet 2025.<\/p>\n<p>\"<em>L\u2019accord a \u00e9t\u00e9 trouv\u00e9 sous l\u2019\u00e9gide de la FIFA apr\u00e8s des pourparlers entam\u00e9s il y a plusieurs mois et qui se sont intensifi\u00e9s lors de la derni\u00e8re \u00e9dition conclue ce mois-ci en C\u00f4te d\u2019Ivoire.\u00a0Les dates actuellement propos\u00e9es sont du 20 juillet au 16 ou 17 ao\u00fbt 2025<\/em>\", a lanc\u00e9 un responsable\u00a0de la\u00a0CAF\u00a0dans une d\u00e9claration accord\u00e9e\u00a0\u00e0\u00a0l\u2019AFP.<\/p>\n<div class='share-to-whatsapp-wrapper'><div class='share-on-whsp'>PARTAGER SUR : <\/div><a data-text='MAROC - La CAN 2025 se tiendra en juillet-ao\u00fbt' data-link='https:\/\/www.nettali.com\/2024\/02\/20\/maroc-la-can-2025-se-tiendra-en-juillet-aout\/' class='whatsapp-button whatsapp-share'>WhatsApp<\/a><div class='clear '><\/div><\/div>","protected":false},"excerpt":{"rendered":"<p>NETTALI.COM - On en sait plus sur la tenue de la Coupe d'Afrique 2025 qui va se jouer au Maroc. La 35\u00e8me \u00e9dition de la CAN aura lieu finalement en \u00e9t\u00e9, en juillet et ao\u00fbt selon des sources tr\u00e8s bien plac\u00e9es au sein de la Conf\u00e9d\u00e9ration africaine de football (CAF). Cette d\u00e9cision a \u00e9t\u00e9 le [&hellip;]<\/p>\n","protected":false},"author":5,"featured_media":127919,"comment_status":"open","ping_status":"open","sticky":false,"template":"","format":"standard","meta":{"_et_pb_use_builder":"","_et_pb_old_content":""},"categories":[6],"tags":[],"yoast_head":"<!-- This site is optimized with the Yoast SEO Premium plugin v17.8 (Yoast SEO v17.8) - https:\/\/yoast.com\/wordpress\/plugins\/seo\/ -->\n<title>MAROC - La CAN 2025 se tiendra en juillet-ao\u00fbt | Nettali.com<\/title>\n<meta name=\"robots\" content=\"index, follow, max-snippet:-1, max-image-preview:large, max-video-preview:-1\" \/>\n<link rel=\"canonical\" href=\"https:\/\/www.nettali.com\/2024\/02\/20\/maroc-la-can-2025-se-tiendra-en-juillet-aout\/\" \/>\n<meta property=\"og:locale\" content=\"fr_FR\" \/>\n<meta property=\"og:type\" content=\"article\" \/>\n<meta property=\"og:title\" content=\"MAROC - La CAN 2025 se tiendra en juillet-ao\u00fbt\" \/>\n<meta property=\"og:description\" content=\"NETTALI.COM - On en sait plus sur la tenue de la Coupe d&#039;Afrique 2025 qui va se jouer au Maroc. La 35\u00e8me \u00e9dition de la CAN aura lieu finalement en \u00e9t\u00e9, en juillet et ao\u00fbt selon des sources tr\u00e8s bien plac\u00e9es au sein de la Conf\u00e9d\u00e9ration africaine de football (CAF). Cette d\u00e9cision a \u00e9t\u00e9 le [&hellip;]\" \/>\n<meta property=\"og:url\" content=\"https:\/\/www.nettali.com\/2024\/02\/20\/maroc-la-can-2025-se-tiendra-en-juillet-aout\/\" \/>\n<meta property=\"og:site_name\" content=\"Nettali.com\" \/>\n<meta property=\"article:publisher\" content=\"https:\/\/www.facebook.com\/nettalicom\" \/>\n<meta property=\"article:published_time\" content=\"2024-02-20T17:55:30+00:00\" \/>\n<meta property=\"og:image\" content=\"https:\/\/www.nettali.com\/wp-content\/uploads\/2024\/02\/CAN-MAROC2025.jpg\" \/>\n\t<meta property=\"og:image:width\" content=\"640\" \/>\n\t<meta property=\"og:image:height\" content=\"366\" \/>\n<meta name=\"twitter:card\" content=\"summary_large_image\" \/>\n<meta name=\"twitter:label1\" content=\"\u00c9crit par\" \/>\n\t<meta name=\"twitter:data1\" content=\"Ibrahima\" \/>\n\t<meta name=\"twitter:label2\" content=\"Dur\u00e9e de lecture estim\u00e9e\" \/>\n\t<meta name=\"twitter:data2\" content=\"1 minute\" \/>\n<script type=\"application\/ld+json\" class=\"yoast-schema-graph\">{\"@context\":\"https:\/\/schema.org\",\"@graph\":[{\"@type\":\"WebSite\",\"@id\":\"https:\/\/www.nettali.com\/#website\",\"url\":\"https:\/\/www.nettali.com\/\",\"name\":\"Nettali.com\",\"description\":\"Le rendez-vous critique du Net\",\"potentialAction\":[{\"@type\":\"SearchAction\",\"target\":{\"@type\":\"EntryPoint\",\"urlTemplate\":\"https:\/\/www.nettali.com\/?s={search_term_string}\"},\"query-input\":\"required name=search_term_string\"}],\"inLanguage\":\"fr-FR\"},{\"@type\":\"ImageObject\",\"@id\":\"https:\/\/www.nettali.com\/2024\/02\/20\/maroc-la-can-2025-se-tiendra-en-juillet-aout\/#primaryimage\",\"inLanguage\":\"fr-FR\",\"url\":\"https:\/\/www.nettali.com\/wp-content\/uploads\/2024\/02\/CAN-MAROC2025.jpg\",\"contentUrl\":\"https:\/\/www.nettali.com\/wp-content\/uploads\/2024\/02\/CAN-MAROC2025.jpg\",\"width\":640,\"height\":366},{\"@type\":\"WebPage\",\"@id\":\"https:\/\/www.nettali.com\/2024\/02\/20\/maroc-la-can-2025-se-tiendra-en-juillet-aout\/#webpage\",\"url\":\"https:\/\/www.nettali.com\/2024\/02\/20\/maroc-la-can-2025-se-tiendra-en-juillet-aout\/\",\"name\":\"MAROC - La CAN 2025 se tiendra en juillet-ao\\u00fbt | Nettali.com\",\"isPartOf\":{\"@id\":\"https:\/\/www.nettali.com\/#website\"},\"primaryImageOfPage\":{\"@id\":\"https:\/\/www.nettali.com\/2024\/02\/20\/maroc-la-can-2025-se-tiendra-en-juillet-aout\/#primaryimage\"},\"datePublished\":\"2024-02-20T17:55:30+00:00\",\"dateModified\":\"2024-02-20T17:55:30+00:00\",\"author\":{\"@id\":\"https:\/\/www.nettali.com\/#\/schema\/person\/bb147657c2986240405a608162b9bb23\"},\"breadcrumb\":{\"@id\":\"https:\/\/www.nettali.com\/2024\/02\/20\/maroc-la-can-2025-se-tiendra-en-juillet-aout\/#breadcrumb\"},\"inLanguage\":\"fr-FR\",\"potentialAction\":[{\"@type\":\"ReadAction\",\"target\":[\"https:\/\/www.nettali.com\/2024\/02\/20\/maroc-la-can-2025-se-tiendra-en-juillet-aout\/\"]}]},{\"@type\":\"BreadcrumbList\",\"@id\":\"https:\/\/www.nettali.com\/2024\/02\/20\/maroc-la-can-2025-se-tiendra-en-juillet-aout\/#breadcrumb\",\"itemListElement\":[{\"@type\":\"ListItem\",\"position\":1,\"name\":\"Accueil\",\"item\":\"https:\/\/www.nettali.com\/\"},{\"@type\":\"ListItem\",\"position\":2,\"name\":\"MAROC - La CAN 2025 se tiendra en juillet-ao\\u00fbt\"}]},{\"@type\":\"Person\",\"@id\":\"https:\/\/www.nettali.com\/#\/schema\/person\/bb147657c2986240405a608162b9bb23\",\"name\":\"Ibrahima\",\"image\":{\"@type\":\"ImageObject\",\"@id\":\"https:\/\/www.nettali.com\/#personlogo\",\"inLanguage\":\"fr-FR\",\"url\":\"https:\/\/secure.gravatar.com\/avatar\/26a8a81f09f0dd7624c9d5c36c9ba3a2?s=96&d=mm&r=g\",\"contentUrl\":\"https:\/\/secure.gravatar.com\/avatar\/26a8a81f09f0dd7624c9d5c36c9ba3a2?s=96&d=mm&r=g\",\"caption\":\"Ibrahima\"},\"sameAs\":[\"https:\/\/www.nettali.com\"]}]}<\/script>\n<!-- \/ Yoast SEO Premium plugin. -->","yoast_head_json":{"title":"MAROC - La CAN 2025 se tiendra en juillet-ao\u00fbt | Nettali.com","robots":{"index":"index","follow":"follow","max-snippet":"max-snippet:-1","max-image-preview":"max-image-preview:large","max-video-preview":"max-video-preview:-1"},"canonical":"https:\/\/www.nettali.com\/2024\/02\/20\/maroc-la-can-2025-se-tiendra-en-juillet-aout\/","og_locale":"fr_FR","og_type":"article","og_title":"MAROC - La CAN 2025 se tiendra en juillet-ao\u00fbt","og_description":"NETTALI.COM - On en sait plus sur la tenue de la Coupe d'Afrique 2025 qui va se jouer au Maroc. La 35\u00e8me \u00e9dition de la CAN aura lieu finalement en \u00e9t\u00e9, en juillet et ao\u00fbt selon des sources tr\u00e8s bien plac\u00e9es au sein de la Conf\u00e9d\u00e9ration africaine de football (CAF). Cette d\u00e9cision a \u00e9t\u00e9 le [&hellip;]","og_url":"https:\/\/www.nettali.com\/2024\/02\/20\/maroc-la-can-2025-se-tiendra-en-juillet-aout\/","og_site_name":"Nettali.com","article_publisher":"https:\/\/www.facebook.com\/nettalicom","article_published_time":"2024-02-20T17:55:30+00:00","og_image":[{"width":640,"height":366,"url":"https:\/\/www.nettali.com\/wp-content\/uploads\/2024\/02\/CAN-MAROC2025.jpg","type":"image\/jpeg"}],"twitter_card":"summary_large_image","twitter_misc":{"\u00c9crit par":"Ibrahima","Dur\u00e9e de lecture estim\u00e9e":"1 minute"},"schema":{"@context":"https:\/\/schema.org","@graph":[{"@type":"WebSite","@id":"https:\/\/www.nettali.com\/#website","url":"https:\/\/www.nettali.com\/","name":"Nettali.com","description":"Le rendez-vous critique du Net","potentialAction":[{"@type":"SearchAction","target":{"@type":"EntryPoint","urlTemplate":"https:\/\/www.nettali.com\/?s={search_term_string}"},"query-input":"required name=search_term_string"}],"inLanguage":"fr-FR"},{"@type":"ImageObject","@id":"https:\/\/www.nettali.com\/2024\/02\/20\/maroc-la-can-2025-se-tiendra-en-juillet-aout\/#primaryimage","inLanguage":"fr-FR","url":"https:\/\/www.nettali.com\/wp-content\/uploads\/2024\/02\/CAN-MAROC2025.jpg","contentUrl":"https:\/\/www.nettali.com\/wp-content\/uploads\/2024\/02\/CAN-MAROC2025.jpg","width":640,"height":366},{"@type":"WebPage","@id":"https:\/\/www.nettali.com\/2024\/02\/20\/maroc-la-can-2025-se-tiendra-en-juillet-aout\/#webpage","url":"https:\/\/www.nettali.com\/2024\/02\/20\/maroc-la-can-2025-se-tiendra-en-juillet-aout\/","name":"MAROC - La CAN 2025 se tiendra en juillet-ao\u00fbt | Nettali.com","isPartOf":{"@id":"https:\/\/www.nettali.com\/#website"},"primaryImageOfPage":{"@id":"https:\/\/www.nettali.com\/2024\/02\/20\/maroc-la-can-2025-se-tiendra-en-juillet-aout\/#primaryimage"},"datePublished":"2024-02-20T17:55:30+00:00","dateModified":"2024-02-20T17:55:30+00:00","author":{"@id":"https:\/\/www.nettali.com\/#\/schema\/person\/bb147657c2986240405a608162b9bb23"},"breadcrumb":{"@id":"https:\/\/www.nettali.com\/2024\/02\/20\/maroc-la-can-2025-se-tiendra-en-juillet-aout\/#breadcrumb"},"inLanguage":"fr-FR","potentialAction":[{"@type":"ReadAction","target":["https:\/\/www.nettali.com\/2024\/02\/20\/maroc-la-can-2025-se-tiendra-en-juillet-aout\/"]}]},{"@type":"BreadcrumbList","@id":"https:\/\/www.nettali.com\/2024\/02\/20\/maroc-la-can-2025-se-tiendra-en-juillet-aout\/#breadcrumb","itemListElement":[{"@type":"ListItem","position":1,"name":"Accueil","item":"https:\/\/www.nettali.com\/"},{"@type":"ListItem","position":2,"name":"MAROC - La CAN 2025 se tiendra en juillet-ao\u00fbt"}]},{"@type":"Person","@id":"https:\/\/www.nettali.com\/#\/schema\/person\/bb147657c2986240405a608162b9bb23","name":"Ibrahima","image":{"@type":"ImageObject","@id":"https:\/\/www.nettali.com\/#personlogo","inLanguage":"fr-FR","url":"https:\/\/secure.gravatar.com\/avatar\/26a8a81f09f0dd7624c9d5c36c9ba3a2?s=96&d=mm&r=g","contentUrl":"https:\/\/secure.gravatar.com\/avatar\/26a8a81f09f0dd7624c9d5c36c9ba3a2?s=96&d=mm&r=g","caption":"Ibrahima"},"sameAs":["https:\/\/www.nettali.com"]}]}},"_links":{"self":[{"href":"https:\/\/www.nettali.com\/rest\/wp\/v2\/posts\/127918"}],"collection":[{"href":"https:\/\/www.nettali.com\/rest\/wp\/v2\/posts"}],"about":[{"href":"https:\/\/www.nettali.com\/rest\/wp\/v2\/types\/post"}],"author":[{"embeddable":true,"href":"https:\/\/www.nettali.com\/rest\/wp\/v2\/users\/5"}],"replies":[{"embeddable":true,"href":"https:\/\/www.nettali.com\/rest\/wp\/v2\/comments?post=127918"}],"version-history":[{"count":1,"href":"https:\/\/www.nettali.com\/rest\/wp\/v2\/posts\/127918\/revisions"}],"predecessor-version":[{"id":127920,"href":"https:\/\/www.nettali.com\/rest\/wp\/v2\/posts\/127918\/revisions\/127920"}],"wp:featuredmedia":[{"embeddable":true,"href":"https:\/\/www.nettali.com\/rest\/wp\/v2\/media\/127919"}],"wp:attachment":[{"href":"https:\/\/www.nettali.com\/rest\/wp\/v2\/media?parent=127918"}],"wp:term":[{"taxonomy":"category","embeddable":true,"href":"https:\/\/www.nettali.com\/rest\/wp\/v2\/categories?post=127918"},{"taxonomy":"post_tag","embeddable":true,"href":"https:\/\/www.nettali.com\/rest\/wp\/v2\/tags?post=127918"}],"curies":[{"name":"wp","href":"https:\/\/api.w.org\/{rel}","templated":true}]}}