{"id":127900,"date":"2024-02-20T08:58:19","date_gmt":"2024-02-20T08:58:19","guid":{"rendered":"https:\/\/www.nettali.com\/?p=127900"},"modified":"2024-02-21T07:39:20","modified_gmt":"2024-02-21T07:39:20","slug":"election-presidentielle-le-dialogue-dans-tous-ses-eclats","status":"publish","type":"post","link":"https:\/\/www.nettali.com\/2024\/02\/20\/election-presidentielle-le-dialogue-dans-tous-ses-eclats\/","title":{"rendered":"E\u0301LECTION PRE\u0301SIDENTIELLE - Le dialogue dans tous ses e\u0301clats"},"content":{"rendered":"<div class=\"page\" title=\"Page 6\">\n<div class=\"layoutArea\">\n<div class=\"column\">\u00a0<strong><strong>NETTALI.COM - Si les concertations semblent ine\u0301luctables entre acteurs, les contours font l\u2019objet de toutes sortes de controverses. Le possible re\u0301ame\u0301nagement de la liste des candidats risque d\u2019e\u0302tre l\u2019un des principaux points d\u2019achoppement.<\/strong><\/strong><\/div>\n<div class=\"column\">\n<div class=\"page\" title=\"Page 6\">\n<div class=\"layoutArea\">\n<div class=\"column\">\n<p>Plus le temps s\u2019e\u0301coule, plus les langues se de\u0301lient, plus des candidats montent au cre\u0301neau pour fustiger ou adouber le dialogue politique. A l\u2019origine du recours qui a de\u0301bouche\u0301 sur un report de l\u2019e\u0301lection, Thierno Alassane Sall ne compte pas la\u0302cher prise. Dans un communique\u0301, le pre\u0301sident de Re\u0301publique des Valeurs (RV) avertit ceux qu\u2019il appelle \"les dialogueurs\" et qui seraient en train de discuter pour torpiller le processus valide\u0301, selon lui, par le Conseil constitutionnel. \"<em>Nous exhortons les dialogueurs de l'ombre a\u0300 se de\u0301partir de la tentation de mar- cher sur la Constitution en acceptant le report de l'e\u0301lection. Nous exhortons le Conseil constitutionnel a\u0300 constater la carence de Macky Sall a\u0300 exe\u0301cuter sa de\u0301cision n\u00b01\/C\/2024, et a\u0300 en tirer le seul verdict qui vaille : Macky Sall est de\u0301cide\u0301ment un put- schiste qui n'en de\u0301mord pas...<\/em>\"<\/p>\n<p>Selon le candidat a\u0300 la Pre\u0301sidentielle, il n\u2019y a pas de doute possible. A travers la de\u0301cision susvise\u0301e, le Conseil constitutionnel \"<em>re\u0301affirme l'impe\u0301ratif de poursuivre le processus e\u0301lectoral conforme\u0301ment a\u0300 ses de\u0301cisions pre\u0301ce\u0301dentes, notamment celle portant validation de\u0301finitive de la liste des 20 candidats<\/em>\".<\/p>\n<p>A l\u2019en croire, il y aurait des personnes qui \"<em>ont propose\u0301<\/em>\" ce qu\u2019il conside\u0300re comme \"<em>des compromis coupables, tels que \u201cl'amnistie contre une e\u0301lection inclusive\"<\/em>. Ces personnes, dit-il sans les nommer, \"s<em>ont complices de la de\u0301stabilisation orchestre\u0301e par Macky Sall. Ils portent e\u0301galement une grande responsabilite\u0301 dans le cycle de violence vers lequel le Se\u0301ne\u0301gal se dirige, ainsi que les trois morts de\u0301ja\u0300 enregistre\u0301s. On ne fonde pas une paix durable sur le me\u0301pris des lois<\/em>\", a insiste\u0301 l\u2019auteur du recours qui a mene\u0301 a\u0300 l\u2019invalidation de la candidature de Karim Wade pour binationalite\u0301.<\/p>\n<\/div>\n<div class=\"column\">\n<p>De l\u2019avis du leader de la Re\u0301publique des Valeurs, l\u2019objectif du Pre\u0301sident Sall a toujours e\u0301te\u0301 et reste de se maintenir au pouvoir. Malgre\u0301 des sorties dans lesquelles il rappelait le \"caracte\u0300re de\u0301finitif\" des de\u0301cisions du Conseil, il a man\u0153uvre\u0301 pour arriver au report de l\u2019e\u0301lection. \"...<em>On sait ce qu'il advint de ce bel esprit re\u0301publicain et le\u0301galiste : le 3 fe\u0301vrier, le chef supre\u0302me des Arme\u0301es, Macky Sall se mit devant les Se\u0301ne\u0301galais pour annoncer ce qui s'ave\u0300re e\u0302tre un coup d'E\u0301tat constitutionnel<\/em>\", de\u0301nonce-t-il.<\/p>\n<p>Pour Thierno Alassane Sall, il apparai\u0302t clairement que \"<em>les discussions avec les candidats recale\u0301s n'e\u0301taient qu'une vaste mascarade pour justifier son coup d'E\u0301tat constitutionnel<\/em>\". Bien avant cette audience, souligne-t-il, \"des rencontres discre\u0300tes avaient lieu\" et elles \"<em>visaient le report de l'e\u0301lection<\/em>\".<\/p>\n<p>Et comme pour jeter un gros pave\u0301 dans la mare des \"dialogueurs\", il affirme : \"<em>Macky Sall n\u2019a toujours pas renonce\u0301. Son objectif reste d\u2019annuler le processus en cours, en faisant du troc : amnistie contre inclusion. C'est cela qui explique le dilatoire qu'il observe actuellement qui est source de toute sorte de spe\u0301culations. En conse\u0301quence, le seul sujet pertinent de discussion avec l'administration est la date du premier tour de l'e\u0301lection pre\u0301sidentielle.<\/em>\"<\/p>\n<\/div>\n<div class=\"column\">\n<p><strong>Pape Ale\u0301 Niang : \"Le dialogue entre les acteurs est indispensables, mais on n\u2019a pas besoin de folklore\"<\/strong><\/p>\n<p>En fait, depuis quelques jours, il y a de grosses incertitudes autour de la date de l\u2019e\u0301lection et du maintien ou non de la liste des 20 candidats. Pour beaucoup de spe\u0301cialistes, il re\u0301sulte de la de\u0301cision du Conseil constitutionnel que l\u2019e\u0301lection doit se tenir au mois de mars, pour que tout le processus, y compris e\u0301ventuellement le deuxie\u0300me tour, puisse se tenir a\u0300 une date permettant au nouveau Pre\u0301sident d\u2019entrer dans ses fonctions le 2 avril, marquant le terme du mandat du Pre\u0301sident Sall.<\/p>\n<\/div>\n<div class=\"column\">\n<p>Seulement, il ressort des confidences faites par plusieurs sources, que certains travailleraient a\u0300 faire tenir l\u2019e\u0301lection au-dela\u0300 du 2 avril. L\u2019on avance me\u0302me les mois de mai et juin comme plus probables. Auquel cas, se poserait la question de la pe\u0301riode transitoire si l\u2019on sait que le mandat du Pre\u0301sident Sall s\u2019ache\u0300ve le 2 avril. Les diffe\u0301rentes options possibles, dans le cas ou\u0300 l\u2019e\u0301lection ne se tient pas avant le 2 avril, c\u2019est soit une de\u0301mission du Pre\u0301sident au terme de son mandat pour laisser la place a\u0300 un \u201cinte\u0301rimaire\u201d soit, si les acteurs lui en offrent l\u2019opportunite\u0301, d\u2019organiser le scrutin avant de transmettre le pouvoir a\u0300 son successeur.<\/p>\n<p>Alors que l\u2019essentiel des candidats valide\u0301s par le Conseil constitutionnel se battent pour une e\u0301lection avant le 2 avril sans re\u0301ame\u0301nagement de la liste, d\u2019autres militent pour une reprise du processus devant permettre a\u0300 tous les candidats, y compris Ousmane Sonko, de se pre\u0301senter. A Pastef, le principal enjeu sera de savoir si Sonko et Diomaye vont se mettre d\u2019accord sur une telle hypothe\u0300se ?<\/p>\n<div class=\"page\" title=\"Page 6\">\n<div class=\"layoutArea\">\n<div class=\"column\">\n<p>Proche d\u2019Ousmane Sonko et du Pastef, le journaliste Pape Ale\u0301 Niang, lui, invite les acteurs a\u0300 e\u0302tre plus raisonnables et a\u0300 accepter de discuter pour en finir avec cette situation. \"<em>Les concertations entre les acteurs sont indispensables. Parce que quoi qu\u2019on puisse dire, le Conseil n\u2019a pas fixe\u0301 de date. Il a juste dit qu\u2019il faut organiser l\u2019e\u0301lection dans les meilleurs de\u0301lais. Les concertations sont donc indispensables. Maintenant, quelles doivent e\u0302tre les modalite\u0301s ? De quoi on va parler ? C\u2019est cela la question, mais on ne peut e\u0301viter les concertations<\/em>\", fulmine le journaliste.<\/p>\n<p>Selon lui, il en a parle\u0301 avec des candidats. \"<em>Je leur ai dit : si vous restez dans votre coin, que le Pre\u0301sident reste dans son coin, il n\u2019y aura pas d\u2019e\u0301lection. Parce que c\u2019est lui qui tient la se\u0301curite\u0301, de lui de\u0301pend aussi le de\u0301ploiement du mate\u0301riel e\u0301lectoral, me\u0302me la Justice. Donc pour l\u2019inte\u0301re\u0302t supe\u0301rieur du Se\u0301ne\u0301gal, on doit avoir un esprit de de\u0301passement, mettre en avant l\u2019inte\u0301re\u0302t du Se\u0301ne\u0301gal pour qu\u2019on puisse de\u0301passer cette situation.<\/em>\"<\/p>\n<\/div>\n<\/div>\n<\/div>\n<\/div>\n<\/div>\n<\/div>\n<\/div>\n<div class=\"column\">\n<div class=\"page\" title=\"Page 6\">\n<div class=\"layoutArea\">\n<div class=\"column\">\n<p><strong>EnQu\u00eate<\/strong><\/p>\n<p>&nbsp;<\/p>\n<p>&nbsp;<\/p>\n<\/div>\n<\/div>\n<\/div>\n<\/div>\n<\/div>\n<div class=\"layoutArea\">\n<div class=\"column\">\n<p>&nbsp;<\/p>\n<\/div>\n<\/div>\n<\/div>\n<div class='share-to-whatsapp-wrapper'><div class='share-on-whsp'>PARTAGER SUR : <\/div><a data-text='E\u0301LECTION PRE\u0301SIDENTIELLE - Le dialogue dans tous ses e\u0301clats' data-link='https:\/\/www.nettali.com\/2024\/02\/20\/election-presidentielle-le-dialogue-dans-tous-ses-eclats\/' class='whatsapp-button whatsapp-share'>WhatsApp<\/a><div class='clear '><\/div><\/div>","protected":false},"excerpt":{"rendered":"<p>\u00a0NETTALI.COM - Si les concertations semblent ine\u0301luctables entre acteurs, les contours font l\u2019objet de toutes sortes de controverses. Le possible re\u0301ame\u0301nagement de la liste des candidats risque d\u2019e\u0302tre l\u2019un des principaux points d\u2019achoppement. Plus le temps s\u2019e\u0301coule, plus les langues se de\u0301lient, plus des candidats montent au cre\u0301neau pour fustiger ou adouber le dialogue politique. [&hellip;]<\/p>\n","protected":false},"author":2,"featured_media":127901,"comment_status":"open","ping_status":"open","sticky":false,"template":"","format":"standard","meta":{"_et_pb_use_builder":"","_et_pb_old_content":""},"categories":[2],"tags":[],"yoast_head":"<!-- This site is optimized with the Yoast SEO Premium plugin v17.8 (Yoast SEO v17.8) - https:\/\/yoast.com\/wordpress\/plugins\/seo\/ -->\n<title>E\u0301LECTION PRE\u0301SIDENTIELLE - Le dialogue dans tous ses e\u0301clats | Nettali.com<\/title>\n<meta name=\"robots\" content=\"index, follow, max-snippet:-1, max-image-preview:large, max-video-preview:-1\" \/>\n<link rel=\"canonical\" href=\"https:\/\/www.nettali.com\/2024\/02\/20\/election-presidentielle-le-dialogue-dans-tous-ses-eclats\/\" \/>\n<meta property=\"og:locale\" content=\"fr_FR\" \/>\n<meta property=\"og:type\" content=\"article\" \/>\n<meta property=\"og:title\" content=\"E\u0301LECTION PRE\u0301SIDENTIELLE - Le dialogue dans tous ses e\u0301clats\" \/>\n<meta property=\"og:description\" content=\"\u00a0NETTALI.COM - Si les concertations semblent ine\u0301luctables entre acteurs, les contours font l\u2019objet de toutes sortes de controverses. Le possible re\u0301ame\u0301nagement de la liste des candidats risque d\u2019e\u0302tre l\u2019un des principaux points d\u2019achoppement. Plus le temps s\u2019e\u0301coule, plus les langues se de\u0301lient, plus des candidats montent au cre\u0301neau pour fustiger ou adouber le dialogue politique. [&hellip;]\" \/>\n<meta property=\"og:url\" content=\"https:\/\/www.nettali.com\/2024\/02\/20\/election-presidentielle-le-dialogue-dans-tous-ses-eclats\/\" \/>\n<meta property=\"og:site_name\" content=\"Nettali.com\" \/>\n<meta property=\"article:publisher\" content=\"https:\/\/www.facebook.com\/nettalicom\" \/>\n<meta property=\"article:published_time\" content=\"2024-02-20T08:58:19+00:00\" \/>\n<meta property=\"article:modified_time\" content=\"2024-02-21T07:39:20+00:00\" \/>\n<meta property=\"og:image\" content=\"https:\/\/www.nettali.com\/wp-content\/uploads\/2024\/02\/355386076_799498461540096_200912559078249430_n.jpg\" \/>\n\t<meta property=\"og:image:width\" content=\"842\" \/>\n\t<meta property=\"og:image:height\" content=\"540\" \/>\n<meta name=\"twitter:card\" content=\"summary_large_image\" \/>\n<meta name=\"twitter:label1\" content=\"\u00c9crit par\" \/>\n\t<meta name=\"twitter:data1\" content=\"CK\" \/>\n\t<meta name=\"twitter:label2\" content=\"Dur\u00e9e de lecture estim\u00e9e\" \/>\n\t<meta name=\"twitter:data2\" content=\"5 minutes\" \/>\n<script type=\"application\/ld+json\" class=\"yoast-schema-graph\">{\"@context\":\"https:\/\/schema.org\",\"@graph\":[{\"@type\":\"WebSite\",\"@id\":\"https:\/\/www.nettali.com\/#website\",\"url\":\"https:\/\/www.nettali.com\/\",\"name\":\"Nettali.com\",\"description\":\"Le rendez-vous critique du Net\",\"potentialAction\":[{\"@type\":\"SearchAction\",\"target\":{\"@type\":\"EntryPoint\",\"urlTemplate\":\"https:\/\/www.nettali.com\/?s={search_term_string}\"},\"query-input\":\"required name=search_term_string\"}],\"inLanguage\":\"fr-FR\"},{\"@type\":\"ImageObject\",\"@id\":\"https:\/\/www.nettali.com\/2024\/02\/20\/election-presidentielle-le-dialogue-dans-tous-ses-eclats\/#primaryimage\",\"inLanguage\":\"fr-FR\",\"url\":\"https:\/\/www.nettali.com\/wp-content\/uploads\/2024\/02\/355386076_799498461540096_200912559078249430_n.jpg\",\"contentUrl\":\"https:\/\/www.nettali.com\/wp-content\/uploads\/2024\/02\/355386076_799498461540096_200912559078249430_n.jpg\",\"width\":842,\"height\":540},{\"@type\":\"WebPage\",\"@id\":\"https:\/\/www.nettali.com\/2024\/02\/20\/election-presidentielle-le-dialogue-dans-tous-ses-eclats\/#webpage\",\"url\":\"https:\/\/www.nettali.com\/2024\/02\/20\/election-presidentielle-le-dialogue-dans-tous-ses-eclats\/\",\"name\":\"E\\u0301LECTION PRE\\u0301SIDENTIELLE - Le dialogue dans tous ses e\\u0301clats | Nettali.com\",\"isPartOf\":{\"@id\":\"https:\/\/www.nettali.com\/#website\"},\"primaryImageOfPage\":{\"@id\":\"https:\/\/www.nettali.com\/2024\/02\/20\/election-presidentielle-le-dialogue-dans-tous-ses-eclats\/#primaryimage\"},\"datePublished\":\"2024-02-20T08:58:19+00:00\",\"dateModified\":\"2024-02-21T07:39:20+00:00\",\"author\":{\"@id\":\"https:\/\/www.nettali.com\/#\/schema\/person\/d8ac7b7e27ddad43f1c0d2ef090d7f71\"},\"breadcrumb\":{\"@id\":\"https:\/\/www.nettali.com\/2024\/02\/20\/election-presidentielle-le-dialogue-dans-tous-ses-eclats\/#breadcrumb\"},\"inLanguage\":\"fr-FR\",\"potentialAction\":[{\"@type\":\"ReadAction\",\"target\":[\"https:\/\/www.nettali.com\/2024\/02\/20\/election-presidentielle-le-dialogue-dans-tous-ses-eclats\/\"]}]},{\"@type\":\"BreadcrumbList\",\"@id\":\"https:\/\/www.nettali.com\/2024\/02\/20\/election-presidentielle-le-dialogue-dans-tous-ses-eclats\/#breadcrumb\",\"itemListElement\":[{\"@type\":\"ListItem\",\"position\":1,\"name\":\"Accueil\",\"item\":\"https:\/\/www.nettali.com\/\"},{\"@type\":\"ListItem\",\"position\":2,\"name\":\"E\\u0301LECTION PRE\\u0301SIDENTIELLE - Le dialogue dans tous ses e\\u0301clats\"}]},{\"@type\":\"Person\",\"@id\":\"https:\/\/www.nettali.com\/#\/schema\/person\/d8ac7b7e27ddad43f1c0d2ef090d7f71\",\"name\":\"CK\",\"image\":{\"@type\":\"ImageObject\",\"@id\":\"https:\/\/www.nettali.com\/#personlogo\",\"inLanguage\":\"fr-FR\",\"url\":\"https:\/\/secure.gravatar.com\/avatar\/1d8d5118b9327d94da7cd4ce7f17fec2?s=96&d=mm&r=g\",\"contentUrl\":\"https:\/\/secure.gravatar.com\/avatar\/1d8d5118b9327d94da7cd4ce7f17fec2?s=96&d=mm&r=g\",\"caption\":\"CK\"},\"sameAs\":[\"https:\/\/www.nettali.com\"]}]}<\/script>\n<!-- \/ Yoast SEO Premium plugin. -->","yoast_head_json":{"title":"E\u0301LECTION PRE\u0301SIDENTIELLE - Le dialogue dans tous ses e\u0301clats | Nettali.com","robots":{"index":"index","follow":"follow","max-snippet":"max-snippet:-1","max-image-preview":"max-image-preview:large","max-video-preview":"max-video-preview:-1"},"canonical":"https:\/\/www.nettali.com\/2024\/02\/20\/election-presidentielle-le-dialogue-dans-tous-ses-eclats\/","og_locale":"fr_FR","og_type":"article","og_title":"E\u0301LECTION PRE\u0301SIDENTIELLE - Le dialogue dans tous ses e\u0301clats","og_description":"\u00a0NETTALI.COM - Si les concertations semblent ine\u0301luctables entre acteurs, les contours font l\u2019objet de toutes sortes de controverses. Le possible re\u0301ame\u0301nagement de la liste des candidats risque d\u2019e\u0302tre l\u2019un des principaux points d\u2019achoppement. Plus le temps s\u2019e\u0301coule, plus les langues se de\u0301lient, plus des candidats montent au cre\u0301neau pour fustiger ou adouber le dialogue politique. [&hellip;]","og_url":"https:\/\/www.nettali.com\/2024\/02\/20\/election-presidentielle-le-dialogue-dans-tous-ses-eclats\/","og_site_name":"Nettali.com","article_publisher":"https:\/\/www.facebook.com\/nettalicom","article_published_time":"2024-02-20T08:58:19+00:00","article_modified_time":"2024-02-21T07:39:20+00:00","og_image":[{"width":842,"height":540,"url":"https:\/\/www.nettali.com\/wp-content\/uploads\/2024\/02\/355386076_799498461540096_200912559078249430_n.jpg","type":"image\/jpeg"}],"twitter_card":"summary_large_image","twitter_misc":{"\u00c9crit par":"CK","Dur\u00e9e de lecture estim\u00e9e":"5 minutes"},"schema":{"@context":"https:\/\/schema.org","@graph":[{"@type":"WebSite","@id":"https:\/\/www.nettali.com\/#website","url":"https:\/\/www.nettali.com\/","name":"Nettali.com","description":"Le rendez-vous critique du Net","potentialAction":[{"@type":"SearchAction","target":{"@type":"EntryPoint","urlTemplate":"https:\/\/www.nettali.com\/?s={search_term_string}"},"query-input":"required name=search_term_string"}],"inLanguage":"fr-FR"},{"@type":"ImageObject","@id":"https:\/\/www.nettali.com\/2024\/02\/20\/election-presidentielle-le-dialogue-dans-tous-ses-eclats\/#primaryimage","inLanguage":"fr-FR","url":"https:\/\/www.nettali.com\/wp-content\/uploads\/2024\/02\/355386076_799498461540096_200912559078249430_n.jpg","contentUrl":"https:\/\/www.nettali.com\/wp-content\/uploads\/2024\/02\/355386076_799498461540096_200912559078249430_n.jpg","width":842,"height":540},{"@type":"WebPage","@id":"https:\/\/www.nettali.com\/2024\/02\/20\/election-presidentielle-le-dialogue-dans-tous-ses-eclats\/#webpage","url":"https:\/\/www.nettali.com\/2024\/02\/20\/election-presidentielle-le-dialogue-dans-tous-ses-eclats\/","name":"E\u0301LECTION PRE\u0301SIDENTIELLE - Le dialogue dans tous ses e\u0301clats | Nettali.com","isPartOf":{"@id":"https:\/\/www.nettali.com\/#website"},"primaryImageOfPage":{"@id":"https:\/\/www.nettali.com\/2024\/02\/20\/election-presidentielle-le-dialogue-dans-tous-ses-eclats\/#primaryimage"},"datePublished":"2024-02-20T08:58:19+00:00","dateModified":"2024-02-21T07:39:20+00:00","author":{"@id":"https:\/\/www.nettali.com\/#\/schema\/person\/d8ac7b7e27ddad43f1c0d2ef090d7f71"},"breadcrumb":{"@id":"https:\/\/www.nettali.com\/2024\/02\/20\/election-presidentielle-le-dialogue-dans-tous-ses-eclats\/#breadcrumb"},"inLanguage":"fr-FR","potentialAction":[{"@type":"ReadAction","target":["https:\/\/www.nettali.com\/2024\/02\/20\/election-presidentielle-le-dialogue-dans-tous-ses-eclats\/"]}]},{"@type":"BreadcrumbList","@id":"https:\/\/www.nettali.com\/2024\/02\/20\/election-presidentielle-le-dialogue-dans-tous-ses-eclats\/#breadcrumb","itemListElement":[{"@type":"ListItem","position":1,"name":"Accueil","item":"https:\/\/www.nettali.com\/"},{"@type":"ListItem","position":2,"name":"E\u0301LECTION PRE\u0301SIDENTIELLE - Le dialogue dans tous ses e\u0301clats"}]},{"@type":"Person","@id":"https:\/\/www.nettali.com\/#\/schema\/person\/d8ac7b7e27ddad43f1c0d2ef090d7f71","name":"CK","image":{"@type":"ImageObject","@id":"https:\/\/www.nettali.com\/#personlogo","inLanguage":"fr-FR","url":"https:\/\/secure.gravatar.com\/avatar\/1d8d5118b9327d94da7cd4ce7f17fec2?s=96&d=mm&r=g","contentUrl":"https:\/\/secure.gravatar.com\/avatar\/1d8d5118b9327d94da7cd4ce7f17fec2?s=96&d=mm&r=g","caption":"CK"},"sameAs":["https:\/\/www.nettali.com"]}]}},"_links":{"self":[{"href":"https:\/\/www.nettali.com\/rest\/wp\/v2\/posts\/127900"}],"collection":[{"href":"https:\/\/www.nettali.com\/rest\/wp\/v2\/posts"}],"about":[{"href":"https:\/\/www.nettali.com\/rest\/wp\/v2\/types\/post"}],"author":[{"embeddable":true,"href":"https:\/\/www.nettali.com\/rest\/wp\/v2\/users\/2"}],"replies":[{"embeddable":true,"href":"https:\/\/www.nettali.com\/rest\/wp\/v2\/comments?post=127900"}],"version-history":[{"count":1,"href":"https:\/\/www.nettali.com\/rest\/wp\/v2\/posts\/127900\/revisions"}],"predecessor-version":[{"id":127902,"href":"https:\/\/www.nettali.com\/rest\/wp\/v2\/posts\/127900\/revisions\/127902"}],"wp:featuredmedia":[{"embeddable":true,"href":"https:\/\/www.nettali.com\/rest\/wp\/v2\/media\/127901"}],"wp:attachment":[{"href":"https:\/\/www.nettali.com\/rest\/wp\/v2\/media?parent=127900"}],"wp:term":[{"taxonomy":"category","embeddable":true,"href":"https:\/\/www.nettali.com\/rest\/wp\/v2\/categories?post=127900"},{"taxonomy":"post_tag","embeddable":true,"href":"https:\/\/www.nettali.com\/rest\/wp\/v2\/tags?post=127900"}],"curies":[{"name":"wp","href":"https:\/\/api.w.org\/{rel}","templated":true}]}}