{"id":127844,"date":"2024-02-19T07:42:03","date_gmt":"2024-02-19T07:42:03","guid":{"rendered":"https:\/\/www.nettali.com\/?p=127844"},"modified":"2024-02-19T07:42:03","modified_gmt":"2024-02-19T07:42:03","slug":"residentielle-nationalite-fisc-malick-gakou-solde-ses-comptes","status":"publish","type":"post","link":"https:\/\/www.nettali.com\/2024\/02\/19\/residentielle-nationalite-fisc-malick-gakou-solde-ses-comptes\/","title":{"rendered":"RE\u0301SIDENTIELLE, NATIONALITE\u0301, FISC - Malick Gakou solde ses comptes"},"content":{"rendered":"<div class=\"page\" title=\"Page 3\">\n<div class=\"section\">\n<div class=\"layoutArea\">\n<div class=\"column\">\n<p><strong>NETTALI.COM - Pour re\u0301pondre a\u0300 ceux qui s'agitent sur sa suppose\u0301e nationalite\u0301 polonaise, le pre\u0301sident du Grand parti, Malick Gakou, a de\u0301clare\u0301, le dimanche 18 f\u00e9vrier, au cours d'une confe\u0301rence de presse, qu'il est de nationalite\u0301 exclusivement se\u0301ne\u0301galaise. Il a d'ailleurs exhorte\u0301 tous les candidats, en l'occurrence le Premier ministre, a\u0300 proce\u0301der de la sorte pour faire la lumie\u0300re sur leur nationalite\u0301 et leur rapport avec la fiscalite\u0301.<\/strong><\/p>\n<p>Le pre\u0301sident du Grand parti, Malick Gakou, a fait face a\u0300 la presse, dimanche, pour s'exprimer sur trois sujets d'actualite\u0301 nationale : la nationalite\u0301 des candidats et le quitus fiscal, la de\u0301cision du Conseil constitutionnel et la poursuite du processus e\u0301lectoral. Apre\u0300s avoir sou- tenu qu'il est parfaitement en re\u0300gle avec les dispositions pre\u0301vues par la Constitution, Malick Gakou a de\u0301clare\u0301 qu'il est de nationalite\u0301 exclusivement se\u0301ne\u0301galaise.<\/p>\n<p>D'ailleurs, il a exhorte\u0301 tous les candidats a\u0300 l'e\u0301lection pre\u0301sidentielle \"<em>a\u0300 proce\u0301der de la sorte pour faire la lumie\u0300re sur leur nationalite\u0301 et leur rapport avec la fiscalite\u0301 qui constituent des e\u0301le\u0301ments sur lesquels le Conseil constitutionnel doit statuer encore une fois pour nous e\u0301viter un futur pre\u0301sident ille\u0301gal, donc ille\u0301gitime<\/em>\".<\/p>\n<p>En effet, la question de la nationalite\u0301 des candidats continue de faire l'objet de controverses. C\u2019est la raison pour laquelle le pre\u0301sident du Grand parti a invite\u0301 \"<em>le Conseil constitutionnel, dans le souci d'un traitement e\u0301quitable de tous les candidats, a\u0300 veiller au respect strict de l'article 28 de la Constitution qui a e\u0301te\u0301 le motif invoque\u0301 pour l'invalidation de la candidature de Karim Wade et de l'article L120 du Code e\u0301lectoral, notamment dans ses aspects de conformite\u0301 des diffe\u0301rents candidats avec le fisc<\/em>\".<\/p>\n<p>En outre, poursuit-il, \"<em>nous estimons que la pre\u0301sidence de la Re\u0301publique est une affaire hautement se\u0301rieuse qui ne saurait tole\u0301rer toute pratique de\u0301lictueuse et tout candidat qui aspire a\u0300 diriger notre pays doit impe\u0301rativement se conformer aux lois et re\u0300glements en vigueur. Nous ne saurions admettre que des candidats comme Karim Wade, et peut-e\u0302tre Rose Wardini, soient exclus de la course, au moment ou\u0300 d'autres candidats sur la liste de\u0301finitive ne sont peut-e\u0302tre pas exempts de reproches<\/em>\".<\/p>\n<p>En outre, Malick Gakou est d'avis que \"<em>l'affaire de corruption de deux membres du Conseil constitutionnel doit e\u0302tre tire\u0301e au clair pour per- mettre aux juges constitutionnels d'e\u0302tre plus a\u0300 l'aise dans leurs missions de contro\u0302le et de re\u0301gulation du processus e\u0301lectoral<\/em>\".<\/p>\n<p>Apre\u0300s avoir salue\u0301 la libe\u0301ration des prisonniers politiques, le pre\u0301sident du Grand parti a encourage\u0301 le \"g<em>ouvernement a\u0300 poursuivre les efforts allant dans le sens de la libe\u0301ration de tous les de\u0301tenus arbitrairement incarce\u0301re\u0301s dans les geo\u0302les, dont Ousmane Sonko et Bassirou Diomaye Faye<\/em>\".<\/p>\n<p>Concernant la poursuite du processus e\u0301lectoral, il a fait savoir qu'il s'inscrit en droite ligne dans la perspective indique\u0301e par le Conseil constitutionnel. Ainsi, il exhorte le \"<em>pre\u0301sident Macky Sall a\u0300 prendre toutes les mesures idoines pour la mate\u0301rialisation de cette de\u0301cision du Conseil constitutionnel dans les meilleurs de\u0301lais<\/em>\".<\/p>\n<\/div>\n<\/div>\n<\/div>\n<\/div>\n<div class='share-to-whatsapp-wrapper'><div class='share-on-whsp'>PARTAGER SUR : <\/div><a data-text='RE\u0301SIDENTIELLE, NATIONALITE\u0301, FISC - Malick Gakou solde ses comptes' data-link='https:\/\/www.nettali.com\/2024\/02\/19\/residentielle-nationalite-fisc-malick-gakou-solde-ses-comptes\/' class='whatsapp-button whatsapp-share'>WhatsApp<\/a><div class='clear '><\/div><\/div>","protected":false},"excerpt":{"rendered":"<p>NETTALI.COM - Pour re\u0301pondre a\u0300 ceux qui s'agitent sur sa suppose\u0301e nationalite\u0301 polonaise, le pre\u0301sident du Grand parti, Malick Gakou, a de\u0301clare\u0301, le dimanche 18 f\u00e9vrier, au cours d'une confe\u0301rence de presse, qu'il est de nationalite\u0301 exclusivement se\u0301ne\u0301galaise. Il a d'ailleurs exhorte\u0301 tous les candidats, en l'occurrence le Premier ministre, a\u0300 proce\u0301der de la sorte [&hellip;]<\/p>\n","protected":false},"author":2,"featured_media":127845,"comment_status":"open","ping_status":"open","sticky":false,"template":"","format":"standard","meta":{"_et_pb_use_builder":"","_et_pb_old_content":""},"categories":[2],"tags":[],"yoast_head":"<!-- This site is optimized with the Yoast SEO Premium plugin v17.8 (Yoast SEO v17.8) - https:\/\/yoast.com\/wordpress\/plugins\/seo\/ -->\n<title>RE\u0301SIDENTIELLE, NATIONALITE\u0301, FISC - Malick Gakou solde ses comptes | Nettali.com<\/title>\n<meta name=\"robots\" content=\"index, follow, max-snippet:-1, max-image-preview:large, max-video-preview:-1\" \/>\n<link rel=\"canonical\" href=\"https:\/\/www.nettali.com\/2024\/02\/19\/residentielle-nationalite-fisc-malick-gakou-solde-ses-comptes\/\" \/>\n<meta property=\"og:locale\" content=\"fr_FR\" \/>\n<meta property=\"og:type\" content=\"article\" \/>\n<meta property=\"og:title\" content=\"RE\u0301SIDENTIELLE, NATIONALITE\u0301, FISC - Malick Gakou solde ses comptes\" \/>\n<meta property=\"og:description\" content=\"NETTALI.COM - Pour re\u0301pondre a\u0300 ceux qui s&#039;agitent sur sa suppose\u0301e nationalite\u0301 polonaise, le pre\u0301sident du Grand parti, Malick Gakou, a de\u0301clare\u0301, le dimanche 18 f\u00e9vrier, au cours d&#039;une confe\u0301rence de presse, qu&#039;il est de nationalite\u0301 exclusivement se\u0301ne\u0301galaise. Il a d&#039;ailleurs exhorte\u0301 tous les candidats, en l&#039;occurrence le Premier ministre, a\u0300 proce\u0301der de la sorte [&hellip;]\" \/>\n<meta property=\"og:url\" content=\"https:\/\/www.nettali.com\/2024\/02\/19\/residentielle-nationalite-fisc-malick-gakou-solde-ses-comptes\/\" \/>\n<meta property=\"og:site_name\" content=\"Nettali.com\" \/>\n<meta property=\"article:publisher\" content=\"https:\/\/www.facebook.com\/nettalicom\" \/>\n<meta property=\"article:published_time\" content=\"2024-02-19T07:42:03+00:00\" \/>\n<meta property=\"og:image\" content=\"https:\/\/www.nettali.com\/wp-content\/uploads\/2024\/02\/malick-gackou.jpg\" \/>\n\t<meta property=\"og:image:width\" content=\"600\" \/>\n\t<meta property=\"og:image:height\" content=\"400\" \/>\n<meta name=\"twitter:card\" content=\"summary_large_image\" \/>\n<meta name=\"twitter:label1\" content=\"\u00c9crit par\" \/>\n\t<meta name=\"twitter:data1\" content=\"CK\" \/>\n\t<meta name=\"twitter:label2\" content=\"Dur\u00e9e de lecture estim\u00e9e\" \/>\n\t<meta name=\"twitter:data2\" content=\"3 minutes\" \/>\n<script type=\"application\/ld+json\" class=\"yoast-schema-graph\">{\"@context\":\"https:\/\/schema.org\",\"@graph\":[{\"@type\":\"WebSite\",\"@id\":\"https:\/\/www.nettali.com\/#website\",\"url\":\"https:\/\/www.nettali.com\/\",\"name\":\"Nettali.com\",\"description\":\"Le rendez-vous critique du Net\",\"potentialAction\":[{\"@type\":\"SearchAction\",\"target\":{\"@type\":\"EntryPoint\",\"urlTemplate\":\"https:\/\/www.nettali.com\/?s={search_term_string}\"},\"query-input\":\"required name=search_term_string\"}],\"inLanguage\":\"fr-FR\"},{\"@type\":\"ImageObject\",\"@id\":\"https:\/\/www.nettali.com\/2024\/02\/19\/residentielle-nationalite-fisc-malick-gakou-solde-ses-comptes\/#primaryimage\",\"inLanguage\":\"fr-FR\",\"url\":\"https:\/\/www.nettali.com\/wp-content\/uploads\/2024\/02\/malick-gackou.jpg\",\"contentUrl\":\"https:\/\/www.nettali.com\/wp-content\/uploads\/2024\/02\/malick-gackou.jpg\",\"width\":600,\"height\":400},{\"@type\":\"WebPage\",\"@id\":\"https:\/\/www.nettali.com\/2024\/02\/19\/residentielle-nationalite-fisc-malick-gakou-solde-ses-comptes\/#webpage\",\"url\":\"https:\/\/www.nettali.com\/2024\/02\/19\/residentielle-nationalite-fisc-malick-gakou-solde-ses-comptes\/\",\"name\":\"RE\\u0301SIDENTIELLE, NATIONALITE\\u0301, FISC - Malick Gakou solde ses comptes | Nettali.com\",\"isPartOf\":{\"@id\":\"https:\/\/www.nettali.com\/#website\"},\"primaryImageOfPage\":{\"@id\":\"https:\/\/www.nettali.com\/2024\/02\/19\/residentielle-nationalite-fisc-malick-gakou-solde-ses-comptes\/#primaryimage\"},\"datePublished\":\"2024-02-19T07:42:03+00:00\",\"dateModified\":\"2024-02-19T07:42:03+00:00\",\"author\":{\"@id\":\"https:\/\/www.nettali.com\/#\/schema\/person\/d8ac7b7e27ddad43f1c0d2ef090d7f71\"},\"breadcrumb\":{\"@id\":\"https:\/\/www.nettali.com\/2024\/02\/19\/residentielle-nationalite-fisc-malick-gakou-solde-ses-comptes\/#breadcrumb\"},\"inLanguage\":\"fr-FR\",\"potentialAction\":[{\"@type\":\"ReadAction\",\"target\":[\"https:\/\/www.nettali.com\/2024\/02\/19\/residentielle-nationalite-fisc-malick-gakou-solde-ses-comptes\/\"]}]},{\"@type\":\"BreadcrumbList\",\"@id\":\"https:\/\/www.nettali.com\/2024\/02\/19\/residentielle-nationalite-fisc-malick-gakou-solde-ses-comptes\/#breadcrumb\",\"itemListElement\":[{\"@type\":\"ListItem\",\"position\":1,\"name\":\"Accueil\",\"item\":\"https:\/\/www.nettali.com\/\"},{\"@type\":\"ListItem\",\"position\":2,\"name\":\"RE\\u0301SIDENTIELLE, NATIONALITE\\u0301, FISC - Malick Gakou solde ses comptes\"}]},{\"@type\":\"Person\",\"@id\":\"https:\/\/www.nettali.com\/#\/schema\/person\/d8ac7b7e27ddad43f1c0d2ef090d7f71\",\"name\":\"CK\",\"image\":{\"@type\":\"ImageObject\",\"@id\":\"https:\/\/www.nettali.com\/#personlogo\",\"inLanguage\":\"fr-FR\",\"url\":\"https:\/\/secure.gravatar.com\/avatar\/1d8d5118b9327d94da7cd4ce7f17fec2?s=96&d=mm&r=g\",\"contentUrl\":\"https:\/\/secure.gravatar.com\/avatar\/1d8d5118b9327d94da7cd4ce7f17fec2?s=96&d=mm&r=g\",\"caption\":\"CK\"},\"sameAs\":[\"https:\/\/www.nettali.com\"]}]}<\/script>\n<!-- \/ Yoast SEO Premium plugin. -->","yoast_head_json":{"title":"RE\u0301SIDENTIELLE, NATIONALITE\u0301, FISC - Malick Gakou solde ses comptes | Nettali.com","robots":{"index":"index","follow":"follow","max-snippet":"max-snippet:-1","max-image-preview":"max-image-preview:large","max-video-preview":"max-video-preview:-1"},"canonical":"https:\/\/www.nettali.com\/2024\/02\/19\/residentielle-nationalite-fisc-malick-gakou-solde-ses-comptes\/","og_locale":"fr_FR","og_type":"article","og_title":"RE\u0301SIDENTIELLE, NATIONALITE\u0301, FISC - Malick Gakou solde ses comptes","og_description":"NETTALI.COM - Pour re\u0301pondre a\u0300 ceux qui s'agitent sur sa suppose\u0301e nationalite\u0301 polonaise, le pre\u0301sident du Grand parti, Malick Gakou, a de\u0301clare\u0301, le dimanche 18 f\u00e9vrier, au cours d'une confe\u0301rence de presse, qu'il est de nationalite\u0301 exclusivement se\u0301ne\u0301galaise. Il a d'ailleurs exhorte\u0301 tous les candidats, en l'occurrence le Premier ministre, a\u0300 proce\u0301der de la sorte [&hellip;]","og_url":"https:\/\/www.nettali.com\/2024\/02\/19\/residentielle-nationalite-fisc-malick-gakou-solde-ses-comptes\/","og_site_name":"Nettali.com","article_publisher":"https:\/\/www.facebook.com\/nettalicom","article_published_time":"2024-02-19T07:42:03+00:00","og_image":[{"width":600,"height":400,"url":"https:\/\/www.nettali.com\/wp-content\/uploads\/2024\/02\/malick-gackou.jpg","type":"image\/jpeg"}],"twitter_card":"summary_large_image","twitter_misc":{"\u00c9crit par":"CK","Dur\u00e9e de lecture estim\u00e9e":"3 minutes"},"schema":{"@context":"https:\/\/schema.org","@graph":[{"@type":"WebSite","@id":"https:\/\/www.nettali.com\/#website","url":"https:\/\/www.nettali.com\/","name":"Nettali.com","description":"Le rendez-vous critique du Net","potentialAction":[{"@type":"SearchAction","target":{"@type":"EntryPoint","urlTemplate":"https:\/\/www.nettali.com\/?s={search_term_string}"},"query-input":"required name=search_term_string"}],"inLanguage":"fr-FR"},{"@type":"ImageObject","@id":"https:\/\/www.nettali.com\/2024\/02\/19\/residentielle-nationalite-fisc-malick-gakou-solde-ses-comptes\/#primaryimage","inLanguage":"fr-FR","url":"https:\/\/www.nettali.com\/wp-content\/uploads\/2024\/02\/malick-gackou.jpg","contentUrl":"https:\/\/www.nettali.com\/wp-content\/uploads\/2024\/02\/malick-gackou.jpg","width":600,"height":400},{"@type":"WebPage","@id":"https:\/\/www.nettali.com\/2024\/02\/19\/residentielle-nationalite-fisc-malick-gakou-solde-ses-comptes\/#webpage","url":"https:\/\/www.nettali.com\/2024\/02\/19\/residentielle-nationalite-fisc-malick-gakou-solde-ses-comptes\/","name":"RE\u0301SIDENTIELLE, NATIONALITE\u0301, FISC - Malick Gakou solde ses comptes | Nettali.com","isPartOf":{"@id":"https:\/\/www.nettali.com\/#website"},"primaryImageOfPage":{"@id":"https:\/\/www.nettali.com\/2024\/02\/19\/residentielle-nationalite-fisc-malick-gakou-solde-ses-comptes\/#primaryimage"},"datePublished":"2024-02-19T07:42:03+00:00","dateModified":"2024-02-19T07:42:03+00:00","author":{"@id":"https:\/\/www.nettali.com\/#\/schema\/person\/d8ac7b7e27ddad43f1c0d2ef090d7f71"},"breadcrumb":{"@id":"https:\/\/www.nettali.com\/2024\/02\/19\/residentielle-nationalite-fisc-malick-gakou-solde-ses-comptes\/#breadcrumb"},"inLanguage":"fr-FR","potentialAction":[{"@type":"ReadAction","target":["https:\/\/www.nettali.com\/2024\/02\/19\/residentielle-nationalite-fisc-malick-gakou-solde-ses-comptes\/"]}]},{"@type":"BreadcrumbList","@id":"https:\/\/www.nettali.com\/2024\/02\/19\/residentielle-nationalite-fisc-malick-gakou-solde-ses-comptes\/#breadcrumb","itemListElement":[{"@type":"ListItem","position":1,"name":"Accueil","item":"https:\/\/www.nettali.com\/"},{"@type":"ListItem","position":2,"name":"RE\u0301SIDENTIELLE, NATIONALITE\u0301, FISC - Malick Gakou solde ses comptes"}]},{"@type":"Person","@id":"https:\/\/www.nettali.com\/#\/schema\/person\/d8ac7b7e27ddad43f1c0d2ef090d7f71","name":"CK","image":{"@type":"ImageObject","@id":"https:\/\/www.nettali.com\/#personlogo","inLanguage":"fr-FR","url":"https:\/\/secure.gravatar.com\/avatar\/1d8d5118b9327d94da7cd4ce7f17fec2?s=96&d=mm&r=g","contentUrl":"https:\/\/secure.gravatar.com\/avatar\/1d8d5118b9327d94da7cd4ce7f17fec2?s=96&d=mm&r=g","caption":"CK"},"sameAs":["https:\/\/www.nettali.com"]}]}},"_links":{"self":[{"href":"https:\/\/www.nettali.com\/rest\/wp\/v2\/posts\/127844"}],"collection":[{"href":"https:\/\/www.nettali.com\/rest\/wp\/v2\/posts"}],"about":[{"href":"https:\/\/www.nettali.com\/rest\/wp\/v2\/types\/post"}],"author":[{"embeddable":true,"href":"https:\/\/www.nettali.com\/rest\/wp\/v2\/users\/2"}],"replies":[{"embeddable":true,"href":"https:\/\/www.nettali.com\/rest\/wp\/v2\/comments?post=127844"}],"version-history":[{"count":1,"href":"https:\/\/www.nettali.com\/rest\/wp\/v2\/posts\/127844\/revisions"}],"predecessor-version":[{"id":127846,"href":"https:\/\/www.nettali.com\/rest\/wp\/v2\/posts\/127844\/revisions\/127846"}],"wp:featuredmedia":[{"embeddable":true,"href":"https:\/\/www.nettali.com\/rest\/wp\/v2\/media\/127845"}],"wp:attachment":[{"href":"https:\/\/www.nettali.com\/rest\/wp\/v2\/media?parent=127844"}],"wp:term":[{"taxonomy":"category","embeddable":true,"href":"https:\/\/www.nettali.com\/rest\/wp\/v2\/categories?post=127844"},{"taxonomy":"post_tag","embeddable":true,"href":"https:\/\/www.nettali.com\/rest\/wp\/v2\/tags?post=127844"}],"curies":[{"name":"wp","href":"https:\/\/api.w.org\/{rel}","templated":true}]}}