{"id":127783,"date":"2024-02-17T14:41:26","date_gmt":"2024-02-17T14:41:26","guid":{"rendered":"https:\/\/www.nettali.com\/?p=127783"},"modified":"2024-02-17T14:41:26","modified_gmt":"2024-02-17T14:41:26","slug":"guinee-equatoriale-emilio-nsue-fait-de-graves-accusations-apres-son-exclusion","status":"publish","type":"post","link":"https:\/\/www.nettali.com\/2024\/02\/17\/guinee-equatoriale-emilio-nsue-fait-de-graves-accusations-apres-son-exclusion\/","title":{"rendered":"GUIN\u00c9E \u00c9QUATORIALE - \u00c9milio Nsue fait de graves accusations apr\u00e8s son exclusion"},"content":{"rendered":"<p><strong>NETTALI.COM - Suspendu par la F\u00e9d\u00e9ration de football de la Guin\u00e9e \u00c9quatoriale pour raison disciplinaire, au retour du Nzalang Nacional de la CAN 2023 en C\u00f4te d\u2019Ivoire, Emilio Nsue et son co\u00e9quipier en s\u00e9lection, Iban Edu, \u00e9galement \u00e9cart\u00e9 de l\u2019\u00e9quipe nationale, ont r\u00e9agi lors d\u2019un direct sur Instagram.<\/strong><\/p>\n<p>Auteur de 5 buts lors du parcours exemplaire de la Guin\u00e9e \u00c9quatoriale \u00e0 la CAN 2023, Emilio Nsue a \u00e9t\u00e9 exclu du Nzalang Nacional, au retour de l\u2019\u00e9quipe nationale \u00e0 Conakry. La FEGUIFUT a en effet \u00e9cart\u00e9 l\u2019attaquant de la s\u00e9lection pour \"<em>plusieurs \u00e9pisodes d\u2019indiscipline grave<\/em>\". Son co\u00e9quipier Iban Edu a \u00e9galement \u00e9t\u00e9 suspendu pour son comportement anti-professionnel en C\u00f4te d\u2019Ivoire, qui a conduit \u00e0 la \"<em>d\u00e9gradation de la r\u00e9putation et de l\u2019image<\/em>\" du pays.<\/p>\n<p>Des sanctions qui n\u2019ont pas tard\u00e9 \u00e0 faire r\u00e9agir les principaux concern\u00e9s, qui ont ripost\u00e9 jeudi soir, \u00e0 l\u2019occasion d\u2019un direct sur Instagram. Face au cam\u00e9ra, le meilleur buteur de l\u2019histoire de l\u2019\u00e9quipe de Guin\u00e9e \u00e9quatoriale avec 22 r\u00e9alisations en 43 matchs, qui a re\u00e7u pour l\u2019occasion le soutien de tous ses co\u00e9quipiers, Nsu\u00e9 en compagnie d\u2019Iban Salvador, a accus\u00e9 les dirigeants de la FEGUIFUT d\u2019avoir d\u00e9tourn\u00e9 800.000 dollars de primes et de ne pas avoir pay\u00e9 l\u2019h\u00f4tel o\u00f9 logeait la s\u00e9lection aux pays des \u00c9l\u00e9phants.<\/p>\n<p>\"<em>Ils ont falsifi\u00e9 les carnets de vaccination pour la Coupe d\u2019Afrique. Ils prennent de l\u2019argent partout, ils nous doivent de l\u2019argent et ils le volent. Ces cancers, ces voleurs, ces menteurs et ces corrompus qui g\u00e8rent le football en Guin\u00e9e \u00e9quatoriale ont d\u00e9rob\u00e9 1 million d\u2019euros apr\u00e8s la CAN au Cameroun, apr\u00e8s que nous avions tout donn\u00e9 sur le terrain, dit-il.\u00a0Ils avaient promis d\u2019injecter cette somme pour d\u00e9velopper le football local. Nous n\u2019allons pas nous taire parce qu\u2019ils le veulent. L\u2019argent qu\u2019ils nous doivent ? On ne l\u2019a jamais vu\".<\/em><\/p>\n<p><strong><em>\"Ils n\u2019ont honte de rien\"<\/em><\/strong><\/p>\n<p>Emilio Nsue, \u00e9l\u00e9ment indispensable du Nzalang Nacional, auteur de 5 buts en C\u00f4te d'Ivoire, continue : \"<em>Ils n\u2019ont honte de rien, alors que nous sommes la dixi\u00e8me meilleure \u00e9quipe du continent africain. Notre s\u00e9lectionneur, un des meilleurs d\u2019Afrique, est menac\u00e9 continuellement et victime de chantage. Ils veulent diviser le groupe, un des kin\u00e9sith\u00e9rapeutes est un mouchard. Ils m\u2019ont mis dehors sans aucune explication, ils ont invent\u00e9 un \u00e9cart disciplinaire. Ils m\u2019ont humili\u00e9 devant le monde entier. C\u2019est la plus grande humiliation de l\u2019histoire de notre s\u00e9lection. Ils veulent qu\u2019on en vienne \u00e0 jouer contre une s\u00e9lection de joueurs de l\u2019Arag\u00f3n, voil\u00e0 le niveau de ces analphab\u00e8tes et de ses voleurs<\/em>.\"<\/p>\n<p>Pour Emilio Nsue : \"<em>Le Nzalang continuera \u00e0 vivre, mais pas tant que le pr\u00e9sident et ses sbires resteront au pouvoir. Je suis pr\u00eat \u00e0 mourir pour mon pays, je veux me battre pour ce peuple. La s\u00e9lection est au-dessus de tout et de tout le monde. Vive la Guin\u00e9e \u00e9quatoriale<\/em> !\".<\/p>\n<div class='share-to-whatsapp-wrapper'><div class='share-on-whsp'>PARTAGER SUR : <\/div><a data-text='GUIN\u00c9E \u00c9QUATORIALE - \u00c9milio Nsue fait de graves accusations apr\u00e8s son exclusion' data-link='https:\/\/www.nettali.com\/2024\/02\/17\/guinee-equatoriale-emilio-nsue-fait-de-graves-accusations-apres-son-exclusion\/' class='whatsapp-button whatsapp-share'>WhatsApp<\/a><div class='clear '><\/div><\/div>","protected":false},"excerpt":{"rendered":"<p>NETTALI.COM - Suspendu par la F\u00e9d\u00e9ration de football de la Guin\u00e9e \u00c9quatoriale pour raison disciplinaire, au retour du Nzalang Nacional de la CAN 2023 en C\u00f4te d\u2019Ivoire, Emilio Nsue et son co\u00e9quipier en s\u00e9lection, Iban Edu, \u00e9galement \u00e9cart\u00e9 de l\u2019\u00e9quipe nationale, ont r\u00e9agi lors d\u2019un direct sur Instagram. Auteur de 5 buts lors du parcours [&hellip;]<\/p>\n","protected":false},"author":5,"featured_media":127784,"comment_status":"open","ping_status":"open","sticky":false,"template":"","format":"standard","meta":{"_et_pb_use_builder":"","_et_pb_old_content":""},"categories":[6],"tags":[],"yoast_head":"<!-- This site is optimized with the Yoast SEO Premium plugin v17.8 (Yoast SEO v17.8) - https:\/\/yoast.com\/wordpress\/plugins\/seo\/ -->\n<title>GUIN\u00c9E \u00c9QUATORIALE - \u00c9milio Nsue fait de graves accusations apr\u00e8s son exclusion | Nettali.com<\/title>\n<meta name=\"robots\" content=\"index, follow, max-snippet:-1, max-image-preview:large, max-video-preview:-1\" \/>\n<link rel=\"canonical\" href=\"https:\/\/www.nettali.com\/2024\/02\/17\/guinee-equatoriale-emilio-nsue-fait-de-graves-accusations-apres-son-exclusion\/\" \/>\n<meta property=\"og:locale\" content=\"fr_FR\" \/>\n<meta property=\"og:type\" content=\"article\" \/>\n<meta property=\"og:title\" content=\"GUIN\u00c9E \u00c9QUATORIALE - \u00c9milio Nsue fait de graves accusations apr\u00e8s son exclusion\" \/>\n<meta property=\"og:description\" content=\"NETTALI.COM - Suspendu par la F\u00e9d\u00e9ration de football de la Guin\u00e9e \u00c9quatoriale pour raison disciplinaire, au retour du Nzalang Nacional de la CAN 2023 en C\u00f4te d\u2019Ivoire, Emilio Nsue et son co\u00e9quipier en s\u00e9lection, Iban Edu, \u00e9galement \u00e9cart\u00e9 de l\u2019\u00e9quipe nationale, ont r\u00e9agi lors d\u2019un direct sur Instagram. Auteur de 5 buts lors du parcours [&hellip;]\" \/>\n<meta property=\"og:url\" content=\"https:\/\/www.nettali.com\/2024\/02\/17\/guinee-equatoriale-emilio-nsue-fait-de-graves-accusations-apres-son-exclusion\/\" \/>\n<meta property=\"og:site_name\" content=\"Nettali.com\" \/>\n<meta property=\"article:publisher\" content=\"https:\/\/www.facebook.com\/nettalicom\" \/>\n<meta property=\"article:published_time\" content=\"2024-02-17T14:41:26+00:00\" \/>\n<meta property=\"og:image\" content=\"https:\/\/www.nettali.com\/wp-content\/uploads\/2024\/02\/504_sport_Media365-Sport-News_d83_74f_cfe6f34dd4e25622643643745b_nsue-finir-meilleur-buteur-je-m-en-fous_nsue_290124-1024x538-1.jpg\" \/>\n\t<meta property=\"og:image:width\" content=\"400\" \/>\n\t<meta property=\"og:image:height\" content=\"250\" \/>\n<meta name=\"twitter:card\" content=\"summary_large_image\" \/>\n<meta name=\"twitter:label1\" content=\"\u00c9crit par\" \/>\n\t<meta name=\"twitter:data1\" content=\"Ibrahima\" \/>\n\t<meta name=\"twitter:label2\" content=\"Dur\u00e9e de lecture estim\u00e9e\" \/>\n\t<meta name=\"twitter:data2\" content=\"3 minutes\" \/>\n<script type=\"application\/ld+json\" class=\"yoast-schema-graph\">{\"@context\":\"https:\/\/schema.org\",\"@graph\":[{\"@type\":\"WebSite\",\"@id\":\"https:\/\/www.nettali.com\/#website\",\"url\":\"https:\/\/www.nettali.com\/\",\"name\":\"Nettali.com\",\"description\":\"Le rendez-vous critique du Net\",\"potentialAction\":[{\"@type\":\"SearchAction\",\"target\":{\"@type\":\"EntryPoint\",\"urlTemplate\":\"https:\/\/www.nettali.com\/?s={search_term_string}\"},\"query-input\":\"required name=search_term_string\"}],\"inLanguage\":\"fr-FR\"},{\"@type\":\"ImageObject\",\"@id\":\"https:\/\/www.nettali.com\/2024\/02\/17\/guinee-equatoriale-emilio-nsue-fait-de-graves-accusations-apres-son-exclusion\/#primaryimage\",\"inLanguage\":\"fr-FR\",\"url\":\"https:\/\/www.nettali.com\/wp-content\/uploads\/2024\/02\/504_sport_Media365-Sport-News_d83_74f_cfe6f34dd4e25622643643745b_nsue-finir-meilleur-buteur-je-m-en-fous_nsue_290124-1024x538-1.jpg\",\"contentUrl\":\"https:\/\/www.nettali.com\/wp-content\/uploads\/2024\/02\/504_sport_Media365-Sport-News_d83_74f_cfe6f34dd4e25622643643745b_nsue-finir-meilleur-buteur-je-m-en-fous_nsue_290124-1024x538-1.jpg\",\"width\":400,\"height\":250},{\"@type\":\"WebPage\",\"@id\":\"https:\/\/www.nettali.com\/2024\/02\/17\/guinee-equatoriale-emilio-nsue-fait-de-graves-accusations-apres-son-exclusion\/#webpage\",\"url\":\"https:\/\/www.nettali.com\/2024\/02\/17\/guinee-equatoriale-emilio-nsue-fait-de-graves-accusations-apres-son-exclusion\/\",\"name\":\"GUIN\\u00c9E \\u00c9QUATORIALE - \\u00c9milio Nsue fait de graves accusations apr\\u00e8s son exclusion | Nettali.com\",\"isPartOf\":{\"@id\":\"https:\/\/www.nettali.com\/#website\"},\"primaryImageOfPage\":{\"@id\":\"https:\/\/www.nettali.com\/2024\/02\/17\/guinee-equatoriale-emilio-nsue-fait-de-graves-accusations-apres-son-exclusion\/#primaryimage\"},\"datePublished\":\"2024-02-17T14:41:26+00:00\",\"dateModified\":\"2024-02-17T14:41:26+00:00\",\"author\":{\"@id\":\"https:\/\/www.nettali.com\/#\/schema\/person\/bb147657c2986240405a608162b9bb23\"},\"breadcrumb\":{\"@id\":\"https:\/\/www.nettali.com\/2024\/02\/17\/guinee-equatoriale-emilio-nsue-fait-de-graves-accusations-apres-son-exclusion\/#breadcrumb\"},\"inLanguage\":\"fr-FR\",\"potentialAction\":[{\"@type\":\"ReadAction\",\"target\":[\"https:\/\/www.nettali.com\/2024\/02\/17\/guinee-equatoriale-emilio-nsue-fait-de-graves-accusations-apres-son-exclusion\/\"]}]},{\"@type\":\"BreadcrumbList\",\"@id\":\"https:\/\/www.nettali.com\/2024\/02\/17\/guinee-equatoriale-emilio-nsue-fait-de-graves-accusations-apres-son-exclusion\/#breadcrumb\",\"itemListElement\":[{\"@type\":\"ListItem\",\"position\":1,\"name\":\"Accueil\",\"item\":\"https:\/\/www.nettali.com\/\"},{\"@type\":\"ListItem\",\"position\":2,\"name\":\"GUIN\\u00c9E \\u00c9QUATORIALE - \\u00c9milio Nsue fait de graves accusations apr\\u00e8s son exclusion\"}]},{\"@type\":\"Person\",\"@id\":\"https:\/\/www.nettali.com\/#\/schema\/person\/bb147657c2986240405a608162b9bb23\",\"name\":\"Ibrahima\",\"image\":{\"@type\":\"ImageObject\",\"@id\":\"https:\/\/www.nettali.com\/#personlogo\",\"inLanguage\":\"fr-FR\",\"url\":\"https:\/\/secure.gravatar.com\/avatar\/26a8a81f09f0dd7624c9d5c36c9ba3a2?s=96&d=mm&r=g\",\"contentUrl\":\"https:\/\/secure.gravatar.com\/avatar\/26a8a81f09f0dd7624c9d5c36c9ba3a2?s=96&d=mm&r=g\",\"caption\":\"Ibrahima\"},\"sameAs\":[\"https:\/\/www.nettali.com\"]}]}<\/script>\n<!-- \/ Yoast SEO Premium plugin. -->","yoast_head_json":{"title":"GUIN\u00c9E \u00c9QUATORIALE - \u00c9milio Nsue fait de graves accusations apr\u00e8s son exclusion | Nettali.com","robots":{"index":"index","follow":"follow","max-snippet":"max-snippet:-1","max-image-preview":"max-image-preview:large","max-video-preview":"max-video-preview:-1"},"canonical":"https:\/\/www.nettali.com\/2024\/02\/17\/guinee-equatoriale-emilio-nsue-fait-de-graves-accusations-apres-son-exclusion\/","og_locale":"fr_FR","og_type":"article","og_title":"GUIN\u00c9E \u00c9QUATORIALE - \u00c9milio Nsue fait de graves accusations apr\u00e8s son exclusion","og_description":"NETTALI.COM - Suspendu par la F\u00e9d\u00e9ration de football de la Guin\u00e9e \u00c9quatoriale pour raison disciplinaire, au retour du Nzalang Nacional de la CAN 2023 en C\u00f4te d\u2019Ivoire, Emilio Nsue et son co\u00e9quipier en s\u00e9lection, Iban Edu, \u00e9galement \u00e9cart\u00e9 de l\u2019\u00e9quipe nationale, ont r\u00e9agi lors d\u2019un direct sur Instagram. Auteur de 5 buts lors du parcours [&hellip;]","og_url":"https:\/\/www.nettali.com\/2024\/02\/17\/guinee-equatoriale-emilio-nsue-fait-de-graves-accusations-apres-son-exclusion\/","og_site_name":"Nettali.com","article_publisher":"https:\/\/www.facebook.com\/nettalicom","article_published_time":"2024-02-17T14:41:26+00:00","og_image":[{"width":400,"height":250,"url":"https:\/\/www.nettali.com\/wp-content\/uploads\/2024\/02\/504_sport_Media365-Sport-News_d83_74f_cfe6f34dd4e25622643643745b_nsue-finir-meilleur-buteur-je-m-en-fous_nsue_290124-1024x538-1.jpg","type":"image\/jpeg"}],"twitter_card":"summary_large_image","twitter_misc":{"\u00c9crit par":"Ibrahima","Dur\u00e9e de lecture estim\u00e9e":"3 minutes"},"schema":{"@context":"https:\/\/schema.org","@graph":[{"@type":"WebSite","@id":"https:\/\/www.nettali.com\/#website","url":"https:\/\/www.nettali.com\/","name":"Nettali.com","description":"Le rendez-vous critique du Net","potentialAction":[{"@type":"SearchAction","target":{"@type":"EntryPoint","urlTemplate":"https:\/\/www.nettali.com\/?s={search_term_string}"},"query-input":"required name=search_term_string"}],"inLanguage":"fr-FR"},{"@type":"ImageObject","@id":"https:\/\/www.nettali.com\/2024\/02\/17\/guinee-equatoriale-emilio-nsue-fait-de-graves-accusations-apres-son-exclusion\/#primaryimage","inLanguage":"fr-FR","url":"https:\/\/www.nettali.com\/wp-content\/uploads\/2024\/02\/504_sport_Media365-Sport-News_d83_74f_cfe6f34dd4e25622643643745b_nsue-finir-meilleur-buteur-je-m-en-fous_nsue_290124-1024x538-1.jpg","contentUrl":"https:\/\/www.nettali.com\/wp-content\/uploads\/2024\/02\/504_sport_Media365-Sport-News_d83_74f_cfe6f34dd4e25622643643745b_nsue-finir-meilleur-buteur-je-m-en-fous_nsue_290124-1024x538-1.jpg","width":400,"height":250},{"@type":"WebPage","@id":"https:\/\/www.nettali.com\/2024\/02\/17\/guinee-equatoriale-emilio-nsue-fait-de-graves-accusations-apres-son-exclusion\/#webpage","url":"https:\/\/www.nettali.com\/2024\/02\/17\/guinee-equatoriale-emilio-nsue-fait-de-graves-accusations-apres-son-exclusion\/","name":"GUIN\u00c9E \u00c9QUATORIALE - \u00c9milio Nsue fait de graves accusations apr\u00e8s son exclusion | Nettali.com","isPartOf":{"@id":"https:\/\/www.nettali.com\/#website"},"primaryImageOfPage":{"@id":"https:\/\/www.nettali.com\/2024\/02\/17\/guinee-equatoriale-emilio-nsue-fait-de-graves-accusations-apres-son-exclusion\/#primaryimage"},"datePublished":"2024-02-17T14:41:26+00:00","dateModified":"2024-02-17T14:41:26+00:00","author":{"@id":"https:\/\/www.nettali.com\/#\/schema\/person\/bb147657c2986240405a608162b9bb23"},"breadcrumb":{"@id":"https:\/\/www.nettali.com\/2024\/02\/17\/guinee-equatoriale-emilio-nsue-fait-de-graves-accusations-apres-son-exclusion\/#breadcrumb"},"inLanguage":"fr-FR","potentialAction":[{"@type":"ReadAction","target":["https:\/\/www.nettali.com\/2024\/02\/17\/guinee-equatoriale-emilio-nsue-fait-de-graves-accusations-apres-son-exclusion\/"]}]},{"@type":"BreadcrumbList","@id":"https:\/\/www.nettali.com\/2024\/02\/17\/guinee-equatoriale-emilio-nsue-fait-de-graves-accusations-apres-son-exclusion\/#breadcrumb","itemListElement":[{"@type":"ListItem","position":1,"name":"Accueil","item":"https:\/\/www.nettali.com\/"},{"@type":"ListItem","position":2,"name":"GUIN\u00c9E \u00c9QUATORIALE - \u00c9milio Nsue fait de graves accusations apr\u00e8s son exclusion"}]},{"@type":"Person","@id":"https:\/\/www.nettali.com\/#\/schema\/person\/bb147657c2986240405a608162b9bb23","name":"Ibrahima","image":{"@type":"ImageObject","@id":"https:\/\/www.nettali.com\/#personlogo","inLanguage":"fr-FR","url":"https:\/\/secure.gravatar.com\/avatar\/26a8a81f09f0dd7624c9d5c36c9ba3a2?s=96&d=mm&r=g","contentUrl":"https:\/\/secure.gravatar.com\/avatar\/26a8a81f09f0dd7624c9d5c36c9ba3a2?s=96&d=mm&r=g","caption":"Ibrahima"},"sameAs":["https:\/\/www.nettali.com"]}]}},"_links":{"self":[{"href":"https:\/\/www.nettali.com\/rest\/wp\/v2\/posts\/127783"}],"collection":[{"href":"https:\/\/www.nettali.com\/rest\/wp\/v2\/posts"}],"about":[{"href":"https:\/\/www.nettali.com\/rest\/wp\/v2\/types\/post"}],"author":[{"embeddable":true,"href":"https:\/\/www.nettali.com\/rest\/wp\/v2\/users\/5"}],"replies":[{"embeddable":true,"href":"https:\/\/www.nettali.com\/rest\/wp\/v2\/comments?post=127783"}],"version-history":[{"count":2,"href":"https:\/\/www.nettali.com\/rest\/wp\/v2\/posts\/127783\/revisions"}],"predecessor-version":[{"id":127786,"href":"https:\/\/www.nettali.com\/rest\/wp\/v2\/posts\/127783\/revisions\/127786"}],"wp:featuredmedia":[{"embeddable":true,"href":"https:\/\/www.nettali.com\/rest\/wp\/v2\/media\/127784"}],"wp:attachment":[{"href":"https:\/\/www.nettali.com\/rest\/wp\/v2\/media?parent=127783"}],"wp:term":[{"taxonomy":"category","embeddable":true,"href":"https:\/\/www.nettali.com\/rest\/wp\/v2\/categories?post=127783"},{"taxonomy":"post_tag","embeddable":true,"href":"https:\/\/www.nettali.com\/rest\/wp\/v2\/tags?post=127783"}],"curies":[{"name":"wp","href":"https:\/\/api.w.org\/{rel}","templated":true}]}}