{"id":127778,"date":"2024-02-17T14:42:57","date_gmt":"2024-02-17T14:42:57","guid":{"rendered":"https:\/\/www.nettali.com\/?p=127778"},"modified":"2024-02-17T14:42:57","modified_gmt":"2024-02-17T14:42:57","slug":"emigration-clandestine-12-senegalais-arretes-en-espagne","status":"publish","type":"post","link":"https:\/\/www.nettali.com\/2024\/02\/17\/emigration-clandestine-12-senegalais-arretes-en-espagne\/","title":{"rendered":"\u00c9MIGRATION CLANDESTINE - 12 S\u00e9n\u00e9galais arr\u00eat\u00e9s en Espagne"},"content":{"rendered":"<p><strong>NETTALI.COM - Douze S\u00e9n\u00e9galais ont \u00e9t\u00e9 arr\u00eat\u00e9s, ce vendredi 16 f\u00e9vrier, par des agents de la police espagnole suite au d\u00e9mant\u00e8lement d'un r\u00e9seau international qui introduit des migrants d'origine s\u00e9n\u00e9galaise via l'a\u00e9roport Barajas de Madrid.<\/strong><\/p>\n<p>D'apr\u00e8s le quotidien Bes Bi qui donne l\u2019information,\u00a0ces migrants se faisaient passer pour des mineurs pour demander l'asile, \u00e0 leur arriv\u00e9e sur le territoire espagnol sur des vols en provenance de Casablanca, au Maroc.<\/p>\n<p>\"<em>Pr\u00e8s de 200 S\u00e9n\u00e9galais aurait r\u00e9ussi \u00e0 entrer en Europe via ce r\u00e9seau. Ces personnes se sont dirig\u00e9es vers la France, l'Allemagne et la Belgique<\/em>\", d\u00e9taille le communiqu\u00e9 repris le journal.<\/p>\n<p>Pour freiner ces arriv\u00e9es massives \u00e0 Barajas, l'Espagne a rendu obligatoire un visa de transit a\u00e9roportuaire. \u00c0 partir du 19 f\u00e9vrier 2024, les ressortissants s\u00e9n\u00e9galais en transit dans les a\u00e9roports espagnols devront pr\u00e9senter un visa \u00e0 leur arriv\u00e9e.<\/p>\n<p>Dans son rapport, publi\u00e9 le 8 f\u00e9vrier, la Commission espagnole d'aide aux r\u00e9fugi\u00e9s (Cear) a d'ailleurs attir\u00e9 l'attention du gouvernement espagnol sur le refus syst\u00e9matique des candidatures de personnes venant du S\u00e9n\u00e9gal, \"<em>pays frapp\u00e9 par une forte crise socio-politique 83% de leurs demandes ont \u00e9t\u00e9 refus\u00e9es<\/em>\".<\/p>\n<div class='share-to-whatsapp-wrapper'><div class='share-on-whsp'>PARTAGER SUR : <\/div><a data-text='\u00c9MIGRATION CLANDESTINE - 12 S\u00e9n\u00e9galais arr\u00eat\u00e9s en Espagne' data-link='https:\/\/www.nettali.com\/2024\/02\/17\/emigration-clandestine-12-senegalais-arretes-en-espagne\/' class='whatsapp-button whatsapp-share'>WhatsApp<\/a><div class='clear '><\/div><\/div>","protected":false},"excerpt":{"rendered":"<p>NETTALI.COM - Douze S\u00e9n\u00e9galais ont \u00e9t\u00e9 arr\u00eat\u00e9s, ce vendredi 16 f\u00e9vrier, par des agents de la police espagnole suite au d\u00e9mant\u00e8lement d'un r\u00e9seau international qui introduit des migrants d'origine s\u00e9n\u00e9galaise via l'a\u00e9roport Barajas de Madrid. D'apr\u00e8s le quotidien Bes Bi qui donne l\u2019information,\u00a0ces migrants se faisaient passer pour des mineurs pour demander l'asile, \u00e0 leur [&hellip;]<\/p>\n","protected":false},"author":5,"featured_media":127779,"comment_status":"open","ping_status":"open","sticky":false,"template":"","format":"standard","meta":{"_et_pb_use_builder":"","_et_pb_old_content":""},"categories":[3],"tags":[],"yoast_head":"<!-- This site is optimized with the Yoast SEO Premium plugin v17.8 (Yoast SEO v17.8) - https:\/\/yoast.com\/wordpress\/plugins\/seo\/ -->\n<title>\u00c9MIGRATION CLANDESTINE - 12 S\u00e9n\u00e9galais arr\u00eat\u00e9s en Espagne | Nettali.com<\/title>\n<meta name=\"robots\" content=\"index, follow, max-snippet:-1, max-image-preview:large, max-video-preview:-1\" \/>\n<link rel=\"canonical\" href=\"https:\/\/www.nettali.com\/2024\/02\/17\/emigration-clandestine-12-senegalais-arretes-en-espagne\/\" \/>\n<meta property=\"og:locale\" content=\"fr_FR\" \/>\n<meta property=\"og:type\" content=\"article\" \/>\n<meta property=\"og:title\" content=\"\u00c9MIGRATION CLANDESTINE - 12 S\u00e9n\u00e9galais arr\u00eat\u00e9s en Espagne\" \/>\n<meta property=\"og:description\" content=\"NETTALI.COM - Douze S\u00e9n\u00e9galais ont \u00e9t\u00e9 arr\u00eat\u00e9s, ce vendredi 16 f\u00e9vrier, par des agents de la police espagnole suite au d\u00e9mant\u00e8lement d&#039;un r\u00e9seau international qui introduit des migrants d&#039;origine s\u00e9n\u00e9galaise via l&#039;a\u00e9roport Barajas de Madrid. D&#039;apr\u00e8s le quotidien Bes Bi qui donne l\u2019information,\u00a0ces migrants se faisaient passer pour des mineurs pour demander l&#039;asile, \u00e0 leur [&hellip;]\" \/>\n<meta property=\"og:url\" content=\"https:\/\/www.nettali.com\/2024\/02\/17\/emigration-clandestine-12-senegalais-arretes-en-espagne\/\" \/>\n<meta property=\"og:site_name\" content=\"Nettali.com\" \/>\n<meta property=\"article:publisher\" content=\"https:\/\/www.facebook.com\/nettalicom\" \/>\n<meta property=\"article:published_time\" content=\"2024-02-17T14:42:57+00:00\" \/>\n<meta property=\"og:image\" content=\"https:\/\/www.nettali.com\/wp-content\/uploads\/2024\/02\/POLICE-USA1-e1445628533278.jpg\" \/>\n\t<meta property=\"og:image:width\" content=\"623\" \/>\n\t<meta property=\"og:image:height\" content=\"352\" \/>\n<meta name=\"twitter:card\" content=\"summary_large_image\" \/>\n<meta name=\"twitter:label1\" content=\"\u00c9crit par\" \/>\n\t<meta name=\"twitter:data1\" content=\"Ibrahima\" \/>\n\t<meta name=\"twitter:label2\" content=\"Dur\u00e9e de lecture estim\u00e9e\" \/>\n\t<meta name=\"twitter:data2\" content=\"1 minute\" \/>\n<script type=\"application\/ld+json\" class=\"yoast-schema-graph\">{\"@context\":\"https:\/\/schema.org\",\"@graph\":[{\"@type\":\"WebSite\",\"@id\":\"https:\/\/www.nettali.com\/#website\",\"url\":\"https:\/\/www.nettali.com\/\",\"name\":\"Nettali.com\",\"description\":\"Le rendez-vous critique du Net\",\"potentialAction\":[{\"@type\":\"SearchAction\",\"target\":{\"@type\":\"EntryPoint\",\"urlTemplate\":\"https:\/\/www.nettali.com\/?s={search_term_string}\"},\"query-input\":\"required name=search_term_string\"}],\"inLanguage\":\"fr-FR\"},{\"@type\":\"ImageObject\",\"@id\":\"https:\/\/www.nettali.com\/2024\/02\/17\/emigration-clandestine-12-senegalais-arretes-en-espagne\/#primaryimage\",\"inLanguage\":\"fr-FR\",\"url\":\"https:\/\/www.nettali.com\/wp-content\/uploads\/2024\/02\/POLICE-USA1-e1445628533278.jpg\",\"contentUrl\":\"https:\/\/www.nettali.com\/wp-content\/uploads\/2024\/02\/POLICE-USA1-e1445628533278.jpg\",\"width\":623,\"height\":352},{\"@type\":\"WebPage\",\"@id\":\"https:\/\/www.nettali.com\/2024\/02\/17\/emigration-clandestine-12-senegalais-arretes-en-espagne\/#webpage\",\"url\":\"https:\/\/www.nettali.com\/2024\/02\/17\/emigration-clandestine-12-senegalais-arretes-en-espagne\/\",\"name\":\"\\u00c9MIGRATION CLANDESTINE - 12 S\\u00e9n\\u00e9galais arr\\u00eat\\u00e9s en Espagne | Nettali.com\",\"isPartOf\":{\"@id\":\"https:\/\/www.nettali.com\/#website\"},\"primaryImageOfPage\":{\"@id\":\"https:\/\/www.nettali.com\/2024\/02\/17\/emigration-clandestine-12-senegalais-arretes-en-espagne\/#primaryimage\"},\"datePublished\":\"2024-02-17T14:42:57+00:00\",\"dateModified\":\"2024-02-17T14:42:57+00:00\",\"author\":{\"@id\":\"https:\/\/www.nettali.com\/#\/schema\/person\/bb147657c2986240405a608162b9bb23\"},\"breadcrumb\":{\"@id\":\"https:\/\/www.nettali.com\/2024\/02\/17\/emigration-clandestine-12-senegalais-arretes-en-espagne\/#breadcrumb\"},\"inLanguage\":\"fr-FR\",\"potentialAction\":[{\"@type\":\"ReadAction\",\"target\":[\"https:\/\/www.nettali.com\/2024\/02\/17\/emigration-clandestine-12-senegalais-arretes-en-espagne\/\"]}]},{\"@type\":\"BreadcrumbList\",\"@id\":\"https:\/\/www.nettali.com\/2024\/02\/17\/emigration-clandestine-12-senegalais-arretes-en-espagne\/#breadcrumb\",\"itemListElement\":[{\"@type\":\"ListItem\",\"position\":1,\"name\":\"Accueil\",\"item\":\"https:\/\/www.nettali.com\/\"},{\"@type\":\"ListItem\",\"position\":2,\"name\":\"\\u00c9MIGRATION CLANDESTINE - 12 S\\u00e9n\\u00e9galais arr\\u00eat\\u00e9s en Espagne\"}]},{\"@type\":\"Person\",\"@id\":\"https:\/\/www.nettali.com\/#\/schema\/person\/bb147657c2986240405a608162b9bb23\",\"name\":\"Ibrahima\",\"image\":{\"@type\":\"ImageObject\",\"@id\":\"https:\/\/www.nettali.com\/#personlogo\",\"inLanguage\":\"fr-FR\",\"url\":\"https:\/\/secure.gravatar.com\/avatar\/26a8a81f09f0dd7624c9d5c36c9ba3a2?s=96&d=mm&r=g\",\"contentUrl\":\"https:\/\/secure.gravatar.com\/avatar\/26a8a81f09f0dd7624c9d5c36c9ba3a2?s=96&d=mm&r=g\",\"caption\":\"Ibrahima\"},\"sameAs\":[\"https:\/\/www.nettali.com\"]}]}<\/script>\n<!-- \/ Yoast SEO Premium plugin. -->","yoast_head_json":{"title":"\u00c9MIGRATION CLANDESTINE - 12 S\u00e9n\u00e9galais arr\u00eat\u00e9s en Espagne | Nettali.com","robots":{"index":"index","follow":"follow","max-snippet":"max-snippet:-1","max-image-preview":"max-image-preview:large","max-video-preview":"max-video-preview:-1"},"canonical":"https:\/\/www.nettali.com\/2024\/02\/17\/emigration-clandestine-12-senegalais-arretes-en-espagne\/","og_locale":"fr_FR","og_type":"article","og_title":"\u00c9MIGRATION CLANDESTINE - 12 S\u00e9n\u00e9galais arr\u00eat\u00e9s en Espagne","og_description":"NETTALI.COM - Douze S\u00e9n\u00e9galais ont \u00e9t\u00e9 arr\u00eat\u00e9s, ce vendredi 16 f\u00e9vrier, par des agents de la police espagnole suite au d\u00e9mant\u00e8lement d'un r\u00e9seau international qui introduit des migrants d'origine s\u00e9n\u00e9galaise via l'a\u00e9roport Barajas de Madrid. D'apr\u00e8s le quotidien Bes Bi qui donne l\u2019information,\u00a0ces migrants se faisaient passer pour des mineurs pour demander l'asile, \u00e0 leur [&hellip;]","og_url":"https:\/\/www.nettali.com\/2024\/02\/17\/emigration-clandestine-12-senegalais-arretes-en-espagne\/","og_site_name":"Nettali.com","article_publisher":"https:\/\/www.facebook.com\/nettalicom","article_published_time":"2024-02-17T14:42:57+00:00","og_image":[{"width":623,"height":352,"url":"https:\/\/www.nettali.com\/wp-content\/uploads\/2024\/02\/POLICE-USA1-e1445628533278.jpg","type":"image\/jpeg"}],"twitter_card":"summary_large_image","twitter_misc":{"\u00c9crit par":"Ibrahima","Dur\u00e9e de lecture estim\u00e9e":"1 minute"},"schema":{"@context":"https:\/\/schema.org","@graph":[{"@type":"WebSite","@id":"https:\/\/www.nettali.com\/#website","url":"https:\/\/www.nettali.com\/","name":"Nettali.com","description":"Le rendez-vous critique du Net","potentialAction":[{"@type":"SearchAction","target":{"@type":"EntryPoint","urlTemplate":"https:\/\/www.nettali.com\/?s={search_term_string}"},"query-input":"required name=search_term_string"}],"inLanguage":"fr-FR"},{"@type":"ImageObject","@id":"https:\/\/www.nettali.com\/2024\/02\/17\/emigration-clandestine-12-senegalais-arretes-en-espagne\/#primaryimage","inLanguage":"fr-FR","url":"https:\/\/www.nettali.com\/wp-content\/uploads\/2024\/02\/POLICE-USA1-e1445628533278.jpg","contentUrl":"https:\/\/www.nettali.com\/wp-content\/uploads\/2024\/02\/POLICE-USA1-e1445628533278.jpg","width":623,"height":352},{"@type":"WebPage","@id":"https:\/\/www.nettali.com\/2024\/02\/17\/emigration-clandestine-12-senegalais-arretes-en-espagne\/#webpage","url":"https:\/\/www.nettali.com\/2024\/02\/17\/emigration-clandestine-12-senegalais-arretes-en-espagne\/","name":"\u00c9MIGRATION CLANDESTINE - 12 S\u00e9n\u00e9galais arr\u00eat\u00e9s en Espagne | Nettali.com","isPartOf":{"@id":"https:\/\/www.nettali.com\/#website"},"primaryImageOfPage":{"@id":"https:\/\/www.nettali.com\/2024\/02\/17\/emigration-clandestine-12-senegalais-arretes-en-espagne\/#primaryimage"},"datePublished":"2024-02-17T14:42:57+00:00","dateModified":"2024-02-17T14:42:57+00:00","author":{"@id":"https:\/\/www.nettali.com\/#\/schema\/person\/bb147657c2986240405a608162b9bb23"},"breadcrumb":{"@id":"https:\/\/www.nettali.com\/2024\/02\/17\/emigration-clandestine-12-senegalais-arretes-en-espagne\/#breadcrumb"},"inLanguage":"fr-FR","potentialAction":[{"@type":"ReadAction","target":["https:\/\/www.nettali.com\/2024\/02\/17\/emigration-clandestine-12-senegalais-arretes-en-espagne\/"]}]},{"@type":"BreadcrumbList","@id":"https:\/\/www.nettali.com\/2024\/02\/17\/emigration-clandestine-12-senegalais-arretes-en-espagne\/#breadcrumb","itemListElement":[{"@type":"ListItem","position":1,"name":"Accueil","item":"https:\/\/www.nettali.com\/"},{"@type":"ListItem","position":2,"name":"\u00c9MIGRATION CLANDESTINE - 12 S\u00e9n\u00e9galais arr\u00eat\u00e9s en Espagne"}]},{"@type":"Person","@id":"https:\/\/www.nettali.com\/#\/schema\/person\/bb147657c2986240405a608162b9bb23","name":"Ibrahima","image":{"@type":"ImageObject","@id":"https:\/\/www.nettali.com\/#personlogo","inLanguage":"fr-FR","url":"https:\/\/secure.gravatar.com\/avatar\/26a8a81f09f0dd7624c9d5c36c9ba3a2?s=96&d=mm&r=g","contentUrl":"https:\/\/secure.gravatar.com\/avatar\/26a8a81f09f0dd7624c9d5c36c9ba3a2?s=96&d=mm&r=g","caption":"Ibrahima"},"sameAs":["https:\/\/www.nettali.com"]}]}},"_links":{"self":[{"href":"https:\/\/www.nettali.com\/rest\/wp\/v2\/posts\/127778"}],"collection":[{"href":"https:\/\/www.nettali.com\/rest\/wp\/v2\/posts"}],"about":[{"href":"https:\/\/www.nettali.com\/rest\/wp\/v2\/types\/post"}],"author":[{"embeddable":true,"href":"https:\/\/www.nettali.com\/rest\/wp\/v2\/users\/5"}],"replies":[{"embeddable":true,"href":"https:\/\/www.nettali.com\/rest\/wp\/v2\/comments?post=127778"}],"version-history":[{"count":4,"href":"https:\/\/www.nettali.com\/rest\/wp\/v2\/posts\/127778\/revisions"}],"predecessor-version":[{"id":127794,"href":"https:\/\/www.nettali.com\/rest\/wp\/v2\/posts\/127778\/revisions\/127794"}],"wp:featuredmedia":[{"embeddable":true,"href":"https:\/\/www.nettali.com\/rest\/wp\/v2\/media\/127779"}],"wp:attachment":[{"href":"https:\/\/www.nettali.com\/rest\/wp\/v2\/media?parent=127778"}],"wp:term":[{"taxonomy":"category","embeddable":true,"href":"https:\/\/www.nettali.com\/rest\/wp\/v2\/categories?post=127778"},{"taxonomy":"post_tag","embeddable":true,"href":"https:\/\/www.nettali.com\/rest\/wp\/v2\/tags?post=127778"}],"curies":[{"name":"wp","href":"https:\/\/api.w.org\/{rel}","templated":true}]}}