{"id":127717,"date":"2024-02-16T09:12:33","date_gmt":"2024-02-16T09:12:33","guid":{"rendered":"https:\/\/www.nettali.com\/?p=127717"},"modified":"2024-02-16T09:12:33","modified_gmt":"2024-02-16T09:12:33","slug":"rencontre-avec-le-secteur-prive-les-mesures-prises-par-le-gouvernement","status":"publish","type":"post","link":"https:\/\/www.nettali.com\/2024\/02\/16\/rencontre-avec-le-secteur-prive-les-mesures-prises-par-le-gouvernement\/","title":{"rendered":"RENCONTRE AVEC LE SECTEUR PRIV\u00c9 - Les mesures prises par le gouvernement"},"content":{"rendered":"<p><strong>NETTALI.COM - Le gouvernement a pris plusieurs mesures \u00e9conomiques, jeudi, \u00e0 Dakar, dont l\u2019une consistera \u00e0 s\u2019entretenir avec le secteur priv\u00e9 de ses pr\u00e9occupations, une fois par semestre. Les mesures ont \u00e9t\u00e9 prises lors d\u2019une r\u00e9union de certains membres du gouvernement avec les organisations patronales.<\/strong><\/p>\n<p>Le Premier ministre s\u2019est engag\u00e9 \u00e0 s\u2019entretenir avec le patronat de ses <em>\"pr\u00e9occupations et contraintes\u2019\u2019<\/em>, une fois par semestre, pour <em>\"consolider\u2019\u2019<\/em> son partenariat avec les employeurs du secteur priv\u00e9.<\/p>\n<p>Le ministre de l\u2019\u00c9conomie, Doudou Ka, s\u2019est charg\u00e9 de prendre les <em>\"dispositions appropri\u00e9es [\u2026] pour acc\u00e9l\u00e9rer le processus d\u2019adoption du code des investissements\u2019\u2019.<\/em><\/p>\n<p>Il le fera avec la collaboration du secr\u00e9tariat g\u00e9n\u00e9ral du gouvernement, Seydou Gu\u00e8ye, et du directeur g\u00e9n\u00e9ral de l\u2019Agence de la promotion des investissements et des grands travaux de l\u2019\u00c9tat (APIX).<\/p>\n<p>M. Ka est \u00e9galement charg\u00e9 de prendre les <em>\"dispositions n\u00e9cessaires pour la mise en \u0153uvre de la strat\u00e9gie d\u2019import- substitution\u2019\u2019.<\/em><\/p>\n<p>Le ministre des Finances et du Budget, Mamadou Moustapha Ba, va \u00e9tudier, avec les autres ministres concern\u00e9s et le secteur priv\u00e9, <em>\"les voies et moyens d\u2019\u00e9largir le contenu local\u2019\u2019<\/em> \u00e0 plusieurs secteurs d\u2019activit\u00e9, dont l\u2019\u00e9nergie, les infrastructures et le num\u00e9rique.<\/p>\n<p>Il s\u2019agira d\u2019impliquer la main-d\u2019\u0153uvre et les entreprises priv\u00e9es locales dans les projets mis en \u0153uvre par l\u2019\u00c9tat et ses partenaires \u00e9trangers, dans ces secteurs d\u2019activit\u00e9.<\/p>\n<p>Le ministre des Finances et du Budget va aussi prendre <em>\"les mesures diligentes\u2019\u2019<\/em> pour rendre op\u00e9rationnel le syst\u00e8me unique de t\u00e9l\u00e9paiement et la proc\u00e9dure administrative de t\u00e9l\u00e9d\u00e9claration.<\/p>\n<p>Il lui revient \u00e9galement de s\u2019atteler au paiement, <em>\"dans les meilleurs d\u00e9lais\u2019\u2019<\/em>, de la dette int\u00e9rieure des entreprises.<\/p>\n<p>Le ministre de l\u2019\u00c9conomie et ses coll\u00e8gues charg\u00e9s du Commerce et de l\u2019Industrie se chargeront de renforcer la concertation entre l\u2019Administration publique et le secteur priv\u00e9, pour \u2018\u2019finaliser la r\u00e9forme du code du travail, d\u00e9velopper l\u2019entrepreneuriat et densifier le financement des PME et des PMI\u2019\u2019.<\/p>\n<p>Le ministre du Travail va <em>\"animer de fa\u00e7on r\u00e9guli\u00e8re un cadre de concertation avec le secteur priv\u00e9\u2019\u2019<\/em>, avec la collaboration du Haut Conseil du dialogue social (HCDS).<\/p>\n<p>Un Conseil interminist\u00e9riel va se tenir en pr\u00e9lude du prochain conseil pr\u00e9sidentiel de l\u2019investissement.<\/p>\n<p>La r\u00e9union du gouvernement avec les organisations patronales fait partie d\u2019une s\u00e9rie de concertations du Premier ministres avec plusieurs partenaires de l\u2019\u00c9tat.<\/p>\n<p>La pr\u00e9sidente du HCDS, Innocence Ntap, le pr\u00e9sident du Conseil national du patronat, Ba\u00efdy Agne, et celui de la Conf\u00e9d\u00e9ration nationale des employeurs du S\u00e9n\u00e9gal, Adama Lam, y ont pris part.<\/p>\n<p>Le Club des investisseurs s\u00e9n\u00e9galais, la Chambre de commerce, d\u2019industrie et d\u2019agriculture de Dakar et d\u2019autres organisations du secteur priv\u00e9 \u00e9taient repr\u00e9sent\u00e9s.<\/p>\n<p>&nbsp;<\/p>\n<div class='share-to-whatsapp-wrapper'><div class='share-on-whsp'>PARTAGER SUR : <\/div><a data-text='RENCONTRE AVEC LE SECTEUR PRIV\u00c9 - Les mesures prises par le gouvernement' data-link='https:\/\/www.nettali.com\/2024\/02\/16\/rencontre-avec-le-secteur-prive-les-mesures-prises-par-le-gouvernement\/' class='whatsapp-button whatsapp-share'>WhatsApp<\/a><div class='clear '><\/div><\/div>","protected":false},"excerpt":{"rendered":"<p>NETTALI.COM - Le gouvernement a pris plusieurs mesures \u00e9conomiques, jeudi, \u00e0 Dakar, dont l\u2019une consistera \u00e0 s\u2019entretenir avec le secteur priv\u00e9 de ses pr\u00e9occupations, une fois par semestre. Les mesures ont \u00e9t\u00e9 prises lors d\u2019une r\u00e9union de certains membres du gouvernement avec les organisations patronales. Le Premier ministre s\u2019est engag\u00e9 \u00e0 s\u2019entretenir avec le patronat [&hellip;]<\/p>\n","protected":false},"author":4,"featured_media":127697,"comment_status":"open","ping_status":"open","sticky":false,"template":"","format":"standard","meta":{"_et_pb_use_builder":"","_et_pb_old_content":""},"categories":[2],"tags":[],"yoast_head":"<!-- This site is optimized with the Yoast SEO Premium plugin v17.8 (Yoast SEO v17.8) - https:\/\/yoast.com\/wordpress\/plugins\/seo\/ -->\n<title>RENCONTRE AVEC LE SECTEUR PRIV\u00c9 - Les mesures prises par le gouvernement | Nettali.com<\/title>\n<meta name=\"robots\" content=\"index, follow, max-snippet:-1, max-image-preview:large, max-video-preview:-1\" \/>\n<link rel=\"canonical\" href=\"https:\/\/www.nettali.com\/2024\/02\/16\/rencontre-avec-le-secteur-prive-les-mesures-prises-par-le-gouvernement\/\" \/>\n<meta property=\"og:locale\" content=\"fr_FR\" \/>\n<meta property=\"og:type\" content=\"article\" \/>\n<meta property=\"og:title\" content=\"RENCONTRE AVEC LE SECTEUR PRIV\u00c9 - Les mesures prises par le gouvernement\" \/>\n<meta property=\"og:description\" content=\"NETTALI.COM - Le gouvernement a pris plusieurs mesures \u00e9conomiques, jeudi, \u00e0 Dakar, dont l\u2019une consistera \u00e0 s\u2019entretenir avec le secteur priv\u00e9 de ses pr\u00e9occupations, une fois par semestre. Les mesures ont \u00e9t\u00e9 prises lors d\u2019une r\u00e9union de certains membres du gouvernement avec les organisations patronales. Le Premier ministre s\u2019est engag\u00e9 \u00e0 s\u2019entretenir avec le patronat [&hellip;]\" \/>\n<meta property=\"og:url\" content=\"https:\/\/www.nettali.com\/2024\/02\/16\/rencontre-avec-le-secteur-prive-les-mesures-prises-par-le-gouvernement\/\" \/>\n<meta property=\"og:site_name\" content=\"Nettali.com\" \/>\n<meta property=\"article:publisher\" content=\"https:\/\/www.facebook.com\/nettalicom\" \/>\n<meta property=\"article:published_time\" content=\"2024-02-16T09:12:33+00:00\" \/>\n<meta property=\"og:image\" content=\"https:\/\/www.nettali.com\/wp-content\/uploads\/2024\/02\/amadou-ba-1-696x404-1.jpg\" \/>\n\t<meta property=\"og:image:width\" content=\"696\" \/>\n\t<meta property=\"og:image:height\" content=\"404\" \/>\n<meta name=\"twitter:card\" content=\"summary_large_image\" \/>\n<meta name=\"twitter:label1\" content=\"\u00c9crit par\" \/>\n\t<meta name=\"twitter:data1\" content=\"Daouda\" \/>\n\t<meta name=\"twitter:label2\" content=\"Dur\u00e9e de lecture estim\u00e9e\" \/>\n\t<meta name=\"twitter:data2\" content=\"3 minutes\" \/>\n<script type=\"application\/ld+json\" class=\"yoast-schema-graph\">{\"@context\":\"https:\/\/schema.org\",\"@graph\":[{\"@type\":\"WebSite\",\"@id\":\"https:\/\/www.nettali.com\/#website\",\"url\":\"https:\/\/www.nettali.com\/\",\"name\":\"Nettali.com\",\"description\":\"Le rendez-vous critique du Net\",\"potentialAction\":[{\"@type\":\"SearchAction\",\"target\":{\"@type\":\"EntryPoint\",\"urlTemplate\":\"https:\/\/www.nettali.com\/?s={search_term_string}\"},\"query-input\":\"required name=search_term_string\"}],\"inLanguage\":\"fr-FR\"},{\"@type\":\"ImageObject\",\"@id\":\"https:\/\/www.nettali.com\/2024\/02\/16\/rencontre-avec-le-secteur-prive-les-mesures-prises-par-le-gouvernement\/#primaryimage\",\"inLanguage\":\"fr-FR\",\"url\":\"https:\/\/www.nettali.com\/wp-content\/uploads\/2024\/02\/amadou-ba-1-696x404-1.jpg\",\"contentUrl\":\"https:\/\/www.nettali.com\/wp-content\/uploads\/2024\/02\/amadou-ba-1-696x404-1.jpg\",\"width\":696,\"height\":404},{\"@type\":\"WebPage\",\"@id\":\"https:\/\/www.nettali.com\/2024\/02\/16\/rencontre-avec-le-secteur-prive-les-mesures-prises-par-le-gouvernement\/#webpage\",\"url\":\"https:\/\/www.nettali.com\/2024\/02\/16\/rencontre-avec-le-secteur-prive-les-mesures-prises-par-le-gouvernement\/\",\"name\":\"RENCONTRE AVEC LE SECTEUR PRIV\\u00c9 - Les mesures prises par le gouvernement | Nettali.com\",\"isPartOf\":{\"@id\":\"https:\/\/www.nettali.com\/#website\"},\"primaryImageOfPage\":{\"@id\":\"https:\/\/www.nettali.com\/2024\/02\/16\/rencontre-avec-le-secteur-prive-les-mesures-prises-par-le-gouvernement\/#primaryimage\"},\"datePublished\":\"2024-02-16T09:12:33+00:00\",\"dateModified\":\"2024-02-16T09:12:33+00:00\",\"author\":{\"@id\":\"https:\/\/www.nettali.com\/#\/schema\/person\/3317e0bb3aa1da309fbf7b2780901bf4\"},\"breadcrumb\":{\"@id\":\"https:\/\/www.nettali.com\/2024\/02\/16\/rencontre-avec-le-secteur-prive-les-mesures-prises-par-le-gouvernement\/#breadcrumb\"},\"inLanguage\":\"fr-FR\",\"potentialAction\":[{\"@type\":\"ReadAction\",\"target\":[\"https:\/\/www.nettali.com\/2024\/02\/16\/rencontre-avec-le-secteur-prive-les-mesures-prises-par-le-gouvernement\/\"]}]},{\"@type\":\"BreadcrumbList\",\"@id\":\"https:\/\/www.nettali.com\/2024\/02\/16\/rencontre-avec-le-secteur-prive-les-mesures-prises-par-le-gouvernement\/#breadcrumb\",\"itemListElement\":[{\"@type\":\"ListItem\",\"position\":1,\"name\":\"Accueil\",\"item\":\"https:\/\/www.nettali.com\/\"},{\"@type\":\"ListItem\",\"position\":2,\"name\":\"RENCONTRE AVEC LE SECTEUR PRIV\\u00c9 - Les mesures prises par le gouvernement\"}]},{\"@type\":\"Person\",\"@id\":\"https:\/\/www.nettali.com\/#\/schema\/person\/3317e0bb3aa1da309fbf7b2780901bf4\",\"name\":\"Daouda\",\"image\":{\"@type\":\"ImageObject\",\"@id\":\"https:\/\/www.nettali.com\/#personlogo\",\"inLanguage\":\"fr-FR\",\"url\":\"https:\/\/secure.gravatar.com\/avatar\/8d143b5a49345098ddcfee1c49c2f47c?s=96&d=mm&r=g\",\"contentUrl\":\"https:\/\/secure.gravatar.com\/avatar\/8d143b5a49345098ddcfee1c49c2f47c?s=96&d=mm&r=g\",\"caption\":\"Daouda\"},\"sameAs\":[\"https:\/\/www.nettali.com\"]}]}<\/script>\n<!-- \/ Yoast SEO Premium plugin. -->","yoast_head_json":{"title":"RENCONTRE AVEC LE SECTEUR PRIV\u00c9 - Les mesures prises par le gouvernement | Nettali.com","robots":{"index":"index","follow":"follow","max-snippet":"max-snippet:-1","max-image-preview":"max-image-preview:large","max-video-preview":"max-video-preview:-1"},"canonical":"https:\/\/www.nettali.com\/2024\/02\/16\/rencontre-avec-le-secteur-prive-les-mesures-prises-par-le-gouvernement\/","og_locale":"fr_FR","og_type":"article","og_title":"RENCONTRE AVEC LE SECTEUR PRIV\u00c9 - Les mesures prises par le gouvernement","og_description":"NETTALI.COM - Le gouvernement a pris plusieurs mesures \u00e9conomiques, jeudi, \u00e0 Dakar, dont l\u2019une consistera \u00e0 s\u2019entretenir avec le secteur priv\u00e9 de ses pr\u00e9occupations, une fois par semestre. Les mesures ont \u00e9t\u00e9 prises lors d\u2019une r\u00e9union de certains membres du gouvernement avec les organisations patronales. Le Premier ministre s\u2019est engag\u00e9 \u00e0 s\u2019entretenir avec le patronat [&hellip;]","og_url":"https:\/\/www.nettali.com\/2024\/02\/16\/rencontre-avec-le-secteur-prive-les-mesures-prises-par-le-gouvernement\/","og_site_name":"Nettali.com","article_publisher":"https:\/\/www.facebook.com\/nettalicom","article_published_time":"2024-02-16T09:12:33+00:00","og_image":[{"width":696,"height":404,"url":"https:\/\/www.nettali.com\/wp-content\/uploads\/2024\/02\/amadou-ba-1-696x404-1.jpg","type":"image\/jpeg"}],"twitter_card":"summary_large_image","twitter_misc":{"\u00c9crit par":"Daouda","Dur\u00e9e de lecture estim\u00e9e":"3 minutes"},"schema":{"@context":"https:\/\/schema.org","@graph":[{"@type":"WebSite","@id":"https:\/\/www.nettali.com\/#website","url":"https:\/\/www.nettali.com\/","name":"Nettali.com","description":"Le rendez-vous critique du Net","potentialAction":[{"@type":"SearchAction","target":{"@type":"EntryPoint","urlTemplate":"https:\/\/www.nettali.com\/?s={search_term_string}"},"query-input":"required name=search_term_string"}],"inLanguage":"fr-FR"},{"@type":"ImageObject","@id":"https:\/\/www.nettali.com\/2024\/02\/16\/rencontre-avec-le-secteur-prive-les-mesures-prises-par-le-gouvernement\/#primaryimage","inLanguage":"fr-FR","url":"https:\/\/www.nettali.com\/wp-content\/uploads\/2024\/02\/amadou-ba-1-696x404-1.jpg","contentUrl":"https:\/\/www.nettali.com\/wp-content\/uploads\/2024\/02\/amadou-ba-1-696x404-1.jpg","width":696,"height":404},{"@type":"WebPage","@id":"https:\/\/www.nettali.com\/2024\/02\/16\/rencontre-avec-le-secteur-prive-les-mesures-prises-par-le-gouvernement\/#webpage","url":"https:\/\/www.nettali.com\/2024\/02\/16\/rencontre-avec-le-secteur-prive-les-mesures-prises-par-le-gouvernement\/","name":"RENCONTRE AVEC LE SECTEUR PRIV\u00c9 - Les mesures prises par le gouvernement | Nettali.com","isPartOf":{"@id":"https:\/\/www.nettali.com\/#website"},"primaryImageOfPage":{"@id":"https:\/\/www.nettali.com\/2024\/02\/16\/rencontre-avec-le-secteur-prive-les-mesures-prises-par-le-gouvernement\/#primaryimage"},"datePublished":"2024-02-16T09:12:33+00:00","dateModified":"2024-02-16T09:12:33+00:00","author":{"@id":"https:\/\/www.nettali.com\/#\/schema\/person\/3317e0bb3aa1da309fbf7b2780901bf4"},"breadcrumb":{"@id":"https:\/\/www.nettali.com\/2024\/02\/16\/rencontre-avec-le-secteur-prive-les-mesures-prises-par-le-gouvernement\/#breadcrumb"},"inLanguage":"fr-FR","potentialAction":[{"@type":"ReadAction","target":["https:\/\/www.nettali.com\/2024\/02\/16\/rencontre-avec-le-secteur-prive-les-mesures-prises-par-le-gouvernement\/"]}]},{"@type":"BreadcrumbList","@id":"https:\/\/www.nettali.com\/2024\/02\/16\/rencontre-avec-le-secteur-prive-les-mesures-prises-par-le-gouvernement\/#breadcrumb","itemListElement":[{"@type":"ListItem","position":1,"name":"Accueil","item":"https:\/\/www.nettali.com\/"},{"@type":"ListItem","position":2,"name":"RENCONTRE AVEC LE SECTEUR PRIV\u00c9 - Les mesures prises par le gouvernement"}]},{"@type":"Person","@id":"https:\/\/www.nettali.com\/#\/schema\/person\/3317e0bb3aa1da309fbf7b2780901bf4","name":"Daouda","image":{"@type":"ImageObject","@id":"https:\/\/www.nettali.com\/#personlogo","inLanguage":"fr-FR","url":"https:\/\/secure.gravatar.com\/avatar\/8d143b5a49345098ddcfee1c49c2f47c?s=96&d=mm&r=g","contentUrl":"https:\/\/secure.gravatar.com\/avatar\/8d143b5a49345098ddcfee1c49c2f47c?s=96&d=mm&r=g","caption":"Daouda"},"sameAs":["https:\/\/www.nettali.com"]}]}},"_links":{"self":[{"href":"https:\/\/www.nettali.com\/rest\/wp\/v2\/posts\/127717"}],"collection":[{"href":"https:\/\/www.nettali.com\/rest\/wp\/v2\/posts"}],"about":[{"href":"https:\/\/www.nettali.com\/rest\/wp\/v2\/types\/post"}],"author":[{"embeddable":true,"href":"https:\/\/www.nettali.com\/rest\/wp\/v2\/users\/4"}],"replies":[{"embeddable":true,"href":"https:\/\/www.nettali.com\/rest\/wp\/v2\/comments?post=127717"}],"version-history":[{"count":1,"href":"https:\/\/www.nettali.com\/rest\/wp\/v2\/posts\/127717\/revisions"}],"predecessor-version":[{"id":127719,"href":"https:\/\/www.nettali.com\/rest\/wp\/v2\/posts\/127717\/revisions\/127719"}],"wp:featuredmedia":[{"embeddable":true,"href":"https:\/\/www.nettali.com\/rest\/wp\/v2\/media\/127697"}],"wp:attachment":[{"href":"https:\/\/www.nettali.com\/rest\/wp\/v2\/media?parent=127717"}],"wp:term":[{"taxonomy":"category","embeddable":true,"href":"https:\/\/www.nettali.com\/rest\/wp\/v2\/categories?post=127717"},{"taxonomy":"post_tag","embeddable":true,"href":"https:\/\/www.nettali.com\/rest\/wp\/v2\/tags?post=127717"}],"curies":[{"name":"wp","href":"https:\/\/api.w.org\/{rel}","templated":true}]}}