{"id":127635,"date":"2024-02-15T13:54:56","date_gmt":"2024-02-15T13:54:56","guid":{"rendered":"https:\/\/www.nettali.com\/?p=127635"},"modified":"2024-02-15T13:55:30","modified_gmt":"2024-02-15T13:55:30","slug":"suspension-de-krepin-diatta-la-federation-senegalaise-brise-le-silence","status":"publish","type":"post","link":"https:\/\/www.nettali.com\/2024\/02\/15\/suspension-de-krepin-diatta-la-federation-senegalaise-brise-le-silence\/","title":{"rendered":"SUSPENSION DE KR\u00c9PIN DIATTA - La F\u00e9d\u00e9ration s\u00e9n\u00e9galaise brise le silence"},"content":{"rendered":"<p><strong>NETTALI.COM - La F\u00e9d\u00e9ration s\u00e9n\u00e9galaise de football a r\u00e9agi aux informations abondamment relay\u00e9es par la presse et faisant \u00e9tat d\u2019une sanction inflig\u00e9e par la CAF \u00e0 Kr\u00e9pin Diatta pour ses propos injurieux contre l\u2019instance. Et la FSF dit n\u2019avoir eu connaissance d\u2019aucune note de la CAF dans ce sens.<\/strong><\/p>\n<p>Dans un \u00e9lan de clarification, la F\u00e9d\u00e9ration s\u00e9n\u00e9galaise de football (FSF) a publi\u00e9 un communiqu\u00e9 officiel mettant fin aux sp\u00e9culations entourant des sanctions pr\u00e9sum\u00e9es contre Kr\u00e9pin Diatta par la Conf\u00e9d\u00e9ration africaine de football (CAF).<\/p>\n<p>D'apr\u00e8s les informations de ce mercredi 14 f\u00e9vrier du journal L\u2019Observateur et relay\u00e9es par plusieurs m\u00e9dias tant africains qu\u2019europ\u00e9ens, la CAF aurait sanctionn\u00e9 Kr\u00e9pin Diatta pour sa sortie muscl\u00e9e contre l\u2019instance apr\u00e8s l\u2019\u00e9limination du S\u00e9n\u00e9gal de la CAN 2023. Le journal informe que l\u2019administration de Patrice Motsepe a inflig\u00e9 quatre matchs de suspension dont deux avec sursis \u00e0 l\u2019arri\u00e8re droit de l\u2019AS Monaco, qui va devoir \u00e9galement verser 10 millions de FCFA dans les caisses de la CAF.<\/p>\n<p>Cependant, la f\u00e9d\u00e9ration s\u00e9n\u00e9galaise de football, \u00e0 travers un communiqu\u00e9 publi\u00e9 ce mercredi, a soulign\u00e9 que ces all\u00e9gations \u00e9taient bas\u00e9es sur des enregistrements r\u00e9alis\u00e9s \u00e0 l\u2019insu du joueur, en dehors d\u2019une interview officielle en zone mixte. Elle a \u00e9galement rappel\u00e9 que le joueur a d\u00e9j\u00e0 r\u00e9pondu par \u00e9crit \u00e0 la demande d\u2019explications de la CAF, ne faisant pas partie des officiers m\u00e9dias d\u00e9sign\u00e9s pour le site de comp\u00e9tition ou le match en question. Le communiqu\u00e9 ajoute : \"<em>le joueur a par la suite fait l\u2019objet d\u2019une audition par le jury disciplinaire le lundi 5 f\u00e9vrier 2024 et a r\u00e9fut\u00e9 les all\u00e9gations port\u00e9es contre lui sur des accusations de corruption de la CAF<\/em>.\"<\/p>\n<p>Ainsi, selon toujours l\u2019instance s\u00e9n\u00e9galaise, qu\u2019aucune notification officielle ni publication de la d\u00e9cision de la CAF n\u2019ont \u00e9t\u00e9 re\u00e7ues depuis lors.<br \/>\n\"<em>Ni Kr\u00e9pin Diatta ni la FSF n\u2019ont re\u00e7u de notification officielle d\u2019une quelconque d\u00e9cision concernant cette affaire et n\u2019ont pas eu connaissance d\u2019une publication par la CAF d\u2019une d\u00e9cision sur cette affaire par quelque moyen que ce soit. En d\u00e9finitive, la FSF informe l\u2019opinion qu\u2019elle suit le dossier dans le strict respect des r\u00e8gles disciplinaires de la CAF et en \u00e9troite collaboration avec son joueur qui n\u2019a jamais eu \u00e0 conna\u00eetre dans sa carri\u00e8re des \u00e9carts de comportements sujets \u00e0 sanctions<\/em>\", pr\u00e9cise le document parvenu \u00e0 notre r\u00e9daction.<\/p>\n<p>Pour rappel, cette affaire \u00e9tait au c\u0153ur de l\u2019\u00e9limination du S\u00e9n\u00e9gal en huiti\u00e8mes de finale de la CAN 2023 face \u00e0 la C\u00f4te d\u2019Ivoire. Le joueur de l\u2019AS Monaco aurait \u00e9t\u00e9 accus\u00e9 de v\u00e9hiculer des propos controvers\u00e9s \u00e0 la suite de cette d\u00e9faite contre le pays h\u00f4te et futur vainqueur de la comp\u00e9tition.<\/p>\n<div class='share-to-whatsapp-wrapper'><div class='share-on-whsp'>PARTAGER SUR : <\/div><a data-text='SUSPENSION DE KR\u00c9PIN DIATTA - La F\u00e9d\u00e9ration s\u00e9n\u00e9galaise brise le silence' data-link='https:\/\/www.nettali.com\/2024\/02\/15\/suspension-de-krepin-diatta-la-federation-senegalaise-brise-le-silence\/' class='whatsapp-button whatsapp-share'>WhatsApp<\/a><div class='clear '><\/div><\/div>","protected":false},"excerpt":{"rendered":"<p>NETTALI.COM - La F\u00e9d\u00e9ration s\u00e9n\u00e9galaise de football a r\u00e9agi aux informations abondamment relay\u00e9es par la presse et faisant \u00e9tat d\u2019une sanction inflig\u00e9e par la CAF \u00e0 Kr\u00e9pin Diatta pour ses propos injurieux contre l\u2019instance. Et la FSF dit n\u2019avoir eu connaissance d\u2019aucune note de la CAF dans ce sens. Dans un \u00e9lan de clarification, la [&hellip;]<\/p>\n","protected":false},"author":5,"featured_media":127542,"comment_status":"open","ping_status":"open","sticky":false,"template":"","format":"standard","meta":{"_et_pb_use_builder":"","_et_pb_old_content":""},"categories":[6],"tags":[],"yoast_head":"<!-- This site is optimized with the Yoast SEO Premium plugin v17.8 (Yoast SEO v17.8) - https:\/\/yoast.com\/wordpress\/plugins\/seo\/ -->\n<title>SUSPENSION DE KR\u00c9PIN DIATTA - La F\u00e9d\u00e9ration s\u00e9n\u00e9galaise brise le silence | Nettali.com<\/title>\n<meta name=\"robots\" content=\"index, follow, max-snippet:-1, max-image-preview:large, max-video-preview:-1\" \/>\n<link rel=\"canonical\" href=\"https:\/\/www.nettali.com\/2024\/02\/15\/suspension-de-krepin-diatta-la-federation-senegalaise-brise-le-silence\/\" \/>\n<meta property=\"og:locale\" content=\"fr_FR\" \/>\n<meta property=\"og:type\" content=\"article\" \/>\n<meta property=\"og:title\" content=\"SUSPENSION DE KR\u00c9PIN DIATTA - La F\u00e9d\u00e9ration s\u00e9n\u00e9galaise brise le silence\" \/>\n<meta property=\"og:description\" content=\"NETTALI.COM - La F\u00e9d\u00e9ration s\u00e9n\u00e9galaise de football a r\u00e9agi aux informations abondamment relay\u00e9es par la presse et faisant \u00e9tat d\u2019une sanction inflig\u00e9e par la CAF \u00e0 Kr\u00e9pin Diatta pour ses propos injurieux contre l\u2019instance. Et la FSF dit n\u2019avoir eu connaissance d\u2019aucune note de la CAF dans ce sens. Dans un \u00e9lan de clarification, la [&hellip;]\" \/>\n<meta property=\"og:url\" content=\"https:\/\/www.nettali.com\/2024\/02\/15\/suspension-de-krepin-diatta-la-federation-senegalaise-brise-le-silence\/\" \/>\n<meta property=\"og:site_name\" content=\"Nettali.com\" \/>\n<meta property=\"article:publisher\" content=\"https:\/\/www.facebook.com\/nettalicom\" \/>\n<meta property=\"article:published_time\" content=\"2024-02-15T13:54:56+00:00\" \/>\n<meta property=\"article:modified_time\" content=\"2024-02-15T13:55:30+00:00\" \/>\n<meta property=\"og:image\" content=\"https:\/\/www.nettali.com\/wp-content\/uploads\/2024\/02\/krepin.jpeg\" \/>\n\t<meta property=\"og:image:width\" content=\"612\" \/>\n\t<meta property=\"og:image:height\" content=\"411\" \/>\n<meta name=\"twitter:card\" content=\"summary_large_image\" \/>\n<meta name=\"twitter:label1\" content=\"\u00c9crit par\" \/>\n\t<meta name=\"twitter:data1\" content=\"Ibrahima\" \/>\n\t<meta name=\"twitter:label2\" content=\"Dur\u00e9e de lecture estim\u00e9e\" \/>\n\t<meta name=\"twitter:data2\" content=\"3 minutes\" \/>\n<script type=\"application\/ld+json\" class=\"yoast-schema-graph\">{\"@context\":\"https:\/\/schema.org\",\"@graph\":[{\"@type\":\"WebSite\",\"@id\":\"https:\/\/www.nettali.com\/#website\",\"url\":\"https:\/\/www.nettali.com\/\",\"name\":\"Nettali.com\",\"description\":\"Le rendez-vous critique du Net\",\"potentialAction\":[{\"@type\":\"SearchAction\",\"target\":{\"@type\":\"EntryPoint\",\"urlTemplate\":\"https:\/\/www.nettali.com\/?s={search_term_string}\"},\"query-input\":\"required name=search_term_string\"}],\"inLanguage\":\"fr-FR\"},{\"@type\":\"ImageObject\",\"@id\":\"https:\/\/www.nettali.com\/2024\/02\/15\/suspension-de-krepin-diatta-la-federation-senegalaise-brise-le-silence\/#primaryimage\",\"inLanguage\":\"fr-FR\",\"url\":\"https:\/\/www.nettali.com\/wp-content\/uploads\/2024\/02\/krepin.jpeg\",\"contentUrl\":\"https:\/\/www.nettali.com\/wp-content\/uploads\/2024\/02\/krepin.jpeg\",\"width\":612,\"height\":411},{\"@type\":\"WebPage\",\"@id\":\"https:\/\/www.nettali.com\/2024\/02\/15\/suspension-de-krepin-diatta-la-federation-senegalaise-brise-le-silence\/#webpage\",\"url\":\"https:\/\/www.nettali.com\/2024\/02\/15\/suspension-de-krepin-diatta-la-federation-senegalaise-brise-le-silence\/\",\"name\":\"SUSPENSION DE KR\\u00c9PIN DIATTA - La F\\u00e9d\\u00e9ration s\\u00e9n\\u00e9galaise brise le silence | Nettali.com\",\"isPartOf\":{\"@id\":\"https:\/\/www.nettali.com\/#website\"},\"primaryImageOfPage\":{\"@id\":\"https:\/\/www.nettali.com\/2024\/02\/15\/suspension-de-krepin-diatta-la-federation-senegalaise-brise-le-silence\/#primaryimage\"},\"datePublished\":\"2024-02-15T13:54:56+00:00\",\"dateModified\":\"2024-02-15T13:55:30+00:00\",\"author\":{\"@id\":\"https:\/\/www.nettali.com\/#\/schema\/person\/bb147657c2986240405a608162b9bb23\"},\"breadcrumb\":{\"@id\":\"https:\/\/www.nettali.com\/2024\/02\/15\/suspension-de-krepin-diatta-la-federation-senegalaise-brise-le-silence\/#breadcrumb\"},\"inLanguage\":\"fr-FR\",\"potentialAction\":[{\"@type\":\"ReadAction\",\"target\":[\"https:\/\/www.nettali.com\/2024\/02\/15\/suspension-de-krepin-diatta-la-federation-senegalaise-brise-le-silence\/\"]}]},{\"@type\":\"BreadcrumbList\",\"@id\":\"https:\/\/www.nettali.com\/2024\/02\/15\/suspension-de-krepin-diatta-la-federation-senegalaise-brise-le-silence\/#breadcrumb\",\"itemListElement\":[{\"@type\":\"ListItem\",\"position\":1,\"name\":\"Accueil\",\"item\":\"https:\/\/www.nettali.com\/\"},{\"@type\":\"ListItem\",\"position\":2,\"name\":\"SUSPENSION DE KR\\u00c9PIN DIATTA - La F\\u00e9d\\u00e9ration s\\u00e9n\\u00e9galaise brise le silence\"}]},{\"@type\":\"Person\",\"@id\":\"https:\/\/www.nettali.com\/#\/schema\/person\/bb147657c2986240405a608162b9bb23\",\"name\":\"Ibrahima\",\"image\":{\"@type\":\"ImageObject\",\"@id\":\"https:\/\/www.nettali.com\/#personlogo\",\"inLanguage\":\"fr-FR\",\"url\":\"https:\/\/secure.gravatar.com\/avatar\/26a8a81f09f0dd7624c9d5c36c9ba3a2?s=96&d=mm&r=g\",\"contentUrl\":\"https:\/\/secure.gravatar.com\/avatar\/26a8a81f09f0dd7624c9d5c36c9ba3a2?s=96&d=mm&r=g\",\"caption\":\"Ibrahima\"},\"sameAs\":[\"https:\/\/www.nettali.com\"]}]}<\/script>\n<!-- \/ Yoast SEO Premium plugin. -->","yoast_head_json":{"title":"SUSPENSION DE KR\u00c9PIN DIATTA - La F\u00e9d\u00e9ration s\u00e9n\u00e9galaise brise le silence | Nettali.com","robots":{"index":"index","follow":"follow","max-snippet":"max-snippet:-1","max-image-preview":"max-image-preview:large","max-video-preview":"max-video-preview:-1"},"canonical":"https:\/\/www.nettali.com\/2024\/02\/15\/suspension-de-krepin-diatta-la-federation-senegalaise-brise-le-silence\/","og_locale":"fr_FR","og_type":"article","og_title":"SUSPENSION DE KR\u00c9PIN DIATTA - La F\u00e9d\u00e9ration s\u00e9n\u00e9galaise brise le silence","og_description":"NETTALI.COM - La F\u00e9d\u00e9ration s\u00e9n\u00e9galaise de football a r\u00e9agi aux informations abondamment relay\u00e9es par la presse et faisant \u00e9tat d\u2019une sanction inflig\u00e9e par la CAF \u00e0 Kr\u00e9pin Diatta pour ses propos injurieux contre l\u2019instance. Et la FSF dit n\u2019avoir eu connaissance d\u2019aucune note de la CAF dans ce sens. Dans un \u00e9lan de clarification, la [&hellip;]","og_url":"https:\/\/www.nettali.com\/2024\/02\/15\/suspension-de-krepin-diatta-la-federation-senegalaise-brise-le-silence\/","og_site_name":"Nettali.com","article_publisher":"https:\/\/www.facebook.com\/nettalicom","article_published_time":"2024-02-15T13:54:56+00:00","article_modified_time":"2024-02-15T13:55:30+00:00","og_image":[{"width":612,"height":411,"url":"https:\/\/www.nettali.com\/wp-content\/uploads\/2024\/02\/krepin.jpeg","type":"image\/jpeg"}],"twitter_card":"summary_large_image","twitter_misc":{"\u00c9crit par":"Ibrahima","Dur\u00e9e de lecture estim\u00e9e":"3 minutes"},"schema":{"@context":"https:\/\/schema.org","@graph":[{"@type":"WebSite","@id":"https:\/\/www.nettali.com\/#website","url":"https:\/\/www.nettali.com\/","name":"Nettali.com","description":"Le rendez-vous critique du Net","potentialAction":[{"@type":"SearchAction","target":{"@type":"EntryPoint","urlTemplate":"https:\/\/www.nettali.com\/?s={search_term_string}"},"query-input":"required name=search_term_string"}],"inLanguage":"fr-FR"},{"@type":"ImageObject","@id":"https:\/\/www.nettali.com\/2024\/02\/15\/suspension-de-krepin-diatta-la-federation-senegalaise-brise-le-silence\/#primaryimage","inLanguage":"fr-FR","url":"https:\/\/www.nettali.com\/wp-content\/uploads\/2024\/02\/krepin.jpeg","contentUrl":"https:\/\/www.nettali.com\/wp-content\/uploads\/2024\/02\/krepin.jpeg","width":612,"height":411},{"@type":"WebPage","@id":"https:\/\/www.nettali.com\/2024\/02\/15\/suspension-de-krepin-diatta-la-federation-senegalaise-brise-le-silence\/#webpage","url":"https:\/\/www.nettali.com\/2024\/02\/15\/suspension-de-krepin-diatta-la-federation-senegalaise-brise-le-silence\/","name":"SUSPENSION DE KR\u00c9PIN DIATTA - La F\u00e9d\u00e9ration s\u00e9n\u00e9galaise brise le silence | Nettali.com","isPartOf":{"@id":"https:\/\/www.nettali.com\/#website"},"primaryImageOfPage":{"@id":"https:\/\/www.nettali.com\/2024\/02\/15\/suspension-de-krepin-diatta-la-federation-senegalaise-brise-le-silence\/#primaryimage"},"datePublished":"2024-02-15T13:54:56+00:00","dateModified":"2024-02-15T13:55:30+00:00","author":{"@id":"https:\/\/www.nettali.com\/#\/schema\/person\/bb147657c2986240405a608162b9bb23"},"breadcrumb":{"@id":"https:\/\/www.nettali.com\/2024\/02\/15\/suspension-de-krepin-diatta-la-federation-senegalaise-brise-le-silence\/#breadcrumb"},"inLanguage":"fr-FR","potentialAction":[{"@type":"ReadAction","target":["https:\/\/www.nettali.com\/2024\/02\/15\/suspension-de-krepin-diatta-la-federation-senegalaise-brise-le-silence\/"]}]},{"@type":"BreadcrumbList","@id":"https:\/\/www.nettali.com\/2024\/02\/15\/suspension-de-krepin-diatta-la-federation-senegalaise-brise-le-silence\/#breadcrumb","itemListElement":[{"@type":"ListItem","position":1,"name":"Accueil","item":"https:\/\/www.nettali.com\/"},{"@type":"ListItem","position":2,"name":"SUSPENSION DE KR\u00c9PIN DIATTA - La F\u00e9d\u00e9ration s\u00e9n\u00e9galaise brise le silence"}]},{"@type":"Person","@id":"https:\/\/www.nettali.com\/#\/schema\/person\/bb147657c2986240405a608162b9bb23","name":"Ibrahima","image":{"@type":"ImageObject","@id":"https:\/\/www.nettali.com\/#personlogo","inLanguage":"fr-FR","url":"https:\/\/secure.gravatar.com\/avatar\/26a8a81f09f0dd7624c9d5c36c9ba3a2?s=96&d=mm&r=g","contentUrl":"https:\/\/secure.gravatar.com\/avatar\/26a8a81f09f0dd7624c9d5c36c9ba3a2?s=96&d=mm&r=g","caption":"Ibrahima"},"sameAs":["https:\/\/www.nettali.com"]}]}},"_links":{"self":[{"href":"https:\/\/www.nettali.com\/rest\/wp\/v2\/posts\/127635"}],"collection":[{"href":"https:\/\/www.nettali.com\/rest\/wp\/v2\/posts"}],"about":[{"href":"https:\/\/www.nettali.com\/rest\/wp\/v2\/types\/post"}],"author":[{"embeddable":true,"href":"https:\/\/www.nettali.com\/rest\/wp\/v2\/users\/5"}],"replies":[{"embeddable":true,"href":"https:\/\/www.nettali.com\/rest\/wp\/v2\/comments?post=127635"}],"version-history":[{"count":2,"href":"https:\/\/www.nettali.com\/rest\/wp\/v2\/posts\/127635\/revisions"}],"predecessor-version":[{"id":127642,"href":"https:\/\/www.nettali.com\/rest\/wp\/v2\/posts\/127635\/revisions\/127642"}],"wp:featuredmedia":[{"embeddable":true,"href":"https:\/\/www.nettali.com\/rest\/wp\/v2\/media\/127542"}],"wp:attachment":[{"href":"https:\/\/www.nettali.com\/rest\/wp\/v2\/media?parent=127635"}],"wp:term":[{"taxonomy":"category","embeddable":true,"href":"https:\/\/www.nettali.com\/rest\/wp\/v2\/categories?post=127635"},{"taxonomy":"post_tag","embeddable":true,"href":"https:\/\/www.nettali.com\/rest\/wp\/v2\/tags?post=127635"}],"curies":[{"name":"wp","href":"https:\/\/api.w.org\/{rel}","templated":true}]}}