{"id":127615,"date":"2024-02-15T08:02:25","date_gmt":"2024-02-15T08:02:25","guid":{"rendered":"https:\/\/www.nettali.com\/?p=127615"},"modified":"2024-02-15T17:53:24","modified_gmt":"2024-02-15T17:53:24","slug":"dialogue-politique-report-presidentielle-le-front-des-14-recales-monte-au-front-et-appelle-a-une-concertation","status":"publish","type":"post","link":"https:\/\/www.nettali.com\/2024\/02\/15\/dialogue-politique-report-presidentielle-le-front-des-14-recales-monte-au-front-et-appelle-a-une-concertation\/","title":{"rendered":"DIALOGUE POLITIQUE, REPORT PRE\u0301SIDENTIELLE - Le Front des 14 recal\u00e9s r\u00e8gle ses comptes et appelle \u00e0 une concertation"},"content":{"rendered":"<div class=\"page\" title=\"Page 5\">\n<div class=\"layoutArea\">\n<div class=\"column\"><\/div>\n<\/div>\n<div class=\"layoutArea\">\n<div class=\"column\">\n<p><strong>NETTALI.COM -<\/strong> <strong>Le nouveau Front de\u0301mocratique pour une e\u0301lection inclusive (FDPEI) a fait face a\u0300 la presse, le mercredi 14 f\u00e9vrier. Une occasion saisie par la bande de Cheikh Tidiane Gadio pour faire des pre\u0301cisions, re\u0301gler des comptes et e\u0301mettre des propositions pour sortir de cette crise.<\/strong><\/p>\n<\/div>\n<\/div>\n<div class=\"layoutArea\">\n<div class=\"column\">\n<p>Le Front de\u0301mocratique pour une e\u0301lection inclusive (FDPEI) regroupe 14 candidats recale\u0301s a\u0300 la Pre\u0301sidentielle. Mercredi, il a fait face a\u0300 la presse pour faire part de ses motivations et d\u00e9gager des perspectives de sortie de crise.<\/p>\n<p>Prenant la parole, l'ancien ministre des Affaires \u00e9trang\u00e8res sous Wade, Cheikh Tidiane Gadio a inform\u00e9 sur l'origine de la cr\u00e9ation de ce front. \"<em>le FDPEI a e\u0301te\u0301 cre\u0301e\u0301 par des candidats spolie\u0301s de leurs droits civils et politiques par le Conseil constitutionnel a\u0300 l\u2019e\u0301tape du parrainage citoyen et lors de la publication de la liste de\u0301finitive, les e\u0301cartant ainsi et injustement de la course a\u0300 la Pre\u0301sidentielle de 2024\"<\/em>, a-t-il dit.<\/p>\n<p>Avant d'ajouter que la crise politique qui s\u2019est installe\u0301e, n\u2019e\u0301pargne aucun compartiment de notre peuple. D'o\u00f9 \u00e0 son avis, leur de\u0301cision de se regrouper en un front solide et compact pour apporter leur contribution quant aux perspectives de sauvegarde des inte\u0301re\u0302ts du pays et de son peuple.<\/p>\n<p>\"<em>Cette crise, pr\u00e9cise-t-il, est ne\u0301e avant tout d\u2019une se\u0301rie de de\u0301cisions tre\u0300s regrettables du Conseil constitutionnel, disqualifiant de fac\u0327on irre\u0301gulie\u0300re des citoyens candidats qui e\u0301taient pourtant en parfaite conformite\u0301 avec les re\u0300gles du parrainage citoyen et l\u2019exigence d\u2019une nationalite\u0301 se\u0301ne\u0301galaise exclusive. La survenue d\u2019accusations graves et tre\u0300s pre\u0301occupantes contre certains membres du Conseil constitutionnel a provoque\u0301, fait sans pre\u0301ce\u0301dent dans notre histoire politique et institutionnelle, la mise en place d\u2019une commission d\u2019enque\u0302te parlementaire<\/em>\".<\/p>\n<p>Mieux, poursuit-il, \"<em>aussi grave que la spoliation des droits de candidats et la mise en place d\u2019une com- mission d\u2019enque\u0302te, un autre grand scandale a e\u0301clate\u0301 trois jours avant le lancement de la campagne pour la Pre\u0301sidentielle. Il porte sur la re\u0301ve\u0301lation de la pre\u0301sence d\u2019une candidate binationale (et peut-e\u0302tre de plusieurs autres) sur la liste des candidats autorise\u0301s a\u0300 compe\u0301tir pour les suffrages des citoyens. Pourtant, un autre candidat, lui, a e\u0301te\u0301 e\u0301carte\u0301 justement pour binationalite\u0301, alors que la preuve qu\u2019il avait re\u0301gularise\u0301 son statut avait e\u0301te\u0301 pre\u0301sente\u0301e a\u0300 tout le pays<\/em>\".<\/p>\n<\/div>\n<div class=\"column\">\n<p>Or, fait remarquer Cheikh Tidiane Gadio, c\u2019est ce me\u0302me Conseil constitutionnel qui doit proclamer le pre\u0301sident ou la pre\u0301sidente de la Re\u0301publique vainqueur de l\u2019e\u0301lection du 25 fe\u0301vrier. \"<em>Il e\u0301tait devenu incontestable que le Se\u0301ne\u0301gal entrait dans une grave crise de cre\u0301dibilite\u0301 et de confiance dans ses institutions. C\u2019est dans ces circonstances qu\u2019est intervenue la de\u0301cision du pre\u0301sident Macky Sall de stopper net le processus e\u0301lectoral en abrogeant son de\u0301cret portant convocation du corps e\u0301lectoral pour l\u2019e\u0301lection du pre\u0301sident de la Re\u0301publique le 25 fe\u0301vrier 2024<\/em>\".<\/p>\n<p>Poursuivant la gene\u0300se de la crise qui s\u2019est installe\u0301e dans le pays, il de\u0301clare : \"<em>Depuis l\u2019annonce de cette de\u0301cision, l\u2019histoire de notre pays semble s\u2019e\u0302tre acce\u0301le\u0301re\u0301e avec le vote, a\u0300 l\u2019Assemble\u0301e, d\u2019un report du scrutin pre\u0301sidentiel au 15 de\u0301cembre prochain. Ce qui est aussi frappant, c\u2019est la se\u0301rie d\u2019e\u0301ve\u0301nements qui ont suivi. Des violences meurtrie\u0300res qu\u2019on croyait bannies de notre vie politique, ont e\u0301te\u0301 observe\u0301es. Aux morts et blesse\u0301s dans les manifestations ont succe\u0301de\u0301 des appels a\u0300 l\u2019affrontement et a\u0300 l\u2019insurrection. Une telle spirale ne conduit pas notre pays a\u0300 bon port<\/em>\u201d.<\/p>\n<p>Le porte-parole de s\u2019insurger, a\u0300 ce stade de son propos, contre \"<em>l\u2019implication ostentatoire et intole\u0301rable des me\u0301dias e\u0301trangers (franc\u0327ais et du Moyen-Orient en particulier) dans les infox, la manipulation et l\u2019exaltation de la violence au Se\u0301ne\u0301gal. Certains journalistes e\u0301trangers sont alle\u0301s tre\u0300s loin dans la de\u0301sinformation pure et simple, en parlant \u2018d\u2019affrontements qui ont embrase\u0301 tout le pays\u2019. Les plus te\u0301me\u0301raires ont de\u0301peint une apocalypse au Se\u0301ne\u0301gal qui pre\u0301sage \u2018d\u2019une guerre civile\u2019 ou \u2018d\u2019un coup d\u2019E\u0301tat militaire<\/em>\u201d ! <em>Du jamais vu... Comme s\u2019ils e\u0301taient en mission pour contribuer a\u0300 la de\u0301stabilisation de notre pays<\/em>\u201d, de\u0301nonce l\u2019ancien ministre sous Wade.<\/p>\n<\/div>\n<div class=\"column\">\n<p><strong>L\u2019hypocrisie de certains pays de\u0301crie\u0301e par le FDPEI<\/strong><\/p>\n<p>En outre, le FDPEI, selon Cheikh Tidiane Gadio, a note\u0301 des injonctions inacceptables de pays et d\u2019organisations partenaires qu\u2019on a vainement attendu du bon co\u0302te\u0301 des femmes et des enfants massacre\u0301s par milliers sans re\u0301pit a\u0300 Gaza, sans compter les coupures de l\u2019Internet et de l\u2019e\u0301lectricite\u0301 jusque dans les ho\u0302pitaux.<\/p>\n<p>\"<em>N\u2019est-ce pas de fac\u0327on manifeste une indignation se\u0301lective ! Certains pays sont me\u0302me alle\u0301s jusqu\u2019a\u0300 re\u0301cuser le vote du Parlement d\u2019un autre pays en le de\u0301clarant \"ille\u0301gal\" pre\u0301tendument a\u0300 cause de l\u2019intervention des forces de l\u2019ordre (pourtant pre\u0301vu par l\u2019article 53 du re\u0300glement inte\u0301rieur du Parlement se\u0301ne\u0301galais)<\/em>\", fulmine le porte-parole.<\/p>\n<p>Le Dr Gadio d\u2019ajouter, en persiflant contre les E\u0301tats-Unis : \"<em>Sans pre\u0301juger de nos diffe\u0301rentes opinions sur le vote de notre Parlement, nous rappelons quand me\u0302me que dans un de ces pays, le de\u0301compte des votes pour la proclamation des re\u0301sultats de leur dernie\u0300re Pre\u0301sidentielle n\u2019a pu se faire au Congre\u0300s que suite a\u0300 l\u2019intervention arme\u0301e de leurs forces de de\u0301fense et de se\u0301curite\u0301, apre\u0300s une violente insurrection et des saccages perpe\u0301tre\u0301s par les partisans du pre\u0301sident candidat malheureux a\u0300 sa re\u0301e\u0301lection. Notre <\/em><em>posture de candidat aspirant a\u0300 remplacer le re\u0301gime actuel nous interpelle e\u0301galement sur l\u2019urgence d\u2019e\u0301radiquer le type de relation faite de soumission et de courbettes qui nous vaut aujourd\u2019hui ces formes d\u2019humiliation<\/em>\u201d.<\/p>\n<\/div>\n<div class=\"column\">\n<p><strong>Libe\u0301ration des de\u0301tenus<\/strong><\/p>\n<p>Ainsi, les membres du front se de\u0301fendent d\u2019e\u0302tre les fossoyeurs de la de\u0301mocratie au Se\u0301ne\u0301gal. \"<em>Notre Front rappelle a\u0300 nos compatriotes que nous Se\u0301ne\u0301galais sommes les premiers a\u0300 de\u0301noncer les failles de notre de\u0301mocratie et a\u0300 chercher a\u0300 y reme\u0301dier. La crise constitutionnelle, institution- nelle et politique qui frappe de plein fouet notre pays est tre\u0300s grave et tre\u0300s se\u0301rieuse. Toutefois, nous savons que la re\u0301silience, historiquement atteste\u0301e du peuple se\u0301ne\u0301galais, peut nous tirer d\u2019affaire et nous aider a\u0300 restaurer un processus e\u0301lectoral inclusif, relancer le fonctionnement re\u0301gulier de nos institutions et pre\u0301venir toute prolongation indue du mandat pre\u0301sidentiel<\/em>\", assure le Dr Gadio.<\/p>\n<p>Qui pre\u0301cise : \"<em>Notre front ne s\u2019e\u0301tait pas concentre\u0301 sur le maintien ou le report de l\u2019e\u0301lection pre\u0301sidentielle. Par contre, nous avons exige\u0301 sans rela\u0302che nos droits de candidats a\u0300 la Pre\u0301sidentielle, pour que ceux parmi nous qui seront re\u0301gularise\u0301s puissent e\u0302tre inclus dans la liste des candidats. Dans cet esprit, nous n\u2019avons jamais valide\u0301 les the\u0300ses de ceux qui nous proposaient d\u2019accepter les de\u0301cisions injustes et inde\u0301fendables du Conseil constitutionnel et d\u2019e\u0302tre des dommages collate\u0301raux consentants du syste\u0300me mis en place pour nous juger et nous e\u0301carter. De la\u0300 que le report de l\u2019e\u0301lection malgre\u0301 ses inconve\u0301nients manifestes, re\u0301pare la grave injustice qui nous avait e\u0301te\u0301 faite. Il nous rassure aussi que nos droits seront respecte\u0301s a\u0300 la reprise du processus e\u0301lectoral et que la question des binationaux sera tranche\u0301e de fac\u0327on juste et e\u0301quitable<\/em>\".<\/p>\n<\/div>\n<div class=\"column\">\n<p>Au pre\u0301sident de la Re\u0301publique, le FDPEI lance un appel a\u0300 organiser dans les meilleurs de\u0301lais non pas \"<em>un dialogue national<\/em>\" (formule conteste\u0301e), mais une concertation nationale sur la re\u0301forme de la loi e\u0301lectorale et des institutions en charge de sa mise en \u0153uvre et la relance du processus de l\u2019e\u0301lection pre\u0301sidentielle.<\/p>\n<p>\"<em>Cette concertation nationale nous permettrait une gestion concerte\u0301e de la transition et la mise place d\u2019une feuille de route pour la re\u0301conciliation nationale et pour une e\u0301lection pre\u0301sidentielle apaise\u0301e, cre\u0301dible et inclusive. Me\u0302me la controverse sur la dure\u0301e de la transition devrait trouver un compromis raisonnable et acceptable pour tous lors de la concertation. E\u0301galement, nous proposons des gestes forts d\u2019apaisement a\u0300 travers notamment la libe\u0301ration des de\u0301tenus arre\u0302te\u0301s dans le cadre d\u2019activite\u0301s ou de manifestations politiques<\/em>\".<\/p>\n<\/div>\n<\/div>\n<\/div>\n<div class='share-to-whatsapp-wrapper'><div class='share-on-whsp'>PARTAGER SUR : <\/div><a data-text='DIALOGUE POLITIQUE, REPORT PRE\u0301SIDENTIELLE - Le Front des 14 recal\u00e9s r\u00e8gle ses comptes et appelle \u00e0 une concertation' data-link='https:\/\/www.nettali.com\/2024\/02\/15\/dialogue-politique-report-presidentielle-le-front-des-14-recales-monte-au-front-et-appelle-a-une-concertation\/' class='whatsapp-button whatsapp-share'>WhatsApp<\/a><div class='clear '><\/div><\/div>","protected":false},"excerpt":{"rendered":"<p>NETTALI.COM - Le nouveau Front de\u0301mocratique pour une e\u0301lection inclusive (FDPEI) a fait face a\u0300 la presse, le mercredi 14 f\u00e9vrier. Une occasion saisie par la bande de Cheikh Tidiane Gadio pour faire des pre\u0301cisions, re\u0301gler des comptes et e\u0301mettre des propositions pour sortir de cette crise. Le Front de\u0301mocratique pour une e\u0301lection inclusive (FDPEI) [&hellip;]<\/p>\n","protected":false},"author":2,"featured_media":127616,"comment_status":"open","ping_status":"open","sticky":false,"template":"","format":"standard","meta":{"_et_pb_use_builder":"","_et_pb_old_content":""},"categories":[2],"tags":[],"yoast_head":"<!-- This site is optimized with the Yoast SEO Premium plugin v17.8 (Yoast SEO v17.8) - https:\/\/yoast.com\/wordpress\/plugins\/seo\/ -->\n<title>DIALOGUE POLITIQUE, REPORT PRE\u0301SIDENTIELLE - Le Front des 14 recal\u00e9s r\u00e8gle ses comptes et appelle \u00e0 une concertation | Nettali.com<\/title>\n<meta name=\"robots\" content=\"index, follow, max-snippet:-1, max-image-preview:large, max-video-preview:-1\" \/>\n<link rel=\"canonical\" href=\"https:\/\/www.nettali.com\/2024\/02\/15\/dialogue-politique-report-presidentielle-le-front-des-14-recales-monte-au-front-et-appelle-a-une-concertation\/\" \/>\n<meta property=\"og:locale\" content=\"fr_FR\" \/>\n<meta property=\"og:type\" content=\"article\" \/>\n<meta property=\"og:title\" content=\"DIALOGUE POLITIQUE, REPORT PRE\u0301SIDENTIELLE - Le Front des 14 recal\u00e9s r\u00e8gle ses comptes et appelle \u00e0 une concertation\" \/>\n<meta property=\"og:description\" content=\"NETTALI.COM - Le nouveau Front de\u0301mocratique pour une e\u0301lection inclusive (FDPEI) a fait face a\u0300 la presse, le mercredi 14 f\u00e9vrier. Une occasion saisie par la bande de Cheikh Tidiane Gadio pour faire des pre\u0301cisions, re\u0301gler des comptes et e\u0301mettre des propositions pour sortir de cette crise. Le Front de\u0301mocratique pour une e\u0301lection inclusive (FDPEI) [&hellip;]\" \/>\n<meta property=\"og:url\" content=\"https:\/\/www.nettali.com\/2024\/02\/15\/dialogue-politique-report-presidentielle-le-front-des-14-recales-monte-au-front-et-appelle-a-une-concertation\/\" \/>\n<meta property=\"og:site_name\" content=\"Nettali.com\" \/>\n<meta property=\"article:publisher\" content=\"https:\/\/www.facebook.com\/nettalicom\" \/>\n<meta property=\"article:published_time\" content=\"2024-02-15T08:02:25+00:00\" \/>\n<meta property=\"article:modified_time\" content=\"2024-02-15T17:53:24+00:00\" \/>\n<meta property=\"og:image\" content=\"https:\/\/www.nettali.com\/wp-content\/uploads\/2024\/02\/7596596-11730793.jpg\" \/>\n\t<meta property=\"og:image:width\" content=\"500\" \/>\n\t<meta property=\"og:image:height\" content=\"334\" \/>\n<meta name=\"twitter:card\" content=\"summary_large_image\" \/>\n<meta name=\"twitter:label1\" content=\"\u00c9crit par\" \/>\n\t<meta name=\"twitter:data1\" content=\"CK\" \/>\n\t<meta name=\"twitter:label2\" content=\"Dur\u00e9e de lecture estim\u00e9e\" \/>\n\t<meta name=\"twitter:data2\" content=\"7 minutes\" \/>\n<script type=\"application\/ld+json\" class=\"yoast-schema-graph\">{\"@context\":\"https:\/\/schema.org\",\"@graph\":[{\"@type\":\"WebSite\",\"@id\":\"https:\/\/www.nettali.com\/#website\",\"url\":\"https:\/\/www.nettali.com\/\",\"name\":\"Nettali.com\",\"description\":\"Le rendez-vous critique du Net\",\"potentialAction\":[{\"@type\":\"SearchAction\",\"target\":{\"@type\":\"EntryPoint\",\"urlTemplate\":\"https:\/\/www.nettali.com\/?s={search_term_string}\"},\"query-input\":\"required name=search_term_string\"}],\"inLanguage\":\"fr-FR\"},{\"@type\":\"ImageObject\",\"@id\":\"https:\/\/www.nettali.com\/2024\/02\/15\/dialogue-politique-report-presidentielle-le-front-des-14-recales-monte-au-front-et-appelle-a-une-concertation\/#primaryimage\",\"inLanguage\":\"fr-FR\",\"url\":\"https:\/\/www.nettali.com\/wp-content\/uploads\/2024\/02\/7596596-11730793.jpg\",\"contentUrl\":\"https:\/\/www.nettali.com\/wp-content\/uploads\/2024\/02\/7596596-11730793.jpg\",\"width\":500,\"height\":334},{\"@type\":\"WebPage\",\"@id\":\"https:\/\/www.nettali.com\/2024\/02\/15\/dialogue-politique-report-presidentielle-le-front-des-14-recales-monte-au-front-et-appelle-a-une-concertation\/#webpage\",\"url\":\"https:\/\/www.nettali.com\/2024\/02\/15\/dialogue-politique-report-presidentielle-le-front-des-14-recales-monte-au-front-et-appelle-a-une-concertation\/\",\"name\":\"DIALOGUE POLITIQUE, REPORT PRE\\u0301SIDENTIELLE - Le Front des 14 recal\\u00e9s r\\u00e8gle ses comptes et appelle \\u00e0 une concertation | Nettali.com\",\"isPartOf\":{\"@id\":\"https:\/\/www.nettali.com\/#website\"},\"primaryImageOfPage\":{\"@id\":\"https:\/\/www.nettali.com\/2024\/02\/15\/dialogue-politique-report-presidentielle-le-front-des-14-recales-monte-au-front-et-appelle-a-une-concertation\/#primaryimage\"},\"datePublished\":\"2024-02-15T08:02:25+00:00\",\"dateModified\":\"2024-02-15T17:53:24+00:00\",\"author\":{\"@id\":\"https:\/\/www.nettali.com\/#\/schema\/person\/d8ac7b7e27ddad43f1c0d2ef090d7f71\"},\"breadcrumb\":{\"@id\":\"https:\/\/www.nettali.com\/2024\/02\/15\/dialogue-politique-report-presidentielle-le-front-des-14-recales-monte-au-front-et-appelle-a-une-concertation\/#breadcrumb\"},\"inLanguage\":\"fr-FR\",\"potentialAction\":[{\"@type\":\"ReadAction\",\"target\":[\"https:\/\/www.nettali.com\/2024\/02\/15\/dialogue-politique-report-presidentielle-le-front-des-14-recales-monte-au-front-et-appelle-a-une-concertation\/\"]}]},{\"@type\":\"BreadcrumbList\",\"@id\":\"https:\/\/www.nettali.com\/2024\/02\/15\/dialogue-politique-report-presidentielle-le-front-des-14-recales-monte-au-front-et-appelle-a-une-concertation\/#breadcrumb\",\"itemListElement\":[{\"@type\":\"ListItem\",\"position\":1,\"name\":\"Accueil\",\"item\":\"https:\/\/www.nettali.com\/\"},{\"@type\":\"ListItem\",\"position\":2,\"name\":\"DIALOGUE POLITIQUE, REPORT PRE\\u0301SIDENTIELLE - Le Front des 14 recal\\u00e9s r\\u00e8gle ses comptes et appelle \\u00e0 une concertation\"}]},{\"@type\":\"Person\",\"@id\":\"https:\/\/www.nettali.com\/#\/schema\/person\/d8ac7b7e27ddad43f1c0d2ef090d7f71\",\"name\":\"CK\",\"image\":{\"@type\":\"ImageObject\",\"@id\":\"https:\/\/www.nettali.com\/#personlogo\",\"inLanguage\":\"fr-FR\",\"url\":\"https:\/\/secure.gravatar.com\/avatar\/1d8d5118b9327d94da7cd4ce7f17fec2?s=96&d=mm&r=g\",\"contentUrl\":\"https:\/\/secure.gravatar.com\/avatar\/1d8d5118b9327d94da7cd4ce7f17fec2?s=96&d=mm&r=g\",\"caption\":\"CK\"},\"sameAs\":[\"https:\/\/www.nettali.com\"]}]}<\/script>\n<!-- \/ Yoast SEO Premium plugin. -->","yoast_head_json":{"title":"DIALOGUE POLITIQUE, REPORT PRE\u0301SIDENTIELLE - Le Front des 14 recal\u00e9s r\u00e8gle ses comptes et appelle \u00e0 une concertation | Nettali.com","robots":{"index":"index","follow":"follow","max-snippet":"max-snippet:-1","max-image-preview":"max-image-preview:large","max-video-preview":"max-video-preview:-1"},"canonical":"https:\/\/www.nettali.com\/2024\/02\/15\/dialogue-politique-report-presidentielle-le-front-des-14-recales-monte-au-front-et-appelle-a-une-concertation\/","og_locale":"fr_FR","og_type":"article","og_title":"DIALOGUE POLITIQUE, REPORT PRE\u0301SIDENTIELLE - Le Front des 14 recal\u00e9s r\u00e8gle ses comptes et appelle \u00e0 une concertation","og_description":"NETTALI.COM - Le nouveau Front de\u0301mocratique pour une e\u0301lection inclusive (FDPEI) a fait face a\u0300 la presse, le mercredi 14 f\u00e9vrier. Une occasion saisie par la bande de Cheikh Tidiane Gadio pour faire des pre\u0301cisions, re\u0301gler des comptes et e\u0301mettre des propositions pour sortir de cette crise. Le Front de\u0301mocratique pour une e\u0301lection inclusive (FDPEI) [&hellip;]","og_url":"https:\/\/www.nettali.com\/2024\/02\/15\/dialogue-politique-report-presidentielle-le-front-des-14-recales-monte-au-front-et-appelle-a-une-concertation\/","og_site_name":"Nettali.com","article_publisher":"https:\/\/www.facebook.com\/nettalicom","article_published_time":"2024-02-15T08:02:25+00:00","article_modified_time":"2024-02-15T17:53:24+00:00","og_image":[{"width":500,"height":334,"url":"https:\/\/www.nettali.com\/wp-content\/uploads\/2024\/02\/7596596-11730793.jpg","type":"image\/jpeg"}],"twitter_card":"summary_large_image","twitter_misc":{"\u00c9crit par":"CK","Dur\u00e9e de lecture estim\u00e9e":"7 minutes"},"schema":{"@context":"https:\/\/schema.org","@graph":[{"@type":"WebSite","@id":"https:\/\/www.nettali.com\/#website","url":"https:\/\/www.nettali.com\/","name":"Nettali.com","description":"Le rendez-vous critique du Net","potentialAction":[{"@type":"SearchAction","target":{"@type":"EntryPoint","urlTemplate":"https:\/\/www.nettali.com\/?s={search_term_string}"},"query-input":"required name=search_term_string"}],"inLanguage":"fr-FR"},{"@type":"ImageObject","@id":"https:\/\/www.nettali.com\/2024\/02\/15\/dialogue-politique-report-presidentielle-le-front-des-14-recales-monte-au-front-et-appelle-a-une-concertation\/#primaryimage","inLanguage":"fr-FR","url":"https:\/\/www.nettali.com\/wp-content\/uploads\/2024\/02\/7596596-11730793.jpg","contentUrl":"https:\/\/www.nettali.com\/wp-content\/uploads\/2024\/02\/7596596-11730793.jpg","width":500,"height":334},{"@type":"WebPage","@id":"https:\/\/www.nettali.com\/2024\/02\/15\/dialogue-politique-report-presidentielle-le-front-des-14-recales-monte-au-front-et-appelle-a-une-concertation\/#webpage","url":"https:\/\/www.nettali.com\/2024\/02\/15\/dialogue-politique-report-presidentielle-le-front-des-14-recales-monte-au-front-et-appelle-a-une-concertation\/","name":"DIALOGUE POLITIQUE, REPORT PRE\u0301SIDENTIELLE - Le Front des 14 recal\u00e9s r\u00e8gle ses comptes et appelle \u00e0 une concertation | Nettali.com","isPartOf":{"@id":"https:\/\/www.nettali.com\/#website"},"primaryImageOfPage":{"@id":"https:\/\/www.nettali.com\/2024\/02\/15\/dialogue-politique-report-presidentielle-le-front-des-14-recales-monte-au-front-et-appelle-a-une-concertation\/#primaryimage"},"datePublished":"2024-02-15T08:02:25+00:00","dateModified":"2024-02-15T17:53:24+00:00","author":{"@id":"https:\/\/www.nettali.com\/#\/schema\/person\/d8ac7b7e27ddad43f1c0d2ef090d7f71"},"breadcrumb":{"@id":"https:\/\/www.nettali.com\/2024\/02\/15\/dialogue-politique-report-presidentielle-le-front-des-14-recales-monte-au-front-et-appelle-a-une-concertation\/#breadcrumb"},"inLanguage":"fr-FR","potentialAction":[{"@type":"ReadAction","target":["https:\/\/www.nettali.com\/2024\/02\/15\/dialogue-politique-report-presidentielle-le-front-des-14-recales-monte-au-front-et-appelle-a-une-concertation\/"]}]},{"@type":"BreadcrumbList","@id":"https:\/\/www.nettali.com\/2024\/02\/15\/dialogue-politique-report-presidentielle-le-front-des-14-recales-monte-au-front-et-appelle-a-une-concertation\/#breadcrumb","itemListElement":[{"@type":"ListItem","position":1,"name":"Accueil","item":"https:\/\/www.nettali.com\/"},{"@type":"ListItem","position":2,"name":"DIALOGUE POLITIQUE, REPORT PRE\u0301SIDENTIELLE - Le Front des 14 recal\u00e9s r\u00e8gle ses comptes et appelle \u00e0 une concertation"}]},{"@type":"Person","@id":"https:\/\/www.nettali.com\/#\/schema\/person\/d8ac7b7e27ddad43f1c0d2ef090d7f71","name":"CK","image":{"@type":"ImageObject","@id":"https:\/\/www.nettali.com\/#personlogo","inLanguage":"fr-FR","url":"https:\/\/secure.gravatar.com\/avatar\/1d8d5118b9327d94da7cd4ce7f17fec2?s=96&d=mm&r=g","contentUrl":"https:\/\/secure.gravatar.com\/avatar\/1d8d5118b9327d94da7cd4ce7f17fec2?s=96&d=mm&r=g","caption":"CK"},"sameAs":["https:\/\/www.nettali.com"]}]}},"_links":{"self":[{"href":"https:\/\/www.nettali.com\/rest\/wp\/v2\/posts\/127615"}],"collection":[{"href":"https:\/\/www.nettali.com\/rest\/wp\/v2\/posts"}],"about":[{"href":"https:\/\/www.nettali.com\/rest\/wp\/v2\/types\/post"}],"author":[{"embeddable":true,"href":"https:\/\/www.nettali.com\/rest\/wp\/v2\/users\/2"}],"replies":[{"embeddable":true,"href":"https:\/\/www.nettali.com\/rest\/wp\/v2\/comments?post=127615"}],"version-history":[{"count":5,"href":"https:\/\/www.nettali.com\/rest\/wp\/v2\/posts\/127615\/revisions"}],"predecessor-version":[{"id":127621,"href":"https:\/\/www.nettali.com\/rest\/wp\/v2\/posts\/127615\/revisions\/127621"}],"wp:featuredmedia":[{"embeddable":true,"href":"https:\/\/www.nettali.com\/rest\/wp\/v2\/media\/127616"}],"wp:attachment":[{"href":"https:\/\/www.nettali.com\/rest\/wp\/v2\/media?parent=127615"}],"wp:term":[{"taxonomy":"category","embeddable":true,"href":"https:\/\/www.nettali.com\/rest\/wp\/v2\/categories?post=127615"},{"taxonomy":"post_tag","embeddable":true,"href":"https:\/\/www.nettali.com\/rest\/wp\/v2\/tags?post=127615"}],"curies":[{"name":"wp","href":"https:\/\/api.w.org\/{rel}","templated":true}]}}