{"id":127609,"date":"2024-02-15T07:37:46","date_gmt":"2024-02-15T07:37:46","guid":{"rendered":"https:\/\/www.nettali.com\/?p=127609"},"modified":"2024-02-15T07:37:46","modified_gmt":"2024-02-15T07:37:46","slug":"en-coulisses-amadou-ba-conforte-candidat-de-bby","status":"publish","type":"post","link":"https:\/\/www.nettali.com\/2024\/02\/15\/en-coulisses-amadou-ba-conforte-candidat-de-bby\/","title":{"rendered":"EN COULISSES - Amadou Ba, conforte\u0301 candidat de BBY"},"content":{"rendered":"<p><strong>NETTALI.COM-<\/strong> Il nous revient que la candidature d\u2019Amadou Ba a e\u0301te\u0301 e\u0301voque\u0301e, lors du secre\u0301tariat exe\u0301cutif de l\u2019APR. Le Premier ministre a e\u0301te\u0301 confirme\u0301 et conforte\u0301 comme candidat de la majorite\u0301 pre\u0301sidentielle. Une de\u0301cision qui coupe court les rumeurs d\u2019un froid et de bisbilles entre le Chef de l\u2019Etat et son dauphin de\u0301signe\u0301.<\/p>\n<p>Macky Sall a toutefois sensibilise\u0301 les troupes sur la situation de\u0301licate dans laquelle se trouve le pays, et par ricochet, le re\u0301gime.<\/p>\n<p>Dans la mesure ou\u0300, tout le reste du monde a, de\u0301sormais, les yeux braque\u0301s sur le Se\u0301ne\u0301gal. Il les a exhorte\u0301s a\u0300 faire attention aux actes qu\u2019ils posent, dans l\u2019optique de ne pas fragiliser davantage la position du Se\u0301ne\u0301gal.<\/p>\n<p>&nbsp;<\/p>\n<div class='share-to-whatsapp-wrapper'><div class='share-on-whsp'>PARTAGER SUR : <\/div><a data-text='EN COULISSES - Amadou Ba, conforte\u0301 candidat de BBY' data-link='https:\/\/www.nettali.com\/2024\/02\/15\/en-coulisses-amadou-ba-conforte-candidat-de-bby\/' class='whatsapp-button whatsapp-share'>WhatsApp<\/a><div class='clear '><\/div><\/div>","protected":false},"excerpt":{"rendered":"<p>NETTALI.COM- Il nous revient que la candidature d\u2019Amadou Ba a e\u0301te\u0301 e\u0301voque\u0301e, lors du secre\u0301tariat exe\u0301cutif de l\u2019APR. Le Premier ministre a e\u0301te\u0301 confirme\u0301 et conforte\u0301 comme candidat de la majorite\u0301 pre\u0301sidentielle. Une de\u0301cision qui coupe court les rumeurs d\u2019un froid et de bisbilles entre le Chef de l\u2019Etat et son dauphin de\u0301signe\u0301. Macky Sall [&hellip;]<\/p>\n","protected":false},"author":2,"featured_media":127612,"comment_status":"open","ping_status":"open","sticky":false,"template":"","format":"standard","meta":{"_et_pb_use_builder":"","_et_pb_old_content":""},"categories":[34945],"tags":[],"yoast_head":"<!-- This site is optimized with the Yoast SEO Premium plugin v17.8 (Yoast SEO v17.8) - https:\/\/yoast.com\/wordpress\/plugins\/seo\/ -->\n<title>EN COULISSES - Amadou Ba, conforte\u0301 candidat de BBY | Nettali.com<\/title>\n<meta name=\"robots\" content=\"index, follow, max-snippet:-1, max-image-preview:large, max-video-preview:-1\" \/>\n<link rel=\"canonical\" href=\"https:\/\/www.nettali.com\/2024\/02\/15\/en-coulisses-amadou-ba-conforte-candidat-de-bby\/\" \/>\n<meta property=\"og:locale\" content=\"fr_FR\" \/>\n<meta property=\"og:type\" content=\"article\" \/>\n<meta property=\"og:title\" content=\"EN COULISSES - Amadou Ba, conforte\u0301 candidat de BBY\" \/>\n<meta property=\"og:description\" content=\"NETTALI.COM- Il nous revient que la candidature d\u2019Amadou Ba a e\u0301te\u0301 e\u0301voque\u0301e, lors du secre\u0301tariat exe\u0301cutif de l\u2019APR. Le Premier ministre a e\u0301te\u0301 confirme\u0301 et conforte\u0301 comme candidat de la majorite\u0301 pre\u0301sidentielle. Une de\u0301cision qui coupe court les rumeurs d\u2019un froid et de bisbilles entre le Chef de l\u2019Etat et son dauphin de\u0301signe\u0301. Macky Sall [&hellip;]\" \/>\n<meta property=\"og:url\" content=\"https:\/\/www.nettali.com\/2024\/02\/15\/en-coulisses-amadou-ba-conforte-candidat-de-bby\/\" \/>\n<meta property=\"og:site_name\" content=\"Nettali.com\" \/>\n<meta property=\"article:publisher\" content=\"https:\/\/www.facebook.com\/nettalicom\" \/>\n<meta property=\"article:published_time\" content=\"2024-02-15T07:37:46+00:00\" \/>\n<meta property=\"og:image\" content=\"https:\/\/www.nettali.com\/wp-content\/uploads\/2024\/02\/amadou-ba_0.jpeg\" \/>\n\t<meta property=\"og:image:width\" content=\"480\" \/>\n\t<meta property=\"og:image:height\" content=\"319\" \/>\n<meta name=\"twitter:card\" content=\"summary_large_image\" \/>\n<meta name=\"twitter:label1\" content=\"\u00c9crit par\" \/>\n\t<meta name=\"twitter:data1\" content=\"CK\" \/>\n\t<meta name=\"twitter:label2\" content=\"Dur\u00e9e de lecture estim\u00e9e\" \/>\n\t<meta name=\"twitter:data2\" content=\"1 minute\" \/>\n<script type=\"application\/ld+json\" class=\"yoast-schema-graph\">{\"@context\":\"https:\/\/schema.org\",\"@graph\":[{\"@type\":\"WebSite\",\"@id\":\"https:\/\/www.nettali.com\/#website\",\"url\":\"https:\/\/www.nettali.com\/\",\"name\":\"Nettali.com\",\"description\":\"Le rendez-vous critique du Net\",\"potentialAction\":[{\"@type\":\"SearchAction\",\"target\":{\"@type\":\"EntryPoint\",\"urlTemplate\":\"https:\/\/www.nettali.com\/?s={search_term_string}\"},\"query-input\":\"required name=search_term_string\"}],\"inLanguage\":\"fr-FR\"},{\"@type\":\"ImageObject\",\"@id\":\"https:\/\/www.nettali.com\/2024\/02\/15\/en-coulisses-amadou-ba-conforte-candidat-de-bby\/#primaryimage\",\"inLanguage\":\"fr-FR\",\"url\":\"https:\/\/www.nettali.com\/wp-content\/uploads\/2024\/02\/amadou-ba_0.jpeg\",\"contentUrl\":\"https:\/\/www.nettali.com\/wp-content\/uploads\/2024\/02\/amadou-ba_0.jpeg\",\"width\":480,\"height\":319},{\"@type\":\"WebPage\",\"@id\":\"https:\/\/www.nettali.com\/2024\/02\/15\/en-coulisses-amadou-ba-conforte-candidat-de-bby\/#webpage\",\"url\":\"https:\/\/www.nettali.com\/2024\/02\/15\/en-coulisses-amadou-ba-conforte-candidat-de-bby\/\",\"name\":\"EN COULISSES - Amadou Ba, conforte\\u0301 candidat de BBY | Nettali.com\",\"isPartOf\":{\"@id\":\"https:\/\/www.nettali.com\/#website\"},\"primaryImageOfPage\":{\"@id\":\"https:\/\/www.nettali.com\/2024\/02\/15\/en-coulisses-amadou-ba-conforte-candidat-de-bby\/#primaryimage\"},\"datePublished\":\"2024-02-15T07:37:46+00:00\",\"dateModified\":\"2024-02-15T07:37:46+00:00\",\"author\":{\"@id\":\"https:\/\/www.nettali.com\/#\/schema\/person\/d8ac7b7e27ddad43f1c0d2ef090d7f71\"},\"breadcrumb\":{\"@id\":\"https:\/\/www.nettali.com\/2024\/02\/15\/en-coulisses-amadou-ba-conforte-candidat-de-bby\/#breadcrumb\"},\"inLanguage\":\"fr-FR\",\"potentialAction\":[{\"@type\":\"ReadAction\",\"target\":[\"https:\/\/www.nettali.com\/2024\/02\/15\/en-coulisses-amadou-ba-conforte-candidat-de-bby\/\"]}]},{\"@type\":\"BreadcrumbList\",\"@id\":\"https:\/\/www.nettali.com\/2024\/02\/15\/en-coulisses-amadou-ba-conforte-candidat-de-bby\/#breadcrumb\",\"itemListElement\":[{\"@type\":\"ListItem\",\"position\":1,\"name\":\"Accueil\",\"item\":\"https:\/\/www.nettali.com\/\"},{\"@type\":\"ListItem\",\"position\":2,\"name\":\"EN COULISSES - Amadou Ba, conforte\\u0301 candidat de BBY\"}]},{\"@type\":\"Person\",\"@id\":\"https:\/\/www.nettali.com\/#\/schema\/person\/d8ac7b7e27ddad43f1c0d2ef090d7f71\",\"name\":\"CK\",\"image\":{\"@type\":\"ImageObject\",\"@id\":\"https:\/\/www.nettali.com\/#personlogo\",\"inLanguage\":\"fr-FR\",\"url\":\"https:\/\/secure.gravatar.com\/avatar\/1d8d5118b9327d94da7cd4ce7f17fec2?s=96&d=mm&r=g\",\"contentUrl\":\"https:\/\/secure.gravatar.com\/avatar\/1d8d5118b9327d94da7cd4ce7f17fec2?s=96&d=mm&r=g\",\"caption\":\"CK\"},\"sameAs\":[\"https:\/\/www.nettali.com\"]}]}<\/script>\n<!-- \/ Yoast SEO Premium plugin. -->","yoast_head_json":{"title":"EN COULISSES - Amadou Ba, conforte\u0301 candidat de BBY | Nettali.com","robots":{"index":"index","follow":"follow","max-snippet":"max-snippet:-1","max-image-preview":"max-image-preview:large","max-video-preview":"max-video-preview:-1"},"canonical":"https:\/\/www.nettali.com\/2024\/02\/15\/en-coulisses-amadou-ba-conforte-candidat-de-bby\/","og_locale":"fr_FR","og_type":"article","og_title":"EN COULISSES - Amadou Ba, conforte\u0301 candidat de BBY","og_description":"NETTALI.COM- Il nous revient que la candidature d\u2019Amadou Ba a e\u0301te\u0301 e\u0301voque\u0301e, lors du secre\u0301tariat exe\u0301cutif de l\u2019APR. Le Premier ministre a e\u0301te\u0301 confirme\u0301 et conforte\u0301 comme candidat de la majorite\u0301 pre\u0301sidentielle. Une de\u0301cision qui coupe court les rumeurs d\u2019un froid et de bisbilles entre le Chef de l\u2019Etat et son dauphin de\u0301signe\u0301. Macky Sall [&hellip;]","og_url":"https:\/\/www.nettali.com\/2024\/02\/15\/en-coulisses-amadou-ba-conforte-candidat-de-bby\/","og_site_name":"Nettali.com","article_publisher":"https:\/\/www.facebook.com\/nettalicom","article_published_time":"2024-02-15T07:37:46+00:00","og_image":[{"width":480,"height":319,"url":"https:\/\/www.nettali.com\/wp-content\/uploads\/2024\/02\/amadou-ba_0.jpeg","type":"image\/jpeg"}],"twitter_card":"summary_large_image","twitter_misc":{"\u00c9crit par":"CK","Dur\u00e9e de lecture estim\u00e9e":"1 minute"},"schema":{"@context":"https:\/\/schema.org","@graph":[{"@type":"WebSite","@id":"https:\/\/www.nettali.com\/#website","url":"https:\/\/www.nettali.com\/","name":"Nettali.com","description":"Le rendez-vous critique du Net","potentialAction":[{"@type":"SearchAction","target":{"@type":"EntryPoint","urlTemplate":"https:\/\/www.nettali.com\/?s={search_term_string}"},"query-input":"required name=search_term_string"}],"inLanguage":"fr-FR"},{"@type":"ImageObject","@id":"https:\/\/www.nettali.com\/2024\/02\/15\/en-coulisses-amadou-ba-conforte-candidat-de-bby\/#primaryimage","inLanguage":"fr-FR","url":"https:\/\/www.nettali.com\/wp-content\/uploads\/2024\/02\/amadou-ba_0.jpeg","contentUrl":"https:\/\/www.nettali.com\/wp-content\/uploads\/2024\/02\/amadou-ba_0.jpeg","width":480,"height":319},{"@type":"WebPage","@id":"https:\/\/www.nettali.com\/2024\/02\/15\/en-coulisses-amadou-ba-conforte-candidat-de-bby\/#webpage","url":"https:\/\/www.nettali.com\/2024\/02\/15\/en-coulisses-amadou-ba-conforte-candidat-de-bby\/","name":"EN COULISSES - Amadou Ba, conforte\u0301 candidat de BBY | Nettali.com","isPartOf":{"@id":"https:\/\/www.nettali.com\/#website"},"primaryImageOfPage":{"@id":"https:\/\/www.nettali.com\/2024\/02\/15\/en-coulisses-amadou-ba-conforte-candidat-de-bby\/#primaryimage"},"datePublished":"2024-02-15T07:37:46+00:00","dateModified":"2024-02-15T07:37:46+00:00","author":{"@id":"https:\/\/www.nettali.com\/#\/schema\/person\/d8ac7b7e27ddad43f1c0d2ef090d7f71"},"breadcrumb":{"@id":"https:\/\/www.nettali.com\/2024\/02\/15\/en-coulisses-amadou-ba-conforte-candidat-de-bby\/#breadcrumb"},"inLanguage":"fr-FR","potentialAction":[{"@type":"ReadAction","target":["https:\/\/www.nettali.com\/2024\/02\/15\/en-coulisses-amadou-ba-conforte-candidat-de-bby\/"]}]},{"@type":"BreadcrumbList","@id":"https:\/\/www.nettali.com\/2024\/02\/15\/en-coulisses-amadou-ba-conforte-candidat-de-bby\/#breadcrumb","itemListElement":[{"@type":"ListItem","position":1,"name":"Accueil","item":"https:\/\/www.nettali.com\/"},{"@type":"ListItem","position":2,"name":"EN COULISSES - Amadou Ba, conforte\u0301 candidat de BBY"}]},{"@type":"Person","@id":"https:\/\/www.nettali.com\/#\/schema\/person\/d8ac7b7e27ddad43f1c0d2ef090d7f71","name":"CK","image":{"@type":"ImageObject","@id":"https:\/\/www.nettali.com\/#personlogo","inLanguage":"fr-FR","url":"https:\/\/secure.gravatar.com\/avatar\/1d8d5118b9327d94da7cd4ce7f17fec2?s=96&d=mm&r=g","contentUrl":"https:\/\/secure.gravatar.com\/avatar\/1d8d5118b9327d94da7cd4ce7f17fec2?s=96&d=mm&r=g","caption":"CK"},"sameAs":["https:\/\/www.nettali.com"]}]}},"_links":{"self":[{"href":"https:\/\/www.nettali.com\/rest\/wp\/v2\/posts\/127609"}],"collection":[{"href":"https:\/\/www.nettali.com\/rest\/wp\/v2\/posts"}],"about":[{"href":"https:\/\/www.nettali.com\/rest\/wp\/v2\/types\/post"}],"author":[{"embeddable":true,"href":"https:\/\/www.nettali.com\/rest\/wp\/v2\/users\/2"}],"replies":[{"embeddable":true,"href":"https:\/\/www.nettali.com\/rest\/wp\/v2\/comments?post=127609"}],"version-history":[{"count":2,"href":"https:\/\/www.nettali.com\/rest\/wp\/v2\/posts\/127609\/revisions"}],"predecessor-version":[{"id":127613,"href":"https:\/\/www.nettali.com\/rest\/wp\/v2\/posts\/127609\/revisions\/127613"}],"wp:featuredmedia":[{"embeddable":true,"href":"https:\/\/www.nettali.com\/rest\/wp\/v2\/media\/127612"}],"wp:attachment":[{"href":"https:\/\/www.nettali.com\/rest\/wp\/v2\/media?parent=127609"}],"wp:term":[{"taxonomy":"category","embeddable":true,"href":"https:\/\/www.nettali.com\/rest\/wp\/v2\/categories?post=127609"},{"taxonomy":"post_tag","embeddable":true,"href":"https:\/\/www.nettali.com\/rest\/wp\/v2\/tags?post=127609"}],"curies":[{"name":"wp","href":"https:\/\/api.w.org\/{rel}","templated":true}]}}