{"id":127607,"date":"2024-02-15T07:39:56","date_gmt":"2024-02-15T07:39:56","guid":{"rendered":"https:\/\/www.nettali.com\/?p=127607"},"modified":"2024-02-15T23:51:55","modified_gmt":"2024-02-15T23:51:55","slug":"loi-damnistie-le-secretariat-executif-de-lapr-valide","status":"publish","type":"post","link":"https:\/\/www.nettali.com\/2024\/02\/15\/loi-damnistie-le-secretariat-executif-de-lapr-valide\/","title":{"rendered":"LOI D'AMNISTIE - Le Secretariat ex\u00e9cutif de l'APR valide"},"content":{"rendered":"<div class=\"page\" title=\"Page 3\">\n<div class=\"layoutArea\">\n<div class=\"column\">\n<p><strong>NETTALI.COM - Un acte supple\u0301mentaire pourrait e\u0302tre pose\u0301 incessamment, pour re\u0301tablir la paix dans le pays et sortir de la crise politique ne\u0301e du report de l\u2019e\u0301lection pre\u0301sidentielle. Mercredi 14 f\u00e9vrier, le secre\u0301tariat exe\u0301cutif de l\u2019APR a valide\u0301 l\u2019ide\u0301e d\u2019une loi d\u2019amnistie.<\/strong><\/p>\n<p>L\u2019ide\u0301e d\u2019une loi d\u2019amnistie fait son chemin. Hier, selon nos sources, la question a e\u0301te\u0301 longuement de\u0301battue lors de la re\u0301union du Secre\u0301tariat exe\u0301cutif national de l\u2019Alliance pour la Re\u0301pu- blique (APR). La question a e\u0301te\u0301 pose\u0301e sur la table, par le chef de l\u2019E\u0301tat, en pre\u0301sence de tous les te\u0301nors du parti : le Premier ministre Amadou Ba, le pre\u0301sident du Conseil e\u0301conomique, social et environnemental Abdoulaye Daouda Diallo, Farba Ngom, Mame Mbaye Niang...<\/p>\n<\/div>\n<div class=\"column\">\n<p>Lors des prises de parole, les uns et les autres se sont de\u0301termine\u0301s par rapport a\u0300 cette solution de sortie de crise. Il ressort des retours qu\u2019on a eus que le Secre\u0301tariat exe\u0301cutif de l\u2019APR a valide\u0301 le principe de l\u2019amnistie. Selon nos interlocuteurs, ceux qui e\u0301taient contre cette loi sont revenus a\u0300 de meilleurs sentiments et se sont range\u0301s a\u0300 la volonte\u0301 de la majorite\u0301. La re\u0301union s\u2019est de\u0301roule\u0301e jusque tard dans la nuit.<\/p>\n<p>L\u2019introduction d\u2019une loi d\u2019amnistie ge\u0301ne\u0301rale pour les e\u0301meutes de mars 2021 et de juin 2023 est attendue pour ouvrir la voie a\u0300 une possible libe\u0301ration d\u2019Ousmane Sonko, de Bassirou Diomaye Faye et des autres prisonniers dits politiques. Elle est surtout attendue pour de\u0301crisper la situation et amener les diffe\u0301rents protagonistes politiques a\u0300 se retrouver autour d\u2019une table et sortir de cette crise pre\u0301e\u0301lectorale lourde de dangers pour le Se\u0301ne\u0301gal.<\/p>\n<\/div>\n<div class=\"column\">\n<p>La possibilite\u0301 de vote d\u2019une loi d\u2019amnistie a e\u0301te\u0301 re\u0301ve\u0301le\u0301e, en premier, par Alioune Tine. Il a r\u00e9cemment de\u0301clare\u0301 re\u0301cemment, qu'\"<em>Ousmane Sonko va e\u0302tre libe\u0301re\u0301 dans les prochains jours<\/em>\". Il ajoutait : \"<em>La libe\u0301ration de Sonko va ramener la paix dans ce pays. Tout ce qui peut ramener la stabilite\u0301 dans ce pays doit e\u0302tre fait et encourage\u0301<\/em>.\"<\/p>\n<\/div>\n<div class=\"column\">\n<p>Allant plus loin, le droit-de- l'hommiste renseignait que le chef de l\u2019E\u0301tat Macky Sall est d\u2019accord avec le principe de re\u0301conciliation nationale. Et que le projet de loi y relatif pourrait e\u0302tre adopte\u0301 en Conseil des ministres. Ce qu\u2019il conside\u0300re comme la premie\u0300re e\u0301tape de ce processus de dialogue.<\/p>\n<\/div>\n<div class=\"column\">\n<p>Mais conscient que cela ne pourrait se faire qu\u2019avec l\u2019assentiment des concerne\u0301s, notamment le leader de l\u2019ex-Pastef, il avait lance\u0301 cette invite : \"<em>Le proble\u0300me, de\u0301sormais, ce n\u2019est plus Pastef ou tel ou autre parti. Son engagement (NDLR : Ousmane Sonko) envers le pays qui lui a valu la prison, il doit aussi avoir la me\u0302me de\u0301termination pour que les c\u0153urs s\u2019apaisent au Se\u0301ne\u0301gal. Il doit tout tenter pour re\u0301unir les Se\u0301ne\u0301galais, pour mettre fin aux tensions dans ce pays.<\/em>\"<\/p>\n<p>&nbsp;<\/p>\n<\/div>\n<\/div>\n<\/div>\n<p><!--more--><\/p>\n<div class='share-to-whatsapp-wrapper'><div class='share-on-whsp'>PARTAGER SUR : <\/div><a data-text='LOI D'AMNISTIE - Le Secretariat ex\u00e9cutif de l'APR valide' data-link='https:\/\/www.nettali.com\/2024\/02\/15\/loi-damnistie-le-secretariat-executif-de-lapr-valide\/' class='whatsapp-button whatsapp-share'>WhatsApp<\/a><div class='clear '><\/div><\/div>","protected":false},"excerpt":{"rendered":"<p>NETTALI.COM - Un acte supple\u0301mentaire pourrait e\u0302tre pose\u0301 incessamment, pour re\u0301tablir la paix dans le pays et sortir de la crise politique ne\u0301e du report de l\u2019e\u0301lection pre\u0301sidentielle. Mercredi 14 f\u00e9vrier, le secre\u0301tariat exe\u0301cutif de l\u2019APR a valide\u0301 l\u2019ide\u0301e d\u2019une loi d\u2019amnistie. L\u2019ide\u0301e d\u2019une loi d\u2019amnistie fait son chemin. Hier, selon nos sources, la question [&hellip;]<\/p>\n","protected":false},"author":2,"featured_media":127614,"comment_status":"open","ping_status":"open","sticky":false,"template":"","format":"standard","meta":{"_et_pb_use_builder":"","_et_pb_old_content":""},"categories":[2],"tags":[],"yoast_head":"<!-- This site is optimized with the Yoast SEO Premium plugin v17.8 (Yoast SEO v17.8) - https:\/\/yoast.com\/wordpress\/plugins\/seo\/ -->\n<title>LOI D&#039;AMNISTIE - Le Secretariat ex\u00e9cutif de l&#039;APR valide | Nettali.com<\/title>\n<meta name=\"robots\" content=\"index, follow, max-snippet:-1, max-image-preview:large, max-video-preview:-1\" \/>\n<link rel=\"canonical\" href=\"https:\/\/www.nettali.com\/2024\/02\/15\/loi-damnistie-le-secretariat-executif-de-lapr-valide\/\" \/>\n<meta property=\"og:locale\" content=\"fr_FR\" \/>\n<meta property=\"og:type\" content=\"article\" \/>\n<meta property=\"og:title\" content=\"LOI D&#039;AMNISTIE - Le Secretariat ex\u00e9cutif de l&#039;APR valide\" \/>\n<meta property=\"og:description\" content=\"NETTALI.COM - Un acte supple\u0301mentaire pourrait e\u0302tre pose\u0301 incessamment, pour re\u0301tablir la paix dans le pays et sortir de la crise politique ne\u0301e du report de l\u2019e\u0301lection pre\u0301sidentielle. Mercredi 14 f\u00e9vrier, le secre\u0301tariat exe\u0301cutif de l\u2019APR a valide\u0301 l\u2019ide\u0301e d\u2019une loi d\u2019amnistie. L\u2019ide\u0301e d\u2019une loi d\u2019amnistie fait son chemin. Hier, selon nos sources, la question [&hellip;]\" \/>\n<meta property=\"og:url\" content=\"https:\/\/www.nettali.com\/2024\/02\/15\/loi-damnistie-le-secretariat-executif-de-lapr-valide\/\" \/>\n<meta property=\"og:site_name\" content=\"Nettali.com\" \/>\n<meta property=\"article:publisher\" content=\"https:\/\/www.facebook.com\/nettalicom\" \/>\n<meta property=\"article:published_time\" content=\"2024-02-15T07:39:56+00:00\" \/>\n<meta property=\"article:modified_time\" content=\"2024-02-15T23:51:55+00:00\" \/>\n<meta property=\"og:image\" content=\"https:\/\/www.nettali.com\/wp-content\/uploads\/2024\/02\/73904842-51407623.jpg\" \/>\n\t<meta property=\"og:image:width\" content=\"800\" \/>\n\t<meta property=\"og:image:height\" content=\"511\" \/>\n<meta name=\"twitter:card\" content=\"summary_large_image\" \/>\n<meta name=\"twitter:label1\" content=\"\u00c9crit par\" \/>\n\t<meta name=\"twitter:data1\" content=\"CK\" \/>\n\t<meta name=\"twitter:label2\" content=\"Dur\u00e9e de lecture estim\u00e9e\" \/>\n\t<meta name=\"twitter:data2\" content=\"3 minutes\" \/>\n<script type=\"application\/ld+json\" class=\"yoast-schema-graph\">{\"@context\":\"https:\/\/schema.org\",\"@graph\":[{\"@type\":\"WebSite\",\"@id\":\"https:\/\/www.nettali.com\/#website\",\"url\":\"https:\/\/www.nettali.com\/\",\"name\":\"Nettali.com\",\"description\":\"Le rendez-vous critique du Net\",\"potentialAction\":[{\"@type\":\"SearchAction\",\"target\":{\"@type\":\"EntryPoint\",\"urlTemplate\":\"https:\/\/www.nettali.com\/?s={search_term_string}\"},\"query-input\":\"required name=search_term_string\"}],\"inLanguage\":\"fr-FR\"},{\"@type\":\"ImageObject\",\"@id\":\"https:\/\/www.nettali.com\/2024\/02\/15\/loi-damnistie-le-secretariat-executif-de-lapr-valide\/#primaryimage\",\"inLanguage\":\"fr-FR\",\"url\":\"https:\/\/www.nettali.com\/wp-content\/uploads\/2024\/02\/73904842-51407623.jpg\",\"contentUrl\":\"https:\/\/www.nettali.com\/wp-content\/uploads\/2024\/02\/73904842-51407623.jpg\",\"width\":800,\"height\":511},{\"@type\":\"WebPage\",\"@id\":\"https:\/\/www.nettali.com\/2024\/02\/15\/loi-damnistie-le-secretariat-executif-de-lapr-valide\/#webpage\",\"url\":\"https:\/\/www.nettali.com\/2024\/02\/15\/loi-damnistie-le-secretariat-executif-de-lapr-valide\/\",\"name\":\"LOI D'AMNISTIE - Le Secretariat ex\\u00e9cutif de l'APR valide | Nettali.com\",\"isPartOf\":{\"@id\":\"https:\/\/www.nettali.com\/#website\"},\"primaryImageOfPage\":{\"@id\":\"https:\/\/www.nettali.com\/2024\/02\/15\/loi-damnistie-le-secretariat-executif-de-lapr-valide\/#primaryimage\"},\"datePublished\":\"2024-02-15T07:39:56+00:00\",\"dateModified\":\"2024-02-15T23:51:55+00:00\",\"author\":{\"@id\":\"https:\/\/www.nettali.com\/#\/schema\/person\/d8ac7b7e27ddad43f1c0d2ef090d7f71\"},\"breadcrumb\":{\"@id\":\"https:\/\/www.nettali.com\/2024\/02\/15\/loi-damnistie-le-secretariat-executif-de-lapr-valide\/#breadcrumb\"},\"inLanguage\":\"fr-FR\",\"potentialAction\":[{\"@type\":\"ReadAction\",\"target\":[\"https:\/\/www.nettali.com\/2024\/02\/15\/loi-damnistie-le-secretariat-executif-de-lapr-valide\/\"]}]},{\"@type\":\"BreadcrumbList\",\"@id\":\"https:\/\/www.nettali.com\/2024\/02\/15\/loi-damnistie-le-secretariat-executif-de-lapr-valide\/#breadcrumb\",\"itemListElement\":[{\"@type\":\"ListItem\",\"position\":1,\"name\":\"Accueil\",\"item\":\"https:\/\/www.nettali.com\/\"},{\"@type\":\"ListItem\",\"position\":2,\"name\":\"LOI D'AMNISTIE - Le Secretariat ex\\u00e9cutif de l'APR valide\"}]},{\"@type\":\"Person\",\"@id\":\"https:\/\/www.nettali.com\/#\/schema\/person\/d8ac7b7e27ddad43f1c0d2ef090d7f71\",\"name\":\"CK\",\"image\":{\"@type\":\"ImageObject\",\"@id\":\"https:\/\/www.nettali.com\/#personlogo\",\"inLanguage\":\"fr-FR\",\"url\":\"https:\/\/secure.gravatar.com\/avatar\/1d8d5118b9327d94da7cd4ce7f17fec2?s=96&d=mm&r=g\",\"contentUrl\":\"https:\/\/secure.gravatar.com\/avatar\/1d8d5118b9327d94da7cd4ce7f17fec2?s=96&d=mm&r=g\",\"caption\":\"CK\"},\"sameAs\":[\"https:\/\/www.nettali.com\"]}]}<\/script>\n<!-- \/ Yoast SEO Premium plugin. -->","yoast_head_json":{"title":"LOI D'AMNISTIE - Le Secretariat ex\u00e9cutif de l'APR valide | Nettali.com","robots":{"index":"index","follow":"follow","max-snippet":"max-snippet:-1","max-image-preview":"max-image-preview:large","max-video-preview":"max-video-preview:-1"},"canonical":"https:\/\/www.nettali.com\/2024\/02\/15\/loi-damnistie-le-secretariat-executif-de-lapr-valide\/","og_locale":"fr_FR","og_type":"article","og_title":"LOI D'AMNISTIE - Le Secretariat ex\u00e9cutif de l'APR valide","og_description":"NETTALI.COM - Un acte supple\u0301mentaire pourrait e\u0302tre pose\u0301 incessamment, pour re\u0301tablir la paix dans le pays et sortir de la crise politique ne\u0301e du report de l\u2019e\u0301lection pre\u0301sidentielle. Mercredi 14 f\u00e9vrier, le secre\u0301tariat exe\u0301cutif de l\u2019APR a valide\u0301 l\u2019ide\u0301e d\u2019une loi d\u2019amnistie. L\u2019ide\u0301e d\u2019une loi d\u2019amnistie fait son chemin. Hier, selon nos sources, la question [&hellip;]","og_url":"https:\/\/www.nettali.com\/2024\/02\/15\/loi-damnistie-le-secretariat-executif-de-lapr-valide\/","og_site_name":"Nettali.com","article_publisher":"https:\/\/www.facebook.com\/nettalicom","article_published_time":"2024-02-15T07:39:56+00:00","article_modified_time":"2024-02-15T23:51:55+00:00","og_image":[{"width":800,"height":511,"url":"https:\/\/www.nettali.com\/wp-content\/uploads\/2024\/02\/73904842-51407623.jpg","type":"image\/jpeg"}],"twitter_card":"summary_large_image","twitter_misc":{"\u00c9crit par":"CK","Dur\u00e9e de lecture estim\u00e9e":"3 minutes"},"schema":{"@context":"https:\/\/schema.org","@graph":[{"@type":"WebSite","@id":"https:\/\/www.nettali.com\/#website","url":"https:\/\/www.nettali.com\/","name":"Nettali.com","description":"Le rendez-vous critique du Net","potentialAction":[{"@type":"SearchAction","target":{"@type":"EntryPoint","urlTemplate":"https:\/\/www.nettali.com\/?s={search_term_string}"},"query-input":"required name=search_term_string"}],"inLanguage":"fr-FR"},{"@type":"ImageObject","@id":"https:\/\/www.nettali.com\/2024\/02\/15\/loi-damnistie-le-secretariat-executif-de-lapr-valide\/#primaryimage","inLanguage":"fr-FR","url":"https:\/\/www.nettali.com\/wp-content\/uploads\/2024\/02\/73904842-51407623.jpg","contentUrl":"https:\/\/www.nettali.com\/wp-content\/uploads\/2024\/02\/73904842-51407623.jpg","width":800,"height":511},{"@type":"WebPage","@id":"https:\/\/www.nettali.com\/2024\/02\/15\/loi-damnistie-le-secretariat-executif-de-lapr-valide\/#webpage","url":"https:\/\/www.nettali.com\/2024\/02\/15\/loi-damnistie-le-secretariat-executif-de-lapr-valide\/","name":"LOI D'AMNISTIE - Le Secretariat ex\u00e9cutif de l'APR valide | Nettali.com","isPartOf":{"@id":"https:\/\/www.nettali.com\/#website"},"primaryImageOfPage":{"@id":"https:\/\/www.nettali.com\/2024\/02\/15\/loi-damnistie-le-secretariat-executif-de-lapr-valide\/#primaryimage"},"datePublished":"2024-02-15T07:39:56+00:00","dateModified":"2024-02-15T23:51:55+00:00","author":{"@id":"https:\/\/www.nettali.com\/#\/schema\/person\/d8ac7b7e27ddad43f1c0d2ef090d7f71"},"breadcrumb":{"@id":"https:\/\/www.nettali.com\/2024\/02\/15\/loi-damnistie-le-secretariat-executif-de-lapr-valide\/#breadcrumb"},"inLanguage":"fr-FR","potentialAction":[{"@type":"ReadAction","target":["https:\/\/www.nettali.com\/2024\/02\/15\/loi-damnistie-le-secretariat-executif-de-lapr-valide\/"]}]},{"@type":"BreadcrumbList","@id":"https:\/\/www.nettali.com\/2024\/02\/15\/loi-damnistie-le-secretariat-executif-de-lapr-valide\/#breadcrumb","itemListElement":[{"@type":"ListItem","position":1,"name":"Accueil","item":"https:\/\/www.nettali.com\/"},{"@type":"ListItem","position":2,"name":"LOI D'AMNISTIE - Le Secretariat ex\u00e9cutif de l'APR valide"}]},{"@type":"Person","@id":"https:\/\/www.nettali.com\/#\/schema\/person\/d8ac7b7e27ddad43f1c0d2ef090d7f71","name":"CK","image":{"@type":"ImageObject","@id":"https:\/\/www.nettali.com\/#personlogo","inLanguage":"fr-FR","url":"https:\/\/secure.gravatar.com\/avatar\/1d8d5118b9327d94da7cd4ce7f17fec2?s=96&d=mm&r=g","contentUrl":"https:\/\/secure.gravatar.com\/avatar\/1d8d5118b9327d94da7cd4ce7f17fec2?s=96&d=mm&r=g","caption":"CK"},"sameAs":["https:\/\/www.nettali.com"]}]}},"_links":{"self":[{"href":"https:\/\/www.nettali.com\/rest\/wp\/v2\/posts\/127607"}],"collection":[{"href":"https:\/\/www.nettali.com\/rest\/wp\/v2\/posts"}],"about":[{"href":"https:\/\/www.nettali.com\/rest\/wp\/v2\/types\/post"}],"author":[{"embeddable":true,"href":"https:\/\/www.nettali.com\/rest\/wp\/v2\/users\/2"}],"replies":[{"embeddable":true,"href":"https:\/\/www.nettali.com\/rest\/wp\/v2\/comments?post=127607"}],"version-history":[{"count":3,"href":"https:\/\/www.nettali.com\/rest\/wp\/v2\/posts\/127607\/revisions"}],"predecessor-version":[{"id":127684,"href":"https:\/\/www.nettali.com\/rest\/wp\/v2\/posts\/127607\/revisions\/127684"}],"wp:featuredmedia":[{"embeddable":true,"href":"https:\/\/www.nettali.com\/rest\/wp\/v2\/media\/127614"}],"wp:attachment":[{"href":"https:\/\/www.nettali.com\/rest\/wp\/v2\/media?parent=127607"}],"wp:term":[{"taxonomy":"category","embeddable":true,"href":"https:\/\/www.nettali.com\/rest\/wp\/v2\/categories?post=127607"},{"taxonomy":"post_tag","embeddable":true,"href":"https:\/\/www.nettali.com\/rest\/wp\/v2\/tags?post=127607"}],"curies":[{"name":"wp","href":"https:\/\/api.w.org\/{rel}","templated":true}]}}