{"id":127603,"date":"2024-02-15T07:24:07","date_gmt":"2024-02-15T07:24:07","guid":{"rendered":"https:\/\/www.nettali.com\/?p=127603"},"modified":"2024-02-15T07:24:33","modified_gmt":"2024-02-15T07:24:33","slug":"en-coulisses-cheikh-oumar-hanne-menace-les-syndicalistes-grevistes","status":"publish","type":"post","link":"https:\/\/www.nettali.com\/2024\/02\/15\/en-coulisses-cheikh-oumar-hanne-menace-les-syndicalistes-grevistes\/","title":{"rendered":"EN COULISSES - Cheikh Oumar Hanne pr\u00e9vient les syndicalistes gr\u00e9vistes"},"content":{"rendered":"<div class=\"page\" title=\"Page 2\">\n<div class=\"section\">\n<div class=\"layoutArea\">\n<div class=\"column\">\n<p><strong>NETTALI.COM -<\/strong> Apre\u0300s l\u2019annonce du report de la Pre\u0301sidentielle, diverses organisations politiques et de la socie\u0301te\u0301 civile ont commence\u0301 a\u0300 mettre en place un plan d\u2019action pour de\u0301noncer la de\u0301cision du pre\u0301sident de la Re\u0301publique. Des organisations du secteur de l\u2019enseignement ont de\u0301cide\u0301 d\u2019adopter la me\u0302me attitude. Ainsi, un de\u0301brayage a e\u0301te\u0301 annonce\u0301 et observe\u0301 mardi et mercredi derniers. Dans un communique\u0301 largement partage\u0301 hier, leur ministe\u0300re de tutelle a de\u0301nonce\u0301 leur manie\u0300re de faire.<\/p>\n<p>\"<em>Des syndicats d'enseignants se re\u0301clamant d'un mouvement de\u0301nomme\u0301 \u2018Cadre de concertation des syndicats de l'enseignement\u2019 appellent a\u0300 des de\u0301brayages pour des raisons non scolaires. Ces perturbations fa\u0302cheuses affectent le de\u0301roulement du calendrier scolaire mettant ainsi en pe\u0301ril le droit a\u0300 l'e\u0301ducation des e\u0301le\u0300ves<\/em>\", a releve\u0301 le ministe\u0300re de l\u2019E\u0301ducation nationale.<\/p>\n<\/div>\n<div class=\"column\">\n<p>\"<em>Pour rappel, si le droit de gre\u0300ve est reconnu aux travailleurs par la Constitution, il s'exerce dans le cadre des lois qui le re\u0301gissent. Ceux qui cessent le travail en violation des dispositions re\u0301glementaires peuvent imme\u0301diatement subir toutes sanctions disciplinaires. Il en est de me\u0302me si la cessation du travail est fonde\u0301e sur des motifs politiques et non pas sur des motifs professionnels<\/em>\", a-t-on explique\u0301 dans le communique\u0301.<\/p>\n<\/div>\n<div class=\"column\">\n<p>Par conse\u0301quent, annonce les services dirige\u0301s par Cheikh Oumar Hann, \"l<em>e gouvernement prendra, en toute responsabilite\u0301 et en toute rigueur, les dispositions idoines pour le respect de la re\u0301glementation et la continuite\u0301 des enseignements-apprentissages. Le de\u0301partement salue le sens des responsabilite\u0301s et la posture re\u0301publicaine de la majorite\u0301 des enseignants qui continuent a\u0300 \u0153uvrer pour l'e\u0301mergence d'un syste\u0300me e\u0301ducatif performant et re\u0301silient\"<\/em>.<\/p>\n<p>A noter que des e\u0301le\u0300ves et e\u0301tudiant dans des e\u0301coles prive\u0301es ont e\u0301te\u0301 de\u0301loge\u0301s mercredi matin par de jeunes d\u2019e\u0301coles publiques. Ce fut le cas dans certaines e\u0301coles a\u0300 Zac Mbao.<\/p>\n<p>Mais pour tous les e\u0301le\u0300ves, le ministe\u0300re de l'E\u0301ducation nationale a re\u0301affirme\u0301 \"<em>sa volonte\u0301 et son engagement a\u0300 fournir une e\u0301ducation de qualite\u0301 a\u0300 tous les e\u0301le\u0300ves et a\u0300 assurer leur bien-e\u0302tre et leur se\u0301curite\u0301 dans les e\u0301coles et e\u0301tablissements scolaires<\/em>\".<\/p>\n<\/div>\n<\/div>\n<\/div>\n<\/div>\n<div class='share-to-whatsapp-wrapper'><div class='share-on-whsp'>PARTAGER SUR : <\/div><a data-text='EN COULISSES - Cheikh Oumar Hanne pr\u00e9vient les syndicalistes gr\u00e9vistes' data-link='https:\/\/www.nettali.com\/2024\/02\/15\/en-coulisses-cheikh-oumar-hanne-menace-les-syndicalistes-grevistes\/' class='whatsapp-button whatsapp-share'>WhatsApp<\/a><div class='clear '><\/div><\/div>","protected":false},"excerpt":{"rendered":"<p>NETTALI.COM - Apre\u0300s l\u2019annonce du report de la Pre\u0301sidentielle, diverses organisations politiques et de la socie\u0301te\u0301 civile ont commence\u0301 a\u0300 mettre en place un plan d\u2019action pour de\u0301noncer la de\u0301cision du pre\u0301sident de la Re\u0301publique. Des organisations du secteur de l\u2019enseignement ont de\u0301cide\u0301 d\u2019adopter la me\u0302me attitude. Ainsi, un de\u0301brayage a e\u0301te\u0301 annonce\u0301 et observe\u0301 [&hellip;]<\/p>\n","protected":false},"author":2,"featured_media":127604,"comment_status":"open","ping_status":"open","sticky":false,"template":"","format":"standard","meta":{"_et_pb_use_builder":"","_et_pb_old_content":""},"categories":[34945],"tags":[],"yoast_head":"<!-- This site is optimized with the Yoast SEO Premium plugin v17.8 (Yoast SEO v17.8) - https:\/\/yoast.com\/wordpress\/plugins\/seo\/ -->\n<title>EN COULISSES - Cheikh Oumar Hanne pr\u00e9vient les syndicalistes gr\u00e9vistes | Nettali.com<\/title>\n<meta name=\"robots\" content=\"index, follow, max-snippet:-1, max-image-preview:large, max-video-preview:-1\" \/>\n<link rel=\"canonical\" href=\"https:\/\/www.nettali.com\/2024\/02\/15\/en-coulisses-cheikh-oumar-hanne-menace-les-syndicalistes-grevistes\/\" \/>\n<meta property=\"og:locale\" content=\"fr_FR\" \/>\n<meta property=\"og:type\" content=\"article\" \/>\n<meta property=\"og:title\" content=\"EN COULISSES - Cheikh Oumar Hanne pr\u00e9vient les syndicalistes gr\u00e9vistes\" \/>\n<meta property=\"og:description\" content=\"NETTALI.COM - Apre\u0300s l\u2019annonce du report de la Pre\u0301sidentielle, diverses organisations politiques et de la socie\u0301te\u0301 civile ont commence\u0301 a\u0300 mettre en place un plan d\u2019action pour de\u0301noncer la de\u0301cision du pre\u0301sident de la Re\u0301publique. Des organisations du secteur de l\u2019enseignement ont de\u0301cide\u0301 d\u2019adopter la me\u0302me attitude. Ainsi, un de\u0301brayage a e\u0301te\u0301 annonce\u0301 et observe\u0301 [&hellip;]\" \/>\n<meta property=\"og:url\" content=\"https:\/\/www.nettali.com\/2024\/02\/15\/en-coulisses-cheikh-oumar-hanne-menace-les-syndicalistes-grevistes\/\" \/>\n<meta property=\"og:site_name\" content=\"Nettali.com\" \/>\n<meta property=\"article:publisher\" content=\"https:\/\/www.facebook.com\/nettalicom\" \/>\n<meta property=\"article:published_time\" content=\"2024-02-15T07:24:07+00:00\" \/>\n<meta property=\"article:modified_time\" content=\"2024-02-15T07:24:33+00:00\" \/>\n<meta property=\"og:image\" content=\"https:\/\/www.nettali.com\/wp-content\/uploads\/2024\/02\/71070005-49520222.jpg\" \/>\n\t<meta property=\"og:image:width\" content=\"650\" \/>\n\t<meta property=\"og:image:height\" content=\"366\" \/>\n<meta name=\"twitter:card\" content=\"summary_large_image\" \/>\n<meta name=\"twitter:label1\" content=\"\u00c9crit par\" \/>\n\t<meta name=\"twitter:data1\" content=\"CK\" \/>\n\t<meta name=\"twitter:label2\" content=\"Dur\u00e9e de lecture estim\u00e9e\" \/>\n\t<meta name=\"twitter:data2\" content=\"2 minutes\" \/>\n<script type=\"application\/ld+json\" class=\"yoast-schema-graph\">{\"@context\":\"https:\/\/schema.org\",\"@graph\":[{\"@type\":\"WebSite\",\"@id\":\"https:\/\/www.nettali.com\/#website\",\"url\":\"https:\/\/www.nettali.com\/\",\"name\":\"Nettali.com\",\"description\":\"Le rendez-vous critique du Net\",\"potentialAction\":[{\"@type\":\"SearchAction\",\"target\":{\"@type\":\"EntryPoint\",\"urlTemplate\":\"https:\/\/www.nettali.com\/?s={search_term_string}\"},\"query-input\":\"required name=search_term_string\"}],\"inLanguage\":\"fr-FR\"},{\"@type\":\"ImageObject\",\"@id\":\"https:\/\/www.nettali.com\/2024\/02\/15\/en-coulisses-cheikh-oumar-hanne-menace-les-syndicalistes-grevistes\/#primaryimage\",\"inLanguage\":\"fr-FR\",\"url\":\"https:\/\/www.nettali.com\/wp-content\/uploads\/2024\/02\/71070005-49520222.jpg\",\"contentUrl\":\"https:\/\/www.nettali.com\/wp-content\/uploads\/2024\/02\/71070005-49520222.jpg\",\"width\":650,\"height\":366},{\"@type\":\"WebPage\",\"@id\":\"https:\/\/www.nettali.com\/2024\/02\/15\/en-coulisses-cheikh-oumar-hanne-menace-les-syndicalistes-grevistes\/#webpage\",\"url\":\"https:\/\/www.nettali.com\/2024\/02\/15\/en-coulisses-cheikh-oumar-hanne-menace-les-syndicalistes-grevistes\/\",\"name\":\"EN COULISSES - Cheikh Oumar Hanne pr\\u00e9vient les syndicalistes gr\\u00e9vistes | Nettali.com\",\"isPartOf\":{\"@id\":\"https:\/\/www.nettali.com\/#website\"},\"primaryImageOfPage\":{\"@id\":\"https:\/\/www.nettali.com\/2024\/02\/15\/en-coulisses-cheikh-oumar-hanne-menace-les-syndicalistes-grevistes\/#primaryimage\"},\"datePublished\":\"2024-02-15T07:24:07+00:00\",\"dateModified\":\"2024-02-15T07:24:33+00:00\",\"author\":{\"@id\":\"https:\/\/www.nettali.com\/#\/schema\/person\/d8ac7b7e27ddad43f1c0d2ef090d7f71\"},\"breadcrumb\":{\"@id\":\"https:\/\/www.nettali.com\/2024\/02\/15\/en-coulisses-cheikh-oumar-hanne-menace-les-syndicalistes-grevistes\/#breadcrumb\"},\"inLanguage\":\"fr-FR\",\"potentialAction\":[{\"@type\":\"ReadAction\",\"target\":[\"https:\/\/www.nettali.com\/2024\/02\/15\/en-coulisses-cheikh-oumar-hanne-menace-les-syndicalistes-grevistes\/\"]}]},{\"@type\":\"BreadcrumbList\",\"@id\":\"https:\/\/www.nettali.com\/2024\/02\/15\/en-coulisses-cheikh-oumar-hanne-menace-les-syndicalistes-grevistes\/#breadcrumb\",\"itemListElement\":[{\"@type\":\"ListItem\",\"position\":1,\"name\":\"Accueil\",\"item\":\"https:\/\/www.nettali.com\/\"},{\"@type\":\"ListItem\",\"position\":2,\"name\":\"EN COULISSES - Cheikh Oumar Hanne pr\\u00e9vient les syndicalistes gr\\u00e9vistes\"}]},{\"@type\":\"Person\",\"@id\":\"https:\/\/www.nettali.com\/#\/schema\/person\/d8ac7b7e27ddad43f1c0d2ef090d7f71\",\"name\":\"CK\",\"image\":{\"@type\":\"ImageObject\",\"@id\":\"https:\/\/www.nettali.com\/#personlogo\",\"inLanguage\":\"fr-FR\",\"url\":\"https:\/\/secure.gravatar.com\/avatar\/1d8d5118b9327d94da7cd4ce7f17fec2?s=96&d=mm&r=g\",\"contentUrl\":\"https:\/\/secure.gravatar.com\/avatar\/1d8d5118b9327d94da7cd4ce7f17fec2?s=96&d=mm&r=g\",\"caption\":\"CK\"},\"sameAs\":[\"https:\/\/www.nettali.com\"]}]}<\/script>\n<!-- \/ Yoast SEO Premium plugin. -->","yoast_head_json":{"title":"EN COULISSES - Cheikh Oumar Hanne pr\u00e9vient les syndicalistes gr\u00e9vistes | Nettali.com","robots":{"index":"index","follow":"follow","max-snippet":"max-snippet:-1","max-image-preview":"max-image-preview:large","max-video-preview":"max-video-preview:-1"},"canonical":"https:\/\/www.nettali.com\/2024\/02\/15\/en-coulisses-cheikh-oumar-hanne-menace-les-syndicalistes-grevistes\/","og_locale":"fr_FR","og_type":"article","og_title":"EN COULISSES - Cheikh Oumar Hanne pr\u00e9vient les syndicalistes gr\u00e9vistes","og_description":"NETTALI.COM - Apre\u0300s l\u2019annonce du report de la Pre\u0301sidentielle, diverses organisations politiques et de la socie\u0301te\u0301 civile ont commence\u0301 a\u0300 mettre en place un plan d\u2019action pour de\u0301noncer la de\u0301cision du pre\u0301sident de la Re\u0301publique. Des organisations du secteur de l\u2019enseignement ont de\u0301cide\u0301 d\u2019adopter la me\u0302me attitude. Ainsi, un de\u0301brayage a e\u0301te\u0301 annonce\u0301 et observe\u0301 [&hellip;]","og_url":"https:\/\/www.nettali.com\/2024\/02\/15\/en-coulisses-cheikh-oumar-hanne-menace-les-syndicalistes-grevistes\/","og_site_name":"Nettali.com","article_publisher":"https:\/\/www.facebook.com\/nettalicom","article_published_time":"2024-02-15T07:24:07+00:00","article_modified_time":"2024-02-15T07:24:33+00:00","og_image":[{"width":650,"height":366,"url":"https:\/\/www.nettali.com\/wp-content\/uploads\/2024\/02\/71070005-49520222.jpg","type":"image\/jpeg"}],"twitter_card":"summary_large_image","twitter_misc":{"\u00c9crit par":"CK","Dur\u00e9e de lecture estim\u00e9e":"2 minutes"},"schema":{"@context":"https:\/\/schema.org","@graph":[{"@type":"WebSite","@id":"https:\/\/www.nettali.com\/#website","url":"https:\/\/www.nettali.com\/","name":"Nettali.com","description":"Le rendez-vous critique du Net","potentialAction":[{"@type":"SearchAction","target":{"@type":"EntryPoint","urlTemplate":"https:\/\/www.nettali.com\/?s={search_term_string}"},"query-input":"required name=search_term_string"}],"inLanguage":"fr-FR"},{"@type":"ImageObject","@id":"https:\/\/www.nettali.com\/2024\/02\/15\/en-coulisses-cheikh-oumar-hanne-menace-les-syndicalistes-grevistes\/#primaryimage","inLanguage":"fr-FR","url":"https:\/\/www.nettali.com\/wp-content\/uploads\/2024\/02\/71070005-49520222.jpg","contentUrl":"https:\/\/www.nettali.com\/wp-content\/uploads\/2024\/02\/71070005-49520222.jpg","width":650,"height":366},{"@type":"WebPage","@id":"https:\/\/www.nettali.com\/2024\/02\/15\/en-coulisses-cheikh-oumar-hanne-menace-les-syndicalistes-grevistes\/#webpage","url":"https:\/\/www.nettali.com\/2024\/02\/15\/en-coulisses-cheikh-oumar-hanne-menace-les-syndicalistes-grevistes\/","name":"EN COULISSES - Cheikh Oumar Hanne pr\u00e9vient les syndicalistes gr\u00e9vistes | Nettali.com","isPartOf":{"@id":"https:\/\/www.nettali.com\/#website"},"primaryImageOfPage":{"@id":"https:\/\/www.nettali.com\/2024\/02\/15\/en-coulisses-cheikh-oumar-hanne-menace-les-syndicalistes-grevistes\/#primaryimage"},"datePublished":"2024-02-15T07:24:07+00:00","dateModified":"2024-02-15T07:24:33+00:00","author":{"@id":"https:\/\/www.nettali.com\/#\/schema\/person\/d8ac7b7e27ddad43f1c0d2ef090d7f71"},"breadcrumb":{"@id":"https:\/\/www.nettali.com\/2024\/02\/15\/en-coulisses-cheikh-oumar-hanne-menace-les-syndicalistes-grevistes\/#breadcrumb"},"inLanguage":"fr-FR","potentialAction":[{"@type":"ReadAction","target":["https:\/\/www.nettali.com\/2024\/02\/15\/en-coulisses-cheikh-oumar-hanne-menace-les-syndicalistes-grevistes\/"]}]},{"@type":"BreadcrumbList","@id":"https:\/\/www.nettali.com\/2024\/02\/15\/en-coulisses-cheikh-oumar-hanne-menace-les-syndicalistes-grevistes\/#breadcrumb","itemListElement":[{"@type":"ListItem","position":1,"name":"Accueil","item":"https:\/\/www.nettali.com\/"},{"@type":"ListItem","position":2,"name":"EN COULISSES - Cheikh Oumar Hanne pr\u00e9vient les syndicalistes gr\u00e9vistes"}]},{"@type":"Person","@id":"https:\/\/www.nettali.com\/#\/schema\/person\/d8ac7b7e27ddad43f1c0d2ef090d7f71","name":"CK","image":{"@type":"ImageObject","@id":"https:\/\/www.nettali.com\/#personlogo","inLanguage":"fr-FR","url":"https:\/\/secure.gravatar.com\/avatar\/1d8d5118b9327d94da7cd4ce7f17fec2?s=96&d=mm&r=g","contentUrl":"https:\/\/secure.gravatar.com\/avatar\/1d8d5118b9327d94da7cd4ce7f17fec2?s=96&d=mm&r=g","caption":"CK"},"sameAs":["https:\/\/www.nettali.com"]}]}},"_links":{"self":[{"href":"https:\/\/www.nettali.com\/rest\/wp\/v2\/posts\/127603"}],"collection":[{"href":"https:\/\/www.nettali.com\/rest\/wp\/v2\/posts"}],"about":[{"href":"https:\/\/www.nettali.com\/rest\/wp\/v2\/types\/post"}],"author":[{"embeddable":true,"href":"https:\/\/www.nettali.com\/rest\/wp\/v2\/users\/2"}],"replies":[{"embeddable":true,"href":"https:\/\/www.nettali.com\/rest\/wp\/v2\/comments?post=127603"}],"version-history":[{"count":2,"href":"https:\/\/www.nettali.com\/rest\/wp\/v2\/posts\/127603\/revisions"}],"predecessor-version":[{"id":127606,"href":"https:\/\/www.nettali.com\/rest\/wp\/v2\/posts\/127603\/revisions\/127606"}],"wp:featuredmedia":[{"embeddable":true,"href":"https:\/\/www.nettali.com\/rest\/wp\/v2\/media\/127604"}],"wp:attachment":[{"href":"https:\/\/www.nettali.com\/rest\/wp\/v2\/media?parent=127603"}],"wp:term":[{"taxonomy":"category","embeddable":true,"href":"https:\/\/www.nettali.com\/rest\/wp\/v2\/categories?post=127603"},{"taxonomy":"post_tag","embeddable":true,"href":"https:\/\/www.nettali.com\/rest\/wp\/v2\/tags?post=127603"}],"curies":[{"name":"wp","href":"https:\/\/api.w.org\/{rel}","templated":true}]}}