{"id":127582,"date":"2024-02-15T07:12:14","date_gmt":"2024-02-15T07:12:14","guid":{"rendered":"https:\/\/www.nettali.com\/?p=127582"},"modified":"2024-02-15T08:03:28","modified_gmt":"2024-02-15T08:03:28","slug":"enseignement-superieur-macky-sall-acte-le-retour-a-une-situation-normale-dans-les-universites","status":"publish","type":"post","link":"https:\/\/www.nettali.com\/2024\/02\/15\/enseignement-superieur-macky-sall-acte-le-retour-a-une-situation-normale-dans-les-universites\/","title":{"rendered":"ENSEIGNEMENT SUP\u00c9RIEUR \u2013 Macky Sall acte le retour \u00e0 une situation normale dans les universit\u00e9s"},"content":{"rendered":"<p><strong>NETTALI.COM - Macky Sall veut ainsi un retour \u00e0 la normale dans les Universit\u00e9s. Aussi, a t-il instruit le gouvernement de trouver les voies et moyens rapides d\u2019assurer le d\u00e9roulement normal des enseignements et le d\u00e9ploiement ad\u00e9quat des \u0153uvres sociales. C'\u00e9tait lors du Conseil des ministres de ce mercredi 14 f\u00e9vrier 2024.<\/strong><\/p>\n<p>Le Chef de l\u2019Etat semble vouloir r\u00e9soudre la probl\u00e9matique dans l\u2019enseignement universitaire en g\u00e9n\u00e9ral. En conseil des ministres, il a donn\u00e9 de fortes instructions afin que l\u2019ordre revienne dans les \u00e9tablissements surtout universitaires. \u00ab <em>Sur le d\u00e9veloppement de l\u2019Enseignement sup\u00e9rieur et la transformation du syst\u00e8me \u00e9ducatif, le Pr\u00e9sident de la R\u00e9publique a rappel\u00e9 la priorit\u00e9 qu\u2019il accorde au secteur de l\u2019\u00c9ducation en g\u00e9n\u00e9ral. <\/em><\/p>\n<p><em>Il a \u00e0 cet effet demand\u00e9 au Gouvernement de veiller au bon fonctionnement des Universit\u00e9s publiques afin de consolider les performances de notre syst\u00e8me d\u2019Enseignement sup\u00e9rieur et la qualit\u00e9 du capital humain national<\/em> \u00bb. C'est ce qu'on peut lire dans le communiqu\u00e9 du Conseil des ministres.<\/p>\n<p>Macky Sall veut ainsi \u00ab<em> promouvoir un climat scolaire et universitaire serein, ainsi que la n\u00e9cessit\u00e9 d\u2019une mutualisation des programmes, des ressources humaines et des fonctions support des universit\u00e9s en vue d\u2019une optimisation des ressources financi\u00e8res mobilis\u00e9es pour asseoir l\u2019excellence universitaire dans le cadre du Plan S\u00e9n\u00e9gal Emergent (PSE)<\/em> \u00bb, note le communiqu\u00e9.<\/p>\n<p>Qui indique que : \u00ab <em>le Chef de l\u2019Etat a demand\u00e9 au Premier Ministre et aux Ministres concern\u00e9s, de tenir une concertation-revue avec la communaut\u00e9 universitaire afin de trouver les voies et moyens rapides d\u2019assurer le d\u00e9roulement normal des enseignements et le d\u00e9ploiement ad\u00e9quat des \u0153uvres sociales<\/em> \u00bb.<\/p>\n<p>Le pr\u00e9sident de la r\u00e9publique n'a pas manqu\u00e9 de rappeler \u00ab <em>l\u2019importance primordiale qu\u2019il accorde \u00e0 la finalisation int\u00e9grale des infrastructures de l\u2019Universit\u00e9 du Sine-Saloum El Hadji Ibrahima NIASS (USSEIN) et au lancement des travaux de construction de l\u2019Universit\u00e9 Souleymane NIANG de Matam et de l\u2019Universit\u00e9 du S\u00e9n\u00e9gal oriental<\/em> \u00bb.<\/p>\n<p>Par ailleurs, il a demand\u00e9 aux Ministres en charge de l\u2019Education nationale et celui de l\u2019Enseignement Sup\u00e9rieur, de la Recherche et de l\u2019Innovation de faire un point hebdomadaire, en Conseil des ministres, sur la situation p\u00e9dagogique et sociale dans les \u00e9coles et universit\u00e9s.<\/p>\n<div class='share-to-whatsapp-wrapper'><div class='share-on-whsp'>PARTAGER SUR : <\/div><a data-text='ENSEIGNEMENT SUP\u00c9RIEUR \u2013 Macky Sall acte le retour \u00e0 une situation normale dans les universit\u00e9s' data-link='https:\/\/www.nettali.com\/2024\/02\/15\/enseignement-superieur-macky-sall-acte-le-retour-a-une-situation-normale-dans-les-universites\/' class='whatsapp-button whatsapp-share'>WhatsApp<\/a><div class='clear '><\/div><\/div>","protected":false},"excerpt":{"rendered":"<p>NETTALI.COM - Macky Sall veut ainsi un retour \u00e0 la normale dans les Universit\u00e9s. Aussi, a t-il instruit le gouvernement de trouver les voies et moyens rapides d\u2019assurer le d\u00e9roulement normal des enseignements et le d\u00e9ploiement ad\u00e9quat des \u0153uvres sociales. C'\u00e9tait lors du Conseil des ministres de ce mercredi 14 f\u00e9vrier 2024. Le Chef de [&hellip;]<\/p>\n","protected":false},"author":6,"featured_media":94880,"comment_status":"open","ping_status":"open","sticky":false,"template":"","format":"standard","meta":{"_et_pb_use_builder":"","_et_pb_old_content":""},"categories":[3],"tags":[],"yoast_head":"<!-- This site is optimized with the Yoast SEO Premium plugin v17.8 (Yoast SEO v17.8) - https:\/\/yoast.com\/wordpress\/plugins\/seo\/ -->\n<title>ENSEIGNEMENT SUP\u00c9RIEUR \u2013 Macky Sall acte le retour \u00e0 une situation normale dans les universit\u00e9s | Nettali.com<\/title>\n<meta name=\"robots\" content=\"index, follow, max-snippet:-1, max-image-preview:large, max-video-preview:-1\" \/>\n<link rel=\"canonical\" href=\"https:\/\/www.nettali.com\/2024\/02\/15\/enseignement-superieur-macky-sall-acte-le-retour-a-une-situation-normale-dans-les-universites\/\" \/>\n<meta property=\"og:locale\" content=\"fr_FR\" \/>\n<meta property=\"og:type\" content=\"article\" \/>\n<meta property=\"og:title\" content=\"ENSEIGNEMENT SUP\u00c9RIEUR \u2013 Macky Sall acte le retour \u00e0 une situation normale dans les universit\u00e9s\" \/>\n<meta property=\"og:description\" content=\"NETTALI.COM - Macky Sall veut ainsi un retour \u00e0 la normale dans les Universit\u00e9s. Aussi, a t-il instruit le gouvernement de trouver les voies et moyens rapides d\u2019assurer le d\u00e9roulement normal des enseignements et le d\u00e9ploiement ad\u00e9quat des \u0153uvres sociales. C&#039;\u00e9tait lors du Conseil des ministres de ce mercredi 14 f\u00e9vrier 2024. Le Chef de [&hellip;]\" \/>\n<meta property=\"og:url\" content=\"https:\/\/www.nettali.com\/2024\/02\/15\/enseignement-superieur-macky-sall-acte-le-retour-a-une-situation-normale-dans-les-universites\/\" \/>\n<meta property=\"og:site_name\" content=\"Nettali.com\" \/>\n<meta property=\"article:publisher\" content=\"https:\/\/www.facebook.com\/nettalicom\" \/>\n<meta property=\"article:published_time\" content=\"2024-02-15T07:12:14+00:00\" \/>\n<meta property=\"article:modified_time\" content=\"2024-02-15T08:03:28+00:00\" \/>\n<meta property=\"og:image\" content=\"https:\/\/www.nettali.com\/wp-content\/uploads\/2022\/10\/Macky-Sall-au-Palais.jpg\" \/>\n\t<meta property=\"og:image:width\" content=\"2048\" \/>\n\t<meta property=\"og:image:height\" content=\"1315\" \/>\n<meta name=\"twitter:card\" content=\"summary_large_image\" \/>\n<meta name=\"twitter:label1\" content=\"\u00c9crit par\" \/>\n\t<meta name=\"twitter:data1\" content=\"Fatou\" \/>\n\t<meta name=\"twitter:label2\" content=\"Dur\u00e9e de lecture estim\u00e9e\" \/>\n\t<meta name=\"twitter:data2\" content=\"2 minutes\" \/>\n<script type=\"application\/ld+json\" class=\"yoast-schema-graph\">{\"@context\":\"https:\/\/schema.org\",\"@graph\":[{\"@type\":\"WebSite\",\"@id\":\"https:\/\/www.nettali.com\/#website\",\"url\":\"https:\/\/www.nettali.com\/\",\"name\":\"Nettali.com\",\"description\":\"Le rendez-vous critique du Net\",\"potentialAction\":[{\"@type\":\"SearchAction\",\"target\":{\"@type\":\"EntryPoint\",\"urlTemplate\":\"https:\/\/www.nettali.com\/?s={search_term_string}\"},\"query-input\":\"required name=search_term_string\"}],\"inLanguage\":\"fr-FR\"},{\"@type\":\"ImageObject\",\"@id\":\"https:\/\/www.nettali.com\/2024\/02\/15\/enseignement-superieur-macky-sall-acte-le-retour-a-une-situation-normale-dans-les-universites\/#primaryimage\",\"inLanguage\":\"fr-FR\",\"url\":\"https:\/\/www.nettali.com\/wp-content\/uploads\/2022\/10\/Macky-Sall-au-Palais.jpg\",\"contentUrl\":\"https:\/\/www.nettali.com\/wp-content\/uploads\/2022\/10\/Macky-Sall-au-Palais.jpg\",\"width\":2048,\"height\":1315},{\"@type\":\"WebPage\",\"@id\":\"https:\/\/www.nettali.com\/2024\/02\/15\/enseignement-superieur-macky-sall-acte-le-retour-a-une-situation-normale-dans-les-universites\/#webpage\",\"url\":\"https:\/\/www.nettali.com\/2024\/02\/15\/enseignement-superieur-macky-sall-acte-le-retour-a-une-situation-normale-dans-les-universites\/\",\"name\":\"ENSEIGNEMENT SUP\\u00c9RIEUR \\u2013 Macky Sall acte le retour \\u00e0 une situation normale dans les universit\\u00e9s | Nettali.com\",\"isPartOf\":{\"@id\":\"https:\/\/www.nettali.com\/#website\"},\"primaryImageOfPage\":{\"@id\":\"https:\/\/www.nettali.com\/2024\/02\/15\/enseignement-superieur-macky-sall-acte-le-retour-a-une-situation-normale-dans-les-universites\/#primaryimage\"},\"datePublished\":\"2024-02-15T07:12:14+00:00\",\"dateModified\":\"2024-02-15T08:03:28+00:00\",\"author\":{\"@id\":\"https:\/\/www.nettali.com\/#\/schema\/person\/418274a86bdf87caff7a3ef476bd0bbf\"},\"breadcrumb\":{\"@id\":\"https:\/\/www.nettali.com\/2024\/02\/15\/enseignement-superieur-macky-sall-acte-le-retour-a-une-situation-normale-dans-les-universites\/#breadcrumb\"},\"inLanguage\":\"fr-FR\",\"potentialAction\":[{\"@type\":\"ReadAction\",\"target\":[\"https:\/\/www.nettali.com\/2024\/02\/15\/enseignement-superieur-macky-sall-acte-le-retour-a-une-situation-normale-dans-les-universites\/\"]}]},{\"@type\":\"BreadcrumbList\",\"@id\":\"https:\/\/www.nettali.com\/2024\/02\/15\/enseignement-superieur-macky-sall-acte-le-retour-a-une-situation-normale-dans-les-universites\/#breadcrumb\",\"itemListElement\":[{\"@type\":\"ListItem\",\"position\":1,\"name\":\"Accueil\",\"item\":\"https:\/\/www.nettali.com\/\"},{\"@type\":\"ListItem\",\"position\":2,\"name\":\"ENSEIGNEMENT SUP\\u00c9RIEUR \\u2013 Macky Sall acte le retour \\u00e0 une situation normale dans les universit\\u00e9s\"}]},{\"@type\":\"Person\",\"@id\":\"https:\/\/www.nettali.com\/#\/schema\/person\/418274a86bdf87caff7a3ef476bd0bbf\",\"name\":\"Fatou\",\"image\":{\"@type\":\"ImageObject\",\"@id\":\"https:\/\/www.nettali.com\/#personlogo\",\"inLanguage\":\"fr-FR\",\"url\":\"https:\/\/secure.gravatar.com\/avatar\/5a9442a2bee7b4dcf167cab035858e9a?s=96&d=mm&r=g\",\"contentUrl\":\"https:\/\/secure.gravatar.com\/avatar\/5a9442a2bee7b4dcf167cab035858e9a?s=96&d=mm&r=g\",\"caption\":\"Fatou\"},\"sameAs\":[\"https:\/\/www.nettali.com\"]}]}<\/script>\n<!-- \/ Yoast SEO Premium plugin. -->","yoast_head_json":{"title":"ENSEIGNEMENT SUP\u00c9RIEUR \u2013 Macky Sall acte le retour \u00e0 une situation normale dans les universit\u00e9s | Nettali.com","robots":{"index":"index","follow":"follow","max-snippet":"max-snippet:-1","max-image-preview":"max-image-preview:large","max-video-preview":"max-video-preview:-1"},"canonical":"https:\/\/www.nettali.com\/2024\/02\/15\/enseignement-superieur-macky-sall-acte-le-retour-a-une-situation-normale-dans-les-universites\/","og_locale":"fr_FR","og_type":"article","og_title":"ENSEIGNEMENT SUP\u00c9RIEUR \u2013 Macky Sall acte le retour \u00e0 une situation normale dans les universit\u00e9s","og_description":"NETTALI.COM - Macky Sall veut ainsi un retour \u00e0 la normale dans les Universit\u00e9s. Aussi, a t-il instruit le gouvernement de trouver les voies et moyens rapides d\u2019assurer le d\u00e9roulement normal des enseignements et le d\u00e9ploiement ad\u00e9quat des \u0153uvres sociales. C'\u00e9tait lors du Conseil des ministres de ce mercredi 14 f\u00e9vrier 2024. Le Chef de [&hellip;]","og_url":"https:\/\/www.nettali.com\/2024\/02\/15\/enseignement-superieur-macky-sall-acte-le-retour-a-une-situation-normale-dans-les-universites\/","og_site_name":"Nettali.com","article_publisher":"https:\/\/www.facebook.com\/nettalicom","article_published_time":"2024-02-15T07:12:14+00:00","article_modified_time":"2024-02-15T08:03:28+00:00","og_image":[{"width":2048,"height":1315,"url":"https:\/\/www.nettali.com\/wp-content\/uploads\/2022\/10\/Macky-Sall-au-Palais.jpg","type":"image\/jpeg"}],"twitter_card":"summary_large_image","twitter_misc":{"\u00c9crit par":"Fatou","Dur\u00e9e de lecture estim\u00e9e":"2 minutes"},"schema":{"@context":"https:\/\/schema.org","@graph":[{"@type":"WebSite","@id":"https:\/\/www.nettali.com\/#website","url":"https:\/\/www.nettali.com\/","name":"Nettali.com","description":"Le rendez-vous critique du Net","potentialAction":[{"@type":"SearchAction","target":{"@type":"EntryPoint","urlTemplate":"https:\/\/www.nettali.com\/?s={search_term_string}"},"query-input":"required name=search_term_string"}],"inLanguage":"fr-FR"},{"@type":"ImageObject","@id":"https:\/\/www.nettali.com\/2024\/02\/15\/enseignement-superieur-macky-sall-acte-le-retour-a-une-situation-normale-dans-les-universites\/#primaryimage","inLanguage":"fr-FR","url":"https:\/\/www.nettali.com\/wp-content\/uploads\/2022\/10\/Macky-Sall-au-Palais.jpg","contentUrl":"https:\/\/www.nettali.com\/wp-content\/uploads\/2022\/10\/Macky-Sall-au-Palais.jpg","width":2048,"height":1315},{"@type":"WebPage","@id":"https:\/\/www.nettali.com\/2024\/02\/15\/enseignement-superieur-macky-sall-acte-le-retour-a-une-situation-normale-dans-les-universites\/#webpage","url":"https:\/\/www.nettali.com\/2024\/02\/15\/enseignement-superieur-macky-sall-acte-le-retour-a-une-situation-normale-dans-les-universites\/","name":"ENSEIGNEMENT SUP\u00c9RIEUR \u2013 Macky Sall acte le retour \u00e0 une situation normale dans les universit\u00e9s | Nettali.com","isPartOf":{"@id":"https:\/\/www.nettali.com\/#website"},"primaryImageOfPage":{"@id":"https:\/\/www.nettali.com\/2024\/02\/15\/enseignement-superieur-macky-sall-acte-le-retour-a-une-situation-normale-dans-les-universites\/#primaryimage"},"datePublished":"2024-02-15T07:12:14+00:00","dateModified":"2024-02-15T08:03:28+00:00","author":{"@id":"https:\/\/www.nettali.com\/#\/schema\/person\/418274a86bdf87caff7a3ef476bd0bbf"},"breadcrumb":{"@id":"https:\/\/www.nettali.com\/2024\/02\/15\/enseignement-superieur-macky-sall-acte-le-retour-a-une-situation-normale-dans-les-universites\/#breadcrumb"},"inLanguage":"fr-FR","potentialAction":[{"@type":"ReadAction","target":["https:\/\/www.nettali.com\/2024\/02\/15\/enseignement-superieur-macky-sall-acte-le-retour-a-une-situation-normale-dans-les-universites\/"]}]},{"@type":"BreadcrumbList","@id":"https:\/\/www.nettali.com\/2024\/02\/15\/enseignement-superieur-macky-sall-acte-le-retour-a-une-situation-normale-dans-les-universites\/#breadcrumb","itemListElement":[{"@type":"ListItem","position":1,"name":"Accueil","item":"https:\/\/www.nettali.com\/"},{"@type":"ListItem","position":2,"name":"ENSEIGNEMENT SUP\u00c9RIEUR \u2013 Macky Sall acte le retour \u00e0 une situation normale dans les universit\u00e9s"}]},{"@type":"Person","@id":"https:\/\/www.nettali.com\/#\/schema\/person\/418274a86bdf87caff7a3ef476bd0bbf","name":"Fatou","image":{"@type":"ImageObject","@id":"https:\/\/www.nettali.com\/#personlogo","inLanguage":"fr-FR","url":"https:\/\/secure.gravatar.com\/avatar\/5a9442a2bee7b4dcf167cab035858e9a?s=96&d=mm&r=g","contentUrl":"https:\/\/secure.gravatar.com\/avatar\/5a9442a2bee7b4dcf167cab035858e9a?s=96&d=mm&r=g","caption":"Fatou"},"sameAs":["https:\/\/www.nettali.com"]}]}},"_links":{"self":[{"href":"https:\/\/www.nettali.com\/rest\/wp\/v2\/posts\/127582"}],"collection":[{"href":"https:\/\/www.nettali.com\/rest\/wp\/v2\/posts"}],"about":[{"href":"https:\/\/www.nettali.com\/rest\/wp\/v2\/types\/post"}],"author":[{"embeddable":true,"href":"https:\/\/www.nettali.com\/rest\/wp\/v2\/users\/6"}],"replies":[{"embeddable":true,"href":"https:\/\/www.nettali.com\/rest\/wp\/v2\/comments?post=127582"}],"version-history":[{"count":3,"href":"https:\/\/www.nettali.com\/rest\/wp\/v2\/posts\/127582\/revisions"}],"predecessor-version":[{"id":127600,"href":"https:\/\/www.nettali.com\/rest\/wp\/v2\/posts\/127582\/revisions\/127600"}],"wp:featuredmedia":[{"embeddable":true,"href":"https:\/\/www.nettali.com\/rest\/wp\/v2\/media\/94880"}],"wp:attachment":[{"href":"https:\/\/www.nettali.com\/rest\/wp\/v2\/media?parent=127582"}],"wp:term":[{"taxonomy":"category","embeddable":true,"href":"https:\/\/www.nettali.com\/rest\/wp\/v2\/categories?post=127582"},{"taxonomy":"post_tag","embeddable":true,"href":"https:\/\/www.nettali.com\/rest\/wp\/v2\/tags?post=127582"}],"curies":[{"name":"wp","href":"https:\/\/api.w.org\/{rel}","templated":true}]}}